{"id":27236,"date":"2009-11-15T17:58:14","date_gmt":"2009-11-15T15:58:14","guid":{"rendered":"http:\/\/www.visit-ulcinj.com\/blog\/?p=27236"},"modified":"2009-11-15T17:58:14","modified_gmt":"2009-11-15T15:58:14","slug":"predstavnici-albanaca-traze-od-predsjednika-parlamenta-da-im-se-obraca-i-na-njihovom-jeziku","status":"publish","type":"post","link":"https:\/\/www.visit-ulcinj.com\/blog\/2009\/11\/15\/predstavnici-albanaca-traze-od-predsjednika-parlamenta-da-im-se-obraca-i-na-njihovom-jeziku\/","title":{"rendered":"Predstavnici albanaca tra\u017ee od predsjednika parlamenta da im se obra?a i na njihovom jeziku"},"content":{"rendered":"<p><strong><a href=\"http:\/\/www.visit-ulcinj.com\/blog\/wp-content\/uploads\/2009\/11\/Ranko-Krivokapi?-da-pi\u0161e-i-na-albanskom.jpg\"><img loading=\"lazy\" class=\"alignleft size-full wp-image-27237\" title=\"Ranko Krivokapi? da pi\u0161e i na albanskom\" src=\"http:\/\/www.visit-ulcinj.com\/blog\/wp-content\/uploads\/2009\/11\/Ranko-Krivokapi?-da-pi\u0161e-i-na-albanskom.jpg\" alt=\"Ranko Krivokapi? da pi\u0161e i na albanskom\" width=\"580\" height=\"400\" \/><\/a>Ranko da pi\u0161e i na albanskom<\/strong><br \/>\nPredstavnici parlamentarnih partija koje zastupaju interese Albanaca u Crnoj Gori saop\u0161tili su ju?e da bi predsjednik Skup\u0161tine Ranko Krivokapi? u komunikaciji s njima trebalo da koristi i albanski pored crnogorskog jezika. Komentari\u0161u?i Krivokapi?evu odluku da se ubudu?e pridr\u017eava pravopisa crnogorskog jezika i svoju funkciju pi\u0161e upotrebljavaju?i jedno od dva novouvedena slova, poslanici iz redova albanske nacionalne zajednice ka\u017eu da u tome ne vide ni\u0161ta sporno, ali da i drugi imaju pravo na upotrebu svog jezika i pisma.<br \/>\nPoslanik koalicije Perspektiva Amir Holaj kazao je da bi Krivokapi? svakako trebalo da ispo\u0161tuje ustav kada je u pitanju zvani?na korespondencija sa predstavnicima Albanaca u parlamentu. Preciziorao je da bi korespondencija sa predstavnicima albanskih stranaka trebalo da se obavlja na slu\u017ebenom crnogorskom i na albanskom jeziku.<br \/>\n&#8211; Nama je ustavom omogu?ena upotreba albanskog jezika i pisma. Vjerujemo da ?e nam uskoro, nakon instalacije odgovaraju?e opreme u plenarnoj sali, biti omogu?eno i da govorimo na na\u0161em jeziku tokom sjednica. Dakle,u komunikaciji sa nama Krivokapi? bi trebalo da koristi i albanski jezik. Naravno, treba ispo\u0161tovati i zahtjeve drugih, na primjer Nove srpske demokratije, koja tra\u017ei da se korespondencija s njima obavlja na srpskom jeziku i ?irili?nom pismu &#8211; kazao je on.<br \/>\nDa bi Krivokapi? trebalo da koristi i albanski jezik u zvani?noj komunikaciji sa predstavnicima te nacionalne zajednice u Skup\u0161tini smatra i lider Demokratskog saveza Mehmet Bardhi.<br \/>\n&#8211; Ako bismo gledali sa aspekta proporcionalne zastupljenosti, svakako da bi trebalo da Krivokapi? u komunikaciji sa nama koristi i albanski jezik. Drugo je pitanje \u0161to je ustavom, za koji nijesam glasao, crnogorski jezik progla\u0161en za slu\u017ebeni &#8211; isti?e on.<br \/>\nOn nagla\u0161ava da nema ni\u0161ta sporno u tome \u0161to je Krivokapi? odlu?io da u zvani?noj komunikaciji upotrebljava crnogorski pravopis, ali da i drugi imaju pravo na upotrebu svog jezika i pisma. Kako ka\u017ee, smatra da u tom pravcu, \u0161to se ti?e Albanaca, treba i?i i korak dalje.<br \/>\n&#8211; Mislim da je kona?no sazrelo vrijeme da se u okviru Skup\u0161tine otvori kancelarija u kojoj bi bili zaposleni stru?njaci za prevo?enje materijala na albanski jezik i sa albanskog na druge koji su u upotrebi u Crnoj Gori &#8211; naglasio je Bardhi i izrazio uvjerenje da oko formiranja ovakve kancelarije ne bi trebalo da bude problema, jer Krivokapi? nikada nije doveo u pitanje pravo Albanaca da u parlamentu koriste svoj jezik i pismo.<br \/>\nBardhi je zaklju?io da Krivokapi? takvim postupkom treba da pru\u017ei primjer Vladi.<br \/>\nPoslanik Force Genci Nimanbegu kazao je da bi bilo po\u017eeljno da u komunikaciji sa predstavnicima Albanaca Krivokapi? koristi i albanski jezik.<br \/>\n&#8211; Svakako da bi do bilo po\u017eeljno, ali nije od presudnog zna?aja. Mnogo me vi\u0161e brine su\u0161tina od forme, odnosno \u0161ta pi\u0161e, a ne kako je napisano &#8211; kazao je on.<br \/>\nOn smatra da je to \u0161to je predsjednik Skup\u0161tine odlu?io da primjenjuje crnogorski pravopis samo pitanje forme, a ne i su\u0161tine, jer se radi o jednom istom jeziku.<\/p>\n<p><strong>V.R.<br \/>\n<a href=\"http:\/\/www.dan.co.me\/?nivo=3&amp;rubrika=Politika&amp;clanak=208567&amp;datum=2009-11-14\" target=\"_blank\">DAN<br \/>\n<\/a><\/strong><\/p>\n","protected":false},"excerpt":{"rendered":"<p>Ranko da pi\u0161e i na albanskom Predstavnici parlamentarnih partija koje zastupaju interese Albanaca u Crnoj Gori saop\u0161tili su ju?e da bi predsjednik Skup\u0161tine Ranko Krivokapi? u komunikaciji s njima trebalo da koristi i albanski pored crnogorskog jezika. Komentari\u0161u?i Krivokapi?evu odluku da se ubudu?e pridr\u017eava pravopisa crnogorskog jezika i svoju funkciju pi\u0161e upotrebljavaju?i jedno od dva [&hellip;]<\/p>\n","protected":false},"author":1,"featured_media":0,"comment_status":"open","ping_status":"closed","sticky":false,"template":"","format":"standard","meta":{"spay_email":"","jetpack_publicize_message":"","jetpack_is_tweetstorm":false,"jetpack_publicize_feature_enabled":true},"categories":[8337],"tags":[5720,9586,12809,9796,2398],"jetpack_publicize_connections":[],"yoast_head":"<!-- This site is optimized with the Yoast SEO plugin v19.1 - https:\/\/yoast.com\/wordpress\/plugins\/seo\/ -->\n<title>Predstavnici albanaca tra\u017ee od predsjednika parlamenta da im se obra?a i na njihovom jeziku - Lajme nga Ulqini<\/title>\n<meta name=\"description\" content=\"Ranko da pi\u0161e i na albanskom Predstavnici parlamentarnih partija koje zastupaju interese Albanaca u Crnoj Gori saop\u0161tili su ju?e da bi predsjednik\" \/>\n<meta name=\"robots\" content=\"index, follow, max-snippet:-1, max-image-preview:large, max-video-preview:-1\" \/>\n<link rel=\"canonical\" href=\"https:\/\/www.visit-ulcinj.com\/blog\/2009\/11\/15\/predstavnici-albanaca-traze-od-predsjednika-parlamenta-da-im-se-obraca-i-na-njihovom-jeziku\/\" \/>\n<meta property=\"og:locale\" content=\"en_US\" \/>\n<meta property=\"og:type\" content=\"article\" \/>\n<meta property=\"og:title\" content=\"Predstavnici albanaca tra\u017ee od predsjednika parlamenta da im se obra?a i na njihovom jeziku - Lajme nga Ulqini\" \/>\n<meta property=\"og:description\" content=\"Ranko da pi\u0161e i na albanskom Predstavnici parlamentarnih partija koje zastupaju interese Albanaca u Crnoj Gori saop\u0161tili su ju?e da bi predsjednik\" \/>\n<meta property=\"og:url\" content=\"https:\/\/www.visit-ulcinj.com\/blog\/2009\/11\/15\/predstavnici-albanaca-traze-od-predsjednika-parlamenta-da-im-se-obraca-i-na-njihovom-jeziku\/\" \/>\n<meta property=\"og:site_name\" content=\"Lajme nga Ulqini\" \/>\n<meta property=\"article:published_time\" content=\"2009-11-15T15:58:14+00:00\" \/>\n<meta name=\"twitter:label1\" content=\"Written by\" \/>\n\t<meta name=\"twitter:data1\" content=\"ulqini\" \/>\n\t<meta name=\"twitter:label2\" content=\"Est. reading time\" \/>\n\t<meta name=\"twitter:data2\" content=\"3 minutes\" \/>\n<script type=\"application\/ld+json\" class=\"yoast-schema-graph\">{\"@context\":\"https:\/\/schema.org\",\"@graph\":[{\"@type\":\"WebSite\",\"@id\":\"https:\/\/www.visit-ulcinj.com\/blog\/#website\",\"url\":\"https:\/\/www.visit-ulcinj.com\/blog\/\",\"name\":\"Lajme nga Ulqini\",\"description\":\"Lajme,Vijesti,Ulqini,Ulqin,Crna Gora,Mali i Zi\",\"potentialAction\":[{\"@type\":\"SearchAction\",\"target\":{\"@type\":\"EntryPoint\",\"urlTemplate\":\"https:\/\/www.visit-ulcinj.com\/blog\/?s={search_term_string}\"},\"query-input\":\"required name=search_term_string\"}],\"inLanguage\":\"en-US\"},{\"@type\":\"WebPage\",\"@id\":\"https:\/\/www.visit-ulcinj.com\/blog\/2009\/11\/15\/predstavnici-albanaca-traze-od-predsjednika-parlamenta-da-im-se-obraca-i-na-njihovom-jeziku\/#webpage\",\"url\":\"https:\/\/www.visit-ulcinj.com\/blog\/2009\/11\/15\/predstavnici-albanaca-traze-od-predsjednika-parlamenta-da-im-se-obraca-i-na-njihovom-jeziku\/\",\"name\":\"Predstavnici albanaca tra\u017ee od predsjednika parlamenta da im se obra?a i na njihovom jeziku - Lajme nga Ulqini\",\"isPartOf\":{\"@id\":\"https:\/\/www.visit-ulcinj.com\/blog\/#website\"},\"datePublished\":\"2009-11-15T15:58:14+00:00\",\"dateModified\":\"2009-11-15T15:58:14+00:00\",\"author\":{\"@id\":\"https:\/\/www.visit-ulcinj.com\/blog\/#\/schema\/person\/dcab619c614d3038751c63bc2aadc06d\"},\"description\":\"Ranko da pi\u0161e i na albanskom Predstavnici parlamentarnih partija koje zastupaju interese Albanaca u Crnoj Gori saop\u0161tili su ju?e da bi predsjednik\",\"breadcrumb\":{\"@id\":\"https:\/\/www.visit-ulcinj.com\/blog\/2009\/11\/15\/predstavnici-albanaca-traze-od-predsjednika-parlamenta-da-im-se-obraca-i-na-njihovom-jeziku\/#breadcrumb\"},\"inLanguage\":\"en-US\",\"potentialAction\":[{\"@type\":\"ReadAction\",\"target\":[\"https:\/\/www.visit-ulcinj.com\/blog\/2009\/11\/15\/predstavnici-albanaca-traze-od-predsjednika-parlamenta-da-im-se-obraca-i-na-njihovom-jeziku\/\"]}]},{\"@type\":\"BreadcrumbList\",\"@id\":\"https:\/\/www.visit-ulcinj.com\/blog\/2009\/11\/15\/predstavnici-albanaca-traze-od-predsjednika-parlamenta-da-im-se-obraca-i-na-njihovom-jeziku\/#breadcrumb\",\"itemListElement\":[{\"@type\":\"ListItem\",\"position\":1,\"name\":\"Predstavnici albanaca tra\u017ee od predsjednika parlamenta da im se obra?a i na njihovom jeziku\"}]},{\"@type\":\"Person\",\"@id\":\"https:\/\/www.visit-ulcinj.com\/blog\/#\/schema\/person\/dcab619c614d3038751c63bc2aadc06d\",\"name\":\"ulqini\",\"sameAs\":[\"http:\/\/www.visit-ulcinj.com\"],\"url\":\"https:\/\/www.visit-ulcinj.com\/blog\/author\/admin\/\"}]}<\/script>\n<!-- \/ Yoast SEO plugin. -->","yoast_head_json":{"title":"Predstavnici albanaca tra\u017ee od predsjednika parlamenta da im se obra?a i na njihovom jeziku - Lajme nga Ulqini","description":"Ranko da pi\u0161e i na albanskom Predstavnici parlamentarnih partija koje zastupaju interese Albanaca u Crnoj Gori saop\u0161tili su ju?e da bi predsjednik","robots":{"index":"index","follow":"follow","max-snippet":"max-snippet:-1","max-image-preview":"max-image-preview:large","max-video-preview":"max-video-preview:-1"},"canonical":"https:\/\/www.visit-ulcinj.com\/blog\/2009\/11\/15\/predstavnici-albanaca-traze-od-predsjednika-parlamenta-da-im-se-obraca-i-na-njihovom-jeziku\/","og_locale":"en_US","og_type":"article","og_title":"Predstavnici albanaca tra\u017ee od predsjednika parlamenta da im se obra?a i na njihovom jeziku - Lajme nga Ulqini","og_description":"Ranko da pi\u0161e i na albanskom Predstavnici parlamentarnih partija koje zastupaju interese Albanaca u Crnoj Gori saop\u0161tili su ju?e da bi predsjednik","og_url":"https:\/\/www.visit-ulcinj.com\/blog\/2009\/11\/15\/predstavnici-albanaca-traze-od-predsjednika-parlamenta-da-im-se-obraca-i-na-njihovom-jeziku\/","og_site_name":"Lajme nga Ulqini","article_published_time":"2009-11-15T15:58:14+00:00","twitter_misc":{"Written by":"ulqini","Est. reading time":"3 minutes"},"schema":{"@context":"https:\/\/schema.org","@graph":[{"@type":"WebSite","@id":"https:\/\/www.visit-ulcinj.com\/blog\/#website","url":"https:\/\/www.visit-ulcinj.com\/blog\/","name":"Lajme nga Ulqini","description":"Lajme,Vijesti,Ulqini,Ulqin,Crna Gora,Mali i Zi","potentialAction":[{"@type":"SearchAction","target":{"@type":"EntryPoint","urlTemplate":"https:\/\/www.visit-ulcinj.com\/blog\/?s={search_term_string}"},"query-input":"required name=search_term_string"}],"inLanguage":"en-US"},{"@type":"WebPage","@id":"https:\/\/www.visit-ulcinj.com\/blog\/2009\/11\/15\/predstavnici-albanaca-traze-od-predsjednika-parlamenta-da-im-se-obraca-i-na-njihovom-jeziku\/#webpage","url":"https:\/\/www.visit-ulcinj.com\/blog\/2009\/11\/15\/predstavnici-albanaca-traze-od-predsjednika-parlamenta-da-im-se-obraca-i-na-njihovom-jeziku\/","name":"Predstavnici albanaca tra\u017ee od predsjednika parlamenta da im se obra?a i na njihovom jeziku - Lajme nga Ulqini","isPartOf":{"@id":"https:\/\/www.visit-ulcinj.com\/blog\/#website"},"datePublished":"2009-11-15T15:58:14+00:00","dateModified":"2009-11-15T15:58:14+00:00","author":{"@id":"https:\/\/www.visit-ulcinj.com\/blog\/#\/schema\/person\/dcab619c614d3038751c63bc2aadc06d"},"description":"Ranko da pi\u0161e i na albanskom Predstavnici parlamentarnih partija koje zastupaju interese Albanaca u Crnoj Gori saop\u0161tili su ju?e da bi predsjednik","breadcrumb":{"@id":"https:\/\/www.visit-ulcinj.com\/blog\/2009\/11\/15\/predstavnici-albanaca-traze-od-predsjednika-parlamenta-da-im-se-obraca-i-na-njihovom-jeziku\/#breadcrumb"},"inLanguage":"en-US","potentialAction":[{"@type":"ReadAction","target":["https:\/\/www.visit-ulcinj.com\/blog\/2009\/11\/15\/predstavnici-albanaca-traze-od-predsjednika-parlamenta-da-im-se-obraca-i-na-njihovom-jeziku\/"]}]},{"@type":"BreadcrumbList","@id":"https:\/\/www.visit-ulcinj.com\/blog\/2009\/11\/15\/predstavnici-albanaca-traze-od-predsjednika-parlamenta-da-im-se-obraca-i-na-njihovom-jeziku\/#breadcrumb","itemListElement":[{"@type":"ListItem","position":1,"name":"Predstavnici albanaca tra\u017ee od predsjednika parlamenta da im se obra?a i na njihovom jeziku"}]},{"@type":"Person","@id":"https:\/\/www.visit-ulcinj.com\/blog\/#\/schema\/person\/dcab619c614d3038751c63bc2aadc06d","name":"ulqini","sameAs":["http:\/\/www.visit-ulcinj.com"],"url":"https:\/\/www.visit-ulcinj.com\/blog\/author\/admin\/"}]}},"jetpack_featured_media_url":"","jetpack_sharing_enabled":true,"jetpack_shortlink":"https:\/\/wp.me\/pe6lTn-75i","_links":{"self":[{"href":"https:\/\/www.visit-ulcinj.com\/blog\/wp-json\/wp\/v2\/posts\/27236"}],"collection":[{"href":"https:\/\/www.visit-ulcinj.com\/blog\/wp-json\/wp\/v2\/posts"}],"about":[{"href":"https:\/\/www.visit-ulcinj.com\/blog\/wp-json\/wp\/v2\/types\/post"}],"author":[{"embeddable":true,"href":"https:\/\/www.visit-ulcinj.com\/blog\/wp-json\/wp\/v2\/users\/1"}],"replies":[{"embeddable":true,"href":"https:\/\/www.visit-ulcinj.com\/blog\/wp-json\/wp\/v2\/comments?post=27236"}],"version-history":[{"count":0,"href":"https:\/\/www.visit-ulcinj.com\/blog\/wp-json\/wp\/v2\/posts\/27236\/revisions"}],"wp:attachment":[{"href":"https:\/\/www.visit-ulcinj.com\/blog\/wp-json\/wp\/v2\/media?parent=27236"}],"wp:term":[{"taxonomy":"category","embeddable":true,"href":"https:\/\/www.visit-ulcinj.com\/blog\/wp-json\/wp\/v2\/categories?post=27236"},{"taxonomy":"post_tag","embeddable":true,"href":"https:\/\/www.visit-ulcinj.com\/blog\/wp-json\/wp\/v2\/tags?post=27236"}],"curies":[{"name":"wp","href":"https:\/\/api.w.org\/{rel}","templated":true}]}}