{"id":27240,"date":"2009-11-15T18:29:43","date_gmt":"2009-11-15T16:29:43","guid":{"rendered":"http:\/\/www.visit-ulcinj.com\/blog\/?p=27240"},"modified":"2009-11-15T18:29:43","modified_gmt":"2009-11-15T16:29:43","slug":"ciljeta-xhilaga-ne-lokal-me-nje-djale-te-panjohur","status":"publish","type":"post","link":"https:\/\/www.visit-ulcinj.com\/blog\/2009\/11\/15\/ciljeta-xhilaga-ne-lokal-me-nje-djale-te-panjohur\/","title":{"rendered":"\u00c7iljeta Xhilaga n\u00eb lokal me nj\u00eb djal\u00eb t\u00eb panjohur!"},"content":{"rendered":"<p><a href=\"http:\/\/www.visit-ulcinj.com\/blog\/wp-content\/uploads\/2009\/11\/Ciljeta-Xhilaga.jpg\"><img loading=\"lazy\" class=\"alignleft size-full wp-image-27242\" title=\"Ciljeta Xhilaga\" src=\"http:\/\/www.visit-ulcinj.com\/blog\/wp-content\/uploads\/2009\/11\/Ciljeta-Xhilaga.jpg\" alt=\"Ciljeta Xhilaga\" width=\"580\" height=\"400\" \/><\/a>K\u00ebng\u00ebtarja seksi, \u00c7iljeta Xhilaga \u00ebsht\u00eb shpesh pjes\u00eb e lokaleve t\u00eb nat\u00ebs n\u00eb kryeqytet, ku edhe nuk p\u00ebrton t\u00eb ngrihet p\u00ebr t\u00eb k\u00ebrcyer. Por, ndryshe nga her\u00ebt e tjera, paparaci yn\u00eb e ka kapur at\u00eb teksa ishte duke k\u00ebrcyer jo me djalin e zemr\u00ebs, por me nj\u00eb tjet\u00ebr. Nuk e dim\u00eb ende se cili \u00ebsht\u00eb djali q\u00eb i ka mbushur mendjen \u00c7iljet\u00ebs p\u00ebr t\u00eb k\u00ebrcyer s\u00eb bashku, por nj\u00eb gj\u00eb na b\u00ebn t\u00eb dyshojm\u00eb: ku ndodhet Romeo n\u00eb ato \u00e7aste? Ndoshta i dashuri i k\u00ebng\u00ebtares edhe k\u00ebt\u00eb her\u00eb nuk ka preferuar q\u00eb ta shoq\u00ebroj\u00eb at\u00eb n\u00eb jet\u00ebn e nat\u00ebs, ashtu si edhe ka ndodhur shpesh, duke e l\u00ebn\u00eb \u00c7iljet\u00ebn n\u00ebn shoq\u00ebrin\u00eb e miqve t\u00eb saj m\u00eb t\u00eb ngusht\u00eb&#8230;!<br \/>\n<strong>Bluetooth<br \/>\n<\/p>\n<p><\/strong><\/p>\n<p><strong><!--YouTube Error: bad URL entered--><br \/>\n<\/strong><\/p>\n","protected":false},"excerpt":{"rendered":"<p>K\u00ebng\u00ebtarja seksi, \u00c7iljeta Xhilaga \u00ebsht\u00eb shpesh pjes\u00eb e lokaleve t\u00eb nat\u00ebs n\u00eb kryeqytet, ku edhe nuk p\u00ebrton t\u00eb ngrihet p\u00ebr t\u00eb k\u00ebrcyer. Por, ndryshe nga her\u00ebt e tjera, paparaci yn\u00eb e ka kapur at\u00eb teksa ishte duke k\u00ebrcyer jo me djalin e zemr\u00ebs, por me nj\u00eb tjet\u00ebr. Nuk e dim\u00eb ende se cili \u00ebsht\u00eb djali [&hellip;]<\/p>\n","protected":false},"author":1,"featured_media":0,"comment_status":"open","ping_status":"closed","sticky":false,"template":"","format":"standard","meta":{"spay_email":"","jetpack_publicize_message":"","jetpack_is_tweetstorm":false,"jetpack_publicize_feature_enabled":true},"categories":[1],"tags":[5456,12810],"jetpack_publicize_connections":[],"yoast_head":"<!-- This site is optimized with the Yoast SEO plugin v19.1 - https:\/\/yoast.com\/wordpress\/plugins\/seo\/ -->\n<title>\u00c7iljeta Xhilaga n\u00eb lokal me nj\u00eb djal\u00eb t\u00eb panjohur! - Lajme nga Ulqini<\/title>\n<meta name=\"description\" content=\"K\u00ebng\u00ebtarja seksi, \u00c7iljeta Xhilaga \u00ebsht\u00eb shpesh pjes\u00eb e lokaleve t\u00eb nat\u00ebs n\u00eb kryeqytet, ku edhe nuk p\u00ebrton t\u00eb ngrihet p\u00ebr t\u00eb k\u00ebrcyer. Por, ndryshe nga\" \/>\n<meta name=\"robots\" content=\"index, follow, max-snippet:-1, max-image-preview:large, max-video-preview:-1\" \/>\n<link rel=\"canonical\" href=\"https:\/\/www.visit-ulcinj.com\/blog\/2009\/11\/15\/ciljeta-xhilaga-ne-lokal-me-nje-djale-te-panjohur\/\" \/>\n<meta property=\"og:locale\" content=\"en_US\" \/>\n<meta property=\"og:type\" content=\"article\" \/>\n<meta property=\"og:title\" content=\"\u00c7iljeta Xhilaga n\u00eb lokal me nj\u00eb djal\u00eb t\u00eb panjohur! - Lajme nga Ulqini\" \/>\n<meta property=\"og:description\" content=\"K\u00ebng\u00ebtarja seksi, \u00c7iljeta Xhilaga \u00ebsht\u00eb shpesh pjes\u00eb e lokaleve t\u00eb nat\u00ebs n\u00eb kryeqytet, ku edhe nuk p\u00ebrton t\u00eb ngrihet p\u00ebr t\u00eb k\u00ebrcyer. Por, ndryshe nga\" \/>\n<meta property=\"og:url\" content=\"https:\/\/www.visit-ulcinj.com\/blog\/2009\/11\/15\/ciljeta-xhilaga-ne-lokal-me-nje-djale-te-panjohur\/\" \/>\n<meta property=\"og:site_name\" content=\"Lajme nga Ulqini\" \/>\n<meta property=\"article:published_time\" content=\"2009-11-15T16:29:43+00:00\" \/>\n<meta property=\"og:image\" content=\"https:\/\/www.visit-ulcinj.com\/blog\/wp-content\/uploads\/2009\/11\/Ciljeta-Xhilaga-150x150.jpg\" \/>\n<meta name=\"twitter:label1\" content=\"Written by\" \/>\n\t<meta name=\"twitter:data1\" content=\"ulqini\" \/>\n\t<meta name=\"twitter:label2\" content=\"Est. reading time\" \/>\n\t<meta name=\"twitter:data2\" content=\"1 minute\" \/>\n<script type=\"application\/ld+json\" class=\"yoast-schema-graph\">{\"@context\":\"https:\/\/schema.org\",\"@graph\":[{\"@type\":\"WebSite\",\"@id\":\"https:\/\/www.visit-ulcinj.com\/blog\/#website\",\"url\":\"https:\/\/www.visit-ulcinj.com\/blog\/\",\"name\":\"Lajme nga Ulqini\",\"description\":\"Lajme,Vijesti,Ulqini,Ulqin,Crna Gora,Mali i Zi\",\"potentialAction\":[{\"@type\":\"SearchAction\",\"target\":{\"@type\":\"EntryPoint\",\"urlTemplate\":\"https:\/\/www.visit-ulcinj.com\/blog\/?s={search_term_string}\"},\"query-input\":\"required name=search_term_string\"}],\"inLanguage\":\"en-US\"},{\"@type\":\"ImageObject\",\"inLanguage\":\"en-US\",\"@id\":\"https:\/\/www.visit-ulcinj.com\/blog\/2009\/11\/15\/ciljeta-xhilaga-ne-lokal-me-nje-djale-te-panjohur\/#primaryimage\",\"url\":\"http:\/\/www.visit-ulcinj.com\/blog\/wp-content\/uploads\/2009\/11\/Ciljeta-Xhilaga.jpg\",\"contentUrl\":\"http:\/\/www.visit-ulcinj.com\/blog\/wp-content\/uploads\/2009\/11\/Ciljeta-Xhilaga.jpg\"},{\"@type\":\"WebPage\",\"@id\":\"https:\/\/www.visit-ulcinj.com\/blog\/2009\/11\/15\/ciljeta-xhilaga-ne-lokal-me-nje-djale-te-panjohur\/#webpage\",\"url\":\"https:\/\/www.visit-ulcinj.com\/blog\/2009\/11\/15\/ciljeta-xhilaga-ne-lokal-me-nje-djale-te-panjohur\/\",\"name\":\"\u00c7iljeta Xhilaga n\u00eb lokal me nj\u00eb djal\u00eb t\u00eb panjohur! - Lajme nga Ulqini\",\"isPartOf\":{\"@id\":\"https:\/\/www.visit-ulcinj.com\/blog\/#website\"},\"primaryImageOfPage\":{\"@id\":\"https:\/\/www.visit-ulcinj.com\/blog\/2009\/11\/15\/ciljeta-xhilaga-ne-lokal-me-nje-djale-te-panjohur\/#primaryimage\"},\"datePublished\":\"2009-11-15T16:29:43+00:00\",\"dateModified\":\"2009-11-15T16:29:43+00:00\",\"author\":{\"@id\":\"https:\/\/www.visit-ulcinj.com\/blog\/#\/schema\/person\/dcab619c614d3038751c63bc2aadc06d\"},\"description\":\"K\u00ebng\u00ebtarja seksi, \u00c7iljeta Xhilaga \u00ebsht\u00eb shpesh pjes\u00eb e lokaleve t\u00eb nat\u00ebs n\u00eb kryeqytet, ku edhe nuk p\u00ebrton t\u00eb ngrihet p\u00ebr t\u00eb k\u00ebrcyer. Por, ndryshe nga\",\"breadcrumb\":{\"@id\":\"https:\/\/www.visit-ulcinj.com\/blog\/2009\/11\/15\/ciljeta-xhilaga-ne-lokal-me-nje-djale-te-panjohur\/#breadcrumb\"},\"inLanguage\":\"en-US\",\"potentialAction\":[{\"@type\":\"ReadAction\",\"target\":[\"https:\/\/www.visit-ulcinj.com\/blog\/2009\/11\/15\/ciljeta-xhilaga-ne-lokal-me-nje-djale-te-panjohur\/\"]}]},{\"@type\":\"BreadcrumbList\",\"@id\":\"https:\/\/www.visit-ulcinj.com\/blog\/2009\/11\/15\/ciljeta-xhilaga-ne-lokal-me-nje-djale-te-panjohur\/#breadcrumb\",\"itemListElement\":[{\"@type\":\"ListItem\",\"position\":1,\"name\":\"\u00c7iljeta Xhilaga n\u00eb lokal me nj\u00eb djal\u00eb t\u00eb panjohur!\"}]},{\"@type\":\"Person\",\"@id\":\"https:\/\/www.visit-ulcinj.com\/blog\/#\/schema\/person\/dcab619c614d3038751c63bc2aadc06d\",\"name\":\"ulqini\",\"sameAs\":[\"http:\/\/www.visit-ulcinj.com\"],\"url\":\"https:\/\/www.visit-ulcinj.com\/blog\/author\/admin\/\"}]}<\/script>\n<!-- \/ Yoast SEO plugin. -->","yoast_head_json":{"title":"\u00c7iljeta Xhilaga n\u00eb lokal me nj\u00eb djal\u00eb t\u00eb panjohur! - Lajme nga Ulqini","description":"K\u00ebng\u00ebtarja seksi, \u00c7iljeta Xhilaga \u00ebsht\u00eb shpesh pjes\u00eb e lokaleve t\u00eb nat\u00ebs n\u00eb kryeqytet, ku edhe nuk p\u00ebrton t\u00eb ngrihet p\u00ebr t\u00eb k\u00ebrcyer. Por, ndryshe nga","robots":{"index":"index","follow":"follow","max-snippet":"max-snippet:-1","max-image-preview":"max-image-preview:large","max-video-preview":"max-video-preview:-1"},"canonical":"https:\/\/www.visit-ulcinj.com\/blog\/2009\/11\/15\/ciljeta-xhilaga-ne-lokal-me-nje-djale-te-panjohur\/","og_locale":"en_US","og_type":"article","og_title":"\u00c7iljeta Xhilaga n\u00eb lokal me nj\u00eb djal\u00eb t\u00eb panjohur! - Lajme nga Ulqini","og_description":"K\u00ebng\u00ebtarja seksi, \u00c7iljeta Xhilaga \u00ebsht\u00eb shpesh pjes\u00eb e lokaleve t\u00eb nat\u00ebs n\u00eb kryeqytet, ku edhe nuk p\u00ebrton t\u00eb ngrihet p\u00ebr t\u00eb k\u00ebrcyer. Por, ndryshe nga","og_url":"https:\/\/www.visit-ulcinj.com\/blog\/2009\/11\/15\/ciljeta-xhilaga-ne-lokal-me-nje-djale-te-panjohur\/","og_site_name":"Lajme nga Ulqini","article_published_time":"2009-11-15T16:29:43+00:00","og_image":[{"url":"https:\/\/www.visit-ulcinj.com\/blog\/wp-content\/uploads\/2009\/11\/Ciljeta-Xhilaga-150x150.jpg"}],"twitter_misc":{"Written by":"ulqini","Est. reading time":"1 minute"},"schema":{"@context":"https:\/\/schema.org","@graph":[{"@type":"WebSite","@id":"https:\/\/www.visit-ulcinj.com\/blog\/#website","url":"https:\/\/www.visit-ulcinj.com\/blog\/","name":"Lajme nga Ulqini","description":"Lajme,Vijesti,Ulqini,Ulqin,Crna Gora,Mali i Zi","potentialAction":[{"@type":"SearchAction","target":{"@type":"EntryPoint","urlTemplate":"https:\/\/www.visit-ulcinj.com\/blog\/?s={search_term_string}"},"query-input":"required name=search_term_string"}],"inLanguage":"en-US"},{"@type":"ImageObject","inLanguage":"en-US","@id":"https:\/\/www.visit-ulcinj.com\/blog\/2009\/11\/15\/ciljeta-xhilaga-ne-lokal-me-nje-djale-te-panjohur\/#primaryimage","url":"http:\/\/www.visit-ulcinj.com\/blog\/wp-content\/uploads\/2009\/11\/Ciljeta-Xhilaga.jpg","contentUrl":"http:\/\/www.visit-ulcinj.com\/blog\/wp-content\/uploads\/2009\/11\/Ciljeta-Xhilaga.jpg"},{"@type":"WebPage","@id":"https:\/\/www.visit-ulcinj.com\/blog\/2009\/11\/15\/ciljeta-xhilaga-ne-lokal-me-nje-djale-te-panjohur\/#webpage","url":"https:\/\/www.visit-ulcinj.com\/blog\/2009\/11\/15\/ciljeta-xhilaga-ne-lokal-me-nje-djale-te-panjohur\/","name":"\u00c7iljeta Xhilaga n\u00eb lokal me nj\u00eb djal\u00eb t\u00eb panjohur! - Lajme nga Ulqini","isPartOf":{"@id":"https:\/\/www.visit-ulcinj.com\/blog\/#website"},"primaryImageOfPage":{"@id":"https:\/\/www.visit-ulcinj.com\/blog\/2009\/11\/15\/ciljeta-xhilaga-ne-lokal-me-nje-djale-te-panjohur\/#primaryimage"},"datePublished":"2009-11-15T16:29:43+00:00","dateModified":"2009-11-15T16:29:43+00:00","author":{"@id":"https:\/\/www.visit-ulcinj.com\/blog\/#\/schema\/person\/dcab619c614d3038751c63bc2aadc06d"},"description":"K\u00ebng\u00ebtarja seksi, \u00c7iljeta Xhilaga \u00ebsht\u00eb shpesh pjes\u00eb e lokaleve t\u00eb nat\u00ebs n\u00eb kryeqytet, ku edhe nuk p\u00ebrton t\u00eb ngrihet p\u00ebr t\u00eb k\u00ebrcyer. Por, ndryshe nga","breadcrumb":{"@id":"https:\/\/www.visit-ulcinj.com\/blog\/2009\/11\/15\/ciljeta-xhilaga-ne-lokal-me-nje-djale-te-panjohur\/#breadcrumb"},"inLanguage":"en-US","potentialAction":[{"@type":"ReadAction","target":["https:\/\/www.visit-ulcinj.com\/blog\/2009\/11\/15\/ciljeta-xhilaga-ne-lokal-me-nje-djale-te-panjohur\/"]}]},{"@type":"BreadcrumbList","@id":"https:\/\/www.visit-ulcinj.com\/blog\/2009\/11\/15\/ciljeta-xhilaga-ne-lokal-me-nje-djale-te-panjohur\/#breadcrumb","itemListElement":[{"@type":"ListItem","position":1,"name":"\u00c7iljeta Xhilaga n\u00eb lokal me nj\u00eb djal\u00eb t\u00eb panjohur!"}]},{"@type":"Person","@id":"https:\/\/www.visit-ulcinj.com\/blog\/#\/schema\/person\/dcab619c614d3038751c63bc2aadc06d","name":"ulqini","sameAs":["http:\/\/www.visit-ulcinj.com"],"url":"https:\/\/www.visit-ulcinj.com\/blog\/author\/admin\/"}]}},"jetpack_featured_media_url":"","jetpack_sharing_enabled":true,"jetpack_shortlink":"https:\/\/wp.me\/pe6lTn-75m","_links":{"self":[{"href":"https:\/\/www.visit-ulcinj.com\/blog\/wp-json\/wp\/v2\/posts\/27240"}],"collection":[{"href":"https:\/\/www.visit-ulcinj.com\/blog\/wp-json\/wp\/v2\/posts"}],"about":[{"href":"https:\/\/www.visit-ulcinj.com\/blog\/wp-json\/wp\/v2\/types\/post"}],"author":[{"embeddable":true,"href":"https:\/\/www.visit-ulcinj.com\/blog\/wp-json\/wp\/v2\/users\/1"}],"replies":[{"embeddable":true,"href":"https:\/\/www.visit-ulcinj.com\/blog\/wp-json\/wp\/v2\/comments?post=27240"}],"version-history":[{"count":0,"href":"https:\/\/www.visit-ulcinj.com\/blog\/wp-json\/wp\/v2\/posts\/27240\/revisions"}],"wp:attachment":[{"href":"https:\/\/www.visit-ulcinj.com\/blog\/wp-json\/wp\/v2\/media?parent=27240"}],"wp:term":[{"taxonomy":"category","embeddable":true,"href":"https:\/\/www.visit-ulcinj.com\/blog\/wp-json\/wp\/v2\/categories?post=27240"},{"taxonomy":"post_tag","embeddable":true,"href":"https:\/\/www.visit-ulcinj.com\/blog\/wp-json\/wp\/v2\/tags?post=27240"}],"curies":[{"name":"wp","href":"https:\/\/api.w.org\/{rel}","templated":true}]}}