{"id":27247,"date":"2009-11-15T18:51:48","date_gmt":"2009-11-15T16:51:48","guid":{"rendered":"http:\/\/www.visit-ulcinj.com\/blog\/?p=27247"},"modified":"2009-11-15T18:53:28","modified_gmt":"2009-11-15T16:53:28","slug":"kengetarja-arta-bajrami-flet-per-martesen-e-saj","status":"publish","type":"post","link":"https:\/\/www.visit-ulcinj.com\/blog\/2009\/11\/15\/kengetarja-arta-bajrami-flet-per-martesen-e-saj\/","title":{"rendered":"K\u00ebng\u00ebtarja Arta Bajrami flet p\u00ebr martes\u00ebn e saj"},"content":{"rendered":"<div style=\"text-align: justify;\"><a href=\"http:\/\/www.visit-ulcinj.com\/blog\/wp-content\/uploads\/2009\/11\/Arta-Bajrami.1.jpg\"><img loading=\"lazy\" class=\"alignleft size-full wp-image-27248\" title=\"Arta Bajrami.1\" src=\"http:\/\/www.visit-ulcinj.com\/blog\/wp-content\/uploads\/2009\/11\/Arta-Bajrami.1.jpg\" alt=\"Arta Bajrami.1\" width=\"402\" height=\"604\" \/><\/a>Ajo \u00ebsht\u00eb nj\u00ebra prej k\u00ebng\u00ebtar\u00ebve q\u00eb m\u00eb s\u00eb paku ka pushuar gjat\u00eb k\u00ebtyre viteve. \u00c7do vit me nga nj\u00eb album! \u00c7do vit me ka disa spote! Kjo \u00ebsht\u00eb Arta Bajrami, e cila n\u00eb nj\u00eb intervist\u00eb p\u00ebr Roz\u00eb thot\u00eb se punon shum\u00eb, nd\u00ebrkaq shprehet se edhe n\u00eb jet\u00ebn e saj bashk\u00ebshortore \u00ebsht\u00eb shum\u00eb e lumtur. E porsamartuar me Jimmi-in, Arta thot\u00eb se nuk i dihet dhe s\u00eb shpejti ajo edhe mund t\u00eb b\u00ebhet mama&#8230;<\/p>\n<p><span style=\"font-weight: bold;\">Sapo jeni martuar&#8230;Si po ju duket jeta n\u00eb \u00e7ift?<\/span><\/p>\n<p><span style=\"font-style: italic;\">Shum\u00eb mir\u00eb, \u00ebsht\u00eb di\u00e7ka ndryshe, \u00ebsht\u00eb komplet jet\u00eb e re dhe un\u00eb po ndihem shum\u00eb, shum\u00eb mir\u00eb. Kam p\u00ebrkrahjen e burrit tim e \u00e7ka \u00ebsht\u00eb ma kryesorja e kam dashurin\u00eb e tij q\u00eb me ngroh dhe me b\u00ebn t\u00eb lumtur.<\/span><\/p>\n<p><span style=\"font-weight: bold;\">A keni planifikuar t\u00eb keni ndonj\u00eb f\u00ebmij\u00eb se shpejti apo mendoni se ka koh\u00eb p\u00ebr k\u00ebt\u00eb?<\/span><\/p>\n<p><span style=\"font-style: italic;\">Sigurisht njeriu martohet, pra edhe t\u00eb krijoj\u00eb familje, \u00e7do gj\u00eb shkon me koh\u00eb. Un\u00eb vendimet e mia n\u00eb jet\u00eb i marr me koh\u00eb, k\u00ebshtu q\u00eb pritni edhe pak, kurr\u00eb s\u2019i dihet&#8230;<\/span><\/p>\n<p><span style=\"font-weight: bold;\">Nd\u00ebrkoh\u00eb, gjat\u00eb k\u00ebtij viti ka pasur edhe risi nga ana juaj. Keni hedhur n\u00eb treg album dhe keni realizuar disa video&#8230;\u00c7far\u00eb mund t\u00eb na thoni p\u00ebr k\u00ebto?<\/span><br \/>\n<br style=\"font-style: italic;\" \/><span style=\"font-style: italic;\">Ka qen\u00eb nj\u00eb vit me shum\u00eb risi n\u00eb jet\u00ebn time. Vit i shpejt! S\u00eb pari vit me m\u00eb s\u00eb shumti koncerte n\u00eb diaspor\u00eb, vit q\u00eb e njoftova Xhimin tim, gj\u00eb q\u00eb b\u00ebri q\u00eb edhe m\u00eb shum\u00eb t\u00eb jem n\u00eb Gjermani. N\u00eb Prishtin\u00eb kam ardhur vet\u00ebm nd\u00ebrkoh\u00eb t\u00eb jem m\u00eb shum\u00eb prezent n\u00eb studion Arba$ound p\u00ebr pun\u00ebn e albumit tim t\u00eb ri dhe mund t\u00eb them q\u00eb Arbasi, v\u00ebllai, ka punuar intensivisht n\u00eb album.<\/span><\/p>\n<p><span style=\"font-weight: bold;\">Sa ka ndikuar jeta private n\u00eb pun\u00eb?<\/span><\/p>\n<p><span style=\"font-style: italic;\">Nuk kam dashur q\u00eb t\u00eb ndikoj\u00eb jeta ime private n\u00eb hovin e pun\u00ebs time. Ia kam caktuar vet\u00ebs detyrat q\u00eb m\u00eb duhet t\u2019i kryej . Albumi &#8220;De LUXE&#8221; ka dal\u00eb shum\u00eb i suksessh\u00ebm \u2013 e edhe nj\u00ebher\u00eb u d\u00ebshmua puna e Don Arbas dhe mua m\u00eb duhet patjet\u00ebr q\u00eb t\u2019i realizoj me se paku tri klipe p\u00ebr nj\u00eb album pasi q\u00eb k\u00ebng\u00ebt jan\u00eb t\u00eb gjitha hite &#8211; si\u00e7 edhe kam vepruar me albumin e parafundit Chocolata.<\/span><br style=\"font-style: italic;\" \/><br \/>\n<span style=\"font-weight: bold;\">Zakonisht bashk\u00ebpunoni me Don Arbas&#8230; Si \u00ebsht\u00eb t\u00eb bashk\u00ebpunosh me v\u00ebllan\u00eb n\u00eb karrier\u00eb?<\/span><br \/>\n<br style=\"font-style: italic;\" \/><span style=\"font-style: italic;\">Ku ka m\u00eb mir\u00eb? Jam shum\u00eb me fat q\u00eb e kam v\u00eblla. Por, edhe q\u00eb punoj me nj\u00eb producent profesionist si\u00e7 \u00ebsht\u00eb Don Arbas. Arbasi \u00ebsht\u00eb shum\u00eb strikt n\u00eb pun\u00eb! K\u00ebrkon maksimumin nga k\u00ebng\u00ebtari dhe \u00e7ka me p\u00eblqen t\u00eb ai \u00ebsht\u00eb q\u00eb nuk pranon t\u00eb punoj\u00eb me k\u00ebng\u00ebtar\u00eb q\u00eb s\u2019kan\u00eb talent ose z\u00eb p\u00ebr muzik\u00eb. Nuk \u00ebsht\u00eb q\u00eb vet\u00ebm t\u2019u marr\u00eb parat\u00eb dhe a ka sukses ai person ose jo s\u2019ka r\u00ebnd\u00ebsi! Jo, sepse ai i kushton shum\u00eb r\u00ebnd\u00ebsi nj\u00eb instrumentali, pra pun\u00ebs se tij, dhe d\u00ebshiron q\u00eb at\u00eb instrumental ta kompletoj\u00eb k\u00ebng\u00ebtari me potencialin e tij. At\u00ebher\u00eb aty \u00ebsht\u00eb \u00e7el\u00ebsi kryesor i asaj k\u00ebnge q\u00eb t\u00eb b\u00ebhet hit.<\/span><br style=\"font-style: italic;\" \/><br \/>\n<span style=\"font-weight: bold;\">A do t\u00eb k\u00ebt\u00eb befasi nga Arta k\u00ebt\u00eb fundvit?<\/span><\/p>\n<p><span style=\"font-style: italic;\">Po, sigurisht se do t\u00eb ket\u00eb. Un\u00eb punoj shum\u00eb dhe punoj p\u00ebr afate m\u00eb t\u00eb gjata. Edhe n\u00ebse dua ndonj\u00ebher\u00eb t\u00eb pushoj pak, fansat e mi, pra publiku im nuk m\u00eb l\u00eb. K\u00ebrkojn\u00eb k\u00ebng\u00eb t\u00eb reja dhe kjo \u00ebsht\u00eb arsyeja dhe motivi p\u00ebr pun\u00ebn time. Pra, e dua shum\u00eb publikun tim!&#8230;<\/span><\/p>\n<p><span style=\"font-weight: bold; font-style: italic;\">Gazeta Express<br \/>\n<\/p>\n<p><\/span><\/p>\n<!--YouTube Error: bad URL entered--><\/div>\n","protected":false},"excerpt":{"rendered":"<p>Ajo \u00ebsht\u00eb nj\u00ebra prej k\u00ebng\u00ebtar\u00ebve q\u00eb m\u00eb s\u00eb paku ka pushuar gjat\u00eb k\u00ebtyre viteve. \u00c7do vit me nga nj\u00eb album! \u00c7do vit me ka disa spote! Kjo \u00ebsht\u00eb Arta Bajrami, e cila n\u00eb nj\u00eb intervist\u00eb p\u00ebr Roz\u00eb thot\u00eb se punon shum\u00eb, nd\u00ebrkaq shprehet se edhe n\u00eb jet\u00ebn e saj bashk\u00ebshortore \u00ebsht\u00eb shum\u00eb e lumtur. E [&hellip;]<\/p>\n","protected":false},"author":1,"featured_media":0,"comment_status":"open","ping_status":"closed","sticky":false,"template":"","format":"standard","meta":{"spay_email":"","jetpack_publicize_message":"","jetpack_is_tweetstorm":false,"jetpack_publicize_feature_enabled":true},"categories":[1],"tags":[12811,4955],"jetpack_publicize_connections":[],"yoast_head":"<!-- This site is optimized with the Yoast SEO plugin v19.1 - https:\/\/yoast.com\/wordpress\/plugins\/seo\/ -->\n<title>K\u00ebng\u00ebtarja Arta Bajrami flet p\u00ebr martes\u00ebn e saj - Lajme nga Ulqini<\/title>\n<meta name=\"description\" content=\"Ajo \u00ebsht\u00eb nj\u00ebra prej k\u00ebng\u00ebtar\u00ebve q\u00eb m\u00eb s\u00eb paku ka pushuar gjat\u00eb k\u00ebtyre viteve. \u00c7do vit me nga nj\u00eb album! \u00c7do vit me ka disa spote! Kjo \u00ebsht\u00eb Arta Bajrami,\" \/>\n<meta name=\"robots\" content=\"index, follow, max-snippet:-1, max-image-preview:large, max-video-preview:-1\" \/>\n<link rel=\"canonical\" href=\"https:\/\/www.visit-ulcinj.com\/blog\/2009\/11\/15\/kengetarja-arta-bajrami-flet-per-martesen-e-saj\/\" \/>\n<meta property=\"og:locale\" content=\"en_US\" \/>\n<meta property=\"og:type\" content=\"article\" \/>\n<meta property=\"og:title\" content=\"K\u00ebng\u00ebtarja Arta Bajrami flet p\u00ebr martes\u00ebn e saj - Lajme nga Ulqini\" \/>\n<meta property=\"og:description\" content=\"Ajo \u00ebsht\u00eb nj\u00ebra prej k\u00ebng\u00ebtar\u00ebve q\u00eb m\u00eb s\u00eb paku ka pushuar gjat\u00eb k\u00ebtyre viteve. \u00c7do vit me nga nj\u00eb album! \u00c7do vit me ka disa spote! Kjo \u00ebsht\u00eb Arta Bajrami,\" \/>\n<meta property=\"og:url\" content=\"https:\/\/www.visit-ulcinj.com\/blog\/2009\/11\/15\/kengetarja-arta-bajrami-flet-per-martesen-e-saj\/\" \/>\n<meta property=\"og:site_name\" content=\"Lajme nga Ulqini\" \/>\n<meta property=\"article:published_time\" content=\"2009-11-15T16:51:48+00:00\" \/>\n<meta property=\"article:modified_time\" content=\"2009-11-15T16:53:28+00:00\" \/>\n<meta property=\"og:image\" content=\"https:\/\/www.visit-ulcinj.com\/blog\/wp-content\/uploads\/2009\/11\/Arta-Bajrami.1-150x150.jpg\" \/>\n<meta name=\"twitter:label1\" content=\"Written by\" \/>\n\t<meta name=\"twitter:data1\" content=\"ulqini\" \/>\n\t<meta name=\"twitter:label2\" content=\"Est. reading time\" \/>\n\t<meta name=\"twitter:data2\" content=\"3 minutes\" \/>\n<script type=\"application\/ld+json\" class=\"yoast-schema-graph\">{\"@context\":\"https:\/\/schema.org\",\"@graph\":[{\"@type\":\"WebSite\",\"@id\":\"https:\/\/www.visit-ulcinj.com\/blog\/#website\",\"url\":\"https:\/\/www.visit-ulcinj.com\/blog\/\",\"name\":\"Lajme nga Ulqini\",\"description\":\"Lajme,Vijesti,Ulqini,Ulqin,Crna Gora,Mali i Zi\",\"potentialAction\":[{\"@type\":\"SearchAction\",\"target\":{\"@type\":\"EntryPoint\",\"urlTemplate\":\"https:\/\/www.visit-ulcinj.com\/blog\/?s={search_term_string}\"},\"query-input\":\"required name=search_term_string\"}],\"inLanguage\":\"en-US\"},{\"@type\":\"ImageObject\",\"inLanguage\":\"en-US\",\"@id\":\"https:\/\/www.visit-ulcinj.com\/blog\/2009\/11\/15\/kengetarja-arta-bajrami-flet-per-martesen-e-saj\/#primaryimage\",\"url\":\"http:\/\/www.visit-ulcinj.com\/blog\/wp-content\/uploads\/2009\/11\/Arta-Bajrami.1.jpg\",\"contentUrl\":\"http:\/\/www.visit-ulcinj.com\/blog\/wp-content\/uploads\/2009\/11\/Arta-Bajrami.1.jpg\"},{\"@type\":\"WebPage\",\"@id\":\"https:\/\/www.visit-ulcinj.com\/blog\/2009\/11\/15\/kengetarja-arta-bajrami-flet-per-martesen-e-saj\/#webpage\",\"url\":\"https:\/\/www.visit-ulcinj.com\/blog\/2009\/11\/15\/kengetarja-arta-bajrami-flet-per-martesen-e-saj\/\",\"name\":\"K\u00ebng\u00ebtarja Arta Bajrami flet p\u00ebr martes\u00ebn e saj - Lajme nga Ulqini\",\"isPartOf\":{\"@id\":\"https:\/\/www.visit-ulcinj.com\/blog\/#website\"},\"primaryImageOfPage\":{\"@id\":\"https:\/\/www.visit-ulcinj.com\/blog\/2009\/11\/15\/kengetarja-arta-bajrami-flet-per-martesen-e-saj\/#primaryimage\"},\"datePublished\":\"2009-11-15T16:51:48+00:00\",\"dateModified\":\"2009-11-15T16:53:28+00:00\",\"author\":{\"@id\":\"https:\/\/www.visit-ulcinj.com\/blog\/#\/schema\/person\/dcab619c614d3038751c63bc2aadc06d\"},\"description\":\"Ajo \u00ebsht\u00eb nj\u00ebra prej k\u00ebng\u00ebtar\u00ebve q\u00eb m\u00eb s\u00eb paku ka pushuar gjat\u00eb k\u00ebtyre viteve. \u00c7do vit me nga nj\u00eb album! \u00c7do vit me ka disa spote! Kjo \u00ebsht\u00eb Arta Bajrami,\",\"breadcrumb\":{\"@id\":\"https:\/\/www.visit-ulcinj.com\/blog\/2009\/11\/15\/kengetarja-arta-bajrami-flet-per-martesen-e-saj\/#breadcrumb\"},\"inLanguage\":\"en-US\",\"potentialAction\":[{\"@type\":\"ReadAction\",\"target\":[\"https:\/\/www.visit-ulcinj.com\/blog\/2009\/11\/15\/kengetarja-arta-bajrami-flet-per-martesen-e-saj\/\"]}]},{\"@type\":\"BreadcrumbList\",\"@id\":\"https:\/\/www.visit-ulcinj.com\/blog\/2009\/11\/15\/kengetarja-arta-bajrami-flet-per-martesen-e-saj\/#breadcrumb\",\"itemListElement\":[{\"@type\":\"ListItem\",\"position\":1,\"name\":\"K\u00ebng\u00ebtarja Arta Bajrami flet p\u00ebr martes\u00ebn e saj\"}]},{\"@type\":\"Person\",\"@id\":\"https:\/\/www.visit-ulcinj.com\/blog\/#\/schema\/person\/dcab619c614d3038751c63bc2aadc06d\",\"name\":\"ulqini\",\"sameAs\":[\"http:\/\/www.visit-ulcinj.com\"],\"url\":\"https:\/\/www.visit-ulcinj.com\/blog\/author\/admin\/\"}]}<\/script>\n<!-- \/ Yoast SEO plugin. -->","yoast_head_json":{"title":"K\u00ebng\u00ebtarja Arta Bajrami flet p\u00ebr martes\u00ebn e saj - Lajme nga Ulqini","description":"Ajo \u00ebsht\u00eb nj\u00ebra prej k\u00ebng\u00ebtar\u00ebve q\u00eb m\u00eb s\u00eb paku ka pushuar gjat\u00eb k\u00ebtyre viteve. \u00c7do vit me nga nj\u00eb album! \u00c7do vit me ka disa spote! Kjo \u00ebsht\u00eb Arta Bajrami,","robots":{"index":"index","follow":"follow","max-snippet":"max-snippet:-1","max-image-preview":"max-image-preview:large","max-video-preview":"max-video-preview:-1"},"canonical":"https:\/\/www.visit-ulcinj.com\/blog\/2009\/11\/15\/kengetarja-arta-bajrami-flet-per-martesen-e-saj\/","og_locale":"en_US","og_type":"article","og_title":"K\u00ebng\u00ebtarja Arta Bajrami flet p\u00ebr martes\u00ebn e saj - Lajme nga Ulqini","og_description":"Ajo \u00ebsht\u00eb nj\u00ebra prej k\u00ebng\u00ebtar\u00ebve q\u00eb m\u00eb s\u00eb paku ka pushuar gjat\u00eb k\u00ebtyre viteve. \u00c7do vit me nga nj\u00eb album! \u00c7do vit me ka disa spote! Kjo \u00ebsht\u00eb Arta Bajrami,","og_url":"https:\/\/www.visit-ulcinj.com\/blog\/2009\/11\/15\/kengetarja-arta-bajrami-flet-per-martesen-e-saj\/","og_site_name":"Lajme nga Ulqini","article_published_time":"2009-11-15T16:51:48+00:00","article_modified_time":"2009-11-15T16:53:28+00:00","og_image":[{"url":"https:\/\/www.visit-ulcinj.com\/blog\/wp-content\/uploads\/2009\/11\/Arta-Bajrami.1-150x150.jpg"}],"twitter_misc":{"Written by":"ulqini","Est. reading time":"3 minutes"},"schema":{"@context":"https:\/\/schema.org","@graph":[{"@type":"WebSite","@id":"https:\/\/www.visit-ulcinj.com\/blog\/#website","url":"https:\/\/www.visit-ulcinj.com\/blog\/","name":"Lajme nga Ulqini","description":"Lajme,Vijesti,Ulqini,Ulqin,Crna Gora,Mali i Zi","potentialAction":[{"@type":"SearchAction","target":{"@type":"EntryPoint","urlTemplate":"https:\/\/www.visit-ulcinj.com\/blog\/?s={search_term_string}"},"query-input":"required name=search_term_string"}],"inLanguage":"en-US"},{"@type":"ImageObject","inLanguage":"en-US","@id":"https:\/\/www.visit-ulcinj.com\/blog\/2009\/11\/15\/kengetarja-arta-bajrami-flet-per-martesen-e-saj\/#primaryimage","url":"http:\/\/www.visit-ulcinj.com\/blog\/wp-content\/uploads\/2009\/11\/Arta-Bajrami.1.jpg","contentUrl":"http:\/\/www.visit-ulcinj.com\/blog\/wp-content\/uploads\/2009\/11\/Arta-Bajrami.1.jpg"},{"@type":"WebPage","@id":"https:\/\/www.visit-ulcinj.com\/blog\/2009\/11\/15\/kengetarja-arta-bajrami-flet-per-martesen-e-saj\/#webpage","url":"https:\/\/www.visit-ulcinj.com\/blog\/2009\/11\/15\/kengetarja-arta-bajrami-flet-per-martesen-e-saj\/","name":"K\u00ebng\u00ebtarja Arta Bajrami flet p\u00ebr martes\u00ebn e saj - Lajme nga Ulqini","isPartOf":{"@id":"https:\/\/www.visit-ulcinj.com\/blog\/#website"},"primaryImageOfPage":{"@id":"https:\/\/www.visit-ulcinj.com\/blog\/2009\/11\/15\/kengetarja-arta-bajrami-flet-per-martesen-e-saj\/#primaryimage"},"datePublished":"2009-11-15T16:51:48+00:00","dateModified":"2009-11-15T16:53:28+00:00","author":{"@id":"https:\/\/www.visit-ulcinj.com\/blog\/#\/schema\/person\/dcab619c614d3038751c63bc2aadc06d"},"description":"Ajo \u00ebsht\u00eb nj\u00ebra prej k\u00ebng\u00ebtar\u00ebve q\u00eb m\u00eb s\u00eb paku ka pushuar gjat\u00eb k\u00ebtyre viteve. \u00c7do vit me nga nj\u00eb album! \u00c7do vit me ka disa spote! Kjo \u00ebsht\u00eb Arta Bajrami,","breadcrumb":{"@id":"https:\/\/www.visit-ulcinj.com\/blog\/2009\/11\/15\/kengetarja-arta-bajrami-flet-per-martesen-e-saj\/#breadcrumb"},"inLanguage":"en-US","potentialAction":[{"@type":"ReadAction","target":["https:\/\/www.visit-ulcinj.com\/blog\/2009\/11\/15\/kengetarja-arta-bajrami-flet-per-martesen-e-saj\/"]}]},{"@type":"BreadcrumbList","@id":"https:\/\/www.visit-ulcinj.com\/blog\/2009\/11\/15\/kengetarja-arta-bajrami-flet-per-martesen-e-saj\/#breadcrumb","itemListElement":[{"@type":"ListItem","position":1,"name":"K\u00ebng\u00ebtarja Arta Bajrami flet p\u00ebr martes\u00ebn e saj"}]},{"@type":"Person","@id":"https:\/\/www.visit-ulcinj.com\/blog\/#\/schema\/person\/dcab619c614d3038751c63bc2aadc06d","name":"ulqini","sameAs":["http:\/\/www.visit-ulcinj.com"],"url":"https:\/\/www.visit-ulcinj.com\/blog\/author\/admin\/"}]}},"jetpack_featured_media_url":"","jetpack_sharing_enabled":true,"jetpack_shortlink":"https:\/\/wp.me\/pe6lTn-75t","_links":{"self":[{"href":"https:\/\/www.visit-ulcinj.com\/blog\/wp-json\/wp\/v2\/posts\/27247"}],"collection":[{"href":"https:\/\/www.visit-ulcinj.com\/blog\/wp-json\/wp\/v2\/posts"}],"about":[{"href":"https:\/\/www.visit-ulcinj.com\/blog\/wp-json\/wp\/v2\/types\/post"}],"author":[{"embeddable":true,"href":"https:\/\/www.visit-ulcinj.com\/blog\/wp-json\/wp\/v2\/users\/1"}],"replies":[{"embeddable":true,"href":"https:\/\/www.visit-ulcinj.com\/blog\/wp-json\/wp\/v2\/comments?post=27247"}],"version-history":[{"count":0,"href":"https:\/\/www.visit-ulcinj.com\/blog\/wp-json\/wp\/v2\/posts\/27247\/revisions"}],"wp:attachment":[{"href":"https:\/\/www.visit-ulcinj.com\/blog\/wp-json\/wp\/v2\/media?parent=27247"}],"wp:term":[{"taxonomy":"category","embeddable":true,"href":"https:\/\/www.visit-ulcinj.com\/blog\/wp-json\/wp\/v2\/categories?post=27247"},{"taxonomy":"post_tag","embeddable":true,"href":"https:\/\/www.visit-ulcinj.com\/blog\/wp-json\/wp\/v2\/tags?post=27247"}],"curies":[{"name":"wp","href":"https:\/\/api.w.org\/{rel}","templated":true}]}}