{"id":2725,"date":"2008-08-26T10:23:15","date_gmt":"2008-08-26T15:23:15","guid":{"rendered":"http:\/\/www.visit-ulcinj.com\/blog\/?p=2725"},"modified":"2011-07-03T12:55:57","modified_gmt":"2011-07-03T11:55:57","slug":"ne-repartin-e-perpunimit-te-bimeve-mjekuese-ne-kraje","status":"publish","type":"post","link":"https:\/\/www.visit-ulcinj.com\/blog\/2008\/08\/26\/ne-repartin-e-perpunimit-te-bimeve-mjekuese-ne-kraje\/","title":{"rendered":"N\u00eb Repartin e p\u00ebrpunimit t\u00eb bim\u00ebve mjekuese n\u00eb Kraj\u00eb"},"content":{"rendered":"<p><a href=\"http:\/\/i67.photobucket.com\/albums\/h285\/djal_hallall\/23.gif\"><img loading=\"lazy\" class=\"alignleft\" title=\"kraja\" src=\"http:\/\/i67.photobucket.com\/albums\/h285\/djal_hallall\/23.gif\" alt=\"\" width=\"358\" height=\"263\" \/><\/a><strong>Rinis grumbullimi i pelimit<\/strong><br \/>\nPas shum\u00eb vitesh si\u00e7 duket po rinis pun\u00ebn Reparti i p\u00ebrpunimit t\u00eb bim\u00ebve mjek\u00ebsore n\u00eb Ostros. N\u00eb t\u00eb v\u00ebrtet\u00eb q\u00eb nga 28 korriku Reparti n\u00eb fjal\u00eb n\u00eb objektet e veta p\u00ebr nevoj\u00eb t\u00eb prodhimtaris\u00eb, n\u00eb bashk\u00ebpunim me firm\u00ebn &#8220;FARMAMONT&#8221; nga Podgorica ka filluar grumbullimin e pelimit (sherbel\u00ebs).<br \/>\nSipas fjal\u00ebve t\u00eb Halil Markashit, nj\u00ebrit nga p\u00ebrgjegj\u00ebsit aktual\u00eb n\u00eb Repartin e Kraj\u00ebs, grumbullimi i bim\u00ebve mjek\u00ebsore, gjegj\u00ebsisht pelimit (sherbel\u00ebs) ka nisur q\u00eb nga fundi i korrikut dhe ai po b\u00ebhet \u00e7do dit\u00eb pune nga ora 8:00 deri n or\u00ebn 15:00. \u00c7mimi i grumbulimit p\u00ebr nj\u00eb kilogram pelim \u00ebsht\u00eb 0,80 euro (80 cent). Pagesa e mallit t\u00eb dor\u00ebzuar sipas fjal\u00ebve t\u00eb z. Markashi b\u00ebhet menj\u00ebher\u00eb, gjegj\u00ebsisht me &#8220;para n\u00eb dor\u00eb&#8221;.<br \/>\nN\u00eb k\u00ebt\u00eb m\u00ebnyr\u00eb, gjithmon\u00eb sipas konfirmimit t\u00eb z. Markashi dyert e Repartit t\u00eb p\u00ebrpunimit t\u00eb bim\u00ebve mjek\u00ebsore do t\u00eb jen\u00eb t\u00eb hapura p\u00ebr t\u00eb gjith\u00eb ata q\u00eb sherbel\u00ebn (pelimin) e mbledhur dhe t\u00eb thar\u00eb duan t`ia shesin k\u00ebtij reparti.<br \/>\nT\u00eb kujtojm\u00eb n\u00eb fund se jo shum\u00eb larg Repartit n\u00eb Ostros ishte i vetmi objekt industrial n\u00eb k\u00ebto an\u00eb n\u00eb t\u00eb cilin punuan vite me radh\u00eb qindra pun\u00ebtor\u00eb dhe i nj\u00ebjti konsiderohej bart\u00ebsi kryesor i zhvillimit ekonomik n\u00eb Kraj\u00eb.<br \/>\n<strong>A.Gj.<br \/>\nKoha Javore <\/strong><\/p>\n<p><strong>Bima e pelinit<\/strong><\/p>\n<div style=\"width: 402px\" class=\"wp-caption alignright\"><a href=\"http:\/\/i67.photobucket.com\/albums\/h285\/djal_hallall\/krajajone.jpg\"><img loading=\"lazy\" title=\"Harta ku bahet bima e pelinit n\u00eb Kraj\" src=\"http:\/\/i67.photobucket.com\/albums\/h285\/djal_hallall\/krajajone.jpg\" alt=\"Harta ku bahet bima e pelinit n\u00eb Kraj\" width=\"392\" height=\"224\" \/><\/a><p class=\"wp-caption-text\">Harta ku bahet bima e pelinit n\u00eb Kraj<\/p><\/div>\n<p>Edhe bima e pelinit perdoret per kurimin e gureve ne temth. cdo mengjes merret nje maje luge nga pluhuri i kesaj bime dhe tretet ne caj, qumesht apo supe. Kura vazhdon per 20 dite. Nderpritet per 10 dite dhe me pas nis serish. eshte mire qe mjekimi me pluhurin e pelinit te perseritet tre here.<br \/>\n<strong>Pelini<\/strong><br \/>\nNe saje te substancave te hidhura dhe te esences, pelini perdoret si mjet qe shton rrjedhjen e lengut te stomakut (duke permiresuar oreksin) dhe permireson punen e melcise. Esenca e pelinit permban azulen me veti antiseptike, te ngjashme me kamazulanin e lules se kamomilit. Duhet pasur parasysh se, ne saje te peberseve te tjere te esences, sic jane tujoli, pelini, ne doza te medha, eshte i helmet dhe mund te demtoje trurin dhe te shkaktoje dridhje. Gjitashtu, ai nuk duhet pe perdoret nga grate shtatezena.<br \/>\n<strong>Mel\u00e7ija<\/strong><br \/>\nMel\u00e7ia ben pjese ne funksionin e shume organeve vitale qe jane qenesore per shendetin. Prandaj eshte me rendesi qe ndaj melcise te veprohet mire dhe te behen perpjekje qe te ruhet. Meqe luan rol te madh ne procesin e tretjes, kujdesi per menyren dhe zgjedhjen e ushqimit kerkon syceltesi te madhe.<br \/>\n<strong>Si t&#8217;ia lehtesojme punen<\/strong><br \/>\nQe te mos e ngarkojme se tepermi dhe qe t&#8217;i mundesojme pune te mire duhet t&#8217;ia lehtesojme detyren. Perparesi duhet dhene artikujve ushqimore qe treten lehte, duhet shmangur shujtat e ngarkuara, e ushqimin duhet shperndare ne shujta te rregullta gjate tere dites: kafjalli i pasur, dreka dhe darka e lehte, zemra gjate paradites dhe pasdites (me se miri peme ose jogurt).<br \/>\n<strong>Ushqim i llojllojshem dhe me mase<\/strong><a href=\"http:\/\/i67.photobucket.com\/albums\/h285\/djal_hallall\/blaca.gif\"><img loading=\"lazy\" class=\"alignleft\" title=\"prodhimi i pelinit\" src=\"http:\/\/i67.photobucket.com\/albums\/h285\/djal_hallall\/blaca.gif\" alt=\"\" width=\"312\" height=\"230\" \/><\/a><br \/>\nTe semuret nga melcia duhet t&#8217;i kushtojne kujdes te madh menyres se te ushqyerit. Nuk ka nevoje per viktimizime te medha, por mjafton qe te ushqyerit te jete i llojllojshem, me mase dhe me kalori qe i pergjigjen nevojave te trupit dhe punes qe kryejme. Problemet me tretjen do t&#8217;i evitojme nese e pakesojme marrjen e yndyrave, posacerisht ato te sallameve dhe djatherave. Keto lloje te ushqimeve duhet konsumuar vetem kohe pas kohe. Edhe prodhimet nga qumeshti jane burim i rendesishem i yndyrave: djatherat, sidomos djathi i vjeter nuk duhet te jete pjese e shujtes. Qumeshtin me pak yndyre duhet zevendesuar me ate te payndyre. Edhe melmesat jane burim i yndyrave: gjalpi, margarina dhe vaji duhet konsumuar me mase, ndersa ushqimin e ferguar vetem ne raste te rralla. Vezet lejohen por jo me teper se dy ne jave.<br \/>\n<strong>Funksionet e mel\u00e7ise<\/strong><br \/>\nMelcia e zeze eshte gjender e madhe, e cila shpesh quhet edhe laborator biokimik i organizmit, sepse kryhen nje seri sherbimesh (funksionesh) te rendesishme.<br \/>\n<strong>Perpunon dhe shnderron nje seri substancash ushqimore, si sheqernat proteinat e yndyrat<\/strong><br \/>\nSekreton dhe nxjerr ne zorre lengun e temthit, i cili ndikon ne tretjen e ushqimit dhe ne levizjen e zorres.<br \/>\n<strong>Nxjerr ne gjak prodhimet e nevojshme qe ndikojne ne normalizimin e proceseve te organizimit<\/strong><br \/>\nUshqimet qe kurojne dhe demtojne melcine:<br \/>\nPerdorimi i 20-40 grameve alkool ne dite demton melcine<br \/>\nMosha eshte nje nder faktoret kryesore te demtimit te melcise, pasi sa me e vogel qe te jete mosha e konsumatoreve te alkoolit aq me te renda jane demtimet<br \/>\nPredispozicioni gjenetik eshte nje nder faktoret kryesore te shfaqjes se semundjes<br \/>\nKeshillohet konsumimi i produkteve te mishit<br \/>\nKeshillohet perdorimi i rrepave te kuq, lakres se kuqe dhe brokules<br \/>\nKeshillohet te mos pihen shume kafe gjate dites, te mos konsumohet birra dhe lengjet me gaz<\/p>\n","protected":false},"excerpt":{"rendered":"<p><img loading=\"lazy\" class=\"alignleft\" title=\"kraja\" src=\"http:\/\/i67.photobucket.com\/albums\/h285\/djal_hallall\/23.gif\" alt=\"\" width=\"140\" height=\"140\" \/><\/p>\n","protected":false},"author":1,"featured_media":0,"comment_status":"open","ping_status":"closed","sticky":false,"template":"","format":"standard","meta":{"spay_email":"","jetpack_publicize_message":"","jetpack_is_tweetstorm":false,"jetpack_publicize_feature_enabled":true},"categories":[1,11,12],"tags":[498,1653,4426],"jetpack_publicize_connections":[],"yoast_head":"<!-- This site is optimized with the Yoast SEO plugin v19.1 - https:\/\/yoast.com\/wordpress\/plugins\/seo\/ -->\n<title>N\u00eb Repartin e p\u00ebrpunimit t\u00eb bim\u00ebve mjekuese n\u00eb Kraj\u00eb - Lajme nga Ulqini<\/title>\n<meta name=\"robots\" content=\"index, follow, max-snippet:-1, max-image-preview:large, max-video-preview:-1\" \/>\n<link rel=\"canonical\" href=\"https:\/\/www.visit-ulcinj.com\/blog\/2008\/08\/26\/ne-repartin-e-perpunimit-te-bimeve-mjekuese-ne-kraje\/\" \/>\n<meta property=\"og:locale\" content=\"en_US\" \/>\n<meta property=\"og:type\" content=\"article\" \/>\n<meta property=\"og:title\" content=\"N\u00eb Repartin e p\u00ebrpunimit t\u00eb bim\u00ebve mjekuese n\u00eb Kraj\u00eb - Lajme nga Ulqini\" \/>\n<meta property=\"og:url\" content=\"https:\/\/www.visit-ulcinj.com\/blog\/2008\/08\/26\/ne-repartin-e-perpunimit-te-bimeve-mjekuese-ne-kraje\/\" \/>\n<meta property=\"og:site_name\" content=\"Lajme nga Ulqini\" \/>\n<meta property=\"article:published_time\" content=\"2008-08-26T15:23:15+00:00\" \/>\n<meta property=\"article:modified_time\" content=\"2011-07-03T11:55:57+00:00\" \/>\n<meta property=\"og:image\" content=\"http:\/\/i67.photobucket.com\/albums\/h285\/djal_hallall\/23.gif\" \/>\n<meta name=\"twitter:label1\" content=\"Written by\" \/>\n\t<meta name=\"twitter:data1\" content=\"ulqini\" \/>\n\t<meta name=\"twitter:label2\" content=\"Est. reading time\" \/>\n\t<meta name=\"twitter:data2\" content=\"4 minutes\" \/>\n<script type=\"application\/ld+json\" class=\"yoast-schema-graph\">{\"@context\":\"https:\/\/schema.org\",\"@graph\":[{\"@type\":\"WebSite\",\"@id\":\"https:\/\/www.visit-ulcinj.com\/blog\/#website\",\"url\":\"https:\/\/www.visit-ulcinj.com\/blog\/\",\"name\":\"Lajme nga Ulqini\",\"description\":\"Lajme,Vijesti,Ulqini,Ulqin,Crna Gora,Mali i Zi\",\"potentialAction\":[{\"@type\":\"SearchAction\",\"target\":{\"@type\":\"EntryPoint\",\"urlTemplate\":\"https:\/\/www.visit-ulcinj.com\/blog\/?s={search_term_string}\"},\"query-input\":\"required name=search_term_string\"}],\"inLanguage\":\"en-US\"},{\"@type\":\"ImageObject\",\"inLanguage\":\"en-US\",\"@id\":\"https:\/\/www.visit-ulcinj.com\/blog\/2008\/08\/26\/ne-repartin-e-perpunimit-te-bimeve-mjekuese-ne-kraje\/#primaryimage\",\"url\":\"http:\/\/i67.photobucket.com\/albums\/h285\/djal_hallall\/23.gif\",\"contentUrl\":\"http:\/\/i67.photobucket.com\/albums\/h285\/djal_hallall\/23.gif\"},{\"@type\":\"WebPage\",\"@id\":\"https:\/\/www.visit-ulcinj.com\/blog\/2008\/08\/26\/ne-repartin-e-perpunimit-te-bimeve-mjekuese-ne-kraje\/#webpage\",\"url\":\"https:\/\/www.visit-ulcinj.com\/blog\/2008\/08\/26\/ne-repartin-e-perpunimit-te-bimeve-mjekuese-ne-kraje\/\",\"name\":\"N\u00eb Repartin e p\u00ebrpunimit t\u00eb bim\u00ebve mjekuese n\u00eb Kraj\u00eb - Lajme nga Ulqini\",\"isPartOf\":{\"@id\":\"https:\/\/www.visit-ulcinj.com\/blog\/#website\"},\"primaryImageOfPage\":{\"@id\":\"https:\/\/www.visit-ulcinj.com\/blog\/2008\/08\/26\/ne-repartin-e-perpunimit-te-bimeve-mjekuese-ne-kraje\/#primaryimage\"},\"datePublished\":\"2008-08-26T15:23:15+00:00\",\"dateModified\":\"2011-07-03T11:55:57+00:00\",\"author\":{\"@id\":\"https:\/\/www.visit-ulcinj.com\/blog\/#\/schema\/person\/dcab619c614d3038751c63bc2aadc06d\"},\"breadcrumb\":{\"@id\":\"https:\/\/www.visit-ulcinj.com\/blog\/2008\/08\/26\/ne-repartin-e-perpunimit-te-bimeve-mjekuese-ne-kraje\/#breadcrumb\"},\"inLanguage\":\"en-US\",\"potentialAction\":[{\"@type\":\"ReadAction\",\"target\":[\"https:\/\/www.visit-ulcinj.com\/blog\/2008\/08\/26\/ne-repartin-e-perpunimit-te-bimeve-mjekuese-ne-kraje\/\"]}]},{\"@type\":\"BreadcrumbList\",\"@id\":\"https:\/\/www.visit-ulcinj.com\/blog\/2008\/08\/26\/ne-repartin-e-perpunimit-te-bimeve-mjekuese-ne-kraje\/#breadcrumb\",\"itemListElement\":[{\"@type\":\"ListItem\",\"position\":1,\"name\":\"N\u00eb Repartin e p\u00ebrpunimit t\u00eb bim\u00ebve mjekuese n\u00eb Kraj\u00eb\"}]},{\"@type\":\"Person\",\"@id\":\"https:\/\/www.visit-ulcinj.com\/blog\/#\/schema\/person\/dcab619c614d3038751c63bc2aadc06d\",\"name\":\"ulqini\",\"sameAs\":[\"http:\/\/www.visit-ulcinj.com\"],\"url\":\"https:\/\/www.visit-ulcinj.com\/blog\/author\/admin\/\"}]}<\/script>\n<!-- \/ Yoast SEO plugin. -->","yoast_head_json":{"title":"N\u00eb Repartin e p\u00ebrpunimit t\u00eb bim\u00ebve mjekuese n\u00eb Kraj\u00eb - Lajme nga Ulqini","robots":{"index":"index","follow":"follow","max-snippet":"max-snippet:-1","max-image-preview":"max-image-preview:large","max-video-preview":"max-video-preview:-1"},"canonical":"https:\/\/www.visit-ulcinj.com\/blog\/2008\/08\/26\/ne-repartin-e-perpunimit-te-bimeve-mjekuese-ne-kraje\/","og_locale":"en_US","og_type":"article","og_title":"N\u00eb Repartin e p\u00ebrpunimit t\u00eb bim\u00ebve mjekuese n\u00eb Kraj\u00eb - Lajme nga Ulqini","og_url":"https:\/\/www.visit-ulcinj.com\/blog\/2008\/08\/26\/ne-repartin-e-perpunimit-te-bimeve-mjekuese-ne-kraje\/","og_site_name":"Lajme nga Ulqini","article_published_time":"2008-08-26T15:23:15+00:00","article_modified_time":"2011-07-03T11:55:57+00:00","og_image":[{"url":"http:\/\/i67.photobucket.com\/albums\/h285\/djal_hallall\/23.gif"}],"twitter_misc":{"Written by":"ulqini","Est. reading time":"4 minutes"},"schema":{"@context":"https:\/\/schema.org","@graph":[{"@type":"WebSite","@id":"https:\/\/www.visit-ulcinj.com\/blog\/#website","url":"https:\/\/www.visit-ulcinj.com\/blog\/","name":"Lajme nga Ulqini","description":"Lajme,Vijesti,Ulqini,Ulqin,Crna Gora,Mali i Zi","potentialAction":[{"@type":"SearchAction","target":{"@type":"EntryPoint","urlTemplate":"https:\/\/www.visit-ulcinj.com\/blog\/?s={search_term_string}"},"query-input":"required name=search_term_string"}],"inLanguage":"en-US"},{"@type":"ImageObject","inLanguage":"en-US","@id":"https:\/\/www.visit-ulcinj.com\/blog\/2008\/08\/26\/ne-repartin-e-perpunimit-te-bimeve-mjekuese-ne-kraje\/#primaryimage","url":"http:\/\/i67.photobucket.com\/albums\/h285\/djal_hallall\/23.gif","contentUrl":"http:\/\/i67.photobucket.com\/albums\/h285\/djal_hallall\/23.gif"},{"@type":"WebPage","@id":"https:\/\/www.visit-ulcinj.com\/blog\/2008\/08\/26\/ne-repartin-e-perpunimit-te-bimeve-mjekuese-ne-kraje\/#webpage","url":"https:\/\/www.visit-ulcinj.com\/blog\/2008\/08\/26\/ne-repartin-e-perpunimit-te-bimeve-mjekuese-ne-kraje\/","name":"N\u00eb Repartin e p\u00ebrpunimit t\u00eb bim\u00ebve mjekuese n\u00eb Kraj\u00eb - Lajme nga Ulqini","isPartOf":{"@id":"https:\/\/www.visit-ulcinj.com\/blog\/#website"},"primaryImageOfPage":{"@id":"https:\/\/www.visit-ulcinj.com\/blog\/2008\/08\/26\/ne-repartin-e-perpunimit-te-bimeve-mjekuese-ne-kraje\/#primaryimage"},"datePublished":"2008-08-26T15:23:15+00:00","dateModified":"2011-07-03T11:55:57+00:00","author":{"@id":"https:\/\/www.visit-ulcinj.com\/blog\/#\/schema\/person\/dcab619c614d3038751c63bc2aadc06d"},"breadcrumb":{"@id":"https:\/\/www.visit-ulcinj.com\/blog\/2008\/08\/26\/ne-repartin-e-perpunimit-te-bimeve-mjekuese-ne-kraje\/#breadcrumb"},"inLanguage":"en-US","potentialAction":[{"@type":"ReadAction","target":["https:\/\/www.visit-ulcinj.com\/blog\/2008\/08\/26\/ne-repartin-e-perpunimit-te-bimeve-mjekuese-ne-kraje\/"]}]},{"@type":"BreadcrumbList","@id":"https:\/\/www.visit-ulcinj.com\/blog\/2008\/08\/26\/ne-repartin-e-perpunimit-te-bimeve-mjekuese-ne-kraje\/#breadcrumb","itemListElement":[{"@type":"ListItem","position":1,"name":"N\u00eb Repartin e p\u00ebrpunimit t\u00eb bim\u00ebve mjekuese n\u00eb Kraj\u00eb"}]},{"@type":"Person","@id":"https:\/\/www.visit-ulcinj.com\/blog\/#\/schema\/person\/dcab619c614d3038751c63bc2aadc06d","name":"ulqini","sameAs":["http:\/\/www.visit-ulcinj.com"],"url":"https:\/\/www.visit-ulcinj.com\/blog\/author\/admin\/"}]}},"jetpack_featured_media_url":"","jetpack_sharing_enabled":true,"jetpack_shortlink":"https:\/\/wp.me\/pe6lTn-HX","_links":{"self":[{"href":"https:\/\/www.visit-ulcinj.com\/blog\/wp-json\/wp\/v2\/posts\/2725"}],"collection":[{"href":"https:\/\/www.visit-ulcinj.com\/blog\/wp-json\/wp\/v2\/posts"}],"about":[{"href":"https:\/\/www.visit-ulcinj.com\/blog\/wp-json\/wp\/v2\/types\/post"}],"author":[{"embeddable":true,"href":"https:\/\/www.visit-ulcinj.com\/blog\/wp-json\/wp\/v2\/users\/1"}],"replies":[{"embeddable":true,"href":"https:\/\/www.visit-ulcinj.com\/blog\/wp-json\/wp\/v2\/comments?post=2725"}],"version-history":[{"count":1,"href":"https:\/\/www.visit-ulcinj.com\/blog\/wp-json\/wp\/v2\/posts\/2725\/revisions"}],"predecessor-version":[{"id":48474,"href":"https:\/\/www.visit-ulcinj.com\/blog\/wp-json\/wp\/v2\/posts\/2725\/revisions\/48474"}],"wp:attachment":[{"href":"https:\/\/www.visit-ulcinj.com\/blog\/wp-json\/wp\/v2\/media?parent=2725"}],"wp:term":[{"taxonomy":"category","embeddable":true,"href":"https:\/\/www.visit-ulcinj.com\/blog\/wp-json\/wp\/v2\/categories?post=2725"},{"taxonomy":"post_tag","embeddable":true,"href":"https:\/\/www.visit-ulcinj.com\/blog\/wp-json\/wp\/v2\/tags?post=2725"}],"curies":[{"name":"wp","href":"https:\/\/api.w.org\/{rel}","templated":true}]}}