{"id":27277,"date":"2009-11-16T22:15:21","date_gmt":"2009-11-16T20:15:21","guid":{"rendered":"http:\/\/www.visit-ulcinj.com\/blog\/?p=27277"},"modified":"2009-11-16T22:15:21","modified_gmt":"2009-11-16T20:15:21","slug":"bosnjacka-stranka-formirala-opstinski-odbor-u-ulcinju","status":"publish","type":"post","link":"https:\/\/www.visit-ulcinj.com\/blog\/2009\/11\/16\/bosnjacka-stranka-formirala-opstinski-odbor-u-ulcinju\/","title":{"rendered":"Bo\u0161nja?ka stranka formirala Op\u0161tinski odbor u Ulcinju"},"content":{"rendered":"<p><strong><a href=\"http:\/\/www.visit-ulcinj.com\/blog\/wp-content\/uploads\/2009\/11\/U-Ulcinju-formiran-op\u0161tinski-odbor-Bo\u0161nja?ke-stranke.jpg\"><img loading=\"lazy\" class=\"alignleft size-full wp-image-27278\" title=\"U Ulcinju formiran op\u0161tinski odbor Bo\u0161nja?ke stranke\" src=\"http:\/\/www.visit-ulcinj.com\/blog\/wp-content\/uploads\/2009\/11\/U-Ulcinju-formiran-op\u0161tinski-odbor-Bo\u0161nja?ke-stranke.jpg\" alt=\"U Ulcinju formiran op\u0161tinski odbor Bo\u0161nja?ke stranke\" width=\"405\" height=\"239\" \/><\/a>Dogodine i u lokalnom parlamentu<\/strong><br \/>\nBo\u0161nja?ka stranka formirala je ju?e Op\u0161tinski odbor u Ulcinju, a za njegovog predsjednika izabran je Alen Abazovi?. Za ?lanove OO BS Ulcinj na izbornoj skup\u0161tini izabrani su Omer Skrobanovi?, Muamer Ra\u0161?i?, Safet Resulbegovi?, Jupo Rastoder, Mesud ?uturi?, Edis Sijari?, Sado Mustafi? i Elvir Niko?evi?.<br \/>\nPredsjednik BS i ministar bez portfelja Rafet Husovi? najavio je da ?e u narednom periodu biti u potpunosti zaokru\u017eena partijska infrastruktura. Kako je dodao, u svim op\u0161tinama u kojima \u017eive pripadnici bo\u0161nja?kog naroda BS ?e zastupati njihove politi?ke interese.<br \/>\n&#8211; Nastoja?emo da u svim op\u0161tinama kroz demokratsko politi?ko djelovanje artikuli\u0161emo interese bo\u0161nja?kog naroda i radimo na za\u0161titi njegovog identiteta i ve?em i djelotvornijem prisustvu u institucijama. Procijenili smo da to lak\u0161e mo\u017eemo ostvariti ako smo u vlasti i zbog toga se u njoj nalazimo &#8211; kazao je on.<br \/>\nPoslanici BS Amer Halilovi? i Kemal Puri\u0161i? istakli su da se identitet stranke najvi\u0161e izgra?uje kroz parlamentarno djelovanje, ?emu zna?ajno doprinosi formiranje i rad samostalnog poslani?kog kluba.<br \/>\nPredsjednik ulcinjskog odbora BS Alen Abazovi? istakao je da Bo\u0161njaci u Ulcinju do sada nijesu imali pravi politi?ki izbor.<br \/>\n&#8211; Slede?e godine, nakon lokalnih izbora, Bo\u0161njaci ?e imati svoje autenti?ne predstavnike u ulcinjskom parlamentu.<\/p>\n<p><strong>V.R.<br \/>\n<a href=\"http:\/\/www.dan.co.me\/?nivo=3&amp;rubrika=Politika&amp;clanak=208768&amp;datum=2009-11-16\" target=\"_blank\">DAN<\/a><\/strong><\/p>\n","protected":false},"excerpt":{"rendered":"<p>Dogodine i u lokalnom parlamentu Bo\u0161nja?ka stranka formirala je ju?e Op\u0161tinski odbor u Ulcinju, a za njegovog predsjednika izabran je Alen Abazovi?. Za ?lanove OO BS Ulcinj na izbornoj skup\u0161tini izabrani su Omer Skrobanovi?, Muamer Ra\u0161?i?, Safet Resulbegovi?, Jupo Rastoder, Mesud ?uturi?, Edis Sijari?, Sado Mustafi? i Elvir Niko?evi?. Predsjednik BS i ministar bez portfelja [&hellip;]<\/p>\n","protected":false},"author":1,"featured_media":0,"comment_status":"open","ping_status":"closed","sticky":false,"template":"","format":"standard","meta":{"spay_email":"","jetpack_publicize_message":"","jetpack_is_tweetstorm":false,"jetpack_publicize_feature_enabled":true},"categories":[8337],"tags":[12817,12816],"jetpack_publicize_connections":[],"yoast_head":"<!-- This site is optimized with the Yoast SEO plugin v19.1 - https:\/\/yoast.com\/wordpress\/plugins\/seo\/ -->\n<title>Bo\u0161nja?ka stranka formirala Op\u0161tinski odbor u Ulcinju - Lajme nga Ulqini<\/title>\n<meta name=\"description\" content=\"Dogodine i u lokalnom parlamentu Bo\u0161nja?ka stranka formirala je ju?e Op\u0161tinski odbor u Ulcinju, a za njegovog predsjednika izabran je Alen Abazovi?. Za\" \/>\n<meta name=\"robots\" content=\"index, follow, max-snippet:-1, max-image-preview:large, max-video-preview:-1\" \/>\n<link rel=\"canonical\" href=\"https:\/\/www.visit-ulcinj.com\/blog\/2009\/11\/16\/bosnjacka-stranka-formirala-opstinski-odbor-u-ulcinju\/\" \/>\n<meta property=\"og:locale\" content=\"en_US\" \/>\n<meta property=\"og:type\" content=\"article\" \/>\n<meta property=\"og:title\" content=\"Bo\u0161nja?ka stranka formirala Op\u0161tinski odbor u Ulcinju - Lajme nga Ulqini\" \/>\n<meta property=\"og:description\" content=\"Dogodine i u lokalnom parlamentu Bo\u0161nja?ka stranka formirala je ju?e Op\u0161tinski odbor u Ulcinju, a za njegovog predsjednika izabran je Alen Abazovi?. Za\" \/>\n<meta property=\"og:url\" content=\"https:\/\/www.visit-ulcinj.com\/blog\/2009\/11\/16\/bosnjacka-stranka-formirala-opstinski-odbor-u-ulcinju\/\" \/>\n<meta property=\"og:site_name\" content=\"Lajme nga Ulqini\" \/>\n<meta property=\"article:published_time\" content=\"2009-11-16T20:15:21+00:00\" \/>\n<meta name=\"twitter:label1\" content=\"Written by\" \/>\n\t<meta name=\"twitter:data1\" content=\"ulqini\" \/>\n\t<meta name=\"twitter:label2\" content=\"Est. reading time\" \/>\n\t<meta name=\"twitter:data2\" content=\"1 minute\" \/>\n<script type=\"application\/ld+json\" class=\"yoast-schema-graph\">{\"@context\":\"https:\/\/schema.org\",\"@graph\":[{\"@type\":\"WebSite\",\"@id\":\"https:\/\/www.visit-ulcinj.com\/blog\/#website\",\"url\":\"https:\/\/www.visit-ulcinj.com\/blog\/\",\"name\":\"Lajme nga Ulqini\",\"description\":\"Lajme,Vijesti,Ulqini,Ulqin,Crna Gora,Mali i Zi\",\"potentialAction\":[{\"@type\":\"SearchAction\",\"target\":{\"@type\":\"EntryPoint\",\"urlTemplate\":\"https:\/\/www.visit-ulcinj.com\/blog\/?s={search_term_string}\"},\"query-input\":\"required name=search_term_string\"}],\"inLanguage\":\"en-US\"},{\"@type\":\"WebPage\",\"@id\":\"https:\/\/www.visit-ulcinj.com\/blog\/2009\/11\/16\/bosnjacka-stranka-formirala-opstinski-odbor-u-ulcinju\/#webpage\",\"url\":\"https:\/\/www.visit-ulcinj.com\/blog\/2009\/11\/16\/bosnjacka-stranka-formirala-opstinski-odbor-u-ulcinju\/\",\"name\":\"Bo\u0161nja?ka stranka formirala Op\u0161tinski odbor u Ulcinju - Lajme nga Ulqini\",\"isPartOf\":{\"@id\":\"https:\/\/www.visit-ulcinj.com\/blog\/#website\"},\"datePublished\":\"2009-11-16T20:15:21+00:00\",\"dateModified\":\"2009-11-16T20:15:21+00:00\",\"author\":{\"@id\":\"https:\/\/www.visit-ulcinj.com\/blog\/#\/schema\/person\/dcab619c614d3038751c63bc2aadc06d\"},\"description\":\"Dogodine i u lokalnom parlamentu Bo\u0161nja?ka stranka formirala je ju?e Op\u0161tinski odbor u Ulcinju, a za njegovog predsjednika izabran je Alen Abazovi?. Za\",\"breadcrumb\":{\"@id\":\"https:\/\/www.visit-ulcinj.com\/blog\/2009\/11\/16\/bosnjacka-stranka-formirala-opstinski-odbor-u-ulcinju\/#breadcrumb\"},\"inLanguage\":\"en-US\",\"potentialAction\":[{\"@type\":\"ReadAction\",\"target\":[\"https:\/\/www.visit-ulcinj.com\/blog\/2009\/11\/16\/bosnjacka-stranka-formirala-opstinski-odbor-u-ulcinju\/\"]}]},{\"@type\":\"BreadcrumbList\",\"@id\":\"https:\/\/www.visit-ulcinj.com\/blog\/2009\/11\/16\/bosnjacka-stranka-formirala-opstinski-odbor-u-ulcinju\/#breadcrumb\",\"itemListElement\":[{\"@type\":\"ListItem\",\"position\":1,\"name\":\"Bo\u0161nja?ka stranka formirala Op\u0161tinski odbor u Ulcinju\"}]},{\"@type\":\"Person\",\"@id\":\"https:\/\/www.visit-ulcinj.com\/blog\/#\/schema\/person\/dcab619c614d3038751c63bc2aadc06d\",\"name\":\"ulqini\",\"sameAs\":[\"http:\/\/www.visit-ulcinj.com\"],\"url\":\"https:\/\/www.visit-ulcinj.com\/blog\/author\/admin\/\"}]}<\/script>\n<!-- \/ Yoast SEO plugin. -->","yoast_head_json":{"title":"Bo\u0161nja?ka stranka formirala Op\u0161tinski odbor u Ulcinju - Lajme nga Ulqini","description":"Dogodine i u lokalnom parlamentu Bo\u0161nja?ka stranka formirala je ju?e Op\u0161tinski odbor u Ulcinju, a za njegovog predsjednika izabran je Alen Abazovi?. Za","robots":{"index":"index","follow":"follow","max-snippet":"max-snippet:-1","max-image-preview":"max-image-preview:large","max-video-preview":"max-video-preview:-1"},"canonical":"https:\/\/www.visit-ulcinj.com\/blog\/2009\/11\/16\/bosnjacka-stranka-formirala-opstinski-odbor-u-ulcinju\/","og_locale":"en_US","og_type":"article","og_title":"Bo\u0161nja?ka stranka formirala Op\u0161tinski odbor u Ulcinju - Lajme nga Ulqini","og_description":"Dogodine i u lokalnom parlamentu Bo\u0161nja?ka stranka formirala je ju?e Op\u0161tinski odbor u Ulcinju, a za njegovog predsjednika izabran je Alen Abazovi?. Za","og_url":"https:\/\/www.visit-ulcinj.com\/blog\/2009\/11\/16\/bosnjacka-stranka-formirala-opstinski-odbor-u-ulcinju\/","og_site_name":"Lajme nga Ulqini","article_published_time":"2009-11-16T20:15:21+00:00","twitter_misc":{"Written by":"ulqini","Est. reading time":"1 minute"},"schema":{"@context":"https:\/\/schema.org","@graph":[{"@type":"WebSite","@id":"https:\/\/www.visit-ulcinj.com\/blog\/#website","url":"https:\/\/www.visit-ulcinj.com\/blog\/","name":"Lajme nga Ulqini","description":"Lajme,Vijesti,Ulqini,Ulqin,Crna Gora,Mali i Zi","potentialAction":[{"@type":"SearchAction","target":{"@type":"EntryPoint","urlTemplate":"https:\/\/www.visit-ulcinj.com\/blog\/?s={search_term_string}"},"query-input":"required name=search_term_string"}],"inLanguage":"en-US"},{"@type":"WebPage","@id":"https:\/\/www.visit-ulcinj.com\/blog\/2009\/11\/16\/bosnjacka-stranka-formirala-opstinski-odbor-u-ulcinju\/#webpage","url":"https:\/\/www.visit-ulcinj.com\/blog\/2009\/11\/16\/bosnjacka-stranka-formirala-opstinski-odbor-u-ulcinju\/","name":"Bo\u0161nja?ka stranka formirala Op\u0161tinski odbor u Ulcinju - Lajme nga Ulqini","isPartOf":{"@id":"https:\/\/www.visit-ulcinj.com\/blog\/#website"},"datePublished":"2009-11-16T20:15:21+00:00","dateModified":"2009-11-16T20:15:21+00:00","author":{"@id":"https:\/\/www.visit-ulcinj.com\/blog\/#\/schema\/person\/dcab619c614d3038751c63bc2aadc06d"},"description":"Dogodine i u lokalnom parlamentu Bo\u0161nja?ka stranka formirala je ju?e Op\u0161tinski odbor u Ulcinju, a za njegovog predsjednika izabran je Alen Abazovi?. Za","breadcrumb":{"@id":"https:\/\/www.visit-ulcinj.com\/blog\/2009\/11\/16\/bosnjacka-stranka-formirala-opstinski-odbor-u-ulcinju\/#breadcrumb"},"inLanguage":"en-US","potentialAction":[{"@type":"ReadAction","target":["https:\/\/www.visit-ulcinj.com\/blog\/2009\/11\/16\/bosnjacka-stranka-formirala-opstinski-odbor-u-ulcinju\/"]}]},{"@type":"BreadcrumbList","@id":"https:\/\/www.visit-ulcinj.com\/blog\/2009\/11\/16\/bosnjacka-stranka-formirala-opstinski-odbor-u-ulcinju\/#breadcrumb","itemListElement":[{"@type":"ListItem","position":1,"name":"Bo\u0161nja?ka stranka formirala Op\u0161tinski odbor u Ulcinju"}]},{"@type":"Person","@id":"https:\/\/www.visit-ulcinj.com\/blog\/#\/schema\/person\/dcab619c614d3038751c63bc2aadc06d","name":"ulqini","sameAs":["http:\/\/www.visit-ulcinj.com"],"url":"https:\/\/www.visit-ulcinj.com\/blog\/author\/admin\/"}]}},"jetpack_featured_media_url":"","jetpack_sharing_enabled":true,"jetpack_shortlink":"https:\/\/wp.me\/pe6lTn-75X","_links":{"self":[{"href":"https:\/\/www.visit-ulcinj.com\/blog\/wp-json\/wp\/v2\/posts\/27277"}],"collection":[{"href":"https:\/\/www.visit-ulcinj.com\/blog\/wp-json\/wp\/v2\/posts"}],"about":[{"href":"https:\/\/www.visit-ulcinj.com\/blog\/wp-json\/wp\/v2\/types\/post"}],"author":[{"embeddable":true,"href":"https:\/\/www.visit-ulcinj.com\/blog\/wp-json\/wp\/v2\/users\/1"}],"replies":[{"embeddable":true,"href":"https:\/\/www.visit-ulcinj.com\/blog\/wp-json\/wp\/v2\/comments?post=27277"}],"version-history":[{"count":0,"href":"https:\/\/www.visit-ulcinj.com\/blog\/wp-json\/wp\/v2\/posts\/27277\/revisions"}],"wp:attachment":[{"href":"https:\/\/www.visit-ulcinj.com\/blog\/wp-json\/wp\/v2\/media?parent=27277"}],"wp:term":[{"taxonomy":"category","embeddable":true,"href":"https:\/\/www.visit-ulcinj.com\/blog\/wp-json\/wp\/v2\/categories?post=27277"},{"taxonomy":"post_tag","embeddable":true,"href":"https:\/\/www.visit-ulcinj.com\/blog\/wp-json\/wp\/v2\/tags?post=27277"}],"curies":[{"name":"wp","href":"https:\/\/api.w.org\/{rel}","templated":true}]}}