{"id":2728,"date":"2008-08-26T12:25:48","date_gmt":"2008-08-26T17:25:48","guid":{"rendered":"http:\/\/www.visit-ulcinj.com\/blog\/?p=2728"},"modified":"2008-08-26T12:25:48","modified_gmt":"2008-08-26T17:25:48","slug":"dinosa-tvrdi-da-je-u-interesu-crne-gore-da-se-odredi-prema-kosovu","status":"publish","type":"post","link":"https:\/\/www.visit-ulcinj.com\/blog\/2008\/08\/26\/dinosa-tvrdi-da-je-u-interesu-crne-gore-da-se-odredi-prema-kosovu\/","title":{"rendered":"Dino\u0161a tvrdi da je u interesu Crne Gore da se odredi prema Kosovu"},"content":{"rendered":"<p><a href=\"http:\/\/www.visit-ulcinj.com\/blog\/wp-content\/uploads\/2008\/08\/dinosha.jpg\"><img loading=\"lazy\" class=\"alignleft size-medium wp-image-2729\" title=\"dinosha\" src=\"http:\/\/www.visit-ulcinj.com\/blog\/wp-content\/uploads\/2008\/08\/dinosha-300x261.jpg\" alt=\"\" width=\"300\" height=\"261\" srcset=\"https:\/\/www.visit-ulcinj.com\/blog\/wp-content\/uploads\/2008\/08\/dinosha-300x261.jpg 300w, https:\/\/www.visit-ulcinj.com\/blog\/wp-content\/uploads\/2008\/08\/dinosha.jpg 500w\" sizes=\"(max-width: 300px) 100vw, 300px\" \/><\/a><strong>Priznanje ove godine<\/strong><br \/>\nPodgorica &#8211; Predsjednik Demokratske unije Albanaca (DUA) Ferhat Dino\u0161a ocijenio je ju?e da bi Crna Gora do kraja godine mogla priznati nezavisnost Kosova.<br \/>\nPodsje?aju?i da su za narednu godinu najavljeni parlamentarni izbori, Dino\u0161a je \u201cVijestima\u201d kazao da bi najbolje bilo da tokom godine Crna Gora da odgovor na kosovsku nezavisnost. Na podsje?anje da se vlast nije zvani?no odredila prema kosovskoj nezavisnosti ni nakon njegovih sugestija da Kosovo treba priznati u maju ili tokom ljeta, Dino\u0161a ka\u017ee da jo\u0161 nije kasno.<br \/>\n\u201eJesam rekao da bi ljeto bilo optimalno vrijeme, ?ak sam i maj pominjao, ali ljeto nije pro\u0161lo. Ljeto je i u septembru\u201c, poru?io je lider DUA.<br \/>\nNapominju?i da nema izvore koji ?e mu re?i ta?an datum priznanja Kosova, Dino\u0161a smatra da ?e snage koje su umjele da bez posljedica i incidenata povrate nezavisnost Crne Gore, umjeti da procijene najbolje vrijeme za priznanje Kosova. Isti?u?i da DUA, kao partija koja je dio vlasti, sugeri\u0161e vladaju?oj koaliciji ono \u0161to je dr\u017eavni interes Crne Gore, Dino\u0161a smatra da je priznanje Kosova u interesu Crne Gore, ali i stabilnosti regiona.<br \/>\n\u201eTo nije stvar raspolo\u017eenja ve? nacionalnog interesa Crne Gore i vjerujem da ?emo ove godine biti svjedoci toga&#8230; Treba do?i dotle da Crna Gora po sopstvenom ubje?enju, bez sugestija ili pritisaka spolja, u?ini to sama jer je to prije ili kasnije neizbje\u017eno\u201c, tvrdi on.<br \/>\nKomentari\u0161u?i procjene da u Crnoj Gori nema vi\u0161e od 15 odsto stanovnika koji podr\u017eavaju nezavisnost Kosova, Dino\u0161a je ocijenio da nije veliki procenat ni onih koji smatraju da Crna Gora treba da bude ?lanica NATO-a.<\/p>\n<div id=\"attachment_2730\" style=\"width: 202px\" class=\"wp-caption alignright\"><a href=\"http:\/\/www.visit-ulcinj.com\/blog\/wp-content\/uploads\/2008\/08\/dinosha1.jpg\"><img aria-describedby=\"caption-attachment-2730\" loading=\"lazy\" class=\"size-medium wp-image-2730\" title=\"dinosha1\" src=\"http:\/\/www.visit-ulcinj.com\/blog\/wp-content\/uploads\/2008\/08\/dinosha1-228x300.jpg\" alt=\"Ferhat Dinosha\" width=\"192\" height=\"252\" srcset=\"https:\/\/www.visit-ulcinj.com\/blog\/wp-content\/uploads\/2008\/08\/dinosha1-228x300.jpg 228w, https:\/\/www.visit-ulcinj.com\/blog\/wp-content\/uploads\/2008\/08\/dinosha1.jpg 333w\" sizes=\"(max-width: 192px) 100vw, 192px\" \/><\/a><p id=\"caption-attachment-2730\" class=\"wp-caption-text\">Ferhat Dinosha<\/p><\/div>\n<p>\u201eI ranije sam rekao da mo\u017ee da se desi da priznanje u jednoj fazi bude ja?i interes Crne Gore nego samog Kosova. Mislim da ne bi trebalo da Crna Gora dozvoli da se do?e do takve faze. Jasno je da su najja?e dr\u017eave svijeta to u?inile i da Crna Gora stremi da bude dio te porodice\u201c, rekao je Dino\u0161a \u201cVijestima\u201d.<br \/>\nNajave kosovskog premijera Ha\u0161ima Ta?ija da bi Crna Gora i Makedonija mogle priznati Kosovo u isto vrijeme, Dino\u0161a je ocijenio dobrim predlogom, isti?u?i da bi tako bilo za nijasnu lak\u0161e za obije dr\u017eave.<br \/>\n\u201eMo\u017eda bi to u nekoj nijansi bilo lak\u0161e, ali mislim da Crna Gora treba u prvom redu da slijedi svoj dr\u017eavni i nacionalni interes bez obzira na pona\u0161anje drugih dr\u017eava regiona. Ina?e, mislim da ka\u0161njenjem u priznavanju Kosova dr\u017eave regiona ne ?ine stvari u korist sopstvenog demokratskog imid\u017ea\u201d, tvrdi Dino\u0161a.<br \/>\n<strong>S.KAJO\u0160EVI?<br \/>\nIzvor \/ Vijesti<\/strong><\/p>\n<p><!-- vimeo error: not a vimeo video --><br \/>\n<a class=\"aligncenter\" title=\"???? ????,?????,Ulcinj,Montenegru,??????????,\u00c7ernoqoriya,???????????,Montenegiro,?ern\u00e1 Hora,??????????,Cz\u00f4rnog\u00f3ra,Cz\u00f4rn\u00f4 G\u00f3ra,Carna G\u00f3ra,T\u0161ernogooria,\u00c7ernogoriya,Montain\u00e9agr\u00f3,Montenegwo,?orna Hora,Montenegr\u00f3,M?ntenigro,Chernogoriya ,\u00c7\u00earnogor\u00ee ,?????????,????????? ,??????? ,Montes Nigrae,Mons Niger,M\u00f4ntenegr\u00f4,Muntenegru,??????????,Czarnog\u00f3ra,Muntinigru,Muntenegro,\nMuntenegru,\t?ierna Hora,Cxerngora,????????,?rna gora,Moontineegro,?ornog?ra,\u00c7ernogori\u00fda,Chernogoriya,Mont\u00f5negro,????? ???? ,?r?na Gora,?r?nogorije,?ernogorija,?arnahoryja,??????????,???????????????????? ,?ern?g?riy\u00e2,M?nt?n??r?,????? ?????? ,????????,??????????,???????????,M?nten?gro,???? ????? ,????????,M\u00f4ntenegr\u00f4,????????????,???????????,????????????, ??????????? ,????????????,??????????? ,??\/?? ,??????,????? ,Muntenegru, ????? ????, Montenegr?,chambres \u00e0 louer \u00e0 ulcinj, location de vacance, location saisonni\u00e8res, louer villa,location de vacance, Locations vacance, h\u00e9bergements vacances, locations villa, logements de vacances, location maison avec piscine, Location vacance, locations de vacance, h\u00e9bergements de vacances, location villa, locations entre particulier, logements vacance, vacances \u00e0 Mont\u00e9n\u00e9gro - location \u00e0 Ulcinj ,location  de bigorre,Urlaub in Ulcinj -Montenegro,Hotelbewertungen Ulcinj,Reisen Ulcinj, Urlaub Ulcinj,Hotel in Serbien und Montenegro von Urlaubern bewertet,Wohnungen,Kurorte,Reservierung,Hotels,Zimmer,studio,?ern? Hora, Chaty a byty, Hotely a penziony, Priv?ty, L?zn?, rezervace ubytov?n?,apartm?n\u00ad,noc,pokoj\u00ad,v?hled na mo?e,noc p??zem?,v?hled na hory,l??ko\u00ad,Hotel Priv?t,l??ko\u00ad+sn?dan?\u00ad,dovolen?,studio penzion,Ulcinj ubytov?n?,?ern? Hora,ubytov?n?,apartm?ny,Turistick? komplex Ada na ostrov? Ada Bojana,Pobyty u mo?e,hit sez?ny 2008,FKK nudistick\u00e9ho ada bojana,bungalovy,Velkou pl??,ubytov?n?,Fotografie m?ste?ka Ulcinj,Ada Bojana hotelov? nudistick?,Pl??e a koup?n?,Montenegr?,Sz?lloda,Fizet?vend\u00e9gl?t?,szoba\u00ad,\u00e9jszaka,st?di?,F?ldszint,kil?t?s a hegyekre,F?ldszint,kil?t?s a tengerre,\u00e9jszaka erk\u00e9ly, kil?t?s a tengerre,Ulcinj, Vend\u00e9gh?zak \u00e9s apartmanok, Sz?llod?k, Fizet?vend\u00e9gl?t?s, Gy?gyf\u00fcrd?k,?sszes, Aparthotel, Apartman, Bungal?, Fah?z, Fogad?, Haj?, Hotel, Kast\u00e9lysz?ll?, nincs sz?ll?s, P?lyasz?ll?s, Panzi?, Vend\u00e9gh?z, Wellness Sz?lloda,Camer? Accommodation,De coast? Ulcinj,apartmanh?z,Preno?i??e,Vend\u00e9gh?z,Szoba,Szobe ulcinj,Czarnog?ra, Domki i kwatery, Hotele, Pensjonaty rodzinne, Uzdrowiska - ulcinj rezerwacja nocleg?w,Vend\u00e9gh?zak \u00e9s apartmanok,Sz?llod?k,Fizet?vend\u00e9gl?t?s,Gy?gyf\u00fcrd?k ,sz?ll?sfoglal?s,Ulcinjska Riwiera,SOPOL - Touroperator. Wczasy, oferty last minute, bilety samolotowe,Wielka plaza\" 13km dlugosci,W?ochy. Promocje Bilety autokarowe. Dojazd wlasny, dolomity,Pensjonat rodzinny,noc partera, widok na morze,widok na morze,apartament\u00ad,???ko\u00ad+?niadanie,pok?j,noc,w ka?dym pokoju TV,osobowy pok?j, balkon w ka?dym pokoju, wsp?lny w?ze? sanitarny,Pok?j ulcinj,Wszystkie pokoje maja lazienki,Ceny 7 euros za osobe,zni?ka 20 % dla dzieci w wieku 2-14,Ubytov?n?,klimatyzacja,wakacje ulcinj,kamping?w naturystycznych,1os?b Ceny 7,Crna Gora, Vikendice i stanovi, Hoteli, Privatni sme?taji, Banja, rezervacija sme?taja,Privatan sme?taj,le?aj\u00ad,soba,no?,pogled na more,pogled na planine,Chalet e appartamenti, Alberghi, Alloggio presso privati, Terme, la prenotazione dell'alloggio,vista sul mare,vista sulla montagna,Albergo ulcinj,posto letto\u00ad,notte,1persone-7 euro,camera\u00ad ulcinj montenegro,appartamento\u00ad,notte,Visita del castello ulcinj,vita di mare ulcinj,L'alloggio in alcuni casi scende anche al di sotto di 7-10 euro presso i privati,ulcinj Homelidays,ulcinj il leader dell\u2019affitto di Case Vacanza tra privati in Europa,Preno?i??e, Preno?i??a,l'isola di Ada Bojana,Private Unterkunft,Blick aufs Meer,Ausblick zu den Berge,Zimmer\u00ad in ulcinj,Family pensions,reservation of accommodation,view to the mountains,view to the see,Family pension,room\u00ad,summer vacation ulcinj,Cottages and apartments,Last minute list to find studio,dhoma me qera,krevati 7 euro ne ulqin,dhoma ne detin e ulqinit,pushime ulqin 2008,???????? ? ???????????, ?????, ???????? ??????????, ??????? , ???????????? ??????????,???????? ?????????,??????????,??? ?? ????,??? ?? ????,???????,?????,??????,???,?????,??????,??????,????? ??????,Mont\u00e9n\u00e9gro, Chalets et appartements, H\u00f4tels, Pensions de famille, Stations baln\u00e9aires, r\u00e9servation d'h\u00e9bergement,vue sur les montagnes,vue sur la mer,chambre\u00ad,H\u00e9bergement dans la maison d'appartements,Chambre \u00e0 louer 7\u20ac le lit,Chambre d h\u00f4tes dans Appartement,vacances en famille,H\u00e9bergement,activit\u00e9s, plong\u00e9e,Site de tourisme ulcinj,Private Unterkunft ,Billig Urlaub in Ulcinj,ferienh?user,ferienwohnung,Billige Ferienh?user,Ferienwohnung ULCINJ,Ferien an der Adria,Urlaub im Ferienhaus ulcinjBilligreisen Ulcinj,Pauschalreisen,FKK Strand Ada Bojana ulcinj,Last Minute Angebote ulcinj,Preise f\u00fcr Lastminute,Kleinanzeigen gratis,Ausflug nach Ulcinj,FKK-Reisen ada bojana,FKK-Urlaub ulcinj,Privatni smje?taj,rezervacija smje?taja,apartmani,sobe,ku?e,odmor,sobe za odmor ulcinj,Pretra?ivanje privatnog smje?taja,rooms rent accommodation ulcinj, rentail private accommodation ulcinj,?elite rezervirati privatni smje?taj,Private accommodation,Smje?taj ulcinj,Pushime Verore ulqin,pushime t\u00eb lira n\u00eb ulqin,Pushime ne plazh,Pushime te kendshme,dhoma per pushime ulqin,dhoma me qera ulqin,dhoma te lira ulqin,pushime te lira ulqin,mali i zi,kosova,maqedoni,shqiperi,Pushime ne det te ulqinit,godi?nji odmor u ulcinj,odmor u ulcinj,Ku?a za odmor,kuda na odmor,ljetovanje u ulcinj,slobodne sobe,dhoma te lira,ku?a uz more,turisti?ka ponuda,odmor i zabava,povolne cene,sobe,usluge,Mjesto za Va? odmor , Place for Your holiday,Odmor portal,putovanaja,Iznajmljivanje soba ulcinj,odmor ulcinj info,Va?e mjesto za odmor ulcinj,nudisticka plaza ada bojana,smjestaj ponuda ulcinj,lokacioni i dhomave ulqin,deti,plazhet e bukura,diskoteka,zbavitja,.\" copacabana ulcinj,  h\u00f4tels,  hotel ulqin,  Kosova,  Mali i Zi,  Maqedonija,  Montenegro,  montenegro tourisme plage,  montenegro ulcinj,  Shpallje Falas,  Shpallje Falas per shitjen e shtepis se juaj,  Shpallje Falas per villat e juaj,  Shpallje Falas Real Estate,  Shpallje Falas turistike,  shqiperija,  tourisme,  Ulci?,  ulcinj,  ulqin,  ulqin hotel,  ulqini,  ulqini 2007,Ada Bojana,  Alba?czyk,  Cita di Dolcino,  Copacabana,  Czarnog\u00f3ra,  Czarnog\u00f3rzec,  Don Kichota,  Ma?a Pla?a,  Mandra,  MIGUEL DE SERVANTES,  p\u00f3?wyspy Marjan,  Pla?a Valdanos,  Rzeka Bojana,  Shas \/ \u0160as \/ Sva?,  Ulci?,  Ulcinjsk? Riwier?,  Wielka Pla?a,  Wyspa Bojana,WELCOME ,BIENVENUE , WILLKOMMEN ,- BENVENUTO ,- MIR\u00cb SE VINI ,- DOBRO DO\u0160LI TO ULCINJ \/ ULQIN ,\u2013 MONTENEGRO ,????? ?????????? ,- VITAJTE, - BRUCHIM HABAYIM ,-V\u00cdTEJTE, - WITAJCIE, - KHOSH \u00c2MAD\u00ceD ,- BITAEMO ,- CHAIRE, - ZAPRASHAJEM ,- V\u00c4LKOMMEN,  - VELKOMMEN ,- DOBRE DOSHLE, - PARI YEGAK ,- SW\u00c2GATAM, - ISTEN HOZTA, - ZAYT VILKUM, - HO?GELDINIZ ,- BIENVENIDOS ,- SUSHRI AKAL, - HUSH KILDEGEZ, - BUN VENIT, - PE KHER RAGLE, - BEM-VINDO, - HUAN YIN ,- BIEN ATI VENI ,- \u00c2SANTU ,- SELAMAT DATANG, - W\u00cbLLKOMM ,- XUSH AMD\u00ceD, - SVEIKI, - HUN BI XER HATIN, - KIRINIZ ,- ENNA ,VISHAYAM ,- MERHABA ,- F\u00c1ILTE, - VELKOMINN ,- VAELKOMIN, - TERE TULEMAST ,- M\u00c4RSHA W\u00daGH\u00cdL ,- MISHTO AVILAN , WELKOM ,- TERVETULOA ,- ONGI ETORRI ,-, REKHIM ITEGEZ ,- XOSH G\u00c4LM\u00ceS\u00c4N, - WILICOM ,- CROESO ,- SHAGATOM, - IRASHAIMASU ,- KEBLAR, - AHUP YAN, - IRKHT ERGANAVIDN, - LUID, - SOHM SW\u00c2KOHM, - URAKAZA ,- KARIBU, - SELAM, - VIDZA ,KORAM -, YEYACHI -, KUSHE - ,BIENVENIDA -, ESIET SVEICINATI ,- FAILT ,- ,KRUPAY\u00c2 \u00c2TUY\u00c2, - MAIEM ,- BENVEGN\u00dcU ,- TAVTAI ,MORIL, - TAMA ,- BENVINUTU ,- SILAMO, - WILUJENG SUMPING ,- MABUHAY ,- GAZHACA \u00cbTISKOM, - DOBRO POZHALOVAT' ,- TISTIK ,- ISIBINGELELO, - BALLE, - INDE TORN LAP ,- SOO DHA WOOW ,- PILIGANIMU, - MALIU MAI, - PASAYKAMOY, - HAERE MAI, - BOYEI BOLAMU ,- BARKA D\u00c1 ZUW\u00c1 ,- W\u00c2CHIY\u00c2 , KOPIVOSIAN ,- SANSOF\u00c9 ,- KALOS ORISATE, - W\u00c4LJKIIMEN ,- ILO LA, - WILKEMEN, - A JARAAMA ,- TUAJ LOS ,- DUMANON CAYO, - ADANAVE ,\u2013 VITAMEVAS , MALI I ZI,CRNA GORA,??????????,???????,??????????, ?ern\u00e1 Hora,TO ULCINJ \/ ULQIN \u2013 MONTENEGRO, Czarnog\u00f3ra, Muntenegru, ????? ????, Montenegr\u00f3,,Holiday ,Beach,Vacation,WELCOME ,BIENVENUE , WILLKOMMEN ,- BENVENUTO ,- MIR\u00cb SE VINI ,- DOBRO DO\u0160LI TO ULCINJ \/ ULQIN ,\u2013 MONTENEGRO ,????? ?????????? ,- VITAJTE, - BRUCHIM HABAYIM ,-V\u00cdTEJTE, - WITAJCIE, - KHOSH \u00c2MAD\u00ceD ,- BITAEMO ,- CHAIRE, - ZAPRASHAJEM ,- V\u00c4LKOMMEN,  - VELKOMMEN ,- DOBRE DOSHLE, - PARI YEGAK ,- SW\u00c2GATAM, - ISTEN HOZTA, - ZAYT VILKUM, - HO?GELDINIZ ,- BIENVENIDOS ,- SUSHRI AKAL, - HUSH KILDEGEZ, - BUN VENIT, - PE KHER RAGLE, - BEM-VINDO, - HUAN YIN ,- BIEN ATI VENI ,- \u00c2SANTU ,- SELAMAT DATANG, - W\u00cbLLKOMM ,- XUSH AMD\u00ceD, - SVEIKI, - HUN BI XER HATIN, - KIRINIZ ,- ENNA ,VISHAYAM ,- MERHABA ,- F\u00c1ILTE, - VELKOMINN ,- VAELKOMIN, - TERE TULEMAST ,- M\u00c4RSHA W\u00daGH\u00cdL ,- MISHTO AVILAN , WELKOM ,- TERVETULOA ,- ONGI ETORRI ,-, REKHIM ITEGEZ ,- XOSH G\u00c4LM\u00ceS\u00c4N, - WILICOM ,- CROESO ,- SHAGATOM, - IRASHAIMASU ,- KEBLAR, - AHUP YAN, - IRKHT ERGANAVIDN, - LUID, - SOHM SW\u00c2KOHM, - URAKAZA ,- KARIBU, - SELAM, - VIDZA ,KORAM -, YEYACHI -, KUSHE - ,BIENVENIDA -, ESIET SVEICINATI ,- FAILT ,- ,KRUPAY\u00c2 \u00c2TUY\u00c2, - MAIEM ,- BENVEGN\u00dcU ,- TAVTAI ,MORIL, - TAMA ,- BENVINUTU ,- SILAMO, - WILUJENG SUMPING ,- MABUHAY ,- GAZHACA \u00cbTISKOM, - DOBRO POZHALOVAT ,- TISTIK ,- ISIBINGELELO, - BALLE, - INDE TORN LAP ,- SOO DHA WOOW ,- PILIGANIMU, - MALIU MAI, - PASAYKAMOY, - HAERE MAI, - BOYEI BOLAMU ,- BARKA D\u00c1 ZUW\u00c1 ,- W\u00c2CHIY\u00c2 , KOPIVOSIAN ,- SANSOF\u00c9 ,- KALOS ORISATE, - W\u00c4LJKIIMEN ,- ILO LA, - WILKEMEN, - A JARAAMA ,- TUAJ LOS ,- DUMANON CAYO, - ADANAVE ,\u2013 VITAMEVAS , MALI I ZI,CRNA GORA,??????????,???????,??????????, ?ern\u00e1 Hora,TO ULCINJ \/ ULQIN,MONTENEGRO, Czarnog\u00f3ra, Muntenegru, ????? ????, Montenegr\u00f3,Adelina Isamajli,  Albaniku,  Artana,  Bujanoci,  Burimi,  Dardana,  Dardan\u00eb,  De\u00e7an,  Dibra,  Drenas,  Drenasi,  Ferizaj,  Ferizaji,  Fush\u00eb Kosova,  Fush\u00eb Kosov\u00eb,  Gjakova,  Gjakov\u00eb,  Gjilan,  Gjilani,  Gostivari,  Istog,  Istog\u00b7,  Ka\u00e7anik,  Ka\u00e7aniku,  Kastrioti,  K\u00ebr\u00e7ova,  Klina,  Klin\u00eb,  Kumanova,  Leposaviq,  Leskovci,  Likova,  Lipjan,  Lipjani,  Malisheva,  Malishev\u00eb,  Manastiri,  Medvegja,  Mitrovica,  Mitrovic\u00eb,  Novob\u00ebrd\u00eb,  Obiliq\u00b7 Rahovec,  Ohri,  Peja,  Pej\u00eb,  Podujeva,  Podujev\u00eb,  Presheva,  Prishtina,  Prishtin\u00eb,  Prizren,  Prizreni,  Rahoveci,  Sharri,  Sharri (Kosov\u00eb),  Shkupi,  Sht\u00ebrpca,  Sht\u00ebrpc\u00eb,  Shtime,  Sk\u00ebnderaj,  Struga,  Tetova,  Theranda,  Therand\u00eb,  Triumf Riza,  Veleshta,  Viti,  Vitia,  Vushtrri,  Vushtrria,  Zubin Potok,  Zubin Potoku,  Zve\u00e7an,  Zve\u00e7ani,villa \u00e0 louer \u00e0 ulcinj, location de vacance, location saisonni\u00e8res, louer hotel,location de vacance, Locations vacance, h\u00e9bergements vacances, , logements de vacances, location maison avec piscine, Location vacance, locations de vacance, h\u00e9bergements de vacances,  locations entre particulier, logements vacance, vacances \u00e0 Mont\u00e9n\u00e9gro - location \u00e0 Ulcinj ,location  de bigorre.\" href=\"http:\/\/www.visit-ulcinj.com\/tourism\/\" target=\"_blank\"><img loading=\"lazy\" style=\"float: right;\" src=\"http:\/\/www.visit-ulcinj.com\/blog\/wp-content\/uploads\/2008\/06\/holiday-rental-ulcinj-ulqini_ulqin_logo.gif\" alt=\"Apatin,  Aran?elovac,  ?uprija,  ?a?ak,  ?apljina,  ?itluk,  \u0160abac,  \u0160ipovo,  \u0160iroki Brijeg,  \u017dep?e,  \u017divinice,  Ba?ka Palanka,  Banja Luka,  Banovi?i,  Be?ej,  beograd,  Biha?,  Bijeljina,  Bor,  Bor?a,  Bosanska Gradi\u0161ka,  Bosanska Krupa,  Bosanski \u0160amac,  Bosanski Brod,  Bosanski Novi,  Br?ko,  Bu\u017eim,  Bugojno,  Cazin,  Crna Gora,  Derventa,  Doboj,  Donji Vakuf,  Drvar,  Dubrovnik,  Fo?a,  Fojnica,  Glamo?,  Gora\u017ede,  Gornji Milanovac,  Gornji Vakuf,  gostivar,  Gra?anica,  Grada?ac,  Gradiska,  Grahovo,  Had\u017ei?i,  Ilid\u017ea,  In?ija,  Jablanica,  Jagodina,  Jajce,  Kakanj,  Kalu?erica,  Kikinda,  Klju?,  Konjic,  Kotor Varo\u0161,  Kragujevac,  Kraljevo,  Kru\u0161evac,  Kula,  Kupres,  Lakta\u0161i,  Lazarevac,  Leskovac,  Livno,  Ljubinje,  ljublana,  Ljubu\u0161ki,  Loznica,  Lukavac,  Maglaj,  Mladenovac,  Modri?a,  montenegro erlajnz,  mostar,  Mrkonji? Grad,  Neum,  Ni\u0161,  Novi Pazar,  Novi Sad,  Novi Travnik,  Obrenovac,  Od\u017eak,  ohrid,  Ora\u0161je,  Pale,  Pan?evo,  Para?in,  Pirot,  Po\u017earevac,  Podgorica,  Priboj,  Prijedor,  Prokuplje,  Prozor,  pula,  rijeka,  Ruma,  Sanski Most,  Sarajevo,  Senta,  serbija,  sibenik,  skopje,  Smederevo,  Smederevska Palanka,  Sokolac,  Sombor,  split,  Srebrenica,  Srebrenik,  Sremska Mitrovica,  Stolac,  Struga,  Subotica,  Temerin,  Tesli?,  tetovo,  Travnik,  Trebinje,  tuzla,  U\u017eice,  ulcinj,  Valjevo,  Velika Kladu\u0161a,  Vi\u0161egrad,  Visoko,  Vitez,  Vogo\u0161?a,  vojvodina,  Vranje,  Vr\u0161ac,  Vrbas,  zadar,  Zagreb,  Zaje?ar,  Zavidovi?i,  Zenica,  Zrenjanin,  Zvornik,copacabana ulcinj,  h\u00f4tels,  hotel ulqin,  Kosova,  Mali i Zi,  Maqedonija,  Montenegro,  montenegro tourisme plage,  montenegro ulcinj,  Shpallje Falas,  Shpallje Falas per shitjen e shtepis se juaj,  Shpallje Falas per apartamentet e juaj,  Shpallje Falas Real Estate,  Shpallje Falas turistike,  shqiperija,  tourisme,  Ulci?,  ulcinj,  ulqin,  ulqin hotel,  ulqini,  ulqini 2007,Ada Bojana,  Alba?czyk,  Cita di Dolcino,  Copacabana,  Czarnog\u00f3ra,  Czarnog\u00f3rzec,  Don Kichota,  Ma?a Pla?a,  Mandra,  MIGUEL DE SERVANTES,  p\u00f3?wyspy Marjan,  Pla?a Valdanos,  Rzeka Bojana,  Shas \/ \u0160as \/ Sva?,  Ulci?,  Ulcinjsk? Riwier?,  Wielka Pla?a,  Wyspa Bojana,GORA,??????????,???????,??????????, ?ern\u00e1 Hora,TO ULCINJ \/ ULQIN,MONTENEGRO, Czarnog\u00f3ra, Muntenegru, ????? ????, Montenegr\u00f3,appartement \u00e0 louer \u00e0 ulcinj, location de vacance, location saisonni\u00e8res, louer chambres,location de vacance, Locations vacance, h\u00e9bergements vacances, locations villa, logements de vacances, location maison avec piscine, Location vacance, locations de vacance, h\u00e9bergements de vacances, location, locations entre particulier, logements vacance, vacances \u00e0 Mont\u00e9n\u00e9gro - location \u00e0 Ulcinj ,location  de bigorre.\" width=\"510\" height=\"145\" \/><\/a><\/p>\n","protected":false},"excerpt":{"rendered":"<p><img loading=\"lazy\" class=\"alignleft size-medium wp-image-2729\" title=\"dinosha\" src=\"http:\/\/www.visit-ulcinj.com\/blog\/wp-content\/uploads\/2008\/08\/dinosha-300x261.jpg\" alt=\"\" width=\"140\" height=\"140\" \/><\/p>\n","protected":false},"author":1,"featured_media":0,"comment_status":"open","ping_status":"closed","sticky":false,"template":"","format":"standard","meta":{"spay_email":"","jetpack_publicize_message":"","jetpack_is_tweetstorm":false,"jetpack_publicize_feature_enabled":true},"categories":[1,12],"tags":[20,97,88,19],"jetpack_publicize_connections":[],"yoast_head":"<!-- This site is optimized with the Yoast SEO plugin v19.1 - https:\/\/yoast.com\/wordpress\/plugins\/seo\/ -->\n<title>Dino\u0161a tvrdi da je u interesu Crne Gore da se odredi prema Kosovu - Lajme nga Ulqini<\/title>\n<meta name=\"robots\" content=\"index, follow, max-snippet:-1, max-image-preview:large, max-video-preview:-1\" \/>\n<link rel=\"canonical\" href=\"https:\/\/www.visit-ulcinj.com\/blog\/2008\/08\/26\/dinosa-tvrdi-da-je-u-interesu-crne-gore-da-se-odredi-prema-kosovu\/\" \/>\n<meta property=\"og:locale\" content=\"en_US\" \/>\n<meta property=\"og:type\" content=\"article\" \/>\n<meta property=\"og:title\" content=\"Dino\u0161a tvrdi da je u interesu Crne Gore da se odredi prema Kosovu - Lajme nga Ulqini\" \/>\n<meta property=\"og:url\" content=\"https:\/\/www.visit-ulcinj.com\/blog\/2008\/08\/26\/dinosa-tvrdi-da-je-u-interesu-crne-gore-da-se-odredi-prema-kosovu\/\" \/>\n<meta property=\"og:site_name\" content=\"Lajme nga Ulqini\" \/>\n<meta property=\"article:published_time\" content=\"2008-08-26T17:25:48+00:00\" \/>\n<meta property=\"og:image\" content=\"http:\/\/www.visit-ulcinj.com\/blog\/wp-content\/uploads\/2008\/08\/dinosha-300x261.jpg\" \/>\n<meta name=\"twitter:label1\" content=\"Written by\" \/>\n\t<meta name=\"twitter:data1\" content=\"ulqini\" \/>\n\t<meta name=\"twitter:label2\" content=\"Est. reading time\" \/>\n\t<meta name=\"twitter:data2\" content=\"2 minutes\" \/>\n<script type=\"application\/ld+json\" class=\"yoast-schema-graph\">{\"@context\":\"https:\/\/schema.org\",\"@graph\":[{\"@type\":\"WebSite\",\"@id\":\"https:\/\/www.visit-ulcinj.com\/blog\/#website\",\"url\":\"https:\/\/www.visit-ulcinj.com\/blog\/\",\"name\":\"Lajme nga Ulqini\",\"description\":\"Lajme,Vijesti,Ulqini,Ulqin,Crna Gora,Mali i Zi\",\"potentialAction\":[{\"@type\":\"SearchAction\",\"target\":{\"@type\":\"EntryPoint\",\"urlTemplate\":\"https:\/\/www.visit-ulcinj.com\/blog\/?s={search_term_string}\"},\"query-input\":\"required name=search_term_string\"}],\"inLanguage\":\"en-US\"},{\"@type\":\"ImageObject\",\"inLanguage\":\"en-US\",\"@id\":\"https:\/\/www.visit-ulcinj.com\/blog\/2008\/08\/26\/dinosa-tvrdi-da-je-u-interesu-crne-gore-da-se-odredi-prema-kosovu\/#primaryimage\",\"url\":\"http:\/\/www.visit-ulcinj.com\/blog\/wp-content\/uploads\/2008\/08\/dinosha-300x261.jpg\",\"contentUrl\":\"http:\/\/www.visit-ulcinj.com\/blog\/wp-content\/uploads\/2008\/08\/dinosha-300x261.jpg\"},{\"@type\":\"WebPage\",\"@id\":\"https:\/\/www.visit-ulcinj.com\/blog\/2008\/08\/26\/dinosa-tvrdi-da-je-u-interesu-crne-gore-da-se-odredi-prema-kosovu\/#webpage\",\"url\":\"https:\/\/www.visit-ulcinj.com\/blog\/2008\/08\/26\/dinosa-tvrdi-da-je-u-interesu-crne-gore-da-se-odredi-prema-kosovu\/\",\"name\":\"Dino\u0161a tvrdi da je u interesu Crne Gore da se odredi prema Kosovu - Lajme nga Ulqini\",\"isPartOf\":{\"@id\":\"https:\/\/www.visit-ulcinj.com\/blog\/#website\"},\"primaryImageOfPage\":{\"@id\":\"https:\/\/www.visit-ulcinj.com\/blog\/2008\/08\/26\/dinosa-tvrdi-da-je-u-interesu-crne-gore-da-se-odredi-prema-kosovu\/#primaryimage\"},\"datePublished\":\"2008-08-26T17:25:48+00:00\",\"dateModified\":\"2008-08-26T17:25:48+00:00\",\"author\":{\"@id\":\"https:\/\/www.visit-ulcinj.com\/blog\/#\/schema\/person\/dcab619c614d3038751c63bc2aadc06d\"},\"breadcrumb\":{\"@id\":\"https:\/\/www.visit-ulcinj.com\/blog\/2008\/08\/26\/dinosa-tvrdi-da-je-u-interesu-crne-gore-da-se-odredi-prema-kosovu\/#breadcrumb\"},\"inLanguage\":\"en-US\",\"potentialAction\":[{\"@type\":\"ReadAction\",\"target\":[\"https:\/\/www.visit-ulcinj.com\/blog\/2008\/08\/26\/dinosa-tvrdi-da-je-u-interesu-crne-gore-da-se-odredi-prema-kosovu\/\"]}]},{\"@type\":\"BreadcrumbList\",\"@id\":\"https:\/\/www.visit-ulcinj.com\/blog\/2008\/08\/26\/dinosa-tvrdi-da-je-u-interesu-crne-gore-da-se-odredi-prema-kosovu\/#breadcrumb\",\"itemListElement\":[{\"@type\":\"ListItem\",\"position\":1,\"name\":\"Dino\u0161a tvrdi da je u interesu Crne Gore da se odredi prema Kosovu\"}]},{\"@type\":\"Person\",\"@id\":\"https:\/\/www.visit-ulcinj.com\/blog\/#\/schema\/person\/dcab619c614d3038751c63bc2aadc06d\",\"name\":\"ulqini\",\"sameAs\":[\"http:\/\/www.visit-ulcinj.com\"],\"url\":\"https:\/\/www.visit-ulcinj.com\/blog\/author\/admin\/\"}]}<\/script>\n<!-- \/ Yoast SEO plugin. -->","yoast_head_json":{"title":"Dino\u0161a tvrdi da je u interesu Crne Gore da se odredi prema Kosovu - Lajme nga Ulqini","robots":{"index":"index","follow":"follow","max-snippet":"max-snippet:-1","max-image-preview":"max-image-preview:large","max-video-preview":"max-video-preview:-1"},"canonical":"https:\/\/www.visit-ulcinj.com\/blog\/2008\/08\/26\/dinosa-tvrdi-da-je-u-interesu-crne-gore-da-se-odredi-prema-kosovu\/","og_locale":"en_US","og_type":"article","og_title":"Dino\u0161a tvrdi da je u interesu Crne Gore da se odredi prema Kosovu - Lajme nga Ulqini","og_url":"https:\/\/www.visit-ulcinj.com\/blog\/2008\/08\/26\/dinosa-tvrdi-da-je-u-interesu-crne-gore-da-se-odredi-prema-kosovu\/","og_site_name":"Lajme nga Ulqini","article_published_time":"2008-08-26T17:25:48+00:00","og_image":[{"url":"http:\/\/www.visit-ulcinj.com\/blog\/wp-content\/uploads\/2008\/08\/dinosha-300x261.jpg"}],"twitter_misc":{"Written by":"ulqini","Est. reading time":"2 minutes"},"schema":{"@context":"https:\/\/schema.org","@graph":[{"@type":"WebSite","@id":"https:\/\/www.visit-ulcinj.com\/blog\/#website","url":"https:\/\/www.visit-ulcinj.com\/blog\/","name":"Lajme nga Ulqini","description":"Lajme,Vijesti,Ulqini,Ulqin,Crna Gora,Mali i Zi","potentialAction":[{"@type":"SearchAction","target":{"@type":"EntryPoint","urlTemplate":"https:\/\/www.visit-ulcinj.com\/blog\/?s={search_term_string}"},"query-input":"required name=search_term_string"}],"inLanguage":"en-US"},{"@type":"ImageObject","inLanguage":"en-US","@id":"https:\/\/www.visit-ulcinj.com\/blog\/2008\/08\/26\/dinosa-tvrdi-da-je-u-interesu-crne-gore-da-se-odredi-prema-kosovu\/#primaryimage","url":"http:\/\/www.visit-ulcinj.com\/blog\/wp-content\/uploads\/2008\/08\/dinosha-300x261.jpg","contentUrl":"http:\/\/www.visit-ulcinj.com\/blog\/wp-content\/uploads\/2008\/08\/dinosha-300x261.jpg"},{"@type":"WebPage","@id":"https:\/\/www.visit-ulcinj.com\/blog\/2008\/08\/26\/dinosa-tvrdi-da-je-u-interesu-crne-gore-da-se-odredi-prema-kosovu\/#webpage","url":"https:\/\/www.visit-ulcinj.com\/blog\/2008\/08\/26\/dinosa-tvrdi-da-je-u-interesu-crne-gore-da-se-odredi-prema-kosovu\/","name":"Dino\u0161a tvrdi da je u interesu Crne Gore da se odredi prema Kosovu - Lajme nga Ulqini","isPartOf":{"@id":"https:\/\/www.visit-ulcinj.com\/blog\/#website"},"primaryImageOfPage":{"@id":"https:\/\/www.visit-ulcinj.com\/blog\/2008\/08\/26\/dinosa-tvrdi-da-je-u-interesu-crne-gore-da-se-odredi-prema-kosovu\/#primaryimage"},"datePublished":"2008-08-26T17:25:48+00:00","dateModified":"2008-08-26T17:25:48+00:00","author":{"@id":"https:\/\/www.visit-ulcinj.com\/blog\/#\/schema\/person\/dcab619c614d3038751c63bc2aadc06d"},"breadcrumb":{"@id":"https:\/\/www.visit-ulcinj.com\/blog\/2008\/08\/26\/dinosa-tvrdi-da-je-u-interesu-crne-gore-da-se-odredi-prema-kosovu\/#breadcrumb"},"inLanguage":"en-US","potentialAction":[{"@type":"ReadAction","target":["https:\/\/www.visit-ulcinj.com\/blog\/2008\/08\/26\/dinosa-tvrdi-da-je-u-interesu-crne-gore-da-se-odredi-prema-kosovu\/"]}]},{"@type":"BreadcrumbList","@id":"https:\/\/www.visit-ulcinj.com\/blog\/2008\/08\/26\/dinosa-tvrdi-da-je-u-interesu-crne-gore-da-se-odredi-prema-kosovu\/#breadcrumb","itemListElement":[{"@type":"ListItem","position":1,"name":"Dino\u0161a tvrdi da je u interesu Crne Gore da se odredi prema Kosovu"}]},{"@type":"Person","@id":"https:\/\/www.visit-ulcinj.com\/blog\/#\/schema\/person\/dcab619c614d3038751c63bc2aadc06d","name":"ulqini","sameAs":["http:\/\/www.visit-ulcinj.com"],"url":"https:\/\/www.visit-ulcinj.com\/blog\/author\/admin\/"}]}},"jetpack_featured_media_url":"","jetpack_sharing_enabled":true,"jetpack_shortlink":"https:\/\/wp.me\/pe6lTn-I0","_links":{"self":[{"href":"https:\/\/www.visit-ulcinj.com\/blog\/wp-json\/wp\/v2\/posts\/2728"}],"collection":[{"href":"https:\/\/www.visit-ulcinj.com\/blog\/wp-json\/wp\/v2\/posts"}],"about":[{"href":"https:\/\/www.visit-ulcinj.com\/blog\/wp-json\/wp\/v2\/types\/post"}],"author":[{"embeddable":true,"href":"https:\/\/www.visit-ulcinj.com\/blog\/wp-json\/wp\/v2\/users\/1"}],"replies":[{"embeddable":true,"href":"https:\/\/www.visit-ulcinj.com\/blog\/wp-json\/wp\/v2\/comments?post=2728"}],"version-history":[{"count":0,"href":"https:\/\/www.visit-ulcinj.com\/blog\/wp-json\/wp\/v2\/posts\/2728\/revisions"}],"wp:attachment":[{"href":"https:\/\/www.visit-ulcinj.com\/blog\/wp-json\/wp\/v2\/media?parent=2728"}],"wp:term":[{"taxonomy":"category","embeddable":true,"href":"https:\/\/www.visit-ulcinj.com\/blog\/wp-json\/wp\/v2\/categories?post=2728"},{"taxonomy":"post_tag","embeddable":true,"href":"https:\/\/www.visit-ulcinj.com\/blog\/wp-json\/wp\/v2\/tags?post=2728"}],"curies":[{"name":"wp","href":"https:\/\/api.w.org\/{rel}","templated":true}]}}