{"id":27281,"date":"2009-11-17T18:36:50","date_gmt":"2009-11-17T16:36:50","guid":{"rendered":"http:\/\/www.visit-ulcinj.com\/blog\/?p=27281"},"modified":"2009-11-17T18:41:34","modified_gmt":"2009-11-17T16:41:34","slug":"inicohet-hapja-e-konsulates-se-shqiperise-ne-ulqin","status":"publish","type":"post","link":"https:\/\/www.visit-ulcinj.com\/blog\/2009\/11\/17\/inicohet-hapja-e-konsulates-se-shqiperise-ne-ulqin\/","title":{"rendered":"Inicohet hapja e Konsulat\u00ebs s\u00eb Shqiperise n\u00eb Ulqin"},"content":{"rendered":"<p><a href=\"http:\/\/www.visit-ulcinj.com\/blog\/wp-content\/uploads\/2009\/11\/Dr_-Nail-Draga_1.jpg\"><img loading=\"lazy\" class=\"alignleft size-full wp-image-27286\" title=\"Dr_ Nail Draga_1\" src=\"http:\/\/www.visit-ulcinj.com\/blog\/wp-content\/uploads\/2009\/11\/Dr_-Nail-Draga_1.jpg\" alt=\"Dr_ Nail Draga_1\" width=\"580\" height=\"400\" \/><\/a><\/p>\n<p><strong>KONFERENC\u00cb P\u00cbR MEDIA \u2013 17.11.2009<\/strong><\/p>\n<p><strong>Nr. 294\/09<\/strong><\/p>\n<p><strong>INICOHET HAPJA E KONSULAT\u00cbS S\u00cb SHQIPERISE N\u00cb ULQIN <\/strong><\/p>\n<p>N\u00eb saj\u00eb t\u00eb\u00a0 bashk\u00ebpunimit intensiv te Malit te Zi dhe Shqip\u00ebris\u00eb viteve t\u00eb fundit jan\u00eb edhe vizitat e shpeshta t\u00eb niveleve te larta ku duhet theksuar vizit\u00ebn e presidentit Bamir Topi n\u00eb shtator dhe z\u00ebvend\u00ebskryeministrit dhe ministrit te pun\u00ebve t\u00eb jashtme Ilir Meta dite me par\u00eb ne Podgoric\u00eb. Nuk ka dileme se ne takimet e tilla jan\u00eb trajtuar nj\u00eb gam\u00eb e gjer\u00eb temash q\u00eb \u00ebsht\u00eb shprehje konkrete e bashk\u00ebpunimit shum\u00ebpal\u00ebsh n\u00eb mes dy vendeve. Duke pasur parasysh paragjykimet e kaluara bashk\u00ebpunimi aktual ne mes tyre dy vendeve mund t\u00eb sh\u00ebrbej\u00eb si model jo vet\u00ebm p\u00ebr regjionin por edhe me gjere.<\/p>\n<p>Andaj m\u00eb q\u00ebllimin p\u00ebr avancimin po k\u00ebtyre marr\u00ebdh\u00ebnieve Forca del me iniciativ\u00ebn p\u00ebr hapjen e konsullat\u00ebs s\u00eb Republik\u00ebs s\u00eb Shqip\u00ebris\u00eb\u00a0 n\u00eb Mal t\u00eb Zi, e at\u00eb pik\u00ebrisht n\u00eb qytetin e Ulqinit. Nj\u00eb iniciative e till\u00eb besojm\u00eb se do te mb\u00ebshtetet nga Qeveria e Shqip\u00ebris\u00eb dhe se kjo \u00e7\u00ebshtje n\u00eb t\u00eb ardhmen do t\u00eb jete preokupim i diplomacis\u00eb shqiptare. Nd\u00ebrsa ideja q\u00eb selia e konsullat\u00ebs t\u00eb Jet\u00eb ne Ulqin \u00ebsht\u00eb e logjikshme, sepse ky qytet \u00ebsht\u00eb qendra e shqiptareve n\u00eb Mal t\u00eb Zi. Nuk ka dileme se me nj\u00eb veprim te till\u00eb Ulqinit do ti kthehej imazhi i kaluar sepse te dh\u00ebnat d\u00ebshmojn\u00eb se ne Mesjet\u00eb ai kishte qeverisje autonome ku disa vende kane pasur konsullatat e tyre.<\/p>\n<p>N\u00eb ket\u00eb dimension duke pasur parasysh interesin e vet shtet\u00ebror\u00eb ka vepruar Kroacia e cila p\u00ebrve\u00e7 ambasad\u00ebs s\u00eb saj n\u00eb Podgoric\u00eb ka edhe konsullat\u00ebn e vet n\u00eb Kotor. Po ashtu nj\u00eb k\u00ebrkes\u00eb e till\u00eb ekziston edhe nga ana e Serbis\u00eb e cila p\u00ebrve\u00e7 ambasad\u00ebs ekzistuese n\u00eb Podgorice ka k\u00ebrkuar hapjen e tre konsullatave ne Mal te Zi.<\/p>\n<p>Nga ana tjet\u00ebr presim me padurim q\u00eb s\u00eb shpejti t\u00eb behet realitet qarkullimi pa pasaporta por me let\u00ebrnjoftim jo vet\u00ebm p\u00ebr qytetar\u00ebt e komun\u00ebs s\u00eb Ulqinit por p\u00ebr t\u00eb gjith\u00eb ata te cil\u00ebt jan\u00eb ne kuad\u00ebr t\u00eb zon\u00ebs kufitare Mal i Zi Shqip\u00ebri. Nj\u00eb veprim i till\u00eb praktik ka koh\u00eb qe ekziston n\u00eb mes Malit te Zi dhe Kroacis\u00eb, andaj \u00ebsht\u00eb koha e fundit q\u00eb t\u00eb eliminohen standardet e dyfishta p\u00ebr qytetar\u00ebt e zonave p\u00ebrkat\u00ebse.<\/p>\n<p><strong>Sh\u00ebrbimi p\u00ebr informim Forca<br \/>\n<\/strong><\/p>\n","protected":false},"excerpt":{"rendered":"<p>KONFERENC\u00cb P\u00cbR MEDIA \u2013 17.11.2009 Nr. 294\/09 INICOHET HAPJA E KONSULAT\u00cbS S\u00cb SHQIPERISE N\u00cb ULQIN N\u00eb saj\u00eb t\u00eb\u00a0 bashk\u00ebpunimit intensiv te Malit te Zi dhe Shqip\u00ebris\u00eb viteve t\u00eb fundit jan\u00eb edhe vizitat e shpeshta t\u00eb niveleve te larta ku duhet theksuar vizit\u00ebn e presidentit Bamir Topi n\u00eb shtator dhe z\u00ebvend\u00ebskryeministrit dhe ministrit te pun\u00ebve t\u00eb [&hellip;]<\/p>\n","protected":false},"author":1,"featured_media":0,"comment_status":"open","ping_status":"closed","sticky":false,"template":"","format":"standard","meta":{"spay_email":"","jetpack_publicize_message":"","jetpack_is_tweetstorm":false,"jetpack_publicize_feature_enabled":true},"categories":[6],"tags":[2761,5148,10094,12818,12819,12466],"jetpack_publicize_connections":[],"yoast_head":"<!-- This site is optimized with the Yoast SEO plugin v19.1 - https:\/\/yoast.com\/wordpress\/plugins\/seo\/ -->\n<title>Inicohet hapja e Konsulat\u00ebs s\u00eb Shqiperise n\u00eb Ulqin  - Lajme nga Ulqini<\/title>\n<meta name=\"description\" content=\"KONFERENC\u00cb P\u00cbR MEDIA \u2013 17.11.2009 Nr. 294\/09 INICOHET HAPJA E KONSULAT\u00cbS S\u00cb SHQIPERISE N\u00cb ULQIN N\u00eb saj\u00eb t\u00eb\u00a0 bashk\u00ebpunimit intensiv te Malit te Zi dhe\" \/>\n<meta name=\"robots\" content=\"index, follow, max-snippet:-1, max-image-preview:large, max-video-preview:-1\" \/>\n<link rel=\"canonical\" href=\"https:\/\/www.visit-ulcinj.com\/blog\/2009\/11\/17\/inicohet-hapja-e-konsulates-se-shqiperise-ne-ulqin\/\" \/>\n<meta property=\"og:locale\" content=\"en_US\" \/>\n<meta property=\"og:type\" content=\"article\" \/>\n<meta property=\"og:title\" content=\"Inicohet hapja e Konsulat\u00ebs s\u00eb Shqiperise n\u00eb Ulqin  - Lajme nga Ulqini\" \/>\n<meta property=\"og:description\" content=\"KONFERENC\u00cb P\u00cbR MEDIA \u2013 17.11.2009 Nr. 294\/09 INICOHET HAPJA E KONSULAT\u00cbS S\u00cb SHQIPERISE N\u00cb ULQIN N\u00eb saj\u00eb t\u00eb\u00a0 bashk\u00ebpunimit intensiv te Malit te Zi dhe\" \/>\n<meta property=\"og:url\" content=\"https:\/\/www.visit-ulcinj.com\/blog\/2009\/11\/17\/inicohet-hapja-e-konsulates-se-shqiperise-ne-ulqin\/\" \/>\n<meta property=\"og:site_name\" content=\"Lajme nga Ulqini\" \/>\n<meta property=\"article:published_time\" content=\"2009-11-17T16:36:50+00:00\" \/>\n<meta property=\"article:modified_time\" content=\"2009-11-17T16:41:34+00:00\" \/>\n<meta property=\"og:image\" content=\"http:\/\/www.visit-ulcinj.com\/blog\/wp-content\/uploads\/2009\/11\/Dr_-Nail-Draga_1.jpg\" \/>\n<meta name=\"twitter:label1\" content=\"Written by\" \/>\n\t<meta name=\"twitter:data1\" content=\"ulqini\" \/>\n\t<meta name=\"twitter:label2\" content=\"Est. reading time\" \/>\n\t<meta name=\"twitter:data2\" content=\"2 minutes\" \/>\n<script type=\"application\/ld+json\" class=\"yoast-schema-graph\">{\"@context\":\"https:\/\/schema.org\",\"@graph\":[{\"@type\":\"WebSite\",\"@id\":\"https:\/\/www.visit-ulcinj.com\/blog\/#website\",\"url\":\"https:\/\/www.visit-ulcinj.com\/blog\/\",\"name\":\"Lajme nga Ulqini\",\"description\":\"Lajme,Vijesti,Ulqini,Ulqin,Crna Gora,Mali i Zi\",\"potentialAction\":[{\"@type\":\"SearchAction\",\"target\":{\"@type\":\"EntryPoint\",\"urlTemplate\":\"https:\/\/www.visit-ulcinj.com\/blog\/?s={search_term_string}\"},\"query-input\":\"required name=search_term_string\"}],\"inLanguage\":\"en-US\"},{\"@type\":\"ImageObject\",\"inLanguage\":\"en-US\",\"@id\":\"https:\/\/www.visit-ulcinj.com\/blog\/2009\/11\/17\/inicohet-hapja-e-konsulates-se-shqiperise-ne-ulqin\/#primaryimage\",\"url\":\"https:\/\/www.visit-ulcinj.com\/blog\/wp-content\/uploads\/2009\/11\/Dr_-Nail-Draga_1.jpg\",\"contentUrl\":\"https:\/\/www.visit-ulcinj.com\/blog\/wp-content\/uploads\/2009\/11\/Dr_-Nail-Draga_1.jpg\",\"width\":\"1100\",\"height\":\"825\"},{\"@type\":\"WebPage\",\"@id\":\"https:\/\/www.visit-ulcinj.com\/blog\/2009\/11\/17\/inicohet-hapja-e-konsulates-se-shqiperise-ne-ulqin\/#webpage\",\"url\":\"https:\/\/www.visit-ulcinj.com\/blog\/2009\/11\/17\/inicohet-hapja-e-konsulates-se-shqiperise-ne-ulqin\/\",\"name\":\"Inicohet hapja e Konsulat\u00ebs s\u00eb Shqiperise n\u00eb Ulqin - Lajme nga Ulqini\",\"isPartOf\":{\"@id\":\"https:\/\/www.visit-ulcinj.com\/blog\/#website\"},\"primaryImageOfPage\":{\"@id\":\"https:\/\/www.visit-ulcinj.com\/blog\/2009\/11\/17\/inicohet-hapja-e-konsulates-se-shqiperise-ne-ulqin\/#primaryimage\"},\"datePublished\":\"2009-11-17T16:36:50+00:00\",\"dateModified\":\"2009-11-17T16:41:34+00:00\",\"author\":{\"@id\":\"https:\/\/www.visit-ulcinj.com\/blog\/#\/schema\/person\/dcab619c614d3038751c63bc2aadc06d\"},\"description\":\"KONFERENC\u00cb P\u00cbR MEDIA \u2013 17.11.2009 Nr. 294\/09 INICOHET HAPJA E KONSULAT\u00cbS S\u00cb SHQIPERISE N\u00cb ULQIN N\u00eb saj\u00eb t\u00eb\u00a0 bashk\u00ebpunimit intensiv te Malit te Zi dhe\",\"breadcrumb\":{\"@id\":\"https:\/\/www.visit-ulcinj.com\/blog\/2009\/11\/17\/inicohet-hapja-e-konsulates-se-shqiperise-ne-ulqin\/#breadcrumb\"},\"inLanguage\":\"en-US\",\"potentialAction\":[{\"@type\":\"ReadAction\",\"target\":[\"https:\/\/www.visit-ulcinj.com\/blog\/2009\/11\/17\/inicohet-hapja-e-konsulates-se-shqiperise-ne-ulqin\/\"]}]},{\"@type\":\"BreadcrumbList\",\"@id\":\"https:\/\/www.visit-ulcinj.com\/blog\/2009\/11\/17\/inicohet-hapja-e-konsulates-se-shqiperise-ne-ulqin\/#breadcrumb\",\"itemListElement\":[{\"@type\":\"ListItem\",\"position\":1,\"name\":\"Inicohet hapja e Konsulat\u00ebs s\u00eb Shqiperise n\u00eb Ulqin\"}]},{\"@type\":\"Person\",\"@id\":\"https:\/\/www.visit-ulcinj.com\/blog\/#\/schema\/person\/dcab619c614d3038751c63bc2aadc06d\",\"name\":\"ulqini\",\"sameAs\":[\"http:\/\/www.visit-ulcinj.com\"],\"url\":\"https:\/\/www.visit-ulcinj.com\/blog\/author\/admin\/\"}]}<\/script>\n<!-- \/ Yoast SEO plugin. -->","yoast_head_json":{"title":"Inicohet hapja e Konsulat\u00ebs s\u00eb Shqiperise n\u00eb Ulqin  - Lajme nga Ulqini","description":"KONFERENC\u00cb P\u00cbR MEDIA \u2013 17.11.2009 Nr. 294\/09 INICOHET HAPJA E KONSULAT\u00cbS S\u00cb SHQIPERISE N\u00cb ULQIN N\u00eb saj\u00eb t\u00eb\u00a0 bashk\u00ebpunimit intensiv te Malit te Zi dhe","robots":{"index":"index","follow":"follow","max-snippet":"max-snippet:-1","max-image-preview":"max-image-preview:large","max-video-preview":"max-video-preview:-1"},"canonical":"https:\/\/www.visit-ulcinj.com\/blog\/2009\/11\/17\/inicohet-hapja-e-konsulates-se-shqiperise-ne-ulqin\/","og_locale":"en_US","og_type":"article","og_title":"Inicohet hapja e Konsulat\u00ebs s\u00eb Shqiperise n\u00eb Ulqin  - Lajme nga Ulqini","og_description":"KONFERENC\u00cb P\u00cbR MEDIA \u2013 17.11.2009 Nr. 294\/09 INICOHET HAPJA E KONSULAT\u00cbS S\u00cb SHQIPERISE N\u00cb ULQIN N\u00eb saj\u00eb t\u00eb\u00a0 bashk\u00ebpunimit intensiv te Malit te Zi dhe","og_url":"https:\/\/www.visit-ulcinj.com\/blog\/2009\/11\/17\/inicohet-hapja-e-konsulates-se-shqiperise-ne-ulqin\/","og_site_name":"Lajme nga Ulqini","article_published_time":"2009-11-17T16:36:50+00:00","article_modified_time":"2009-11-17T16:41:34+00:00","og_image":[{"url":"http:\/\/www.visit-ulcinj.com\/blog\/wp-content\/uploads\/2009\/11\/Dr_-Nail-Draga_1.jpg"}],"twitter_misc":{"Written by":"ulqini","Est. reading time":"2 minutes"},"schema":{"@context":"https:\/\/schema.org","@graph":[{"@type":"WebSite","@id":"https:\/\/www.visit-ulcinj.com\/blog\/#website","url":"https:\/\/www.visit-ulcinj.com\/blog\/","name":"Lajme nga Ulqini","description":"Lajme,Vijesti,Ulqini,Ulqin,Crna Gora,Mali i Zi","potentialAction":[{"@type":"SearchAction","target":{"@type":"EntryPoint","urlTemplate":"https:\/\/www.visit-ulcinj.com\/blog\/?s={search_term_string}"},"query-input":"required name=search_term_string"}],"inLanguage":"en-US"},{"@type":"ImageObject","inLanguage":"en-US","@id":"https:\/\/www.visit-ulcinj.com\/blog\/2009\/11\/17\/inicohet-hapja-e-konsulates-se-shqiperise-ne-ulqin\/#primaryimage","url":"https:\/\/www.visit-ulcinj.com\/blog\/wp-content\/uploads\/2009\/11\/Dr_-Nail-Draga_1.jpg","contentUrl":"https:\/\/www.visit-ulcinj.com\/blog\/wp-content\/uploads\/2009\/11\/Dr_-Nail-Draga_1.jpg","width":"1100","height":"825"},{"@type":"WebPage","@id":"https:\/\/www.visit-ulcinj.com\/blog\/2009\/11\/17\/inicohet-hapja-e-konsulates-se-shqiperise-ne-ulqin\/#webpage","url":"https:\/\/www.visit-ulcinj.com\/blog\/2009\/11\/17\/inicohet-hapja-e-konsulates-se-shqiperise-ne-ulqin\/","name":"Inicohet hapja e Konsulat\u00ebs s\u00eb Shqiperise n\u00eb Ulqin - Lajme nga Ulqini","isPartOf":{"@id":"https:\/\/www.visit-ulcinj.com\/blog\/#website"},"primaryImageOfPage":{"@id":"https:\/\/www.visit-ulcinj.com\/blog\/2009\/11\/17\/inicohet-hapja-e-konsulates-se-shqiperise-ne-ulqin\/#primaryimage"},"datePublished":"2009-11-17T16:36:50+00:00","dateModified":"2009-11-17T16:41:34+00:00","author":{"@id":"https:\/\/www.visit-ulcinj.com\/blog\/#\/schema\/person\/dcab619c614d3038751c63bc2aadc06d"},"description":"KONFERENC\u00cb P\u00cbR MEDIA \u2013 17.11.2009 Nr. 294\/09 INICOHET HAPJA E KONSULAT\u00cbS S\u00cb SHQIPERISE N\u00cb ULQIN N\u00eb saj\u00eb t\u00eb\u00a0 bashk\u00ebpunimit intensiv te Malit te Zi dhe","breadcrumb":{"@id":"https:\/\/www.visit-ulcinj.com\/blog\/2009\/11\/17\/inicohet-hapja-e-konsulates-se-shqiperise-ne-ulqin\/#breadcrumb"},"inLanguage":"en-US","potentialAction":[{"@type":"ReadAction","target":["https:\/\/www.visit-ulcinj.com\/blog\/2009\/11\/17\/inicohet-hapja-e-konsulates-se-shqiperise-ne-ulqin\/"]}]},{"@type":"BreadcrumbList","@id":"https:\/\/www.visit-ulcinj.com\/blog\/2009\/11\/17\/inicohet-hapja-e-konsulates-se-shqiperise-ne-ulqin\/#breadcrumb","itemListElement":[{"@type":"ListItem","position":1,"name":"Inicohet hapja e Konsulat\u00ebs s\u00eb Shqiperise n\u00eb Ulqin"}]},{"@type":"Person","@id":"https:\/\/www.visit-ulcinj.com\/blog\/#\/schema\/person\/dcab619c614d3038751c63bc2aadc06d","name":"ulqini","sameAs":["http:\/\/www.visit-ulcinj.com"],"url":"https:\/\/www.visit-ulcinj.com\/blog\/author\/admin\/"}]}},"jetpack_featured_media_url":"","jetpack_sharing_enabled":true,"jetpack_shortlink":"https:\/\/wp.me\/pe6lTn-761","_links":{"self":[{"href":"https:\/\/www.visit-ulcinj.com\/blog\/wp-json\/wp\/v2\/posts\/27281"}],"collection":[{"href":"https:\/\/www.visit-ulcinj.com\/blog\/wp-json\/wp\/v2\/posts"}],"about":[{"href":"https:\/\/www.visit-ulcinj.com\/blog\/wp-json\/wp\/v2\/types\/post"}],"author":[{"embeddable":true,"href":"https:\/\/www.visit-ulcinj.com\/blog\/wp-json\/wp\/v2\/users\/1"}],"replies":[{"embeddable":true,"href":"https:\/\/www.visit-ulcinj.com\/blog\/wp-json\/wp\/v2\/comments?post=27281"}],"version-history":[{"count":0,"href":"https:\/\/www.visit-ulcinj.com\/blog\/wp-json\/wp\/v2\/posts\/27281\/revisions"}],"wp:attachment":[{"href":"https:\/\/www.visit-ulcinj.com\/blog\/wp-json\/wp\/v2\/media?parent=27281"}],"wp:term":[{"taxonomy":"category","embeddable":true,"href":"https:\/\/www.visit-ulcinj.com\/blog\/wp-json\/wp\/v2\/categories?post=27281"},{"taxonomy":"post_tag","embeddable":true,"href":"https:\/\/www.visit-ulcinj.com\/blog\/wp-json\/wp\/v2\/tags?post=27281"}],"curies":[{"name":"wp","href":"https:\/\/api.w.org\/{rel}","templated":true}]}}