{"id":2732,"date":"2008-08-26T12:49:54","date_gmt":"2008-08-26T17:49:54","guid":{"rendered":"http:\/\/www.visit-ulcinj.com\/blog\/?p=2732"},"modified":"2008-08-26T12:49:54","modified_gmt":"2008-08-26T17:49:54","slug":"marovic-mali-i-zi-nen-presion-per-ta-njohur-kosoven","status":"publish","type":"post","link":"https:\/\/www.visit-ulcinj.com\/blog\/2008\/08\/26\/marovic-mali-i-zi-nen-presion-per-ta-njohur-kosoven\/","title":{"rendered":"Marovic: Mali i Zi n\u00ebn presion p\u00ebr ta njohur Kosov\u00ebn"},"content":{"rendered":"<p><a href=\"http:\/\/www.osce.org\/photo_gal\/web_3011_760930_1051268470.jpg\"><img loading=\"lazy\" class=\"alignleft\" title=\"svetozar Marovic\" src=\"http:\/\/www.osce.org\/photo_gal\/web_3011_760930_1051268470.jpg\" alt=\"\" width=\"300\" height=\"200\" \/><\/a>PODGORICE-N\u00ebnkryetari i partis\u00eb n\u00eb pushtet n\u00eb Mal t\u00eb Zi, Svetozar Marovic deklaron se Mali i Zi ndodhet n\u00ebn presion p\u00ebr ta njohur pavar\u00ebsin\u00eb e Kosov\u00ebs.<br \/>\nN\u00eb nj\u00eb intervist\u00eb p\u00ebr Televizionin e Malit t\u00eb Zi, Marovic, n\u00ebnkryetar i Partis\u00eb Demokratike t\u00eb Socialist\u00ebve (DPS), tha se \u00e7\u00ebshtja e Kosov\u00ebs \u00ebsht\u00eb shum\u00eb e ndjeshme dhe se nuk ka afate t\u00eb caktuara se kur Mali i Zi duhet t\u00eb deklarohet p\u00ebr pavar\u00ebsin\u00eb e Kosov\u00ebs.<br \/>\nMegjithat\u00eb, ai u shpreh se ka presione, nd\u00ebrsa shtoi se nga pushteti nuk mund t\u00eb pritet q\u00eb \u00e7\u00ebshtja e Kosov\u00ebs t\u00eb vihet n\u00eb peshw me \u00e7\u00ebshtjen e integrimeve evropiane.<br \/>\nKjo, sipas tij, do t\u00eb thot\u00eb se \u201cMali i Zi sigurisht se do t\u00eb vihet n\u00eb nj\u00eb pozit\u00eb kur duhet t\u00eb zgjedh\u00eb se \u00e7ka \u00ebsht\u00eb m\u00eb e r\u00ebnd\u00ebsishme p\u00ebr t\u00eb \u2013 t\u00eb shkoj\u00eb drejt Europ\u00ebs dhe an\u00ebtar\u00ebsimit t\u00eb plot\u00eb n\u00eb institucionet evropiane &#8211; apo t\u00eb vihet n\u00eb nj\u00eb situat\u00eb kur ato prioritete, q\u00eb jan\u00eb synim i Malit t\u00eb Zi, ndoshta p\u00ebr momentin t\u2019i vendos\u00eb n\u00eb plan t\u00eb dyt\u00eb\u201d.<br \/>\nMarovic, i cili e p\u00ebrshkruan Kosov\u00ebn si realitet, nuk ka dh\u00ebn\u00eb ndonj\u00eb dat\u00eb t\u00eb caktuar se kur pritet q\u00eb Mali i Zi t\u00eb deklarohet p\u00ebr pavar\u00ebsin\u00eb e saj \u2013 megjithat\u00eb, ai u shpreh se p\u00ebr Kosov\u00ebn duhet t\u00eb zhvillohet nj\u00eb diskutim i gjer\u00eb n\u00eb Mal t\u00eb Zi, madje edhe n\u00eb Parlament, p\u00ebr \u201ct\u00eb marr\u00eb mendimet e t\u00eb gjitha partive parlamentare n\u00eb k\u00ebt\u00eb vend\u201d.<br \/>\n<strong>Burimi (s.g\/Balkanweb)<\/strong><\/p>\n<p><!-- vimeo error: not a vimeo video --><br \/>\n<a class=\"aligncenter\" title=\"???? ????,?????,Ulcinj,Montenegru,??????????,\u00c7ernoqoriya,???????????,Montenegiro,?ern\u00e1 Hora,??????????,Cz\u00f4rnog\u00f3ra,Cz\u00f4rn\u00f4 G\u00f3ra,Carna G\u00f3ra,T\u0161ernogooria,\u00c7ernogoriya,Montain\u00e9agr\u00f3,Montenegwo,?orna Hora,Montenegr\u00f3,M?ntenigro,Chernogoriya ,\u00c7\u00earnogor\u00ee ,?????????,????????? ,??????? ,Montes Nigrae,Mons Niger,M\u00f4ntenegr\u00f4,Muntenegru,??????????,Czarnog\u00f3ra,Muntinigru,Muntenegro,\nMuntenegru,\t?ierna Hora,Cxerngora,????????,?rna gora,Moontineegro,?ornog?ra,\u00c7ernogori\u00fda,Chernogoriya,Mont\u00f5negro,????? ???? ,?r?na Gora,?r?nogorije,?ernogorija,?arnahoryja,??????????,???????????????????? ,?ern?g?riy\u00e2,M?nt?n??r?,????? ?????? ,????????,??????????,???????????,M?nten?gro,???? ????? ,????????,M\u00f4ntenegr\u00f4,????????????,???????????,????????????, ??????????? ,????????????,??????????? ,??\/?? ,??????,????? ,Muntenegru, ????? ????, Montenegr?,chambres \u00e0 louer \u00e0 ulcinj, location de vacance, location saisonni\u00e8res, louer villa,location de vacance, Locations vacance, h\u00e9bergements vacances, locations villa, logements de vacances, location maison avec piscine, Location vacance, locations de vacance, h\u00e9bergements de vacances, location villa, locations entre particulier, logements vacance, vacances \u00e0 Mont\u00e9n\u00e9gro - location \u00e0 Ulcinj ,location  de bigorre,Urlaub in Ulcinj -Montenegro,Hotelbewertungen Ulcinj,Reisen Ulcinj, Urlaub Ulcinj,Hotel in Serbien und Montenegro von Urlaubern bewertet,Wohnungen,Kurorte,Reservierung,Hotels,Zimmer,studio,?ern? Hora, Chaty a byty, Hotely a penziony, Priv?ty, L?zn?, rezervace ubytov?n?,apartm?n\u00ad,noc,pokoj\u00ad,v?hled na mo?e,noc p??zem?,v?hled na hory,l??ko\u00ad,Hotel Priv?t,l??ko\u00ad+sn?dan?\u00ad,dovolen?,studio penzion,Ulcinj ubytov?n?,?ern? Hora,ubytov?n?,apartm?ny,Turistick? komplex Ada na ostrov? Ada Bojana,Pobyty u mo?e,hit sez?ny 2008,FKK nudistick\u00e9ho ada bojana,bungalovy,Velkou pl??,ubytov?n?,Fotografie m?ste?ka Ulcinj,Ada Bojana hotelov? nudistick?,Pl??e a koup?n?,Montenegr?,Sz?lloda,Fizet?vend\u00e9gl?t?,szoba\u00ad,\u00e9jszaka,st?di?,F?ldszint,kil?t?s a hegyekre,F?ldszint,kil?t?s a tengerre,\u00e9jszaka erk\u00e9ly, kil?t?s a tengerre,Ulcinj, Vend\u00e9gh?zak \u00e9s apartmanok, Sz?llod?k, Fizet?vend\u00e9gl?t?s, Gy?gyf\u00fcrd?k,?sszes, Aparthotel, Apartman, Bungal?, Fah?z, Fogad?, Haj?, Hotel, Kast\u00e9lysz?ll?, nincs sz?ll?s, P?lyasz?ll?s, Panzi?, Vend\u00e9gh?z, Wellness Sz?lloda,Camer? Accommodation,De coast? Ulcinj,apartmanh?z,Preno?i??e,Vend\u00e9gh?z,Szoba,Szobe ulcinj,Czarnog?ra, Domki i kwatery, Hotele, Pensjonaty rodzinne, Uzdrowiska - ulcinj rezerwacja nocleg?w,Vend\u00e9gh?zak \u00e9s apartmanok,Sz?llod?k,Fizet?vend\u00e9gl?t?s,Gy?gyf\u00fcrd?k ,sz?ll?sfoglal?s,Ulcinjska Riwiera,SOPOL - Touroperator. Wczasy, oferty last minute, bilety samolotowe,Wielka plaza\" 13km dlugosci,W?ochy. Promocje Bilety autokarowe. Dojazd wlasny, dolomity,Pensjonat rodzinny,noc partera, widok na morze,widok na morze,apartament\u00ad,???ko\u00ad+?niadanie,pok?j,noc,w ka?dym pokoju TV,osobowy pok?j, balkon w ka?dym pokoju, wsp?lny w?ze? sanitarny,Pok?j ulcinj,Wszystkie pokoje maja lazienki,Ceny 7 euros za osobe,zni?ka 20 % dla dzieci w wieku 2-14,Ubytov?n?,klimatyzacja,wakacje ulcinj,kamping?w naturystycznych,1os?b Ceny 7,Crna Gora, Vikendice i stanovi, Hoteli, Privatni sme?taji, Banja, rezervacija sme?taja,Privatan sme?taj,le?aj\u00ad,soba,no?,pogled na more,pogled na planine,Chalet e appartamenti, Alberghi, Alloggio presso privati, Terme, la prenotazione dell'alloggio,vista sul mare,vista sulla montagna,Albergo ulcinj,posto letto\u00ad,notte,1persone-7 euro,camera\u00ad ulcinj montenegro,appartamento\u00ad,notte,Visita del castello ulcinj,vita di mare ulcinj,L'alloggio in alcuni casi scende anche al di sotto di 7-10 euro presso i privati,ulcinj Homelidays,ulcinj il leader dell\u2019affitto di Case Vacanza tra privati in Europa,Preno?i??e, Preno?i??a,l'isola di Ada Bojana,Private Unterkunft,Blick aufs Meer,Ausblick zu den Berge,Zimmer\u00ad in ulcinj,Family pensions,reservation of accommodation,view to the mountains,view to the see,Family pension,room\u00ad,summer vacation ulcinj,Cottages and apartments,Last minute list to find studio,dhoma me qera,krevati 7 euro ne ulqin,dhoma ne detin e ulqinit,pushime ulqin 2008,???????? ? ???????????, ?????, ???????? ??????????, ??????? , ???????????? ??????????,???????? ?????????,??????????,??? ?? ????,??? ?? ????,???????,?????,??????,???,?????,??????,??????,????? ??????,Mont\u00e9n\u00e9gro, Chalets et appartements, H\u00f4tels, Pensions de famille, Stations baln\u00e9aires, r\u00e9servation d'h\u00e9bergement,vue sur les montagnes,vue sur la mer,chambre\u00ad,H\u00e9bergement dans la maison d'appartements,Chambre \u00e0 louer 7\u20ac le lit,Chambre d h\u00f4tes dans Appartement,vacances en famille,H\u00e9bergement,activit\u00e9s, plong\u00e9e,Site de tourisme ulcinj,Private Unterkunft ,Billig Urlaub in Ulcinj,ferienh?user,ferienwohnung,Billige Ferienh?user,Ferienwohnung ULCINJ,Ferien an der Adria,Urlaub im Ferienhaus ulcinjBilligreisen Ulcinj,Pauschalreisen,FKK Strand Ada Bojana ulcinj,Last Minute Angebote ulcinj,Preise f\u00fcr Lastminute,Kleinanzeigen gratis,Ausflug nach Ulcinj,FKK-Reisen ada bojana,FKK-Urlaub ulcinj,Privatni smje?taj,rezervacija smje?taja,apartmani,sobe,ku?e,odmor,sobe za odmor ulcinj,Pretra?ivanje privatnog smje?taja,rooms rent accommodation ulcinj, rentail private accommodation ulcinj,?elite rezervirati privatni smje?taj,Private accommodation,Smje?taj ulcinj,Pushime Verore ulqin,pushime t\u00eb lira n\u00eb ulqin,Pushime ne plazh,Pushime te kendshme,dhoma per pushime ulqin,dhoma me qera ulqin,dhoma te lira ulqin,pushime te lira ulqin,mali i zi,kosova,maqedoni,shqiperi,Pushime ne det te ulqinit,godi?nji odmor u ulcinj,odmor u ulcinj,Ku?a za odmor,kuda na odmor,ljetovanje u ulcinj,slobodne sobe,dhoma te lira,ku?a uz more,turisti?ka ponuda,odmor i zabava,povolne cene,sobe,usluge,Mjesto za Va? odmor , Place for Your holiday,Odmor portal,putovanaja,Iznajmljivanje soba ulcinj,odmor ulcinj info,Va?e mjesto za odmor ulcinj,nudisticka plaza ada bojana,smjestaj ponuda ulcinj,lokacioni i dhomave ulqin,deti,plazhet e bukura,diskoteka,zbavitja,.\" copacabana ulcinj,  h\u00f4tels,  hotel ulqin,  Kosova,  Mali i Zi,  Maqedonija,  Montenegro,  montenegro tourisme plage,  montenegro ulcinj,  Shpallje Falas,  Shpallje Falas per shitjen e shtepis se juaj,  Shpallje Falas per villat e juaj,  Shpallje Falas Real Estate,  Shpallje Falas turistike,  shqiperija,  tourisme,  Ulci?,  ulcinj,  ulqin,  ulqin hotel,  ulqini,  ulqini 2007,Ada Bojana,  Alba?czyk,  Cita di Dolcino,  Copacabana,  Czarnog\u00f3ra,  Czarnog\u00f3rzec,  Don Kichota,  Ma?a Pla?a,  Mandra,  MIGUEL DE SERVANTES,  p\u00f3?wyspy Marjan,  Pla?a Valdanos,  Rzeka Bojana,  Shas \/ \u0160as \/ Sva?,  Ulci?,  Ulcinjsk? Riwier?,  Wielka Pla?a,  Wyspa Bojana,WELCOME ,BIENVENUE , WILLKOMMEN ,- BENVENUTO ,- MIR\u00cb SE VINI ,- DOBRO DO\u0160LI TO ULCINJ \/ ULQIN ,\u2013 MONTENEGRO ,????? ?????????? ,- VITAJTE, - BRUCHIM HABAYIM ,-V\u00cdTEJTE, - WITAJCIE, - KHOSH \u00c2MAD\u00ceD ,- BITAEMO ,- CHAIRE, - ZAPRASHAJEM ,- V\u00c4LKOMMEN,  - VELKOMMEN ,- DOBRE DOSHLE, - PARI YEGAK ,- SW\u00c2GATAM, - ISTEN HOZTA, - ZAYT VILKUM, - HO?GELDINIZ ,- BIENVENIDOS ,- SUSHRI AKAL, - HUSH KILDEGEZ, - BUN VENIT, - PE KHER RAGLE, - BEM-VINDO, - HUAN YIN ,- BIEN ATI VENI ,- \u00c2SANTU ,- SELAMAT DATANG, - W\u00cbLLKOMM ,- XUSH AMD\u00ceD, - SVEIKI, - HUN BI XER HATIN, - KIRINIZ ,- ENNA ,VISHAYAM ,- MERHABA ,- F\u00c1ILTE, - VELKOMINN ,- VAELKOMIN, - TERE TULEMAST ,- M\u00c4RSHA W\u00daGH\u00cdL ,- MISHTO AVILAN , WELKOM ,- TERVETULOA ,- ONGI ETORRI ,-, REKHIM ITEGEZ ,- XOSH G\u00c4LM\u00ceS\u00c4N, - WILICOM ,- CROESO ,- SHAGATOM, - IRASHAIMASU ,- KEBLAR, - AHUP YAN, - IRKHT ERGANAVIDN, - LUID, - SOHM SW\u00c2KOHM, - URAKAZA ,- KARIBU, - SELAM, - VIDZA ,KORAM -, YEYACHI -, KUSHE - ,BIENVENIDA -, ESIET SVEICINATI ,- FAILT ,- ,KRUPAY\u00c2 \u00c2TUY\u00c2, - MAIEM ,- BENVEGN\u00dcU ,- TAVTAI ,MORIL, - TAMA ,- BENVINUTU ,- SILAMO, - WILUJENG SUMPING ,- MABUHAY ,- GAZHACA \u00cbTISKOM, - DOBRO POZHALOVAT' ,- TISTIK ,- ISIBINGELELO, - BALLE, - INDE TORN LAP ,- SOO DHA WOOW ,- PILIGANIMU, - MALIU MAI, - PASAYKAMOY, - HAERE MAI, - BOYEI BOLAMU ,- BARKA D\u00c1 ZUW\u00c1 ,- W\u00c2CHIY\u00c2 , KOPIVOSIAN ,- SANSOF\u00c9 ,- KALOS ORISATE, - W\u00c4LJKIIMEN ,- ILO LA, - WILKEMEN, - A JARAAMA ,- TUAJ LOS ,- DUMANON CAYO, - ADANAVE ,\u2013 VITAMEVAS , MALI I ZI,CRNA GORA,??????????,???????,??????????, ?ern\u00e1 Hora,TO ULCINJ \/ ULQIN \u2013 MONTENEGRO, Czarnog\u00f3ra, Muntenegru, ????? ????, Montenegr\u00f3,,Holiday ,Beach,Vacation,WELCOME ,BIENVENUE , WILLKOMMEN ,- BENVENUTO ,- MIR\u00cb SE VINI ,- DOBRO DO\u0160LI TO ULCINJ \/ ULQIN ,\u2013 MONTENEGRO ,????? ?????????? ,- VITAJTE, - BRUCHIM HABAYIM ,-V\u00cdTEJTE, - WITAJCIE, - KHOSH \u00c2MAD\u00ceD ,- BITAEMO ,- CHAIRE, - ZAPRASHAJEM ,- V\u00c4LKOMMEN,  - VELKOMMEN ,- DOBRE DOSHLE, - PARI YEGAK ,- SW\u00c2GATAM, - ISTEN HOZTA, - ZAYT VILKUM, - HO?GELDINIZ ,- BIENVENIDOS ,- SUSHRI AKAL, - HUSH KILDEGEZ, - BUN VENIT, - PE KHER RAGLE, - BEM-VINDO, - HUAN YIN ,- BIEN ATI VENI ,- \u00c2SANTU ,- SELAMAT DATANG, - W\u00cbLLKOMM ,- XUSH AMD\u00ceD, - SVEIKI, - HUN BI XER HATIN, - KIRINIZ ,- ENNA ,VISHAYAM ,- MERHABA ,- F\u00c1ILTE, - VELKOMINN ,- VAELKOMIN, - TERE TULEMAST ,- M\u00c4RSHA W\u00daGH\u00cdL ,- MISHTO AVILAN , WELKOM ,- TERVETULOA ,- ONGI ETORRI ,-, REKHIM ITEGEZ ,- XOSH G\u00c4LM\u00ceS\u00c4N, - WILICOM ,- CROESO ,- SHAGATOM, - IRASHAIMASU ,- KEBLAR, - AHUP YAN, - IRKHT ERGANAVIDN, - LUID, - SOHM SW\u00c2KOHM, - URAKAZA ,- KARIBU, - SELAM, - VIDZA ,KORAM -, YEYACHI -, KUSHE - ,BIENVENIDA -, ESIET SVEICINATI ,- FAILT ,- ,KRUPAY\u00c2 \u00c2TUY\u00c2, - MAIEM ,- BENVEGN\u00dcU ,- TAVTAI ,MORIL, - TAMA ,- BENVINUTU ,- SILAMO, - WILUJENG SUMPING ,- MABUHAY ,- GAZHACA \u00cbTISKOM, - DOBRO POZHALOVAT ,- TISTIK ,- ISIBINGELELO, - BALLE, - INDE TORN LAP ,- SOO DHA WOOW ,- PILIGANIMU, - MALIU MAI, - PASAYKAMOY, - HAERE MAI, - BOYEI BOLAMU ,- BARKA D\u00c1 ZUW\u00c1 ,- W\u00c2CHIY\u00c2 , KOPIVOSIAN ,- SANSOF\u00c9 ,- KALOS ORISATE, - W\u00c4LJKIIMEN ,- ILO LA, - WILKEMEN, - A JARAAMA ,- TUAJ LOS ,- DUMANON CAYO, - ADANAVE ,\u2013 VITAMEVAS , MALI I ZI,CRNA GORA,??????????,???????,??????????, ?ern\u00e1 Hora,TO ULCINJ \/ ULQIN,MONTENEGRO, Czarnog\u00f3ra, Muntenegru, ????? ????, Montenegr\u00f3,Adelina Isamajli,  Albaniku,  Artana,  Bujanoci,  Burimi,  Dardana,  Dardan\u00eb,  De\u00e7an,  Dibra,  Drenas,  Drenasi,  Ferizaj,  Ferizaji,  Fush\u00eb Kosova,  Fush\u00eb Kosov\u00eb,  Gjakova,  Gjakov\u00eb,  Gjilan,  Gjilani,  Gostivari,  Istog,  Istog\u00b7,  Ka\u00e7anik,  Ka\u00e7aniku,  Kastrioti,  K\u00ebr\u00e7ova,  Klina,  Klin\u00eb,  Kumanova,  Leposaviq,  Leskovci,  Likova,  Lipjan,  Lipjani,  Malisheva,  Malishev\u00eb,  Manastiri,  Medvegja,  Mitrovica,  Mitrovic\u00eb,  Novob\u00ebrd\u00eb,  Obiliq\u00b7 Rahovec,  Ohri,  Peja,  Pej\u00eb,  Podujeva,  Podujev\u00eb,  Presheva,  Prishtina,  Prishtin\u00eb,  Prizren,  Prizreni,  Rahoveci,  Sharri,  Sharri (Kosov\u00eb),  Shkupi,  Sht\u00ebrpca,  Sht\u00ebrpc\u00eb,  Shtime,  Sk\u00ebnderaj,  Struga,  Tetova,  Theranda,  Therand\u00eb,  Triumf Riza,  Veleshta,  Viti,  Vitia,  Vushtrri,  Vushtrria,  Zubin Potok,  Zubin Potoku,  Zve\u00e7an,  Zve\u00e7ani,villa \u00e0 louer \u00e0 ulcinj, location de vacance, location saisonni\u00e8res, louer hotel,location de vacance, Locations vacance, h\u00e9bergements vacances, , logements de vacances, location maison avec piscine, Location vacance, locations de vacance, h\u00e9bergements de vacances,  locations entre particulier, logements vacance, vacances \u00e0 Mont\u00e9n\u00e9gro - location \u00e0 Ulcinj ,location  de bigorre.\" href=\"http:\/\/www.visit-ulcinj.com\/tourism\/\" target=\"_blank\"><img loading=\"lazy\" style=\"float: right;\" src=\"http:\/\/www.visit-ulcinj.com\/blog\/wp-content\/uploads\/2008\/06\/holiday-rental-ulcinj-ulqini_ulqin_logo.gif\" alt=\"Apatin,  Aran?elovac,  ?uprija,  ?a?ak,  ?apljina,  ?itluk,  \u0160abac,  \u0160ipovo,  \u0160iroki Brijeg,  \u017dep?e,  \u017divinice,  Ba?ka Palanka,  Banja Luka,  Banovi?i,  Be?ej,  beograd,  Biha?,  Bijeljina,  Bor,  Bor?a,  Bosanska Gradi\u0161ka,  Bosanska Krupa,  Bosanski \u0160amac,  Bosanski Brod,  Bosanski Novi,  Br?ko,  Bu\u017eim,  Bugojno,  Cazin,  Crna Gora,  Derventa,  Doboj,  Donji Vakuf,  Drvar,  Dubrovnik,  Fo?a,  Fojnica,  Glamo?,  Gora\u017ede,  Gornji Milanovac,  Gornji Vakuf,  gostivar,  Gra?anica,  Grada?ac,  Gradiska,  Grahovo,  Had\u017ei?i,  Ilid\u017ea,  In?ija,  Jablanica,  Jagodina,  Jajce,  Kakanj,  Kalu?erica,  Kikinda,  Klju?,  Konjic,  Kotor Varo\u0161,  Kragujevac,  Kraljevo,  Kru\u0161evac,  Kula,  Kupres,  Lakta\u0161i,  Lazarevac,  Leskovac,  Livno,  Ljubinje,  ljublana,  Ljubu\u0161ki,  Loznica,  Lukavac,  Maglaj,  Mladenovac,  Modri?a,  montenegro erlajnz,  mostar,  Mrkonji? Grad,  Neum,  Ni\u0161,  Novi Pazar,  Novi Sad,  Novi Travnik,  Obrenovac,  Od\u017eak,  ohrid,  Ora\u0161je,  Pale,  Pan?evo,  Para?in,  Pirot,  Po\u017earevac,  Podgorica,  Priboj,  Prijedor,  Prokuplje,  Prozor,  pula,  rijeka,  Ruma,  Sanski Most,  Sarajevo,  Senta,  serbija,  sibenik,  skopje,  Smederevo,  Smederevska Palanka,  Sokolac,  Sombor,  split,  Srebrenica,  Srebrenik,  Sremska Mitrovica,  Stolac,  Struga,  Subotica,  Temerin,  Tesli?,  tetovo,  Travnik,  Trebinje,  tuzla,  U\u017eice,  ulcinj,  Valjevo,  Velika Kladu\u0161a,  Vi\u0161egrad,  Visoko,  Vitez,  Vogo\u0161?a,  vojvodina,  Vranje,  Vr\u0161ac,  Vrbas,  zadar,  Zagreb,  Zaje?ar,  Zavidovi?i,  Zenica,  Zrenjanin,  Zvornik,copacabana ulcinj,  h\u00f4tels,  hotel ulqin,  Kosova,  Mali i Zi,  Maqedonija,  Montenegro,  montenegro tourisme plage,  montenegro ulcinj,  Shpallje Falas,  Shpallje Falas per shitjen e shtepis se juaj,  Shpallje Falas per apartamentet e juaj,  Shpallje Falas Real Estate,  Shpallje Falas turistike,  shqiperija,  tourisme,  Ulci?,  ulcinj,  ulqin,  ulqin hotel,  ulqini,  ulqini 2007,Ada Bojana,  Alba?czyk,  Cita di Dolcino,  Copacabana,  Czarnog\u00f3ra,  Czarnog\u00f3rzec,  Don Kichota,  Ma?a Pla?a,  Mandra,  MIGUEL DE SERVANTES,  p\u00f3?wyspy Marjan,  Pla?a Valdanos,  Rzeka Bojana,  Shas \/ \u0160as \/ Sva?,  Ulci?,  Ulcinjsk? Riwier?,  Wielka Pla?a,  Wyspa Bojana,GORA,??????????,???????,??????????, ?ern\u00e1 Hora,TO ULCINJ \/ ULQIN,MONTENEGRO, Czarnog\u00f3ra, Muntenegru, ????? ????, Montenegr\u00f3,appartement \u00e0 louer \u00e0 ulcinj, location de vacance, location saisonni\u00e8res, louer chambres,location de vacance, Locations vacance, h\u00e9bergements vacances, locations villa, logements de vacances, location maison avec piscine, Location vacance, locations de vacance, h\u00e9bergements de vacances, location, locations entre particulier, logements vacance, vacances \u00e0 Mont\u00e9n\u00e9gro - location \u00e0 Ulcinj ,location  de bigorre.\" width=\"510\" height=\"145\" \/><\/a><\/p>\n","protected":false},"excerpt":{"rendered":"<p><img loading=\"lazy\" class=\"alignleft\" title=\"svetozar Marovic\" src=\"http:\/\/www.osce.org\/photo_gal\/web_3011_760930_1051268470.jpg\" alt=\"\" width=\"140\" height=\"140\" \/><\/p>\n","protected":false},"author":1,"featured_media":0,"comment_status":"open","ping_status":"closed","sticky":false,"template":"","format":"standard","meta":{"spay_email":"","jetpack_publicize_message":"","jetpack_is_tweetstorm":false,"jetpack_publicize_feature_enabled":true},"categories":[14,12,15],"tags":[49,95,4427],"jetpack_publicize_connections":[],"yoast_head":"<!-- This site is optimized with the Yoast SEO plugin v19.1 - https:\/\/yoast.com\/wordpress\/plugins\/seo\/ -->\n<title>Marovic: Mali i Zi n\u00ebn presion p\u00ebr ta njohur Kosov\u00ebn - Lajme nga Ulqini<\/title>\n<meta name=\"robots\" content=\"index, follow, max-snippet:-1, max-image-preview:large, max-video-preview:-1\" \/>\n<link rel=\"canonical\" href=\"https:\/\/www.visit-ulcinj.com\/blog\/2008\/08\/26\/marovic-mali-i-zi-nen-presion-per-ta-njohur-kosoven\/\" \/>\n<meta property=\"og:locale\" content=\"en_US\" \/>\n<meta property=\"og:type\" content=\"article\" \/>\n<meta property=\"og:title\" content=\"Marovic: Mali i Zi n\u00ebn presion p\u00ebr ta njohur Kosov\u00ebn - Lajme nga Ulqini\" \/>\n<meta property=\"og:url\" content=\"https:\/\/www.visit-ulcinj.com\/blog\/2008\/08\/26\/marovic-mali-i-zi-nen-presion-per-ta-njohur-kosoven\/\" \/>\n<meta property=\"og:site_name\" content=\"Lajme nga Ulqini\" \/>\n<meta property=\"article:published_time\" content=\"2008-08-26T17:49:54+00:00\" \/>\n<meta property=\"og:image\" content=\"http:\/\/www.osce.org\/photo_gal\/web_3011_760930_1051268470.jpg\" \/>\n<meta name=\"twitter:label1\" content=\"Written by\" \/>\n\t<meta name=\"twitter:data1\" content=\"ulqini\" \/>\n\t<meta name=\"twitter:label2\" content=\"Est. reading time\" \/>\n\t<meta name=\"twitter:data2\" content=\"1 minute\" \/>\n<script type=\"application\/ld+json\" class=\"yoast-schema-graph\">{\"@context\":\"https:\/\/schema.org\",\"@graph\":[{\"@type\":\"WebSite\",\"@id\":\"https:\/\/www.visit-ulcinj.com\/blog\/#website\",\"url\":\"https:\/\/www.visit-ulcinj.com\/blog\/\",\"name\":\"Lajme nga Ulqini\",\"description\":\"Lajme,Vijesti,Ulqini,Ulqin,Crna Gora,Mali i Zi\",\"potentialAction\":[{\"@type\":\"SearchAction\",\"target\":{\"@type\":\"EntryPoint\",\"urlTemplate\":\"https:\/\/www.visit-ulcinj.com\/blog\/?s={search_term_string}\"},\"query-input\":\"required name=search_term_string\"}],\"inLanguage\":\"en-US\"},{\"@type\":\"ImageObject\",\"inLanguage\":\"en-US\",\"@id\":\"https:\/\/www.visit-ulcinj.com\/blog\/2008\/08\/26\/marovic-mali-i-zi-nen-presion-per-ta-njohur-kosoven\/#primaryimage\",\"url\":\"http:\/\/www.osce.org\/photo_gal\/web_3011_760930_1051268470.jpg\",\"contentUrl\":\"http:\/\/www.osce.org\/photo_gal\/web_3011_760930_1051268470.jpg\"},{\"@type\":\"WebPage\",\"@id\":\"https:\/\/www.visit-ulcinj.com\/blog\/2008\/08\/26\/marovic-mali-i-zi-nen-presion-per-ta-njohur-kosoven\/#webpage\",\"url\":\"https:\/\/www.visit-ulcinj.com\/blog\/2008\/08\/26\/marovic-mali-i-zi-nen-presion-per-ta-njohur-kosoven\/\",\"name\":\"Marovic: Mali i Zi n\u00ebn presion p\u00ebr ta njohur Kosov\u00ebn - Lajme nga Ulqini\",\"isPartOf\":{\"@id\":\"https:\/\/www.visit-ulcinj.com\/blog\/#website\"},\"primaryImageOfPage\":{\"@id\":\"https:\/\/www.visit-ulcinj.com\/blog\/2008\/08\/26\/marovic-mali-i-zi-nen-presion-per-ta-njohur-kosoven\/#primaryimage\"},\"datePublished\":\"2008-08-26T17:49:54+00:00\",\"dateModified\":\"2008-08-26T17:49:54+00:00\",\"author\":{\"@id\":\"https:\/\/www.visit-ulcinj.com\/blog\/#\/schema\/person\/dcab619c614d3038751c63bc2aadc06d\"},\"breadcrumb\":{\"@id\":\"https:\/\/www.visit-ulcinj.com\/blog\/2008\/08\/26\/marovic-mali-i-zi-nen-presion-per-ta-njohur-kosoven\/#breadcrumb\"},\"inLanguage\":\"en-US\",\"potentialAction\":[{\"@type\":\"ReadAction\",\"target\":[\"https:\/\/www.visit-ulcinj.com\/blog\/2008\/08\/26\/marovic-mali-i-zi-nen-presion-per-ta-njohur-kosoven\/\"]}]},{\"@type\":\"BreadcrumbList\",\"@id\":\"https:\/\/www.visit-ulcinj.com\/blog\/2008\/08\/26\/marovic-mali-i-zi-nen-presion-per-ta-njohur-kosoven\/#breadcrumb\",\"itemListElement\":[{\"@type\":\"ListItem\",\"position\":1,\"name\":\"Marovic: Mali i Zi n\u00ebn presion p\u00ebr ta njohur Kosov\u00ebn\"}]},{\"@type\":\"Person\",\"@id\":\"https:\/\/www.visit-ulcinj.com\/blog\/#\/schema\/person\/dcab619c614d3038751c63bc2aadc06d\",\"name\":\"ulqini\",\"sameAs\":[\"http:\/\/www.visit-ulcinj.com\"],\"url\":\"https:\/\/www.visit-ulcinj.com\/blog\/author\/admin\/\"}]}<\/script>\n<!-- \/ Yoast SEO plugin. -->","yoast_head_json":{"title":"Marovic: Mali i Zi n\u00ebn presion p\u00ebr ta njohur Kosov\u00ebn - Lajme nga Ulqini","robots":{"index":"index","follow":"follow","max-snippet":"max-snippet:-1","max-image-preview":"max-image-preview:large","max-video-preview":"max-video-preview:-1"},"canonical":"https:\/\/www.visit-ulcinj.com\/blog\/2008\/08\/26\/marovic-mali-i-zi-nen-presion-per-ta-njohur-kosoven\/","og_locale":"en_US","og_type":"article","og_title":"Marovic: Mali i Zi n\u00ebn presion p\u00ebr ta njohur Kosov\u00ebn - Lajme nga Ulqini","og_url":"https:\/\/www.visit-ulcinj.com\/blog\/2008\/08\/26\/marovic-mali-i-zi-nen-presion-per-ta-njohur-kosoven\/","og_site_name":"Lajme nga Ulqini","article_published_time":"2008-08-26T17:49:54+00:00","og_image":[{"url":"http:\/\/www.osce.org\/photo_gal\/web_3011_760930_1051268470.jpg"}],"twitter_misc":{"Written by":"ulqini","Est. reading time":"1 minute"},"schema":{"@context":"https:\/\/schema.org","@graph":[{"@type":"WebSite","@id":"https:\/\/www.visit-ulcinj.com\/blog\/#website","url":"https:\/\/www.visit-ulcinj.com\/blog\/","name":"Lajme nga Ulqini","description":"Lajme,Vijesti,Ulqini,Ulqin,Crna Gora,Mali i Zi","potentialAction":[{"@type":"SearchAction","target":{"@type":"EntryPoint","urlTemplate":"https:\/\/www.visit-ulcinj.com\/blog\/?s={search_term_string}"},"query-input":"required name=search_term_string"}],"inLanguage":"en-US"},{"@type":"ImageObject","inLanguage":"en-US","@id":"https:\/\/www.visit-ulcinj.com\/blog\/2008\/08\/26\/marovic-mali-i-zi-nen-presion-per-ta-njohur-kosoven\/#primaryimage","url":"http:\/\/www.osce.org\/photo_gal\/web_3011_760930_1051268470.jpg","contentUrl":"http:\/\/www.osce.org\/photo_gal\/web_3011_760930_1051268470.jpg"},{"@type":"WebPage","@id":"https:\/\/www.visit-ulcinj.com\/blog\/2008\/08\/26\/marovic-mali-i-zi-nen-presion-per-ta-njohur-kosoven\/#webpage","url":"https:\/\/www.visit-ulcinj.com\/blog\/2008\/08\/26\/marovic-mali-i-zi-nen-presion-per-ta-njohur-kosoven\/","name":"Marovic: Mali i Zi n\u00ebn presion p\u00ebr ta njohur Kosov\u00ebn - Lajme nga Ulqini","isPartOf":{"@id":"https:\/\/www.visit-ulcinj.com\/blog\/#website"},"primaryImageOfPage":{"@id":"https:\/\/www.visit-ulcinj.com\/blog\/2008\/08\/26\/marovic-mali-i-zi-nen-presion-per-ta-njohur-kosoven\/#primaryimage"},"datePublished":"2008-08-26T17:49:54+00:00","dateModified":"2008-08-26T17:49:54+00:00","author":{"@id":"https:\/\/www.visit-ulcinj.com\/blog\/#\/schema\/person\/dcab619c614d3038751c63bc2aadc06d"},"breadcrumb":{"@id":"https:\/\/www.visit-ulcinj.com\/blog\/2008\/08\/26\/marovic-mali-i-zi-nen-presion-per-ta-njohur-kosoven\/#breadcrumb"},"inLanguage":"en-US","potentialAction":[{"@type":"ReadAction","target":["https:\/\/www.visit-ulcinj.com\/blog\/2008\/08\/26\/marovic-mali-i-zi-nen-presion-per-ta-njohur-kosoven\/"]}]},{"@type":"BreadcrumbList","@id":"https:\/\/www.visit-ulcinj.com\/blog\/2008\/08\/26\/marovic-mali-i-zi-nen-presion-per-ta-njohur-kosoven\/#breadcrumb","itemListElement":[{"@type":"ListItem","position":1,"name":"Marovic: Mali i Zi n\u00ebn presion p\u00ebr ta njohur Kosov\u00ebn"}]},{"@type":"Person","@id":"https:\/\/www.visit-ulcinj.com\/blog\/#\/schema\/person\/dcab619c614d3038751c63bc2aadc06d","name":"ulqini","sameAs":["http:\/\/www.visit-ulcinj.com"],"url":"https:\/\/www.visit-ulcinj.com\/blog\/author\/admin\/"}]}},"jetpack_featured_media_url":"","jetpack_sharing_enabled":true,"jetpack_shortlink":"https:\/\/wp.me\/pe6lTn-I4","_links":{"self":[{"href":"https:\/\/www.visit-ulcinj.com\/blog\/wp-json\/wp\/v2\/posts\/2732"}],"collection":[{"href":"https:\/\/www.visit-ulcinj.com\/blog\/wp-json\/wp\/v2\/posts"}],"about":[{"href":"https:\/\/www.visit-ulcinj.com\/blog\/wp-json\/wp\/v2\/types\/post"}],"author":[{"embeddable":true,"href":"https:\/\/www.visit-ulcinj.com\/blog\/wp-json\/wp\/v2\/users\/1"}],"replies":[{"embeddable":true,"href":"https:\/\/www.visit-ulcinj.com\/blog\/wp-json\/wp\/v2\/comments?post=2732"}],"version-history":[{"count":0,"href":"https:\/\/www.visit-ulcinj.com\/blog\/wp-json\/wp\/v2\/posts\/2732\/revisions"}],"wp:attachment":[{"href":"https:\/\/www.visit-ulcinj.com\/blog\/wp-json\/wp\/v2\/media?parent=2732"}],"wp:term":[{"taxonomy":"category","embeddable":true,"href":"https:\/\/www.visit-ulcinj.com\/blog\/wp-json\/wp\/v2\/categories?post=2732"},{"taxonomy":"post_tag","embeddable":true,"href":"https:\/\/www.visit-ulcinj.com\/blog\/wp-json\/wp\/v2\/tags?post=2732"}],"curies":[{"name":"wp","href":"https:\/\/api.w.org\/{rel}","templated":true}]}}