{"id":27338,"date":"2009-11-18T19:17:39","date_gmt":"2009-11-18T17:17:39","guid":{"rendered":"http:\/\/www.visit-ulcinj.com\/blog\/?p=27338"},"modified":"2009-11-18T19:17:39","modified_gmt":"2009-11-18T17:17:39","slug":"ekspoziata-e-rudi-goges-kolazh-i-ri-imazhesh","status":"publish","type":"post","link":"https:\/\/www.visit-ulcinj.com\/blog\/2009\/11\/18\/ekspoziata-e-rudi-goges-kolazh-i-ri-imazhesh\/","title":{"rendered":"Ekspoziata e Rudi Gog\u00ebs: Kolazh i ri imazhesh"},"content":{"rendered":"<p><a href=\"http:\/\/www.visit-ulcinj.com\/blog\/wp-content\/uploads\/2009\/11\/Rudi-Goga.jpg\"><img loading=\"lazy\" class=\"alignleft size-full wp-image-27339\" title=\"Rudi Goga\" src=\"http:\/\/www.visit-ulcinj.com\/blog\/wp-content\/uploads\/2009\/11\/Rudi-Goga.jpg\" alt=\"Rudi Goga\" width=\"330\" height=\"469\" \/><\/a>Skulptorja dhe studiuesja e mir\u00ebnjohur nga Tirana Suzana Varvarica \u2013 Kuka, p\u00ebr krijimtarin\u00eb \u201cFotoplus\u201d t\u00eb Rudi Gog\u00ebs \u00ebsht\u00eb shprehur se ato \u201cjan\u00eb nj\u00eb grup shprehjesh figurative t\u00eb lindura nga foto akcion, q\u00eb e lidhin artistin n\u00eb kampin e madh t\u00eb Popartit dhe atij Konceptual\u201d dhe shton se \u201cai me imagjinat\u00ebn e vet mbi flet\u00ebt e fotove mb\u00ebshtet nj\u00eb kolazh t\u00eb ri imazhesh dhe idesh dhe th\u00ebrret kujtes\u00ebn e publikut, q\u00eb t\u00eb memorizoj\u00eb faktin historil fotografik t\u00eb dh\u00ebn\u00eb n\u00eb figur\u00ebn e re t\u00eb vetprekjes pamore, q\u00eb lind prej artistit\u201d.<br \/>\nKrijimtaria artsitike e titulluar \u201cFotoplus\u201d e piktorit t\u00eb njohur ulqinak, Rudi Gog\u00ebs, fitues i konkursit \u201cOnufri 95\u201d- Tiran\u00eb, \u00e7mimit t\u00eb Akademis\u00eb s\u00eb Arteve t\u00eb Prishtin\u00ebs dhe \u00e7mitit t\u00eb vitit t\u00eb Art Clubit &#8211; Ulqin, do t\u00eb prezantohet m\u00eb 24 t\u00eb k\u00ebtij muaji n\u00eb Qendr\u00ebn e Artit Bashk\u00ebkohor n\u00eb Podgoric\u00eb. Kjo ekspozit\u00eb, prej 25 portretesh t\u00eb formateve t\u00eb ndryshme, ka objekt trajtimi profesorin e tij tashm\u00eb t\u00eb ndjer\u00eb, Jozef Bojs, nga Gjermania, i cili n\u00eb fush\u00ebn e artit njihet si ithtar i denj\u00eb i artit konceptual evropian e bot\u00ebror. Ekspozit\u00ebn do ta hap\u00eb historianja e artit Lilana Karaxhiq. Kjo ekspozit\u00eb do t\u00eb q\u00ebndroj\u00eb e hapur dy jav\u00eb. M\u00eb pas ajo do t\u00eb transferohet n\u00eb Muzeun e Artit \u201c Kasel\u201d n\u00eb Gjermani, ku publiku i atjesh\u00ebm do t\u00eb ket\u00eb mund\u00ebsi ta shijoj\u00eb muajin e ardhsh\u00ebm.\u201c Skulptorja dhe studiuesja e mir\u00ebnjohur nga Tirana Suzana Varvarica \u2013 Kuka, p\u00ebr krijimtarin\u00eb \u201cFotoplus\u201d t\u00eb Rudi Gog\u00ebs \u00ebsht\u00eb shprehur se ato \u201cjan\u00eb nj\u00eb grup shprehjesh figurative t\u00eb lindura nga foto akcion, q\u00eb e lidhin artistin n\u00eb kampin e madh t\u00eb Popartit dhe atij Konceptual\u201d dhe shton se \u201cai me imagjinat\u00ebn e vet mbi flet\u00ebt e fotove mb\u00ebshtet nj\u00eb kolazh t\u00eb ri imazhesh dhe idesh dhe th\u00ebrret kujtes\u00ebn e publikut, q\u00eb t\u00eb memorizoj\u00eb faktin historik fotografik t\u00eb dh\u00ebn\u00eb n\u00eb figur\u00ebn e re t\u00eb vetprekjes pamore, q\u00eb lind prej artistit\u201d. Rudi Goga, sipas vler\u00ebsimeve t\u00eb kritik\u00ebve t\u00eb artit, \u00ebsht\u00eb nj\u00eb piktor tep\u00ebr i ve\u00e7ant\u00eb, , thjesht\u00ebsisht modern, i cili publikut shqiptar dhe t\u00eb huaj i ka ofruar tematika t\u00eb ndryshme q\u00eb pasqyrohen n\u00eb monotipe, si figura komplekse e gruas, format e saj delikate, bota e pasur shpirt\u00ebrore, pastaj grafika, krijimet \u201cPa titull\u201d, p\u00ebr t\u00eb cilat artisti i jep publikut t\u00eb drejt\u00ebn p\u00ebr t\u2019i p\u00ebrkufizuar e shum\u00eb cikle t\u00eb tjera. Punimet e k\u00ebtij piktori, shprehen kritik\u00ebt e artit, p\u00ebrcjellin filozofin\u00eb e jet\u00ebs individuale dhe kolektive, n\u00eb koh\u00eb dhe hap\u00ebsir\u00eb reale, t\u00eb bukur\u00ebn e sh\u00ebmtuar dhe t\u00eb sh\u00ebmtuar\u00ebn e bukur, nj\u00eb filozofi e t\u00ebr\u00eb e kthyer n\u00eb art, \u201cprej hi\u00e7it kah jeta e prej jet\u00ebs kah hi\u00e7i\u201d. Piktori Goga \u00ebsht\u00eb diplomuar n\u00eb Akademin\u00eb e Arteve t\u00eb Prishtin\u00ebs n\u00eb klas\u00ebn e profesor Muslim Mulliqi. Studimet pasuniversitare i kreu n\u00eb Dusseldorf te profesor Rolf Sackenheim dhe Beuusa. Goga num\u00ebron 56 ekspozita personale dhe mbi 70 kolektive, jo vet\u00ebm brenda kufijve t\u00eb Malit t\u00eb Zi, por edhe n\u00eb Gjermani, Holand\u00eb, Franc\u00eb, Nju Jork, Maqedoni, Kosov\u00eb, Shqip\u00ebri. Punimet e tij gjenden n\u00eb galeri dhe koleksione<br \/>\nprivate, n\u00eb vende t\u00eb ndryshme t\u00eb Evrop\u00ebs, ku piktori ka ekspozuar.<\/p>\n<p><strong>Gjek\u00eb Gjonaj<br \/>\nKoha Javore<br \/>\n<!--YouTube Error: bad URL entered--><\/strong><\/p>\n","protected":false},"excerpt":{"rendered":"<p>Skulptorja dhe studiuesja e mir\u00ebnjohur nga Tirana Suzana Varvarica \u2013 Kuka, p\u00ebr krijimtarin\u00eb \u201cFotoplus\u201d t\u00eb Rudi Gog\u00ebs \u00ebsht\u00eb shprehur se ato \u201cjan\u00eb nj\u00eb grup shprehjesh figurative t\u00eb lindura nga foto akcion, q\u00eb e lidhin artistin n\u00eb kampin e madh t\u00eb Popartit dhe atij Konceptual\u201d dhe shton se \u201cai me imagjinat\u00ebn e vet mbi flet\u00ebt e [&hellip;]<\/p>\n","protected":false},"author":1,"featured_media":0,"comment_status":"open","ping_status":"closed","sticky":false,"template":"","format":"standard","meta":{"spay_email":"","jetpack_publicize_message":"","jetpack_is_tweetstorm":false,"jetpack_publicize_feature_enabled":true},"categories":[4],"tags":[12836,1308,200],"jetpack_publicize_connections":[],"yoast_head":"<!-- This site is optimized with the Yoast SEO plugin v19.1 - https:\/\/yoast.com\/wordpress\/plugins\/seo\/ -->\n<title>Ekspoziata e Rudi Gog\u00ebs: Kolazh i ri imazhesh - Lajme nga Ulqini<\/title>\n<meta name=\"description\" content=\"Skulptorja dhe studiuesja e mir\u00ebnjohur nga Tirana Suzana Varvarica \u2013 Kuka, p\u00ebr krijimtarin\u00eb \u201cFotoplus\u201d t\u00eb Rudi Gog\u00ebs \u00ebsht\u00eb shprehur se ato \u201cjan\u00eb nj\u00eb grup\" \/>\n<meta name=\"robots\" content=\"index, follow, max-snippet:-1, max-image-preview:large, max-video-preview:-1\" \/>\n<link rel=\"canonical\" href=\"https:\/\/www.visit-ulcinj.com\/blog\/2009\/11\/18\/ekspoziata-e-rudi-goges-kolazh-i-ri-imazhesh\/\" \/>\n<meta property=\"og:locale\" content=\"en_US\" \/>\n<meta property=\"og:type\" content=\"article\" \/>\n<meta property=\"og:title\" content=\"Ekspoziata e Rudi Gog\u00ebs: Kolazh i ri imazhesh - Lajme nga Ulqini\" \/>\n<meta property=\"og:description\" content=\"Skulptorja dhe studiuesja e mir\u00ebnjohur nga Tirana Suzana Varvarica \u2013 Kuka, p\u00ebr krijimtarin\u00eb \u201cFotoplus\u201d t\u00eb Rudi Gog\u00ebs \u00ebsht\u00eb shprehur se ato \u201cjan\u00eb nj\u00eb grup\" \/>\n<meta property=\"og:url\" content=\"https:\/\/www.visit-ulcinj.com\/blog\/2009\/11\/18\/ekspoziata-e-rudi-goges-kolazh-i-ri-imazhesh\/\" \/>\n<meta property=\"og:site_name\" content=\"Lajme nga Ulqini\" \/>\n<meta property=\"article:published_time\" content=\"2009-11-18T17:17:39+00:00\" \/>\n<meta property=\"og:image\" content=\"http:\/\/www.visit-ulcinj.com\/blog\/wp-content\/uploads\/2009\/11\/Rudi-Goga.jpg\" \/>\n<meta name=\"twitter:label1\" content=\"Written by\" \/>\n\t<meta name=\"twitter:data1\" content=\"ulqini\" \/>\n\t<meta name=\"twitter:label2\" content=\"Est. reading time\" \/>\n\t<meta name=\"twitter:data2\" content=\"3 minutes\" \/>\n<script type=\"application\/ld+json\" class=\"yoast-schema-graph\">{\"@context\":\"https:\/\/schema.org\",\"@graph\":[{\"@type\":\"WebSite\",\"@id\":\"https:\/\/www.visit-ulcinj.com\/blog\/#website\",\"url\":\"https:\/\/www.visit-ulcinj.com\/blog\/\",\"name\":\"Lajme nga Ulqini\",\"description\":\"Lajme,Vijesti,Ulqini,Ulqin,Crna Gora,Mali i Zi\",\"potentialAction\":[{\"@type\":\"SearchAction\",\"target\":{\"@type\":\"EntryPoint\",\"urlTemplate\":\"https:\/\/www.visit-ulcinj.com\/blog\/?s={search_term_string}\"},\"query-input\":\"required name=search_term_string\"}],\"inLanguage\":\"en-US\"},{\"@type\":\"ImageObject\",\"inLanguage\":\"en-US\",\"@id\":\"https:\/\/www.visit-ulcinj.com\/blog\/2009\/11\/18\/ekspoziata-e-rudi-goges-kolazh-i-ri-imazhesh\/#primaryimage\",\"url\":\"https:\/\/www.visit-ulcinj.com\/blog\/wp-content\/uploads\/2009\/11\/Rudi-Goga.jpg\",\"contentUrl\":\"https:\/\/www.visit-ulcinj.com\/blog\/wp-content\/uploads\/2009\/11\/Rudi-Goga.jpg\",\"width\":\"445\",\"height\":\"635\"},{\"@type\":\"WebPage\",\"@id\":\"https:\/\/www.visit-ulcinj.com\/blog\/2009\/11\/18\/ekspoziata-e-rudi-goges-kolazh-i-ri-imazhesh\/#webpage\",\"url\":\"https:\/\/www.visit-ulcinj.com\/blog\/2009\/11\/18\/ekspoziata-e-rudi-goges-kolazh-i-ri-imazhesh\/\",\"name\":\"Ekspoziata e Rudi Gog\u00ebs: Kolazh i ri imazhesh - Lajme nga Ulqini\",\"isPartOf\":{\"@id\":\"https:\/\/www.visit-ulcinj.com\/blog\/#website\"},\"primaryImageOfPage\":{\"@id\":\"https:\/\/www.visit-ulcinj.com\/blog\/2009\/11\/18\/ekspoziata-e-rudi-goges-kolazh-i-ri-imazhesh\/#primaryimage\"},\"datePublished\":\"2009-11-18T17:17:39+00:00\",\"dateModified\":\"2009-11-18T17:17:39+00:00\",\"author\":{\"@id\":\"https:\/\/www.visit-ulcinj.com\/blog\/#\/schema\/person\/dcab619c614d3038751c63bc2aadc06d\"},\"description\":\"Skulptorja dhe studiuesja e mir\u00ebnjohur nga Tirana Suzana Varvarica \u2013 Kuka, p\u00ebr krijimtarin\u00eb \u201cFotoplus\u201d t\u00eb Rudi Gog\u00ebs \u00ebsht\u00eb shprehur se ato \u201cjan\u00eb nj\u00eb grup\",\"breadcrumb\":{\"@id\":\"https:\/\/www.visit-ulcinj.com\/blog\/2009\/11\/18\/ekspoziata-e-rudi-goges-kolazh-i-ri-imazhesh\/#breadcrumb\"},\"inLanguage\":\"en-US\",\"potentialAction\":[{\"@type\":\"ReadAction\",\"target\":[\"https:\/\/www.visit-ulcinj.com\/blog\/2009\/11\/18\/ekspoziata-e-rudi-goges-kolazh-i-ri-imazhesh\/\"]}]},{\"@type\":\"BreadcrumbList\",\"@id\":\"https:\/\/www.visit-ulcinj.com\/blog\/2009\/11\/18\/ekspoziata-e-rudi-goges-kolazh-i-ri-imazhesh\/#breadcrumb\",\"itemListElement\":[{\"@type\":\"ListItem\",\"position\":1,\"name\":\"Ekspoziata e Rudi Gog\u00ebs: Kolazh i ri imazhesh\"}]},{\"@type\":\"Person\",\"@id\":\"https:\/\/www.visit-ulcinj.com\/blog\/#\/schema\/person\/dcab619c614d3038751c63bc2aadc06d\",\"name\":\"ulqini\",\"sameAs\":[\"http:\/\/www.visit-ulcinj.com\"],\"url\":\"https:\/\/www.visit-ulcinj.com\/blog\/author\/admin\/\"}]}<\/script>\n<!-- \/ Yoast SEO plugin. -->","yoast_head_json":{"title":"Ekspoziata e Rudi Gog\u00ebs: Kolazh i ri imazhesh - Lajme nga Ulqini","description":"Skulptorja dhe studiuesja e mir\u00ebnjohur nga Tirana Suzana Varvarica \u2013 Kuka, p\u00ebr krijimtarin\u00eb \u201cFotoplus\u201d t\u00eb Rudi Gog\u00ebs \u00ebsht\u00eb shprehur se ato \u201cjan\u00eb nj\u00eb grup","robots":{"index":"index","follow":"follow","max-snippet":"max-snippet:-1","max-image-preview":"max-image-preview:large","max-video-preview":"max-video-preview:-1"},"canonical":"https:\/\/www.visit-ulcinj.com\/blog\/2009\/11\/18\/ekspoziata-e-rudi-goges-kolazh-i-ri-imazhesh\/","og_locale":"en_US","og_type":"article","og_title":"Ekspoziata e Rudi Gog\u00ebs: Kolazh i ri imazhesh - Lajme nga Ulqini","og_description":"Skulptorja dhe studiuesja e mir\u00ebnjohur nga Tirana Suzana Varvarica \u2013 Kuka, p\u00ebr krijimtarin\u00eb \u201cFotoplus\u201d t\u00eb Rudi Gog\u00ebs \u00ebsht\u00eb shprehur se ato \u201cjan\u00eb nj\u00eb grup","og_url":"https:\/\/www.visit-ulcinj.com\/blog\/2009\/11\/18\/ekspoziata-e-rudi-goges-kolazh-i-ri-imazhesh\/","og_site_name":"Lajme nga Ulqini","article_published_time":"2009-11-18T17:17:39+00:00","og_image":[{"url":"http:\/\/www.visit-ulcinj.com\/blog\/wp-content\/uploads\/2009\/11\/Rudi-Goga.jpg"}],"twitter_misc":{"Written by":"ulqini","Est. reading time":"3 minutes"},"schema":{"@context":"https:\/\/schema.org","@graph":[{"@type":"WebSite","@id":"https:\/\/www.visit-ulcinj.com\/blog\/#website","url":"https:\/\/www.visit-ulcinj.com\/blog\/","name":"Lajme nga Ulqini","description":"Lajme,Vijesti,Ulqini,Ulqin,Crna Gora,Mali i Zi","potentialAction":[{"@type":"SearchAction","target":{"@type":"EntryPoint","urlTemplate":"https:\/\/www.visit-ulcinj.com\/blog\/?s={search_term_string}"},"query-input":"required name=search_term_string"}],"inLanguage":"en-US"},{"@type":"ImageObject","inLanguage":"en-US","@id":"https:\/\/www.visit-ulcinj.com\/blog\/2009\/11\/18\/ekspoziata-e-rudi-goges-kolazh-i-ri-imazhesh\/#primaryimage","url":"https:\/\/www.visit-ulcinj.com\/blog\/wp-content\/uploads\/2009\/11\/Rudi-Goga.jpg","contentUrl":"https:\/\/www.visit-ulcinj.com\/blog\/wp-content\/uploads\/2009\/11\/Rudi-Goga.jpg","width":"445","height":"635"},{"@type":"WebPage","@id":"https:\/\/www.visit-ulcinj.com\/blog\/2009\/11\/18\/ekspoziata-e-rudi-goges-kolazh-i-ri-imazhesh\/#webpage","url":"https:\/\/www.visit-ulcinj.com\/blog\/2009\/11\/18\/ekspoziata-e-rudi-goges-kolazh-i-ri-imazhesh\/","name":"Ekspoziata e Rudi Gog\u00ebs: Kolazh i ri imazhesh - Lajme nga Ulqini","isPartOf":{"@id":"https:\/\/www.visit-ulcinj.com\/blog\/#website"},"primaryImageOfPage":{"@id":"https:\/\/www.visit-ulcinj.com\/blog\/2009\/11\/18\/ekspoziata-e-rudi-goges-kolazh-i-ri-imazhesh\/#primaryimage"},"datePublished":"2009-11-18T17:17:39+00:00","dateModified":"2009-11-18T17:17:39+00:00","author":{"@id":"https:\/\/www.visit-ulcinj.com\/blog\/#\/schema\/person\/dcab619c614d3038751c63bc2aadc06d"},"description":"Skulptorja dhe studiuesja e mir\u00ebnjohur nga Tirana Suzana Varvarica \u2013 Kuka, p\u00ebr krijimtarin\u00eb \u201cFotoplus\u201d t\u00eb Rudi Gog\u00ebs \u00ebsht\u00eb shprehur se ato \u201cjan\u00eb nj\u00eb grup","breadcrumb":{"@id":"https:\/\/www.visit-ulcinj.com\/blog\/2009\/11\/18\/ekspoziata-e-rudi-goges-kolazh-i-ri-imazhesh\/#breadcrumb"},"inLanguage":"en-US","potentialAction":[{"@type":"ReadAction","target":["https:\/\/www.visit-ulcinj.com\/blog\/2009\/11\/18\/ekspoziata-e-rudi-goges-kolazh-i-ri-imazhesh\/"]}]},{"@type":"BreadcrumbList","@id":"https:\/\/www.visit-ulcinj.com\/blog\/2009\/11\/18\/ekspoziata-e-rudi-goges-kolazh-i-ri-imazhesh\/#breadcrumb","itemListElement":[{"@type":"ListItem","position":1,"name":"Ekspoziata e Rudi Gog\u00ebs: Kolazh i ri imazhesh"}]},{"@type":"Person","@id":"https:\/\/www.visit-ulcinj.com\/blog\/#\/schema\/person\/dcab619c614d3038751c63bc2aadc06d","name":"ulqini","sameAs":["http:\/\/www.visit-ulcinj.com"],"url":"https:\/\/www.visit-ulcinj.com\/blog\/author\/admin\/"}]}},"jetpack_featured_media_url":"","jetpack_sharing_enabled":true,"jetpack_shortlink":"https:\/\/wp.me\/pe6lTn-76W","_links":{"self":[{"href":"https:\/\/www.visit-ulcinj.com\/blog\/wp-json\/wp\/v2\/posts\/27338"}],"collection":[{"href":"https:\/\/www.visit-ulcinj.com\/blog\/wp-json\/wp\/v2\/posts"}],"about":[{"href":"https:\/\/www.visit-ulcinj.com\/blog\/wp-json\/wp\/v2\/types\/post"}],"author":[{"embeddable":true,"href":"https:\/\/www.visit-ulcinj.com\/blog\/wp-json\/wp\/v2\/users\/1"}],"replies":[{"embeddable":true,"href":"https:\/\/www.visit-ulcinj.com\/blog\/wp-json\/wp\/v2\/comments?post=27338"}],"version-history":[{"count":0,"href":"https:\/\/www.visit-ulcinj.com\/blog\/wp-json\/wp\/v2\/posts\/27338\/revisions"}],"wp:attachment":[{"href":"https:\/\/www.visit-ulcinj.com\/blog\/wp-json\/wp\/v2\/media?parent=27338"}],"wp:term":[{"taxonomy":"category","embeddable":true,"href":"https:\/\/www.visit-ulcinj.com\/blog\/wp-json\/wp\/v2\/categories?post=27338"},{"taxonomy":"post_tag","embeddable":true,"href":"https:\/\/www.visit-ulcinj.com\/blog\/wp-json\/wp\/v2\/tags?post=27338"}],"curies":[{"name":"wp","href":"https:\/\/api.w.org\/{rel}","templated":true}]}}