{"id":27346,"date":"2009-11-18T20:31:17","date_gmt":"2009-11-18T18:31:17","guid":{"rendered":"http:\/\/www.visit-ulcinj.com\/blog\/?p=27346"},"modified":"2009-11-18T20:34:37","modified_gmt":"2009-11-18T18:34:37","slug":"delfin-ubijen-dinamitomincident-na-kupalistu-%e2%80%9emajami%e2%80%9d-na-velikoj-plazi-u-ulcinju","status":"publish","type":"post","link":"https:\/\/www.visit-ulcinj.com\/blog\/2009\/11\/18\/delfin-ubijen-dinamitomincident-na-kupalistu-%e2%80%9emajami%e2%80%9d-na-velikoj-plazi-u-ulcinju\/","title":{"rendered":"Delfin ubijen dinamitom: Incident na kupali\u0161tu \u201eMajami\u201d na Velikoj pla\u017ei u Ulcinju"},"content":{"rendered":"<p><a href=\"http:\/\/www.visit-ulcinj.com\/blog\/wp-content\/uploads\/2009\/11\/Delfin-ubijen-dinamitom-u-Ulcinj.jpg\"><img loading=\"lazy\" class=\"alignleft size-full wp-image-27347\" title=\"Delfin ubijen dinamitom u Ulcinj\" src=\"http:\/\/www.visit-ulcinj.com\/blog\/wp-content\/uploads\/2009\/11\/Delfin-ubijen-dinamitom-u-Ulcinj.jpg\" alt=\"Delfin ubijen dinamitom u Ulcinj\" width=\"399\" height=\"261\" srcset=\"https:\/\/www.visit-ulcinj.com\/blog\/wp-content\/uploads\/2009\/11\/Delfin-ubijen-dinamitom-u-Ulcinj.jpg 399w, https:\/\/www.visit-ulcinj.com\/blog\/wp-content\/uploads\/2009\/11\/Delfin-ubijen-dinamitom-u-Ulcinj-300x196.jpg 300w\" sizes=\"(max-width: 399px) 100vw, 399px\" \/><\/a>Ulcinj &#8211; Talasi su ju?e prevrtali tijelo uginulog delfina u pli?aku kupali\u0161ta \u201cMajami\u201d na Velikoj pla\u017ei, dok su malobrojni izletnici i \u0161eta?i sa zaprepa\u0161?enjem posmatarali prizor.<br \/>\nZa razliku od srodnika, koji su se u martu nasukali na hotelskoj pla\u017ei i uginuli, delfin dug oko 1,80 metara i te\u017eak 70-80 kilograma, otvorene utrobe, koga je more ju?e izbacilo na obalu, prema svemu sude?i, stradao je od ljudske ruke.<br \/>\nVeterinar D\u017eemal Ravja, koji je sa inspektorima policije i direktorom JP za uzgoj i za\u0161titu divlja?i Blerimom Holovi?em iza\u0161ao na lice mjesta, potvrdio je \u201cVijestima\u201d da je vjerovatno uzrok smrti eksplozivna naprava.<br \/>\n\u201cOtvorene povrede govore u prilog tome, ali je te\u0161ko uraditi obdukciju budu?i da je tijelo u fazi raspadanja\u201d, kazao je Ravja.<br \/>\nPo izgledu i stanju tijela uginulog delfina, zaklju?eno je da je dugo u vodi, pa se ne isklju?uje sumnja da je ubijen u barskim Kru?ama ili mo\u017eda ?ak i Albaniji.<br \/>\nRavjino mi\u0161ljenje dijeli i ?lan predsjedni\u0161tva Udru\u017eenja za za\u0161titu \u017eivotinja i \u017eivotne sredine iz Kotora, Nevres ?eri?.<br \/>\n\u201cDelfin je o?igledno stradao od dinamita jer mu je od jake detonacije sagorio i popucao ko\u017eni dio, a unutra\u0161nji organi ispali. Sa takvim krivolovcima, koji ne mogu da shvate da ono \u0161to je ?ovjek na zemlji u moru je delfin, ne mo\u017eemo u Evropu\u201d, kazao je ?eri?.<br \/>\nOn je potvrdio da je rije? o delfinu koji pripada porodici \u201cstenela\u201d, ba\u0161 kao i njegovi srodnici, koji su stradali u martu.<br \/>\nRavja je naglasio da bi mrtvog delfina trebalo zakopati zbog eventualne zaraze.<br \/>\nDirektor NVO \u201cZeleni korak\u201d D\u017eelal Hod\u017ei? kazao je da je to obaveza zakupca kupali\u0161ta.<br \/>\n\u201cTako su mi rekli u Morskom dobru, koje sam obavijestio o incidentu\u201d, kazao je Hod\u017ei? i dodao da postoji mogu?nost da delfin nije stradao od dinamita.<\/p>\n<p><strong>S.A.<br \/>\n<a href=\"http:\/\/www.vijesti.me\/index.php?id_pre=322378&amp;godina=2009\" target=\"_blank\">Vijesti<\/a><\/strong><\/p>\n<p><strong><!--YouTube Error: bad URL entered--><br \/>\n<\/strong><\/p>\n","protected":false},"excerpt":{"rendered":"<p>Ulcinj &#8211; Talasi su ju?e prevrtali tijelo uginulog delfina u pli?aku kupali\u0161ta \u201cMajami\u201d na Velikoj pla\u017ei, dok su malobrojni izletnici i \u0161eta?i sa zaprepa\u0161?enjem posmatarali prizor. Za razliku od srodnika, koji su se u martu nasukali na hotelskoj pla\u017ei i uginuli, delfin dug oko 1,80 metara i te\u017eak 70-80 kilograma, otvorene utrobe, koga je more [&hellip;]<\/p>\n","protected":false},"author":1,"featured_media":0,"comment_status":"open","ping_status":"closed","sticky":false,"template":"","format":"standard","meta":{"spay_email":"","jetpack_publicize_message":"","jetpack_is_tweetstorm":false,"jetpack_publicize_feature_enabled":true},"categories":[8337],"tags":[12840,12839],"jetpack_publicize_connections":[],"yoast_head":"<!-- This site is optimized with the Yoast SEO plugin v19.1 - https:\/\/yoast.com\/wordpress\/plugins\/seo\/ -->\n<title>Delfin ubijen dinamitom: Incident na kupali\u0161tu \u201eMajami\u201d na Velikoj pla\u017ei u Ulcinju - Lajme nga Ulqini<\/title>\n<meta name=\"description\" content=\"Ulcinj - Talasi su ju?e prevrtali tijelo uginulog delfina u pli?aku kupali\u0161ta \u201cMajami\u201d na Velikoj pla\u017ei, dok su malobrojni izletnici i \u0161eta?i sa\" \/>\n<meta name=\"robots\" content=\"index, follow, max-snippet:-1, max-image-preview:large, max-video-preview:-1\" \/>\n<link rel=\"canonical\" href=\"https:\/\/www.visit-ulcinj.com\/blog\/2009\/11\/18\/delfin-ubijen-dinamitomincident-na-kupalistu-\u201emajami\u201d-na-velikoj-plazi-u-ulcinju\/\" \/>\n<meta property=\"og:locale\" content=\"en_US\" \/>\n<meta property=\"og:type\" content=\"article\" \/>\n<meta property=\"og:title\" content=\"Delfin ubijen dinamitom: Incident na kupali\u0161tu \u201eMajami\u201d na Velikoj pla\u017ei u Ulcinju - Lajme nga Ulqini\" \/>\n<meta property=\"og:description\" content=\"Ulcinj - Talasi su ju?e prevrtali tijelo uginulog delfina u pli?aku kupali\u0161ta \u201cMajami\u201d na Velikoj pla\u017ei, dok su malobrojni izletnici i \u0161eta?i sa\" \/>\n<meta property=\"og:url\" content=\"https:\/\/www.visit-ulcinj.com\/blog\/2009\/11\/18\/delfin-ubijen-dinamitomincident-na-kupalistu-\u201emajami\u201d-na-velikoj-plazi-u-ulcinju\/\" \/>\n<meta property=\"og:site_name\" content=\"Lajme nga Ulqini\" \/>\n<meta property=\"article:published_time\" content=\"2009-11-18T18:31:17+00:00\" \/>\n<meta property=\"article:modified_time\" content=\"2009-11-18T18:34:37+00:00\" \/>\n<meta property=\"og:image\" content=\"http:\/\/www.visit-ulcinj.com\/blog\/wp-content\/uploads\/2009\/11\/Delfin-ubijen-dinamitom-u-Ulcinj.jpg\" \/>\n<meta name=\"twitter:label1\" content=\"Written by\" \/>\n\t<meta name=\"twitter:data1\" content=\"ulqini\" \/>\n\t<meta name=\"twitter:label2\" content=\"Est. reading time\" \/>\n\t<meta name=\"twitter:data2\" content=\"2 minutes\" \/>\n<script type=\"application\/ld+json\" class=\"yoast-schema-graph\">{\"@context\":\"https:\/\/schema.org\",\"@graph\":[{\"@type\":\"WebSite\",\"@id\":\"https:\/\/www.visit-ulcinj.com\/blog\/#website\",\"url\":\"https:\/\/www.visit-ulcinj.com\/blog\/\",\"name\":\"Lajme nga Ulqini\",\"description\":\"Lajme,Vijesti,Ulqini,Ulqin,Crna Gora,Mali i Zi\",\"potentialAction\":[{\"@type\":\"SearchAction\",\"target\":{\"@type\":\"EntryPoint\",\"urlTemplate\":\"https:\/\/www.visit-ulcinj.com\/blog\/?s={search_term_string}\"},\"query-input\":\"required name=search_term_string\"}],\"inLanguage\":\"en-US\"},{\"@type\":\"ImageObject\",\"inLanguage\":\"en-US\",\"@id\":\"https:\/\/www.visit-ulcinj.com\/blog\/2009\/11\/18\/delfin-ubijen-dinamitomincident-na-kupalistu-%e2%80%9emajami%e2%80%9d-na-velikoj-plazi-u-ulcinju\/#primaryimage\",\"url\":\"https:\/\/www.visit-ulcinj.com\/blog\/wp-content\/uploads\/2009\/11\/Delfin-ubijen-dinamitom-u-Ulcinj.jpg\",\"contentUrl\":\"https:\/\/www.visit-ulcinj.com\/blog\/wp-content\/uploads\/2009\/11\/Delfin-ubijen-dinamitom-u-Ulcinj.jpg\",\"width\":\"399\",\"height\":\"261\"},{\"@type\":\"WebPage\",\"@id\":\"https:\/\/www.visit-ulcinj.com\/blog\/2009\/11\/18\/delfin-ubijen-dinamitomincident-na-kupalistu-%e2%80%9emajami%e2%80%9d-na-velikoj-plazi-u-ulcinju\/#webpage\",\"url\":\"https:\/\/www.visit-ulcinj.com\/blog\/2009\/11\/18\/delfin-ubijen-dinamitomincident-na-kupalistu-%e2%80%9emajami%e2%80%9d-na-velikoj-plazi-u-ulcinju\/\",\"name\":\"Delfin ubijen dinamitom: Incident na kupali\u0161tu \u201eMajami\u201d na Velikoj pla\u017ei u Ulcinju - Lajme nga Ulqini\",\"isPartOf\":{\"@id\":\"https:\/\/www.visit-ulcinj.com\/blog\/#website\"},\"primaryImageOfPage\":{\"@id\":\"https:\/\/www.visit-ulcinj.com\/blog\/2009\/11\/18\/delfin-ubijen-dinamitomincident-na-kupalistu-%e2%80%9emajami%e2%80%9d-na-velikoj-plazi-u-ulcinju\/#primaryimage\"},\"datePublished\":\"2009-11-18T18:31:17+00:00\",\"dateModified\":\"2009-11-18T18:34:37+00:00\",\"author\":{\"@id\":\"https:\/\/www.visit-ulcinj.com\/blog\/#\/schema\/person\/dcab619c614d3038751c63bc2aadc06d\"},\"description\":\"Ulcinj - Talasi su ju?e prevrtali tijelo uginulog delfina u pli?aku kupali\u0161ta \u201cMajami\u201d na Velikoj pla\u017ei, dok su malobrojni izletnici i \u0161eta?i sa\",\"breadcrumb\":{\"@id\":\"https:\/\/www.visit-ulcinj.com\/blog\/2009\/11\/18\/delfin-ubijen-dinamitomincident-na-kupalistu-%e2%80%9emajami%e2%80%9d-na-velikoj-plazi-u-ulcinju\/#breadcrumb\"},\"inLanguage\":\"en-US\",\"potentialAction\":[{\"@type\":\"ReadAction\",\"target\":[\"https:\/\/www.visit-ulcinj.com\/blog\/2009\/11\/18\/delfin-ubijen-dinamitomincident-na-kupalistu-%e2%80%9emajami%e2%80%9d-na-velikoj-plazi-u-ulcinju\/\"]}]},{\"@type\":\"BreadcrumbList\",\"@id\":\"https:\/\/www.visit-ulcinj.com\/blog\/2009\/11\/18\/delfin-ubijen-dinamitomincident-na-kupalistu-%e2%80%9emajami%e2%80%9d-na-velikoj-plazi-u-ulcinju\/#breadcrumb\",\"itemListElement\":[{\"@type\":\"ListItem\",\"position\":1,\"name\":\"Delfin ubijen dinamitom: Incident na kupali\u0161tu \u201eMajami\u201d na Velikoj pla\u017ei u Ulcinju\"}]},{\"@type\":\"Person\",\"@id\":\"https:\/\/www.visit-ulcinj.com\/blog\/#\/schema\/person\/dcab619c614d3038751c63bc2aadc06d\",\"name\":\"ulqini\",\"sameAs\":[\"http:\/\/www.visit-ulcinj.com\"],\"url\":\"https:\/\/www.visit-ulcinj.com\/blog\/author\/admin\/\"}]}<\/script>\n<!-- \/ Yoast SEO plugin. -->","yoast_head_json":{"title":"Delfin ubijen dinamitom: Incident na kupali\u0161tu \u201eMajami\u201d na Velikoj pla\u017ei u Ulcinju - Lajme nga Ulqini","description":"Ulcinj - Talasi su ju?e prevrtali tijelo uginulog delfina u pli?aku kupali\u0161ta \u201cMajami\u201d na Velikoj pla\u017ei, dok su malobrojni izletnici i \u0161eta?i sa","robots":{"index":"index","follow":"follow","max-snippet":"max-snippet:-1","max-image-preview":"max-image-preview:large","max-video-preview":"max-video-preview:-1"},"canonical":"https:\/\/www.visit-ulcinj.com\/blog\/2009\/11\/18\/delfin-ubijen-dinamitomincident-na-kupalistu-\u201emajami\u201d-na-velikoj-plazi-u-ulcinju\/","og_locale":"en_US","og_type":"article","og_title":"Delfin ubijen dinamitom: Incident na kupali\u0161tu \u201eMajami\u201d na Velikoj pla\u017ei u Ulcinju - Lajme nga Ulqini","og_description":"Ulcinj - Talasi su ju?e prevrtali tijelo uginulog delfina u pli?aku kupali\u0161ta \u201cMajami\u201d na Velikoj pla\u017ei, dok su malobrojni izletnici i \u0161eta?i sa","og_url":"https:\/\/www.visit-ulcinj.com\/blog\/2009\/11\/18\/delfin-ubijen-dinamitomincident-na-kupalistu-\u201emajami\u201d-na-velikoj-plazi-u-ulcinju\/","og_site_name":"Lajme nga Ulqini","article_published_time":"2009-11-18T18:31:17+00:00","article_modified_time":"2009-11-18T18:34:37+00:00","og_image":[{"url":"http:\/\/www.visit-ulcinj.com\/blog\/wp-content\/uploads\/2009\/11\/Delfin-ubijen-dinamitom-u-Ulcinj.jpg"}],"twitter_misc":{"Written by":"ulqini","Est. reading time":"2 minutes"},"schema":{"@context":"https:\/\/schema.org","@graph":[{"@type":"WebSite","@id":"https:\/\/www.visit-ulcinj.com\/blog\/#website","url":"https:\/\/www.visit-ulcinj.com\/blog\/","name":"Lajme nga Ulqini","description":"Lajme,Vijesti,Ulqini,Ulqin,Crna Gora,Mali i Zi","potentialAction":[{"@type":"SearchAction","target":{"@type":"EntryPoint","urlTemplate":"https:\/\/www.visit-ulcinj.com\/blog\/?s={search_term_string}"},"query-input":"required name=search_term_string"}],"inLanguage":"en-US"},{"@type":"ImageObject","inLanguage":"en-US","@id":"https:\/\/www.visit-ulcinj.com\/blog\/2009\/11\/18\/delfin-ubijen-dinamitomincident-na-kupalistu-%e2%80%9emajami%e2%80%9d-na-velikoj-plazi-u-ulcinju\/#primaryimage","url":"https:\/\/www.visit-ulcinj.com\/blog\/wp-content\/uploads\/2009\/11\/Delfin-ubijen-dinamitom-u-Ulcinj.jpg","contentUrl":"https:\/\/www.visit-ulcinj.com\/blog\/wp-content\/uploads\/2009\/11\/Delfin-ubijen-dinamitom-u-Ulcinj.jpg","width":"399","height":"261"},{"@type":"WebPage","@id":"https:\/\/www.visit-ulcinj.com\/blog\/2009\/11\/18\/delfin-ubijen-dinamitomincident-na-kupalistu-%e2%80%9emajami%e2%80%9d-na-velikoj-plazi-u-ulcinju\/#webpage","url":"https:\/\/www.visit-ulcinj.com\/blog\/2009\/11\/18\/delfin-ubijen-dinamitomincident-na-kupalistu-%e2%80%9emajami%e2%80%9d-na-velikoj-plazi-u-ulcinju\/","name":"Delfin ubijen dinamitom: Incident na kupali\u0161tu \u201eMajami\u201d na Velikoj pla\u017ei u Ulcinju - Lajme nga Ulqini","isPartOf":{"@id":"https:\/\/www.visit-ulcinj.com\/blog\/#website"},"primaryImageOfPage":{"@id":"https:\/\/www.visit-ulcinj.com\/blog\/2009\/11\/18\/delfin-ubijen-dinamitomincident-na-kupalistu-%e2%80%9emajami%e2%80%9d-na-velikoj-plazi-u-ulcinju\/#primaryimage"},"datePublished":"2009-11-18T18:31:17+00:00","dateModified":"2009-11-18T18:34:37+00:00","author":{"@id":"https:\/\/www.visit-ulcinj.com\/blog\/#\/schema\/person\/dcab619c614d3038751c63bc2aadc06d"},"description":"Ulcinj - Talasi su ju?e prevrtali tijelo uginulog delfina u pli?aku kupali\u0161ta \u201cMajami\u201d na Velikoj pla\u017ei, dok su malobrojni izletnici i \u0161eta?i sa","breadcrumb":{"@id":"https:\/\/www.visit-ulcinj.com\/blog\/2009\/11\/18\/delfin-ubijen-dinamitomincident-na-kupalistu-%e2%80%9emajami%e2%80%9d-na-velikoj-plazi-u-ulcinju\/#breadcrumb"},"inLanguage":"en-US","potentialAction":[{"@type":"ReadAction","target":["https:\/\/www.visit-ulcinj.com\/blog\/2009\/11\/18\/delfin-ubijen-dinamitomincident-na-kupalistu-%e2%80%9emajami%e2%80%9d-na-velikoj-plazi-u-ulcinju\/"]}]},{"@type":"BreadcrumbList","@id":"https:\/\/www.visit-ulcinj.com\/blog\/2009\/11\/18\/delfin-ubijen-dinamitomincident-na-kupalistu-%e2%80%9emajami%e2%80%9d-na-velikoj-plazi-u-ulcinju\/#breadcrumb","itemListElement":[{"@type":"ListItem","position":1,"name":"Delfin ubijen dinamitom: Incident na kupali\u0161tu \u201eMajami\u201d na Velikoj pla\u017ei u Ulcinju"}]},{"@type":"Person","@id":"https:\/\/www.visit-ulcinj.com\/blog\/#\/schema\/person\/dcab619c614d3038751c63bc2aadc06d","name":"ulqini","sameAs":["http:\/\/www.visit-ulcinj.com"],"url":"https:\/\/www.visit-ulcinj.com\/blog\/author\/admin\/"}]}},"jetpack_featured_media_url":"","jetpack_sharing_enabled":true,"jetpack_shortlink":"https:\/\/wp.me\/pe6lTn-774","_links":{"self":[{"href":"https:\/\/www.visit-ulcinj.com\/blog\/wp-json\/wp\/v2\/posts\/27346"}],"collection":[{"href":"https:\/\/www.visit-ulcinj.com\/blog\/wp-json\/wp\/v2\/posts"}],"about":[{"href":"https:\/\/www.visit-ulcinj.com\/blog\/wp-json\/wp\/v2\/types\/post"}],"author":[{"embeddable":true,"href":"https:\/\/www.visit-ulcinj.com\/blog\/wp-json\/wp\/v2\/users\/1"}],"replies":[{"embeddable":true,"href":"https:\/\/www.visit-ulcinj.com\/blog\/wp-json\/wp\/v2\/comments?post=27346"}],"version-history":[{"count":0,"href":"https:\/\/www.visit-ulcinj.com\/blog\/wp-json\/wp\/v2\/posts\/27346\/revisions"}],"wp:attachment":[{"href":"https:\/\/www.visit-ulcinj.com\/blog\/wp-json\/wp\/v2\/media?parent=27346"}],"wp:term":[{"taxonomy":"category","embeddable":true,"href":"https:\/\/www.visit-ulcinj.com\/blog\/wp-json\/wp\/v2\/categories?post=27346"},{"taxonomy":"post_tag","embeddable":true,"href":"https:\/\/www.visit-ulcinj.com\/blog\/wp-json\/wp\/v2\/tags?post=27346"}],"curies":[{"name":"wp","href":"https:\/\/api.w.org\/{rel}","templated":true}]}}