{"id":2735,"date":"2008-08-26T13:08:14","date_gmt":"2008-08-26T18:08:14","guid":{"rendered":"http:\/\/www.visit-ulcinj.com\/blog\/?p=2735"},"modified":"2008-09-14T10:01:00","modified_gmt":"2008-09-14T15:01:00","slug":"jaksic-se-seli-kod-mugose","status":"publish","type":"post","link":"https:\/\/www.visit-ulcinj.com\/blog\/2008\/08\/26\/jaksic-se-seli-kod-mugose\/","title":{"rendered":"Jak\u0161i? se seli kod Mugo\u0161e"},"content":{"rendered":"<p><a href=\"http:\/\/www.visit-ulcinj.com\/blog\/wp-content\/uploads\/2008\/09\/miomir-jaksic_.jpg\"><img loading=\"lazy\" class=\"alignleft size-medium wp-image-3303\" title=\"miomir-jaksic_\" src=\"http:\/\/www.visit-ulcinj.com\/blog\/wp-content\/uploads\/2008\/09\/miomir-jaksic_.jpg\" alt=\"\" width=\"290\" height=\"190\" \/><\/a><strong>Odbor direktora Ulcinjske rivijere prihvatio ostavku v.d. izvr\u0161nog direktora, zbog prelaska na novu du\u017enost<\/strong><br \/>\nUlcinj &#8211; Odbor direktora Ulcinjske rivijere razrije\u0161io je ju?e du\u017enosti v.d. izvr\u0161nog direktora Miomira Jak\u0161i?a na njegov zahtjev zbog prelaska na novu funkciju. Najkasnije do kraja septembra, kada ?e na osnovu konkursa biti izabran izvr\u0161ni direktor, tu funkciju obavlja?e direktor nudisti?kog naselja na Adi i ?lan Odbora Ljui? Nocmartini &#8211; potvrdio je ju?e \u201cVijestima\u201c predsjednik Odbora direktora Zoran Jeli?.<br \/>\nJak\u0161i? ?e od 1. septembra preuzeti funkciju sekretara za komunalne poslove i saobra?aj u Op\u0161tini Podgorica.<br \/>\nNakon dvo?asovne sjednice Odbora, Jeli? je najavio da ?e konkurs za prvog ?ovjeka Ulcinjske rivijere biti raspisan \u201eve? sjutra\u201c.<\/p>\n<div id=\"attachment_1440\" style=\"width: 211px\" class=\"wp-caption alignright\"><a href=\"http:\/\/www.visit-ulcinj.com\/blog\/wp-content\/uploads\/2008\/04\/luigj-noc-martini.jpg\"><img aria-describedby=\"caption-attachment-1440\" loading=\"lazy\" class=\"size-medium wp-image-1440\" title=\"Luigj Noc Martini\" src=\"http:\/\/www.visit-ulcinj.com\/blog\/wp-content\/uploads\/2008\/04\/luigj-noc-martini.jpg\" alt=\"Direktor nudisti?kog naselja na Adi i ?lan Odbora Ljui? Nocmartini\" width=\"201\" height=\"220\" \/><\/a><p id=\"caption-attachment-1440\" class=\"wp-caption-text\">Direktor nudisti?kog naselja na Adi i ?lan Odbora Ljui? Nocmartini<\/p><\/div>\n<p>&#8211; Na konkurs se mogu prijaviti svi zainteresovani koji ispunjavaju op\u0161te i posebne uslove. Odbor ?e na osnovu prispjelih aplikacija i u za to predvi?enom roku, izabrati najboljeg kandidata. U svakom slu?aju, to mora biti iskusni turisti?ki radnik koji ima kvalitetnu viziju razvoja firme &#8211; kazao je Jeli?.<br \/>\nOn je izrazio zadovoljstvo dosada\u0161njim radom preduze?a \u201ekako u finansijskom smislu, tako i bukinzima koji su bolji nego ranijih godina\u201c.<br \/>\nJak\u0161i? se zahvalio saradnicima i radnicima, Op\u0161tini i politi?kim subjektima na saradnji, koja je, kako je rekao, \u201eposrnulu firmu pretvorila u giganta, ravnopravnog sa svim ostalim hotelijerima u dr\u017eavi\u201c. On je izrazio nadu da ?e Ulcinjska rivijera u narednoj fazi razvoja na?i strate\u0161kog partnera.<br \/>\n&#8211; Svom nasljedniku ostavljam solidnu zalihu novca na ra?unu, zara?enog pro\u0161le i ove godine, tako da radnici ne brinu za zimu. Preduze?e, me?utim, mora da radi u kontinuitetu i da konstantno podi\u017ee nivo svih usluga, jer je to klju? na\u0161eg uspjeha- kazao je, sada ve? biv\u0161i v.d. izvr\u0161nog direktora Ulcinjske rivijere.<br \/>\nJak\u0161i? je na ?elo \u201cUlcinjske rivijere\u201d, kao ste?ajni upravnik, do\u0161ao 20. marta 2004. godine, kada je u to preduze?e uveden ste?aj zbog duga od skoro 15 miliona eura. Ste?ajni postupak u \u201cUlcinjskoj rivijeri\u201d okon?an je 27. februara ove godine.<br \/>\nJak\u0161i? je na ?elo posrnulog ulcinjskog hotelijera do\u0161ao kao provjereni igra? Vlade i ?ovjek ?eli?ne discipline, koji je vrlo brzo zaveo red u preduze?u. Za vrijeme njegovog mandata, privatizovani su Autobuska stanica, Dvori Bal\u0161i?a i Palata Venecija, hoteli \u201cOtrant\u201d, \u201cMediteran\u201d, \u201cGaleb\u201d i \u201cLido\u201d, koji ?e ostati upam?en kao najskuplje prodati hotelski kompleks na crnogorskoj obali. U sastavu \u201cUlcinjske rivijere\u201d ostali su hoteli \u201cOlimpik\u201d i \u201cBelvi\u201d i auto-kamp na Velikoj pla\u017ei, te nudisti?ko naselje na Adi.<\/p>\n<div style=\"width: 289px\" class=\"wp-caption alignleft\"><a href=\"http:\/\/geza.jopajtas.info\/Bojana\/38_Az%20elhagyott%20telepules.jpg\"><img loading=\"lazy\" title=\"ada bojana\" src=\"http:\/\/geza.jopajtas.info\/Bojana\/38_Az%20elhagyott%20telepules.jpg\" alt=\"Ada  Bojana Ulcinj\" width=\"279\" height=\"209\" \/><\/a><p class=\"wp-caption-text\">Ada  Bojana Ulcinj<\/p><\/div>\n<p><strong>Sezona bolja nego lani<\/strong><br \/>\nGovore?i o rezultatima rada, Jak\u0161i? je naveo da je Ulcinjska rivijera od 1. januara do 21. avgusta ostvarila 62.500 no?enja, \u0161to je, kako je kazao, za jedan odsto vi\u0161e nego lani u istom periodu.<br \/>\n&#8211; Finansijski smo pro\u0161li mnogo bolje jer smo do 15. avgusta imali milion i po eura prometa, skoro isto kao lani do septembra. Na\u0161a procjena je da ?emo do kraja ovog mjeseca imati 20 odsto vi\u0161e prihoda u odnosu na isti period pro\u0161le godine &#8211; kazao je Jak\u0161i?.<br \/>\nOn je ocijenio da je to rezultat promjene strukture gostiju.<br \/>\n&#8211; Iz godine u godinu, podizali smo na vi\u0161i nivo turisti?ki proizvod na\u0161e firme. To je rezultiralo dolaskom kvalitetnijih gostiju sa vi\u0161e tr\u017ei\u0161ta \u0161irom Evrope. U na\u0161im objektima sada ljetuju Njemci, ?esi, Rumuni, Ma?ari, Poljaci i drugi. Tu su i neki na\u0161i strate\u0161ki partneri poput fudbalske reprezentacije, ?ije ?e razne selekcije zbog dobrih uslova i terena, ovdje na pripreme dolaziti i po nekoliko puta godi\u0161nje &#8211; kazao je Jak\u0161i?.<br \/>\nOn je naglasio da je firma isplatila i izmirila sve obaveze prema radnicima, Op\u0161tini i dr\u017eavi.<br \/>\n&#8211; Na dana\u0161nji dan, imamo samo dug prema dobavlja?ima koji iznosi oko ?etiri hiljade eura, ali je i to stvar unaprijed dogovorene dinamike isplate &#8211; kazao je Jak\u0161i?.<br \/>\n<strong>S.A.<br \/>\nIzvor \/ Vijesti<\/strong><\/p>\n<p><!-- vimeo error: not a vimeo video --><br \/>\n<a class=\"aligncenter\" title=\"???? ????,?????,Ulcinj,Montenegru,??????????,\u00c7ernoqoriya,???????????,Montenegiro,?ern\u00e1 Hora,??????????,Cz\u00f4rnog\u00f3ra,Cz\u00f4rn\u00f4 G\u00f3ra,Carna G\u00f3ra,T\u0161ernogooria,\u00c7ernogoriya,Montain\u00e9agr\u00f3,Montenegwo,?orna Hora,Montenegr\u00f3,M?ntenigro,Chernogoriya ,\u00c7\u00earnogor\u00ee ,?????????,????????? ,??????? ,Montes Nigrae,Mons Niger,M\u00f4ntenegr\u00f4,Muntenegru,??????????,Czarnog\u00f3ra,Muntinigru,Muntenegro,&lt;br &gt;&lt;\/a&gt; Muntenegru,\t?ierna Hora,Cxerngora,????????,?rna gora,Moontineegro,?ornog?ra,\u00c7ernogori\u00fda,Chernogoriya,Mont\u00f5negro,????? ???? ,?r?na Gora,?r?nogorije,?ernogorija,?arnahoryja,??????????,???????????????????? ,?ern?g?riy\u00e2,M?nt?n??r?,????? ?????? ,????????,??????????,???????????,M?nten?gro,???? ????? ,????????,M\u00f4ntenegr\u00f4,????????????,???????????,????????????, ??????????? ,????????????,??????????? ,??\/?? ,??????,????? ,Muntenegru, ????? ????, Montenegr?,chambres \u00e0 louer \u00e0 ulcinj, location de vacance, location saisonni\u00e8res, louer villa,location de vacance, Locations vacance, h\u00e9bergements vacances, locations villa, logements de vacances, location maison avec piscine, Location vacance, locations de vacance, h\u00e9bergements de vacances, location villa, locations entre particulier, logements vacance, vacances \u00e0 Mont\u00e9n\u00e9gro - location \u00e0 Ulcinj ,location  de bigorre,Urlaub in Ulcinj -Montenegro,Hotelbewertungen Ulcinj,Reisen Ulcinj, Urlaub Ulcinj,Hotel in Serbien und Montenegro von Urlaubern bewertet,Wohnungen,Kurorte,Reservierung,Hotels,Zimmer,studio,?ern? Hora, Chaty a byty, Hotely a penziony, Priv?ty, L?zn?, rezervace ubytov?n?,apartm?n\u00ad,noc,pokoj\u00ad,v?hled na mo?e,noc p??zem?,v?hled na hory,l??ko\u00ad,Hotel Priv?t,l??ko\u00ad+sn?dan?\u00ad,dovolen?,studio penzion,Ulcinj ubytov?n?,?ern? Hora,ubytov?n?,apartm?ny,Turistick? komplex Ada na ostrov? Ada Bojana,Pobyty u mo?e,hit sez?ny 2008,FKK nudistick\u00e9ho ada bojana,bungalovy,Velkou pl??,ubytov?n?,Fotografie m?ste?ka Ulcinj,Ada Bojana hotelov? nudistick?,Pl??e a koup?n?,Montenegr?,Sz?lloda,Fizet?vend\u00e9gl?t?,szoba\u00ad,\u00e9jszaka,st?di?,F?ldszint,kil?t?s a hegyekre,F?ldszint,kil?t?s a tengerre,\u00e9jszaka erk\u00e9ly, kil?t?s a tengerre,Ulcinj, Vend\u00e9gh?zak \u00e9s apartmanok, Sz?llod?k, Fizet?vend\u00e9gl?t?s, Gy?gyf\u00fcrd?k,?sszes, Aparthotel, Apartman, Bungal?, Fah?z, Fogad?, Haj?, Hotel, Kast\u00e9lysz?ll?, nincs sz?ll?s, P?lyasz?ll?s, Panzi?, Vend\u00e9gh?z, Wellness Sz?lloda,Camer? Accommodation,De coast? Ulcinj,apartmanh?z,Preno?i??e,Vend\u00e9gh?z,Szoba,Szobe ulcinj,Czarnog?ra, Domki i kwatery, Hotele, Pensjonaty rodzinne, Uzdrowiska - ulcinj rezerwacja nocleg?w,Vend\u00e9gh?zak \u00e9s apartmanok,Sz?llod?k,Fizet?vend\u00e9gl?t?s,Gy?gyf\u00fcrd?k ,sz?ll?sfoglal?s,Ulcinjska Riwiera,SOPOL - Touroperator. Wczasy, oferty last minute, bilety samolotowe,Wielka plaza\" href=\"http:\/\/www.visit-ulcinj.com\/tourism\/\" target=\"_blank\"><img loading=\"lazy\" style=\"float: right;\" src=\"http:\/\/www.visit-ulcinj.com\/blog\/wp-content\/uploads\/2008\/06\/holiday-rental-ulcinj-ulqini_ulqin_logo.gif\" alt=\"Apatin,  Aran?elovac,  ?uprija,  ?a?ak,  ?apljina,  ?itluk,  \u0160abac,  \u0160ipovo,  \u0160iroki Brijeg,  \u017dep?e,  \u017divinice,  Ba?ka Palanka,  Banja Luka,  Banovi?i,  Be?ej,  beograd,  Biha?,  Bijeljina,  Bor,  Bor?a,  Bosanska Gradi\u0161ka,  Bosanska Krupa,  Bosanski \u0160amac,  Bosanski Brod,  Bosanski Novi,  Br?ko,  Bu\u017eim,  Bugojno,  Cazin,  Crna Gora,  Derventa,  Doboj,  Donji Vakuf,  Drvar,  Dubrovnik,  Fo?a,  Fojnica,  Glamo?,  Gora\u017ede,  Gornji Milanovac,  Gornji Vakuf,  gostivar,  Gra?anica,  Grada?ac,  Gradiska,  Grahovo,  Had\u017ei?i,  Ilid\u017ea,  In?ija,  Jablanica,  Jagodina,  Jajce,  Kakanj,  Kalu?erica,  Kikinda,  Klju?,  Konjic,  Kotor Varo\u0161,  Kragujevac,  Kraljevo,  Kru\u0161evac,  Kula,  Kupres,  Lakta\u0161i,  Lazarevac,  Leskovac,  Livno,  Ljubinje,  ljublana,  Ljubu\u0161ki,  Loznica,  Lukavac,  Maglaj,  Mladenovac,  Modri?a,  montenegro erlajnz,  mostar,  Mrkonji? Grad,  Neum,  Ni\u0161,  Novi Pazar,  Novi Sad,  Novi Travnik,  Obrenovac,  Od\u017eak,  ohrid,  Ora\u0161je,  Pale,  Pan?evo,  Para?in,  Pirot,  Po\u017earevac,  Podgorica,  Priboj,  Prijedor,  Prokuplje,  Prozor,  pula,  rijeka,  Ruma,  Sanski Most,  Sarajevo,  Senta,  serbija,  sibenik,  skopje,  Smederevo,  Smederevska Palanka,  Sokolac,  Sombor,  split,  Srebrenica,  Srebrenik,  Sremska Mitrovica,  Stolac,  Struga,  Subotica,  Temerin,  Tesli?,  tetovo,  Travnik,  Trebinje,  tuzla,  U\u017eice,  ulcinj,  Valjevo,  Velika Kladu\u0161a,  Vi\u0161egrad,  Visoko,  Vitez,  Vogo\u0161?a,  vojvodina,  Vranje,  Vr\u0161ac,  Vrbas,  zadar,  Zagreb,  Zaje?ar,  Zavidovi?i,  Zenica,  Zrenjanin,  Zvornik,copacabana ulcinj,  h\u00f4tels,  hotel ulqin,  Kosova,  Mali i Zi,  Maqedonija,  Montenegro,  montenegro tourisme plage,  montenegro ulcinj,  Shpallje Falas,  Shpallje Falas per shitjen e shtepis se juaj,  Shpallje Falas per apartamentet e juaj,  Shpallje Falas Real Estate,  Shpallje Falas turistike,  shqiperija,  tourisme,  Ulci?,  ulcinj,  ulqin,  ulqin hotel,  ulqini,  ulqini 2007,Ada Bojana,  Alba?czyk,  Cita di Dolcino,  Copacabana,  Czarnog\u00f3ra,  Czarnog\u00f3rzec,  Don Kichota,  Ma?a Pla?a,  Mandra,  MIGUEL DE SERVANTES,  p\u00f3?wyspy Marjan,  Pla?a Valdanos,  Rzeka Bojana,  Shas \/ \u0160as \/ Sva?,  Ulci?,  Ulcinjsk? Riwier?,  Wielka Pla?a,  Wyspa Bojana,GORA,??????????,???????,??????????, ?ern\u00e1 Hora,TO ULCINJ \/ ULQIN,MONTENEGRO, Czarnog\u00f3ra, Muntenegru, ????? ????, Montenegr\u00f3,appartement \u00e0 louer \u00e0 ulcinj, location de vacance, location saisonni\u00e8res, louer chambres,location de vacance, Locations vacance, h\u00e9bergements vacances, locations villa, logements de vacances, location maison avec piscine, Location vacance, locations de vacance, h\u00e9bergements de vacances, location, locations entre particulier, logements vacance, vacances \u00e0 Mont\u00e9n\u00e9gro - location \u00e0 Ulcinj ,location  de bigorre.\" width=\"510\" height=\"145\" \/><\/a><\/p>\n","protected":false},"excerpt":{"rendered":"<p><img loading=\"lazy\" class=\"alignleft size-medium wp-image-3303\" title=\"miomir-jaksic_\" src=\"http:\/\/www.visit-ulcinj.com\/blog\/wp-content\/uploads\/2008\/09\/miomir-jaksic_.jpg\" alt=\"\" width=\"140\" height=\"140\" \/><\/p>\n","protected":false},"author":1,"featured_media":0,"comment_status":"open","ping_status":"closed","sticky":false,"template":"","format":"standard","meta":{"spay_email":"","jetpack_publicize_message":"","jetpack_is_tweetstorm":false,"jetpack_publicize_feature_enabled":true},"categories":[12,15],"tags":[138,19],"jetpack_publicize_connections":[],"yoast_head":"<!-- This site is optimized with the Yoast SEO plugin v19.1 - https:\/\/yoast.com\/wordpress\/plugins\/seo\/ -->\n<title>Jak\u0161i? se seli kod Mugo\u0161e - Lajme nga Ulqini<\/title>\n<meta name=\"robots\" content=\"index, follow, max-snippet:-1, max-image-preview:large, max-video-preview:-1\" \/>\n<link rel=\"canonical\" href=\"https:\/\/www.visit-ulcinj.com\/blog\/2008\/08\/26\/jaksic-se-seli-kod-mugose\/\" \/>\n<meta property=\"og:locale\" content=\"en_US\" \/>\n<meta property=\"og:type\" content=\"article\" \/>\n<meta property=\"og:title\" content=\"Jak\u0161i? se seli kod Mugo\u0161e - Lajme nga Ulqini\" \/>\n<meta property=\"og:url\" content=\"https:\/\/www.visit-ulcinj.com\/blog\/2008\/08\/26\/jaksic-se-seli-kod-mugose\/\" \/>\n<meta property=\"og:site_name\" content=\"Lajme nga Ulqini\" \/>\n<meta property=\"article:published_time\" content=\"2008-08-26T18:08:14+00:00\" \/>\n<meta property=\"article:modified_time\" content=\"2008-09-14T15:01:00+00:00\" \/>\n<meta property=\"og:image\" content=\"http:\/\/www.visit-ulcinj.com\/blog\/wp-content\/uploads\/2008\/09\/miomir-jaksic_.jpg\" \/>\n<meta name=\"twitter:label1\" content=\"Written by\" \/>\n\t<meta name=\"twitter:data1\" content=\"ulqini\" \/>\n\t<meta name=\"twitter:label2\" content=\"Est. reading time\" \/>\n\t<meta name=\"twitter:data2\" content=\"4 minutes\" \/>\n<script type=\"application\/ld+json\" class=\"yoast-schema-graph\">{\"@context\":\"https:\/\/schema.org\",\"@graph\":[{\"@type\":\"WebSite\",\"@id\":\"https:\/\/www.visit-ulcinj.com\/blog\/#website\",\"url\":\"https:\/\/www.visit-ulcinj.com\/blog\/\",\"name\":\"Lajme nga Ulqini\",\"description\":\"Lajme,Vijesti,Ulqini,Ulqin,Crna Gora,Mali i Zi\",\"potentialAction\":[{\"@type\":\"SearchAction\",\"target\":{\"@type\":\"EntryPoint\",\"urlTemplate\":\"https:\/\/www.visit-ulcinj.com\/blog\/?s={search_term_string}\"},\"query-input\":\"required name=search_term_string\"}],\"inLanguage\":\"en-US\"},{\"@type\":\"ImageObject\",\"inLanguage\":\"en-US\",\"@id\":\"https:\/\/www.visit-ulcinj.com\/blog\/2008\/08\/26\/jaksic-se-seli-kod-mugose\/#primaryimage\",\"url\":\"http:\/\/www.visit-ulcinj.com\/blog\/wp-content\/uploads\/2008\/09\/miomir-jaksic_.jpg\",\"contentUrl\":\"http:\/\/www.visit-ulcinj.com\/blog\/wp-content\/uploads\/2008\/09\/miomir-jaksic_.jpg\"},{\"@type\":\"WebPage\",\"@id\":\"https:\/\/www.visit-ulcinj.com\/blog\/2008\/08\/26\/jaksic-se-seli-kod-mugose\/#webpage\",\"url\":\"https:\/\/www.visit-ulcinj.com\/blog\/2008\/08\/26\/jaksic-se-seli-kod-mugose\/\",\"name\":\"Jak\u0161i? se seli kod Mugo\u0161e - Lajme nga Ulqini\",\"isPartOf\":{\"@id\":\"https:\/\/www.visit-ulcinj.com\/blog\/#website\"},\"primaryImageOfPage\":{\"@id\":\"https:\/\/www.visit-ulcinj.com\/blog\/2008\/08\/26\/jaksic-se-seli-kod-mugose\/#primaryimage\"},\"datePublished\":\"2008-08-26T18:08:14+00:00\",\"dateModified\":\"2008-09-14T15:01:00+00:00\",\"author\":{\"@id\":\"https:\/\/www.visit-ulcinj.com\/blog\/#\/schema\/person\/dcab619c614d3038751c63bc2aadc06d\"},\"breadcrumb\":{\"@id\":\"https:\/\/www.visit-ulcinj.com\/blog\/2008\/08\/26\/jaksic-se-seli-kod-mugose\/#breadcrumb\"},\"inLanguage\":\"en-US\",\"potentialAction\":[{\"@type\":\"ReadAction\",\"target\":[\"https:\/\/www.visit-ulcinj.com\/blog\/2008\/08\/26\/jaksic-se-seli-kod-mugose\/\"]}]},{\"@type\":\"BreadcrumbList\",\"@id\":\"https:\/\/www.visit-ulcinj.com\/blog\/2008\/08\/26\/jaksic-se-seli-kod-mugose\/#breadcrumb\",\"itemListElement\":[{\"@type\":\"ListItem\",\"position\":1,\"name\":\"Jak\u0161i? se seli kod Mugo\u0161e\"}]},{\"@type\":\"Person\",\"@id\":\"https:\/\/www.visit-ulcinj.com\/blog\/#\/schema\/person\/dcab619c614d3038751c63bc2aadc06d\",\"name\":\"ulqini\",\"sameAs\":[\"http:\/\/www.visit-ulcinj.com\"],\"url\":\"https:\/\/www.visit-ulcinj.com\/blog\/author\/admin\/\"}]}<\/script>\n<!-- \/ Yoast SEO plugin. -->","yoast_head_json":{"title":"Jak\u0161i? se seli kod Mugo\u0161e - Lajme nga Ulqini","robots":{"index":"index","follow":"follow","max-snippet":"max-snippet:-1","max-image-preview":"max-image-preview:large","max-video-preview":"max-video-preview:-1"},"canonical":"https:\/\/www.visit-ulcinj.com\/blog\/2008\/08\/26\/jaksic-se-seli-kod-mugose\/","og_locale":"en_US","og_type":"article","og_title":"Jak\u0161i? se seli kod Mugo\u0161e - Lajme nga Ulqini","og_url":"https:\/\/www.visit-ulcinj.com\/blog\/2008\/08\/26\/jaksic-se-seli-kod-mugose\/","og_site_name":"Lajme nga Ulqini","article_published_time":"2008-08-26T18:08:14+00:00","article_modified_time":"2008-09-14T15:01:00+00:00","og_image":[{"url":"http:\/\/www.visit-ulcinj.com\/blog\/wp-content\/uploads\/2008\/09\/miomir-jaksic_.jpg"}],"twitter_misc":{"Written by":"ulqini","Est. reading time":"4 minutes"},"schema":{"@context":"https:\/\/schema.org","@graph":[{"@type":"WebSite","@id":"https:\/\/www.visit-ulcinj.com\/blog\/#website","url":"https:\/\/www.visit-ulcinj.com\/blog\/","name":"Lajme nga Ulqini","description":"Lajme,Vijesti,Ulqini,Ulqin,Crna Gora,Mali i Zi","potentialAction":[{"@type":"SearchAction","target":{"@type":"EntryPoint","urlTemplate":"https:\/\/www.visit-ulcinj.com\/blog\/?s={search_term_string}"},"query-input":"required name=search_term_string"}],"inLanguage":"en-US"},{"@type":"ImageObject","inLanguage":"en-US","@id":"https:\/\/www.visit-ulcinj.com\/blog\/2008\/08\/26\/jaksic-se-seli-kod-mugose\/#primaryimage","url":"http:\/\/www.visit-ulcinj.com\/blog\/wp-content\/uploads\/2008\/09\/miomir-jaksic_.jpg","contentUrl":"http:\/\/www.visit-ulcinj.com\/blog\/wp-content\/uploads\/2008\/09\/miomir-jaksic_.jpg"},{"@type":"WebPage","@id":"https:\/\/www.visit-ulcinj.com\/blog\/2008\/08\/26\/jaksic-se-seli-kod-mugose\/#webpage","url":"https:\/\/www.visit-ulcinj.com\/blog\/2008\/08\/26\/jaksic-se-seli-kod-mugose\/","name":"Jak\u0161i? se seli kod Mugo\u0161e - Lajme nga Ulqini","isPartOf":{"@id":"https:\/\/www.visit-ulcinj.com\/blog\/#website"},"primaryImageOfPage":{"@id":"https:\/\/www.visit-ulcinj.com\/blog\/2008\/08\/26\/jaksic-se-seli-kod-mugose\/#primaryimage"},"datePublished":"2008-08-26T18:08:14+00:00","dateModified":"2008-09-14T15:01:00+00:00","author":{"@id":"https:\/\/www.visit-ulcinj.com\/blog\/#\/schema\/person\/dcab619c614d3038751c63bc2aadc06d"},"breadcrumb":{"@id":"https:\/\/www.visit-ulcinj.com\/blog\/2008\/08\/26\/jaksic-se-seli-kod-mugose\/#breadcrumb"},"inLanguage":"en-US","potentialAction":[{"@type":"ReadAction","target":["https:\/\/www.visit-ulcinj.com\/blog\/2008\/08\/26\/jaksic-se-seli-kod-mugose\/"]}]},{"@type":"BreadcrumbList","@id":"https:\/\/www.visit-ulcinj.com\/blog\/2008\/08\/26\/jaksic-se-seli-kod-mugose\/#breadcrumb","itemListElement":[{"@type":"ListItem","position":1,"name":"Jak\u0161i? se seli kod Mugo\u0161e"}]},{"@type":"Person","@id":"https:\/\/www.visit-ulcinj.com\/blog\/#\/schema\/person\/dcab619c614d3038751c63bc2aadc06d","name":"ulqini","sameAs":["http:\/\/www.visit-ulcinj.com"],"url":"https:\/\/www.visit-ulcinj.com\/blog\/author\/admin\/"}]}},"jetpack_featured_media_url":"","jetpack_sharing_enabled":true,"jetpack_shortlink":"https:\/\/wp.me\/pe6lTn-I7","_links":{"self":[{"href":"https:\/\/www.visit-ulcinj.com\/blog\/wp-json\/wp\/v2\/posts\/2735"}],"collection":[{"href":"https:\/\/www.visit-ulcinj.com\/blog\/wp-json\/wp\/v2\/posts"}],"about":[{"href":"https:\/\/www.visit-ulcinj.com\/blog\/wp-json\/wp\/v2\/types\/post"}],"author":[{"embeddable":true,"href":"https:\/\/www.visit-ulcinj.com\/blog\/wp-json\/wp\/v2\/users\/1"}],"replies":[{"embeddable":true,"href":"https:\/\/www.visit-ulcinj.com\/blog\/wp-json\/wp\/v2\/comments?post=2735"}],"version-history":[{"count":0,"href":"https:\/\/www.visit-ulcinj.com\/blog\/wp-json\/wp\/v2\/posts\/2735\/revisions"}],"wp:attachment":[{"href":"https:\/\/www.visit-ulcinj.com\/blog\/wp-json\/wp\/v2\/media?parent=2735"}],"wp:term":[{"taxonomy":"category","embeddable":true,"href":"https:\/\/www.visit-ulcinj.com\/blog\/wp-json\/wp\/v2\/categories?post=2735"},{"taxonomy":"post_tag","embeddable":true,"href":"https:\/\/www.visit-ulcinj.com\/blog\/wp-json\/wp\/v2\/tags?post=2735"}],"curies":[{"name":"wp","href":"https:\/\/api.w.org\/{rel}","templated":true}]}}