{"id":27359,"date":"2009-11-18T21:44:57","date_gmt":"2009-11-18T19:44:57","guid":{"rendered":"http:\/\/www.visit-ulcinj.com\/blog\/?p=27359"},"modified":"2009-11-18T21:49:18","modified_gmt":"2009-11-18T19:49:18","slug":"echappees-belles-montenegro-video","status":"publish","type":"post","link":"https:\/\/www.visit-ulcinj.com\/blog\/2009\/11\/18\/echappees-belles-montenegro-video\/","title":{"rendered":"Echappees belles Mont\u00e9n\u00e9gro &#8211; Video"},"content":{"rendered":"<p><strong><a href=\"http:\/\/www.visit-ulcinj.com\/blog\/wp-content\/uploads\/2009\/11\/Sveti-Stefan-Montenegro.jpg\"><img loading=\"lazy\" class=\"alignleft size-full wp-image-27360\" title=\"Sveti-Stefan-Montenegro,bienvenue a montenegro,bienvenue a ulcinj montenegro,\" src=\"http:\/\/www.visit-ulcinj.com\/blog\/wp-content\/uploads\/2009\/11\/Sveti-Stefan-Montenegro.jpg\" alt=\"Sveti-Stefan-Montenegro,bienvenue a montenegro,bienvenue a ulcinj montenegro,\" width=\"580\" height=\"400\" \/><\/a>Dans ce reportage, on peut voir vers la 31\u00e8me minute, le reportage fait sur la ville de Ulcinj \/ Ulqin.<\/strong><\/p>\n<p><strong>Programme tv FRANCE 5<\/strong><\/p>\n<p>Pr\u00e9sentation : Chaque semaine, Sophie Jovillard nous embarque dans un voyage itin\u00e9rant que ce soit \u00e0 l&#8217;autre bout du monde ou dans une contr\u00e9e toute proche. Chaque parcours est ponctu\u00e9 de rencontres avec de fins connaisseurs de la r\u00e9gion visit\u00e9e, de d\u00e9couvertes de ses diff\u00e9rentes facettes quelles soient culturelles, culinaires ou tout simplement propices \u00e0 \u00abune \u00e9chapp\u00e9e belle\u00bb ! Cette semaine, direction le Montenegro. Les plus belles destinations de plong\u00e9es ne sont pas forc\u00e9ment li\u00e9es \u00e0 des destinations lointaines et exotiques ! Ici, pr\u00e8s de chez nous, la mer Adriatique rec\u00e8le quelques sites remarquables, comme les Grottes sous-marines de Gurdic, sur les rivages du Montenegro<br \/>\nEchapp\u00e9es belles &#8211; Montenegro &#8211; Les Bouches de Kotor<br \/>\nMagazine de 60\u2019 pr\u00e9sent\u00e9 par Sophie Jovillard et coproduit par France T\u00e9l\u00e9visions\/Bo travail ! Production d\u00e9l\u00e9gu\u00e9e : Georges Bonopera et Fran\u00e7ois F\u00e8vre. 2009.<br \/>\nChaque semaine, Sophie Jovillard nous embarque dans un voyage itin\u00e9rant que ce soit \u00e0 l\u2019autre bout du monde ou dans une contr\u00e9e toute proche. Chaque parcours est ponctu\u00e9 de rencontres avec de fins connaisseurs de la r\u00e9gion visit\u00e9e, de d\u00e9couvertes de ses diff\u00e9rentes facettes quelles soient culturelles,culinaires ou tout simplement propices \u00e0 \u2018une \u00e9chapp\u00e9e belle\u2019 ! Cette semaine, direction le Montenegro. Les plus belles destinations de plong\u00e9es ne sont pas forc\u00e9ment li\u00e9es \u00e0 des destinations lointaines et exotiques ! Ici, pr\u00e8s de chez nous, la mer Adriatique rec\u00e8le quelques sites remarquables, comme les Grottes sous-marines de Gurdic, sur les rivages du Montenegro&#8230; Apr\u00e8s une \u00e9chapp\u00e9e sous l\u2019eau, Sophie Jovillard et Jack Delph, son compagnon de plong\u00e9e, remontent sur le pont d\u2019un voilier de 14 m\u00e8tres et l\u2019\u00e9quipage met le cap vers les bouches de Kotor, un incroyable fjord aux allures scandinaves&#8230; Puis Sophie se dirige vers le parc national de Lovcen, en faisant une halte dans le petit villege de Njegusi, qui a vu na\u00eetre la dynastie des Petrovic qui a r\u00e9gn\u00e9 sur le pays entre 1696 et 1918. Ce village est aussi connu pour sa sp\u00e9cialit\u00e9 : le jambon fum\u00e9 (et tr\u00e8s sal\u00e9). Point central de l\u2019identit\u00e9 mont\u00e9n\u00e9grine,le mont Lovcen, synonyme de \u2018Montagne noire\u2019, a donn\u00e9 son nom au pays. Puis Sophie arrive \u00e0 Budva. M\u00e9lange de Saint-Tropez et d\u2019Ibiza, la ville de Budva est de loin la plus anim\u00e9e la plus touristique du littoral mont\u00e9n\u00e9grin. Ensuite, Sophie se rend au monast\u00e8re d\u2019Ostrog. Taill\u00e9 \u00e0 m\u00eame la falaise, ce monast\u00e8re fond\u00e9 au XVIIe si\u00e8cle est reconnu comme le plus haut lieu spirituel du Montenegro. Sophie sera accueillie par l\u2019un des moines vivant dans le monast\u00e8re. Une communaut\u00e9 tr\u00e8s retir\u00e9e du monde qui subvient \u00e0 ses besoins par la pratique de l\u2019agriculture. Sophie poursuit sa route vers le parc national de Skadar,en longeant le lac. Enfin, Sophie a rendez-vous avec des vignerons. C\u2019est justement la saison des vendanges&#8230;<br \/>\nReportages : focus fjord de Kotor\/Sujet nature\/Le dernier Eldorado\/Multi-religions et diversit\u00e9 culturelle\/<br \/>\nLe lac de Skadar &#8211; \u00e9cotourisme.<br \/>\nFeuilleton : \u2018Sur la route du Rideau de Fer &#8211; De Budapest \u00e0 Helsinki\u2019. Episode 4. Documentaire de Anne<br \/>\nPoiret.<br \/>\n(Programme sous-titr\u00e9 par t\u00e9l\u00e9texte pour les sourds et les malentendants)<\/p>\n<p><strong>Magazine<br \/>\nTous publics<\/strong><br \/>\n<strong><br \/>\n<a href=\"http:\/\/www.france5.fr\/echappees-belles\/emission\/montenegro\/\" target=\"_blank\">http:\/\/www.france5.fr<\/a><\/strong><br \/>\n<object classid=\"clsid:6bf52a52-394a-11d3-b153-00c04f79faa6\" width=\"580\" height=\"400\" codebase=\"http:\/\/activex.microsoft.com\/activex\/controls\/mplayer\/en\/nsmp2inf.cab#Version=5,1,52,701\"><param name=\"url\" value=\"mms:\/\/a533.v55778.c5577.e.vm.akamaistream.net\/7\/533\/5577\/42c40fe4\/lacinq.download.akamai.com\/5577\/internet\/echappeesbelles\/echappeesbelles_20091114.wmv\" \/><param name=\"src\" value=\"mms:\/\/a533.v55778.c5577.e.vm.akamaistream.net\/7\/533\/5577\/42c40fe4\/lacinq.download.akamai.com\/5577\/internet\/echappeesbelles\/echappeesbelles_20091114.wmv\" \/><\/object><\/p>\n","protected":false},"excerpt":{"rendered":"<p>Dans ce reportage, on peut voir vers la 31\u00e8me minute, le reportage fait sur la ville de Ulcinj \/ Ulqin. Programme tv FRANCE 5 Pr\u00e9sentation : Chaque semaine, Sophie Jovillard nous embarque dans un voyage itin\u00e9rant que ce soit \u00e0 l&#8217;autre bout du monde ou dans une contr\u00e9e toute proche. Chaque parcours est ponctu\u00e9 de [&hellip;]<\/p>\n","protected":false},"author":1,"featured_media":0,"comment_status":"open","ping_status":"closed","sticky":false,"template":"","format":"standard","meta":{"spay_email":"","jetpack_publicize_message":"","jetpack_is_tweetstorm":false,"jetpack_publicize_feature_enabled":true},"categories":[7],"tags":[12841,12842],"jetpack_publicize_connections":[],"yoast_head":"<!-- This site is optimized with the Yoast SEO plugin v19.1 - https:\/\/yoast.com\/wordpress\/plugins\/seo\/ -->\n<title>Echappees belles Mont\u00e9n\u00e9gro - Video - Lajme nga Ulqini<\/title>\n<meta name=\"description\" content=\"Dans ce reportage, on peut voir vers la 31\u00e8me minute, le reportage fait sur la ville de Ulcinj \/ Ulqin. Programme tv FRANCE 5 Pr\u00e9sentation : Chaque\" \/>\n<meta name=\"robots\" content=\"index, follow, max-snippet:-1, max-image-preview:large, max-video-preview:-1\" \/>\n<link rel=\"canonical\" href=\"https:\/\/www.visit-ulcinj.com\/blog\/2009\/11\/18\/echappees-belles-montenegro-video\/\" \/>\n<meta property=\"og:locale\" content=\"en_US\" \/>\n<meta property=\"og:type\" content=\"article\" \/>\n<meta property=\"og:title\" content=\"Echappees belles Mont\u00e9n\u00e9gro - Video - Lajme nga Ulqini\" \/>\n<meta property=\"og:description\" content=\"Dans ce reportage, on peut voir vers la 31\u00e8me minute, le reportage fait sur la ville de Ulcinj \/ Ulqin. Programme tv FRANCE 5 Pr\u00e9sentation : Chaque\" \/>\n<meta property=\"og:url\" content=\"https:\/\/www.visit-ulcinj.com\/blog\/2009\/11\/18\/echappees-belles-montenegro-video\/\" \/>\n<meta property=\"og:site_name\" content=\"Lajme nga Ulqini\" \/>\n<meta property=\"article:published_time\" content=\"2009-11-18T19:44:57+00:00\" \/>\n<meta property=\"article:modified_time\" content=\"2009-11-18T19:49:18+00:00\" \/>\n<meta property=\"og:image\" content=\"http:\/\/www.visit-ulcinj.com\/blog\/wp-content\/uploads\/2009\/11\/Sveti-Stefan-Montenegro.jpg\" \/>\n<meta name=\"twitter:label1\" content=\"Written by\" \/>\n\t<meta name=\"twitter:data1\" content=\"ulqini\" \/>\n\t<meta name=\"twitter:label2\" content=\"Est. reading time\" \/>\n\t<meta name=\"twitter:data2\" content=\"3 minutes\" \/>\n<script type=\"application\/ld+json\" class=\"yoast-schema-graph\">{\"@context\":\"https:\/\/schema.org\",\"@graph\":[{\"@type\":\"WebSite\",\"@id\":\"https:\/\/www.visit-ulcinj.com\/blog\/#website\",\"url\":\"https:\/\/www.visit-ulcinj.com\/blog\/\",\"name\":\"Lajme nga Ulqini\",\"description\":\"Lajme,Vijesti,Ulqini,Ulqin,Crna Gora,Mali i Zi\",\"potentialAction\":[{\"@type\":\"SearchAction\",\"target\":{\"@type\":\"EntryPoint\",\"urlTemplate\":\"https:\/\/www.visit-ulcinj.com\/blog\/?s={search_term_string}\"},\"query-input\":\"required name=search_term_string\"}],\"inLanguage\":\"en-US\"},{\"@type\":\"ImageObject\",\"inLanguage\":\"en-US\",\"@id\":\"https:\/\/www.visit-ulcinj.com\/blog\/2009\/11\/18\/echappees-belles-montenegro-video\/#primaryimage\",\"url\":\"http:\/\/www.visit-ulcinj.com\/blog\/wp-content\/uploads\/2009\/11\/Sveti-Stefan-Montenegro.jpg\",\"contentUrl\":\"http:\/\/www.visit-ulcinj.com\/blog\/wp-content\/uploads\/2009\/11\/Sveti-Stefan-Montenegro.jpg\"},{\"@type\":\"WebPage\",\"@id\":\"https:\/\/www.visit-ulcinj.com\/blog\/2009\/11\/18\/echappees-belles-montenegro-video\/#webpage\",\"url\":\"https:\/\/www.visit-ulcinj.com\/blog\/2009\/11\/18\/echappees-belles-montenegro-video\/\",\"name\":\"Echappees belles Mont\u00e9n\u00e9gro - Video - Lajme nga Ulqini\",\"isPartOf\":{\"@id\":\"https:\/\/www.visit-ulcinj.com\/blog\/#website\"},\"primaryImageOfPage\":{\"@id\":\"https:\/\/www.visit-ulcinj.com\/blog\/2009\/11\/18\/echappees-belles-montenegro-video\/#primaryimage\"},\"datePublished\":\"2009-11-18T19:44:57+00:00\",\"dateModified\":\"2009-11-18T19:49:18+00:00\",\"author\":{\"@id\":\"https:\/\/www.visit-ulcinj.com\/blog\/#\/schema\/person\/dcab619c614d3038751c63bc2aadc06d\"},\"description\":\"Dans ce reportage, on peut voir vers la 31\u00e8me minute, le reportage fait sur la ville de Ulcinj \/ Ulqin. Programme tv FRANCE 5 Pr\u00e9sentation : Chaque\",\"breadcrumb\":{\"@id\":\"https:\/\/www.visit-ulcinj.com\/blog\/2009\/11\/18\/echappees-belles-montenegro-video\/#breadcrumb\"},\"inLanguage\":\"en-US\",\"potentialAction\":[{\"@type\":\"ReadAction\",\"target\":[\"https:\/\/www.visit-ulcinj.com\/blog\/2009\/11\/18\/echappees-belles-montenegro-video\/\"]}]},{\"@type\":\"BreadcrumbList\",\"@id\":\"https:\/\/www.visit-ulcinj.com\/blog\/2009\/11\/18\/echappees-belles-montenegro-video\/#breadcrumb\",\"itemListElement\":[{\"@type\":\"ListItem\",\"position\":1,\"name\":\"Echappees belles Mont\u00e9n\u00e9gro &#8211; Video\"}]},{\"@type\":\"Person\",\"@id\":\"https:\/\/www.visit-ulcinj.com\/blog\/#\/schema\/person\/dcab619c614d3038751c63bc2aadc06d\",\"name\":\"ulqini\",\"sameAs\":[\"http:\/\/www.visit-ulcinj.com\"],\"url\":\"https:\/\/www.visit-ulcinj.com\/blog\/author\/admin\/\"}]}<\/script>\n<!-- \/ Yoast SEO plugin. -->","yoast_head_json":{"title":"Echappees belles Mont\u00e9n\u00e9gro - Video - Lajme nga Ulqini","description":"Dans ce reportage, on peut voir vers la 31\u00e8me minute, le reportage fait sur la ville de Ulcinj \/ Ulqin. Programme tv FRANCE 5 Pr\u00e9sentation : Chaque","robots":{"index":"index","follow":"follow","max-snippet":"max-snippet:-1","max-image-preview":"max-image-preview:large","max-video-preview":"max-video-preview:-1"},"canonical":"https:\/\/www.visit-ulcinj.com\/blog\/2009\/11\/18\/echappees-belles-montenegro-video\/","og_locale":"en_US","og_type":"article","og_title":"Echappees belles Mont\u00e9n\u00e9gro - Video - Lajme nga Ulqini","og_description":"Dans ce reportage, on peut voir vers la 31\u00e8me minute, le reportage fait sur la ville de Ulcinj \/ Ulqin. Programme tv FRANCE 5 Pr\u00e9sentation : Chaque","og_url":"https:\/\/www.visit-ulcinj.com\/blog\/2009\/11\/18\/echappees-belles-montenegro-video\/","og_site_name":"Lajme nga Ulqini","article_published_time":"2009-11-18T19:44:57+00:00","article_modified_time":"2009-11-18T19:49:18+00:00","og_image":[{"url":"http:\/\/www.visit-ulcinj.com\/blog\/wp-content\/uploads\/2009\/11\/Sveti-Stefan-Montenegro.jpg"}],"twitter_misc":{"Written by":"ulqini","Est. reading time":"3 minutes"},"schema":{"@context":"https:\/\/schema.org","@graph":[{"@type":"WebSite","@id":"https:\/\/www.visit-ulcinj.com\/blog\/#website","url":"https:\/\/www.visit-ulcinj.com\/blog\/","name":"Lajme nga Ulqini","description":"Lajme,Vijesti,Ulqini,Ulqin,Crna Gora,Mali i Zi","potentialAction":[{"@type":"SearchAction","target":{"@type":"EntryPoint","urlTemplate":"https:\/\/www.visit-ulcinj.com\/blog\/?s={search_term_string}"},"query-input":"required name=search_term_string"}],"inLanguage":"en-US"},{"@type":"ImageObject","inLanguage":"en-US","@id":"https:\/\/www.visit-ulcinj.com\/blog\/2009\/11\/18\/echappees-belles-montenegro-video\/#primaryimage","url":"http:\/\/www.visit-ulcinj.com\/blog\/wp-content\/uploads\/2009\/11\/Sveti-Stefan-Montenegro.jpg","contentUrl":"http:\/\/www.visit-ulcinj.com\/blog\/wp-content\/uploads\/2009\/11\/Sveti-Stefan-Montenegro.jpg"},{"@type":"WebPage","@id":"https:\/\/www.visit-ulcinj.com\/blog\/2009\/11\/18\/echappees-belles-montenegro-video\/#webpage","url":"https:\/\/www.visit-ulcinj.com\/blog\/2009\/11\/18\/echappees-belles-montenegro-video\/","name":"Echappees belles Mont\u00e9n\u00e9gro - Video - Lajme nga Ulqini","isPartOf":{"@id":"https:\/\/www.visit-ulcinj.com\/blog\/#website"},"primaryImageOfPage":{"@id":"https:\/\/www.visit-ulcinj.com\/blog\/2009\/11\/18\/echappees-belles-montenegro-video\/#primaryimage"},"datePublished":"2009-11-18T19:44:57+00:00","dateModified":"2009-11-18T19:49:18+00:00","author":{"@id":"https:\/\/www.visit-ulcinj.com\/blog\/#\/schema\/person\/dcab619c614d3038751c63bc2aadc06d"},"description":"Dans ce reportage, on peut voir vers la 31\u00e8me minute, le reportage fait sur la ville de Ulcinj \/ Ulqin. Programme tv FRANCE 5 Pr\u00e9sentation : Chaque","breadcrumb":{"@id":"https:\/\/www.visit-ulcinj.com\/blog\/2009\/11\/18\/echappees-belles-montenegro-video\/#breadcrumb"},"inLanguage":"en-US","potentialAction":[{"@type":"ReadAction","target":["https:\/\/www.visit-ulcinj.com\/blog\/2009\/11\/18\/echappees-belles-montenegro-video\/"]}]},{"@type":"BreadcrumbList","@id":"https:\/\/www.visit-ulcinj.com\/blog\/2009\/11\/18\/echappees-belles-montenegro-video\/#breadcrumb","itemListElement":[{"@type":"ListItem","position":1,"name":"Echappees belles Mont\u00e9n\u00e9gro &#8211; Video"}]},{"@type":"Person","@id":"https:\/\/www.visit-ulcinj.com\/blog\/#\/schema\/person\/dcab619c614d3038751c63bc2aadc06d","name":"ulqini","sameAs":["http:\/\/www.visit-ulcinj.com"],"url":"https:\/\/www.visit-ulcinj.com\/blog\/author\/admin\/"}]}},"jetpack_featured_media_url":"","jetpack_sharing_enabled":true,"jetpack_shortlink":"https:\/\/wp.me\/pe6lTn-77h","_links":{"self":[{"href":"https:\/\/www.visit-ulcinj.com\/blog\/wp-json\/wp\/v2\/posts\/27359"}],"collection":[{"href":"https:\/\/www.visit-ulcinj.com\/blog\/wp-json\/wp\/v2\/posts"}],"about":[{"href":"https:\/\/www.visit-ulcinj.com\/blog\/wp-json\/wp\/v2\/types\/post"}],"author":[{"embeddable":true,"href":"https:\/\/www.visit-ulcinj.com\/blog\/wp-json\/wp\/v2\/users\/1"}],"replies":[{"embeddable":true,"href":"https:\/\/www.visit-ulcinj.com\/blog\/wp-json\/wp\/v2\/comments?post=27359"}],"version-history":[{"count":0,"href":"https:\/\/www.visit-ulcinj.com\/blog\/wp-json\/wp\/v2\/posts\/27359\/revisions"}],"wp:attachment":[{"href":"https:\/\/www.visit-ulcinj.com\/blog\/wp-json\/wp\/v2\/media?parent=27359"}],"wp:term":[{"taxonomy":"category","embeddable":true,"href":"https:\/\/www.visit-ulcinj.com\/blog\/wp-json\/wp\/v2\/categories?post=27359"},{"taxonomy":"post_tag","embeddable":true,"href":"https:\/\/www.visit-ulcinj.com\/blog\/wp-json\/wp\/v2\/tags?post=27359"}],"curies":[{"name":"wp","href":"https:\/\/api.w.org\/{rel}","templated":true}]}}