{"id":27375,"date":"2009-11-19T18:17:22","date_gmt":"2009-11-19T16:17:22","guid":{"rendered":"http:\/\/www.visit-ulcinj.com\/blog\/?p=27375"},"modified":"2009-11-19T18:17:22","modified_gmt":"2009-11-19T16:17:22","slug":"nakon-sastanka-sa-leopoldom-maurerom-ministar-za-ljudska-i-manjinska-prava-revidirao-stav-o-lgbt-populaciji-u-crnoj-gori","status":"publish","type":"post","link":"https:\/\/www.visit-ulcinj.com\/blog\/2009\/11\/19\/nakon-sastanka-sa-leopoldom-maurerom-ministar-za-ljudska-i-manjinska-prava-revidirao-stav-o-lgbt-populaciji-u-crnoj-gori\/","title":{"rendered":"Nakon sastanka sa Leopoldom Maurerom, ministar za ljudska i manjinska prava revidirao stav o LGBT populaciji u Crnoj Gori"},"content":{"rendered":"<p><strong><a href=\"http:\/\/www.visit-ulcinj.com\/blog\/wp-content\/uploads\/2009\/11\/ferhat-dinosa_leopold-maurer.jpg\"><img loading=\"lazy\" class=\"alignleft size-full wp-image-27376\" title=\"ferhat-dinosa_leopold-maurer\" src=\"http:\/\/www.visit-ulcinj.com\/blog\/wp-content\/uploads\/2009\/11\/ferhat-dinosa_leopold-maurer.jpg\" alt=\"ferhat-dinosa_leopold-maurer\" width=\"399\" height=\"261\" srcset=\"https:\/\/www.visit-ulcinj.com\/blog\/wp-content\/uploads\/2009\/11\/ferhat-dinosa_leopold-maurer.jpg 399w, https:\/\/www.visit-ulcinj.com\/blog\/wp-content\/uploads\/2009\/11\/ferhat-dinosa_leopold-maurer-300x196.jpg 300w\" sizes=\"(max-width: 399px) 100vw, 399px\" \/><\/a>Sad je i Ferhatu gej okej <\/strong><br \/>\nCrna Gora da bi bila dio EU mora po\u0161tovati prava svih manjina, pa i seksualnih &#8211; jasno poru?io Leopold Maurer<br \/>\nAmbasador Evropske komisije u Podgorici Leopld Maurer jasno je ju?e poru?io da &#8220;Crna Gora da bi bila dio EU mora po\u0161tovati prava svih manjina, pa i seksualnih&#8221;. Maurer je to saop\u0161tio nakon sastanka sa Ferhatom Dino\u0161om, ministrom za ljudska i manjinska prava, koji je prije deset dana izjavio da je &#8220;za Crnu Goru lo\u0161a vijest postojanje ijedne homoseksualne osobe i da ne bi bio mnogo sre?an ako toga ima u Crnoj Gori&#8221;.<br \/>\n&#8211; U Evropskoj uniji nema diskriminacije za LGBT populaciju i htio sam da naglasim to gospodinu ministru i mislim da je razumio sasvim dobro. Na kraju, dogovorili smo se da ?e u krajnjem Crna Gora morati biti vi?ena od strane ?lanica EU i kao dru\u0161tvo koje po\u0161tuje ove vrijednosti &#8211; saop\u0161tio je Maurer nakon razgovora sa Dino\u0161om.<br \/>\nPoslije sastanka sa Maurerom, Dino\u0161a je izjavio da su mediji njegovu izjavu polovi?no prenijeli. Dino\u0161a je kazao da je razgovor bio &#8220;koristan, prijateljski i otvoren&#8221;, te da je svjestan da novinare najvi\u0161e interesuje &#8220;jedna tema koja je medijski bila aktuelna proteklih dana&#8221;.<br \/>\n&#8211; O tome je danas bilo rije?i. LGBT grupe, po nekim procjenama, postoje u velikom broju. Nakon moje izjave, od strane medija polovi?no prenijete, iskoristio sam priliku da gospodinu Maureru ponovim ono \u0161to je bila su\u0161tina izjave. Rekao sam da bi Evropa morala da ima u vidu ono \u0161to su specifi?nosti svake dr\u017eave. Pojasnio sam da sam siguran da ?e Crna Gora apsolutno biti spremna da se i po tom pitanju, kao i prema drugima, pona\u0161a kao razvijene evropske demokratije. I da ?e ona u svom opho?enju prema tim grupama imati to pona\u0161anje &#8211; kazao je ministar Dino\u0161a nakon sastanka sa ambasadorom EK.<br \/>\nKako su mediji objavili prije deset dana, ministar Ferhat Dino\u0161a je kazao da GLBT nije dobra vijest. Nakon te izjave, dio nevladinog sektora i aktivista za za\u0161titu ljudskih prava tra\u017eio je od premijera Mila ?ukanovi?a da smijeni Dino\u0161u.<br \/>\n&#8211; Za Crnu Goru je lo\u0161a vijest postojanje ijedne homoseksualne osobe. Ne bih bio mnogo sre?an ako toga ima u Crnoj Gori &#8211; rekao je tada Dino\u0161a.<br \/>\nDino\u0161a je ju?e, nakon burnih reakcija, saop\u0161tio druga?iji stav.<br \/>\n&#8211; Tim grupama stvori?e se prostor u kome ?e koristiti svoja prava na na?in da se ne stvaraju dru\u0161tveni konflikti &#8211; kazao je ju?e Dino\u0161a.<br \/>\nDino\u0161a je nakon sastanka sa Maurerom rekao i da je njegova intencija bila da se tabu razbije, a da se pri tom imaju u vidu specifi?nosti Crne Gore, uz nastojanje da se tim grupama, ako postoje u Crnoj Gori, &#8220;stvori prostor u kome ?e koristiti svoja prava na na?in da se ne stvaraju dru\u0161tveni konflikti&#8221;.<br \/>\n&#8211; Ambasadoru Maureru sam naveo i ?injenicu da sam proteklih dana bio u Strazburu i imao susrete sa relevantnim li?nostima o ovim pitanjima, posebno sa generalnim sekretarom Direktorata Savjeta Evrope za pravna pitanja i ljudska prava Filipom Boilom. Dobio sam sugestiju da nijedna dr\u017eava, dakle ni Crna Gora, pa time ni ovo ministarstvo, nije u obavezi da promovi\u0161e takve grupe, ali jeste u obavezi da ih \u0161titi ako one postoje, i Crna Gora ?e se tako pona\u0161ati &#8211; poru?io je Dino\u0161a.<br \/>\nMaurer je objasnio da je u EU do\u0161lo do ratifikacije Lisabonskog ugovora,?iji ?e sastavni dio biti i Povelja o osnovnim pravima. On je rekao da je za EU vrlo bitna zabrana diskriminacije.<br \/>\nMaurer je ju?e tokom susreta sa ministrom inostranih poslova Milanom Ro?enom ponovio o?ekivanje da ?e 30. novembra Savjet ministara EU donijeti odluku o ukidanju viza dr\u017eavljanima Crne Gore, o ?emu se prethodno ve?inom glasova izjasnio Evropski parlament.<\/p>\n<p><strong>M.V.<br \/>\n<a href=\"http:\/\/www.dan.co.me\/?nivo=3&amp;rubrika=Politika&amp;clanak=209002&amp;najdatum=2009-11-18&amp;datum=2009-11-19\" target=\"_blank\">DAN<\/a><\/strong><\/p>\n","protected":false},"excerpt":{"rendered":"<p>Sad je i Ferhatu gej okej Crna Gora da bi bila dio EU mora po\u0161tovati prava svih manjina, pa i seksualnih &#8211; jasno poru?io Leopold Maurer Ambasador Evropske komisije u Podgorici Leopld Maurer jasno je ju?e poru?io da &#8220;Crna Gora da bi bila dio EU mora po\u0161tovati prava svih manjina, pa i seksualnih&#8221;. Maurer je [&hellip;]<\/p>\n","protected":false},"author":1,"featured_media":0,"comment_status":"open","ping_status":"closed","sticky":false,"template":"","format":"standard","meta":{"spay_email":"","jetpack_publicize_message":"","jetpack_is_tweetstorm":false,"jetpack_publicize_feature_enabled":true},"categories":[8337],"tags":[12843,88],"jetpack_publicize_connections":[],"yoast_head":"<!-- This site is optimized with the Yoast SEO plugin v19.1 - https:\/\/yoast.com\/wordpress\/plugins\/seo\/ -->\n<title>Nakon sastanka sa Leopoldom Maurerom, ministar za ljudska i manjinska prava revidirao stav o LGBT populaciji u Crnoj Gori - Lajme nga Ulqini<\/title>\n<meta name=\"description\" content=\"Sad je i Ferhatu gej okej Crna Gora da bi bila dio EU mora po\u0161tovati prava svih manjina, pa i seksualnih - jasno poru?io Leopold Maurer Ambasador Evropske\" \/>\n<meta name=\"robots\" content=\"index, follow, max-snippet:-1, max-image-preview:large, max-video-preview:-1\" \/>\n<link rel=\"canonical\" href=\"https:\/\/www.visit-ulcinj.com\/blog\/2009\/11\/19\/nakon-sastanka-sa-leopoldom-maurerom-ministar-za-ljudska-i-manjinska-prava-revidirao-stav-o-lgbt-populaciji-u-crnoj-gori\/\" \/>\n<meta property=\"og:locale\" content=\"en_US\" \/>\n<meta property=\"og:type\" content=\"article\" \/>\n<meta property=\"og:title\" content=\"Nakon sastanka sa Leopoldom Maurerom, ministar za ljudska i manjinska prava revidirao stav o LGBT populaciji u Crnoj Gori - Lajme nga Ulqini\" \/>\n<meta property=\"og:description\" content=\"Sad je i Ferhatu gej okej Crna Gora da bi bila dio EU mora po\u0161tovati prava svih manjina, pa i seksualnih - jasno poru?io Leopold Maurer Ambasador Evropske\" \/>\n<meta property=\"og:url\" content=\"https:\/\/www.visit-ulcinj.com\/blog\/2009\/11\/19\/nakon-sastanka-sa-leopoldom-maurerom-ministar-za-ljudska-i-manjinska-prava-revidirao-stav-o-lgbt-populaciji-u-crnoj-gori\/\" \/>\n<meta property=\"og:site_name\" content=\"Lajme nga Ulqini\" \/>\n<meta property=\"article:published_time\" content=\"2009-11-19T16:17:22+00:00\" \/>\n<meta property=\"og:image\" content=\"http:\/\/www.visit-ulcinj.com\/blog\/wp-content\/uploads\/2009\/11\/ferhat-dinosa_leopold-maurer.jpg\" \/>\n<meta name=\"twitter:label1\" content=\"Written by\" \/>\n\t<meta name=\"twitter:data1\" content=\"ulqini\" \/>\n\t<meta name=\"twitter:label2\" content=\"Est. reading time\" \/>\n\t<meta name=\"twitter:data2\" content=\"3 minutes\" \/>\n<script type=\"application\/ld+json\" class=\"yoast-schema-graph\">{\"@context\":\"https:\/\/schema.org\",\"@graph\":[{\"@type\":\"WebSite\",\"@id\":\"https:\/\/www.visit-ulcinj.com\/blog\/#website\",\"url\":\"https:\/\/www.visit-ulcinj.com\/blog\/\",\"name\":\"Lajme nga Ulqini\",\"description\":\"Lajme,Vijesti,Ulqini,Ulqin,Crna Gora,Mali i Zi\",\"potentialAction\":[{\"@type\":\"SearchAction\",\"target\":{\"@type\":\"EntryPoint\",\"urlTemplate\":\"https:\/\/www.visit-ulcinj.com\/blog\/?s={search_term_string}\"},\"query-input\":\"required name=search_term_string\"}],\"inLanguage\":\"en-US\"},{\"@type\":\"ImageObject\",\"inLanguage\":\"en-US\",\"@id\":\"https:\/\/www.visit-ulcinj.com\/blog\/2009\/11\/19\/nakon-sastanka-sa-leopoldom-maurerom-ministar-za-ljudska-i-manjinska-prava-revidirao-stav-o-lgbt-populaciji-u-crnoj-gori\/#primaryimage\",\"url\":\"https:\/\/www.visit-ulcinj.com\/blog\/wp-content\/uploads\/2009\/11\/ferhat-dinosa_leopold-maurer.jpg\",\"contentUrl\":\"https:\/\/www.visit-ulcinj.com\/blog\/wp-content\/uploads\/2009\/11\/ferhat-dinosa_leopold-maurer.jpg\",\"width\":\"399\",\"height\":\"261\"},{\"@type\":\"WebPage\",\"@id\":\"https:\/\/www.visit-ulcinj.com\/blog\/2009\/11\/19\/nakon-sastanka-sa-leopoldom-maurerom-ministar-za-ljudska-i-manjinska-prava-revidirao-stav-o-lgbt-populaciji-u-crnoj-gori\/#webpage\",\"url\":\"https:\/\/www.visit-ulcinj.com\/blog\/2009\/11\/19\/nakon-sastanka-sa-leopoldom-maurerom-ministar-za-ljudska-i-manjinska-prava-revidirao-stav-o-lgbt-populaciji-u-crnoj-gori\/\",\"name\":\"Nakon sastanka sa Leopoldom Maurerom, ministar za ljudska i manjinska prava revidirao stav o LGBT populaciji u Crnoj Gori - Lajme nga Ulqini\",\"isPartOf\":{\"@id\":\"https:\/\/www.visit-ulcinj.com\/blog\/#website\"},\"primaryImageOfPage\":{\"@id\":\"https:\/\/www.visit-ulcinj.com\/blog\/2009\/11\/19\/nakon-sastanka-sa-leopoldom-maurerom-ministar-za-ljudska-i-manjinska-prava-revidirao-stav-o-lgbt-populaciji-u-crnoj-gori\/#primaryimage\"},\"datePublished\":\"2009-11-19T16:17:22+00:00\",\"dateModified\":\"2009-11-19T16:17:22+00:00\",\"author\":{\"@id\":\"https:\/\/www.visit-ulcinj.com\/blog\/#\/schema\/person\/dcab619c614d3038751c63bc2aadc06d\"},\"description\":\"Sad je i Ferhatu gej okej Crna Gora da bi bila dio EU mora po\u0161tovati prava svih manjina, pa i seksualnih - jasno poru?io Leopold Maurer Ambasador Evropske\",\"breadcrumb\":{\"@id\":\"https:\/\/www.visit-ulcinj.com\/blog\/2009\/11\/19\/nakon-sastanka-sa-leopoldom-maurerom-ministar-za-ljudska-i-manjinska-prava-revidirao-stav-o-lgbt-populaciji-u-crnoj-gori\/#breadcrumb\"},\"inLanguage\":\"en-US\",\"potentialAction\":[{\"@type\":\"ReadAction\",\"target\":[\"https:\/\/www.visit-ulcinj.com\/blog\/2009\/11\/19\/nakon-sastanka-sa-leopoldom-maurerom-ministar-za-ljudska-i-manjinska-prava-revidirao-stav-o-lgbt-populaciji-u-crnoj-gori\/\"]}]},{\"@type\":\"BreadcrumbList\",\"@id\":\"https:\/\/www.visit-ulcinj.com\/blog\/2009\/11\/19\/nakon-sastanka-sa-leopoldom-maurerom-ministar-za-ljudska-i-manjinska-prava-revidirao-stav-o-lgbt-populaciji-u-crnoj-gori\/#breadcrumb\",\"itemListElement\":[{\"@type\":\"ListItem\",\"position\":1,\"name\":\"Nakon sastanka sa Leopoldom Maurerom, ministar za ljudska i manjinska prava revidirao stav o LGBT populaciji u Crnoj Gori\"}]},{\"@type\":\"Person\",\"@id\":\"https:\/\/www.visit-ulcinj.com\/blog\/#\/schema\/person\/dcab619c614d3038751c63bc2aadc06d\",\"name\":\"ulqini\",\"sameAs\":[\"http:\/\/www.visit-ulcinj.com\"],\"url\":\"https:\/\/www.visit-ulcinj.com\/blog\/author\/admin\/\"}]}<\/script>\n<!-- \/ Yoast SEO plugin. -->","yoast_head_json":{"title":"Nakon sastanka sa Leopoldom Maurerom, ministar za ljudska i manjinska prava revidirao stav o LGBT populaciji u Crnoj Gori - Lajme nga Ulqini","description":"Sad je i Ferhatu gej okej Crna Gora da bi bila dio EU mora po\u0161tovati prava svih manjina, pa i seksualnih - jasno poru?io Leopold Maurer Ambasador Evropske","robots":{"index":"index","follow":"follow","max-snippet":"max-snippet:-1","max-image-preview":"max-image-preview:large","max-video-preview":"max-video-preview:-1"},"canonical":"https:\/\/www.visit-ulcinj.com\/blog\/2009\/11\/19\/nakon-sastanka-sa-leopoldom-maurerom-ministar-za-ljudska-i-manjinska-prava-revidirao-stav-o-lgbt-populaciji-u-crnoj-gori\/","og_locale":"en_US","og_type":"article","og_title":"Nakon sastanka sa Leopoldom Maurerom, ministar za ljudska i manjinska prava revidirao stav o LGBT populaciji u Crnoj Gori - Lajme nga Ulqini","og_description":"Sad je i Ferhatu gej okej Crna Gora da bi bila dio EU mora po\u0161tovati prava svih manjina, pa i seksualnih - jasno poru?io Leopold Maurer Ambasador Evropske","og_url":"https:\/\/www.visit-ulcinj.com\/blog\/2009\/11\/19\/nakon-sastanka-sa-leopoldom-maurerom-ministar-za-ljudska-i-manjinska-prava-revidirao-stav-o-lgbt-populaciji-u-crnoj-gori\/","og_site_name":"Lajme nga Ulqini","article_published_time":"2009-11-19T16:17:22+00:00","og_image":[{"url":"http:\/\/www.visit-ulcinj.com\/blog\/wp-content\/uploads\/2009\/11\/ferhat-dinosa_leopold-maurer.jpg"}],"twitter_misc":{"Written by":"ulqini","Est. reading time":"3 minutes"},"schema":{"@context":"https:\/\/schema.org","@graph":[{"@type":"WebSite","@id":"https:\/\/www.visit-ulcinj.com\/blog\/#website","url":"https:\/\/www.visit-ulcinj.com\/blog\/","name":"Lajme nga Ulqini","description":"Lajme,Vijesti,Ulqini,Ulqin,Crna Gora,Mali i Zi","potentialAction":[{"@type":"SearchAction","target":{"@type":"EntryPoint","urlTemplate":"https:\/\/www.visit-ulcinj.com\/blog\/?s={search_term_string}"},"query-input":"required name=search_term_string"}],"inLanguage":"en-US"},{"@type":"ImageObject","inLanguage":"en-US","@id":"https:\/\/www.visit-ulcinj.com\/blog\/2009\/11\/19\/nakon-sastanka-sa-leopoldom-maurerom-ministar-za-ljudska-i-manjinska-prava-revidirao-stav-o-lgbt-populaciji-u-crnoj-gori\/#primaryimage","url":"https:\/\/www.visit-ulcinj.com\/blog\/wp-content\/uploads\/2009\/11\/ferhat-dinosa_leopold-maurer.jpg","contentUrl":"https:\/\/www.visit-ulcinj.com\/blog\/wp-content\/uploads\/2009\/11\/ferhat-dinosa_leopold-maurer.jpg","width":"399","height":"261"},{"@type":"WebPage","@id":"https:\/\/www.visit-ulcinj.com\/blog\/2009\/11\/19\/nakon-sastanka-sa-leopoldom-maurerom-ministar-za-ljudska-i-manjinska-prava-revidirao-stav-o-lgbt-populaciji-u-crnoj-gori\/#webpage","url":"https:\/\/www.visit-ulcinj.com\/blog\/2009\/11\/19\/nakon-sastanka-sa-leopoldom-maurerom-ministar-za-ljudska-i-manjinska-prava-revidirao-stav-o-lgbt-populaciji-u-crnoj-gori\/","name":"Nakon sastanka sa Leopoldom Maurerom, ministar za ljudska i manjinska prava revidirao stav o LGBT populaciji u Crnoj Gori - Lajme nga Ulqini","isPartOf":{"@id":"https:\/\/www.visit-ulcinj.com\/blog\/#website"},"primaryImageOfPage":{"@id":"https:\/\/www.visit-ulcinj.com\/blog\/2009\/11\/19\/nakon-sastanka-sa-leopoldom-maurerom-ministar-za-ljudska-i-manjinska-prava-revidirao-stav-o-lgbt-populaciji-u-crnoj-gori\/#primaryimage"},"datePublished":"2009-11-19T16:17:22+00:00","dateModified":"2009-11-19T16:17:22+00:00","author":{"@id":"https:\/\/www.visit-ulcinj.com\/blog\/#\/schema\/person\/dcab619c614d3038751c63bc2aadc06d"},"description":"Sad je i Ferhatu gej okej Crna Gora da bi bila dio EU mora po\u0161tovati prava svih manjina, pa i seksualnih - jasno poru?io Leopold Maurer Ambasador Evropske","breadcrumb":{"@id":"https:\/\/www.visit-ulcinj.com\/blog\/2009\/11\/19\/nakon-sastanka-sa-leopoldom-maurerom-ministar-za-ljudska-i-manjinska-prava-revidirao-stav-o-lgbt-populaciji-u-crnoj-gori\/#breadcrumb"},"inLanguage":"en-US","potentialAction":[{"@type":"ReadAction","target":["https:\/\/www.visit-ulcinj.com\/blog\/2009\/11\/19\/nakon-sastanka-sa-leopoldom-maurerom-ministar-za-ljudska-i-manjinska-prava-revidirao-stav-o-lgbt-populaciji-u-crnoj-gori\/"]}]},{"@type":"BreadcrumbList","@id":"https:\/\/www.visit-ulcinj.com\/blog\/2009\/11\/19\/nakon-sastanka-sa-leopoldom-maurerom-ministar-za-ljudska-i-manjinska-prava-revidirao-stav-o-lgbt-populaciji-u-crnoj-gori\/#breadcrumb","itemListElement":[{"@type":"ListItem","position":1,"name":"Nakon sastanka sa Leopoldom Maurerom, ministar za ljudska i manjinska prava revidirao stav o LGBT populaciji u Crnoj Gori"}]},{"@type":"Person","@id":"https:\/\/www.visit-ulcinj.com\/blog\/#\/schema\/person\/dcab619c614d3038751c63bc2aadc06d","name":"ulqini","sameAs":["http:\/\/www.visit-ulcinj.com"],"url":"https:\/\/www.visit-ulcinj.com\/blog\/author\/admin\/"}]}},"jetpack_featured_media_url":"","jetpack_sharing_enabled":true,"jetpack_shortlink":"https:\/\/wp.me\/pe6lTn-77x","_links":{"self":[{"href":"https:\/\/www.visit-ulcinj.com\/blog\/wp-json\/wp\/v2\/posts\/27375"}],"collection":[{"href":"https:\/\/www.visit-ulcinj.com\/blog\/wp-json\/wp\/v2\/posts"}],"about":[{"href":"https:\/\/www.visit-ulcinj.com\/blog\/wp-json\/wp\/v2\/types\/post"}],"author":[{"embeddable":true,"href":"https:\/\/www.visit-ulcinj.com\/blog\/wp-json\/wp\/v2\/users\/1"}],"replies":[{"embeddable":true,"href":"https:\/\/www.visit-ulcinj.com\/blog\/wp-json\/wp\/v2\/comments?post=27375"}],"version-history":[{"count":0,"href":"https:\/\/www.visit-ulcinj.com\/blog\/wp-json\/wp\/v2\/posts\/27375\/revisions"}],"wp:attachment":[{"href":"https:\/\/www.visit-ulcinj.com\/blog\/wp-json\/wp\/v2\/media?parent=27375"}],"wp:term":[{"taxonomy":"category","embeddable":true,"href":"https:\/\/www.visit-ulcinj.com\/blog\/wp-json\/wp\/v2\/categories?post=27375"},{"taxonomy":"post_tag","embeddable":true,"href":"https:\/\/www.visit-ulcinj.com\/blog\/wp-json\/wp\/v2\/tags?post=27375"}],"curies":[{"name":"wp","href":"https:\/\/api.w.org\/{rel}","templated":true}]}}