{"id":27404,"date":"2009-11-20T16:04:14","date_gmt":"2009-11-20T14:04:14","guid":{"rendered":"http:\/\/www.visit-ulcinj.com\/blog\/?p=27404"},"modified":"2009-11-20T16:06:57","modified_gmt":"2009-11-20T14:06:57","slug":"crnogorska-mis-sa-albanskom-zastavom","status":"publish","type":"post","link":"https:\/\/www.visit-ulcinj.com\/blog\/2009\/11\/20\/crnogorska-mis-sa-albanskom-zastavom\/","title":{"rendered":"Crnogorska mis sa albanskom zastavom"},"content":{"rendered":"<p><a href=\"http:\/\/www.visit-ulcinj.com\/blog\/wp-content\/uploads\/2009\/11\/Mis-Crne-Gore-Belinda-Orahovac-u-u-Dra?u.jpg\"><img loading=\"lazy\" class=\"alignleft size-full wp-image-27405\" title=\"Mis Crne Gore Belinda Orahovac u u Dra?u\" src=\"http:\/\/www.visit-ulcinj.com\/blog\/wp-content\/uploads\/2009\/11\/Mis-Crne-Gore-Belinda-Orahovac-u-u-Dra?u.jpg\" alt=\"Mis Crne Gore Belinda Orahovac u u Dra?u\" width=\"350\" height=\"472\" \/><\/a>Dado Jovanovi? i agencija &#8220;Sara&#8221; biraju?i predstavnicu Crne Gore za izbor mis Globus nijesu ocjenjiali samo ljepotu ve?, kako navodi vlasnik agencije, djevojka je morala da govori engleski, italijanski i albanski jezik<br \/>\nPredstavnica Crne Gore Belinda Orahovac nije imala zapa\u017een uspjeh na izboru za mis Globus internacional, koji se odr\u017eao 1. novembra u Dra?u, u Albaniji, ali je zato skrenula pa\u017enju fotografijama, koje su obajvljene na sajtu Srpske novine Crne Gore, na kojima je pozirala sa albanskom zastavom. Ona ni na zvani?kom sajtu Globus internacionala nije isticala zastavu zemlje koju je predstavljala, \u0161to nije bio slu?aj sa njenim koleginicama iz Kine, Rusije, Albanije, koje nijesu propustile priliku da svijetu po\u0161alju sliku svog dr\u017eavnog simbola.<br \/>\n&#8211; Ne \u017eelim da se potencira nacionalna ili politi?ka pripadnost zbog &#8220;sporne&#8221; fotografije. Pozirala sam sa albanskom zastavom, ali i sa zastavama drugih zemalja u?esnica takmi?enja u Dra?u &#8211; kazala je Orahovac.<br \/>\nMisica Crne Gore je istakla za &#8220;Dan&#8221; da je njena slika sa albanskom zastavom ista kao i slike koje ima sa ruskom i drugim zastavama u?esnicama izbora za mis Globus internacional.<br \/>\n&#8211; Moje koleginice i ja smo se slikale sa albanskom zastavom iz po\u0161tovanja prema zemlji doma?inu &#8211; naglasila je Belinda.<br \/>\nTvrdi da nije ?ula za negativne komentare fotosa, a tokom boravka u Dra?u nije skidala lentu na kojoj je pisalo Montenegro.<br \/>\n&#8211; Sa ponosom sam nosila lentu na kojoj je bilo ispisano ime zemlje iz koje dolazim &#8211; rekla je Orahovac.<br \/>\nMisica se super provela u Albaniji, izbor je bio savr\u0161eno organizovan jedino je izostao visok plasman koji je o?ekivala. Kako je navela, ipak, je &#8220;pala&#8221; ponuda da u?estvuje na izboru za &#8220;Mis Automotive 2010&#8221;, ali ?e, kako ka\u017ee, jo\u0161 razmisliti.<br \/>\n&#8211; Na prvom mjestu mi je fakultet, ali ne?u odbiti primamljive ponude ukoliko ih bude &#8211; rekla je Orahovac, studentkinja tre?e godine stomatologije u Podgorici.<br \/>\nIpak, izbor u Albaniji pamti?e po dru\u017eenju sa djevojkama iz Srbije, Bosne i Hercegovine i Hrvatske.<br \/>\n&#8211; Slobodno vrijeme provodila sam sa misicama Venecuele, Nigerije i Slova?ke &#8211; ispri?ala je Belinda Orahovac.<br \/>\nBelinda se vinula me?u najljep\u0161e djevojke Crne Gore 2007. godine kada je izabrana za mis \u0161arma. Otad su je anga\u017eovali na nekoliko izbora i modnih manifestacija.<br \/>\nOrganizator izbora za mis Globus u Crnoj Gori je Dado Jovanovi? i agencija Sara. Na kastingu ove agencije odlu?eno je da Belinda u Dra?u na internacionalnom izboru za najljep\u0161u djevojku predstavlja Crnu Goru.<br \/>\nJovanovi? je u izjavi za &#8220;Dan&#8221; potvrdio da je vidio slike aktuelne misice sa crnogorskom lentom i albanskom zastavom.<br \/>\n&#8211; Fotografije koje su objavljene na fesjbuku su li?ne, a neko je iskoristio &#8220;prijateljstvo&#8221; sa Belindom i poku\u0161ao da joj nanese \u0161tetu. Potpuno je podr\u017eavam \u0161to se fotografisala sa zastavom zemlje doma?ina izbora, jer se kroz Albaniju na svakom koraku mogu vidjeti njihove no\u0161nje i druga nacionalna obilje\u017eja &#8211; kazao je Jovanovi? i dodao da se i sam prije dvije godine fotografisao u jednom albanskom restoranu, a iza njega je bila njihova zastava.<br \/>\n&#8211; Te iste godine su se misice Srbije, Albanije i Kosova tako?e, slikale sa albanskom zastavom. Cilj kompletne manifestacije je da poka\u017eu ljudima da svi \u017eivimo u miru i to je jedina poruka najljep\u0161ih djevojaka &#8211; ka\u017ee Jovanovi?.<br \/>\nJovanovi? je naglasio da zna da je Belinda dostojanstveno predstavljala Crnu Goru i tokom 15 dana priprema u Albaniji.<br \/>\n&#8211; Misice su bile dvije nedjelje na probi u Albaniji. Finale takmi?enja je odr\u017eano 1. novembra, iako nisam bio tamo, saznao sam da je sve proteklo besprekorno. Vjerujte, to je najbolji izbor za mis koji se organizuje &#8211; istakao je Jovanovi?.<br \/>\nOn je podsjetio da je za izbor za mis Globus u Crnoj Gori organizovao kasting, te da nije bio presudan samo izgled ve? i poznavanje albanskog jezika.<br \/>\n&#8211; Djevojke su morale da znaju engleski, italijanski i albanski jezik &#8211; kazao je Jovanovi? i dodao da Belinda Orahovac nije skidala crnogorsku no\u0161nju, zastavu i lentu na kojoj je pisalo Montenegro.<br \/>\n&#8211; Dostojno je predstavljala svoju zemlju. Moglo je i meni da se desi, kao nacionalnom direktoru, da se slikam a da u pozadini bude albanska zastava. Sigurno nije kriva, ali isti?em da je sramno \u0161to na\u0161 narod radi, ali da umjesto da je podr\u017ee pojedinci je kompromituju &#8211; zaklju?io je Jovanovi?.<\/p>\n<p><strong>P.D. <a href=\"http:\/\/www.dan.co.me\/?nivo=3&amp;datum=2009-11-19&amp;rubrika=Sarena%20strana&amp;najdatum=2009-11-18&amp;clanak=208974\" target=\"_blank\"><br \/>\nDAN<\/a><\/strong><\/p>\n<p><strong><\/p>\n<p><\/strong><\/p>\n<p><strong> <\/strong><\/p>\n<!--YouTube Error: bad URL entered-->\n","protected":false},"excerpt":{"rendered":"<p>Dado Jovanovi? i agencija &#8220;Sara&#8221; biraju?i predstavnicu Crne Gore za izbor mis Globus nijesu ocjenjiali samo ljepotu ve?, kako navodi vlasnik agencije, djevojka je morala da govori engleski, italijanski i albanski jezik Predstavnica Crne Gore Belinda Orahovac nije imala zapa\u017een uspjeh na izboru za mis Globus internacional, koji se odr\u017eao 1. novembra u Dra?u, u [&hellip;]<\/p>\n","protected":false},"author":1,"featured_media":0,"comment_status":"open","ping_status":"closed","sticky":false,"template":"","format":"standard","meta":{"spay_email":"","jetpack_publicize_message":"","jetpack_is_tweetstorm":false,"jetpack_publicize_feature_enabled":true},"categories":[8337],"tags":[12861,12859,12858,12860,12146],"jetpack_publicize_connections":[],"yoast_head":"<!-- This site is optimized with the Yoast SEO plugin v19.1 - https:\/\/yoast.com\/wordpress\/plugins\/seo\/ -->\n<title>Crnogorska mis sa albanskom zastavom - Lajme nga Ulqini<\/title>\n<meta name=\"description\" content=\"Dado Jovanovi? i agencija &quot;Sara&quot; biraju?i predstavnicu Crne Gore za izbor mis Globus nijesu ocjenjiali samo ljepotu ve?, kako navodi vlasnik agencije,\" \/>\n<meta name=\"robots\" content=\"index, follow, max-snippet:-1, max-image-preview:large, max-video-preview:-1\" \/>\n<link rel=\"canonical\" href=\"https:\/\/www.visit-ulcinj.com\/blog\/2009\/11\/20\/crnogorska-mis-sa-albanskom-zastavom\/\" \/>\n<meta property=\"og:locale\" content=\"en_US\" \/>\n<meta property=\"og:type\" content=\"article\" \/>\n<meta property=\"og:title\" content=\"Crnogorska mis sa albanskom zastavom - Lajme nga Ulqini\" \/>\n<meta property=\"og:description\" content=\"Dado Jovanovi? i agencija &quot;Sara&quot; biraju?i predstavnicu Crne Gore za izbor mis Globus nijesu ocjenjiali samo ljepotu ve?, kako navodi vlasnik agencije,\" \/>\n<meta property=\"og:url\" content=\"https:\/\/www.visit-ulcinj.com\/blog\/2009\/11\/20\/crnogorska-mis-sa-albanskom-zastavom\/\" \/>\n<meta property=\"og:site_name\" content=\"Lajme nga Ulqini\" \/>\n<meta property=\"article:published_time\" content=\"2009-11-20T14:04:14+00:00\" \/>\n<meta property=\"article:modified_time\" content=\"2009-11-20T14:06:57+00:00\" \/>\n<meta property=\"og:image\" content=\"https:\/\/www.visit-ulcinj.com\/blog\/wp-content\/uploads\/2009\/11\/Mis-Crne-Gore-Belinda-Orahovac-u-u-Dra\u00c4\u008du.jpg\" \/>\n<meta name=\"twitter:label1\" content=\"Written by\" \/>\n\t<meta name=\"twitter:data1\" content=\"ulqini\" \/>\n\t<meta name=\"twitter:label2\" content=\"Est. reading time\" \/>\n\t<meta name=\"twitter:data2\" content=\"4 minutes\" \/>\n<script type=\"application\/ld+json\" class=\"yoast-schema-graph\">{\"@context\":\"https:\/\/schema.org\",\"@graph\":[{\"@type\":\"WebSite\",\"@id\":\"https:\/\/www.visit-ulcinj.com\/blog\/#website\",\"url\":\"https:\/\/www.visit-ulcinj.com\/blog\/\",\"name\":\"Lajme nga Ulqini\",\"description\":\"Lajme,Vijesti,Ulqini,Ulqin,Crna Gora,Mali i Zi\",\"potentialAction\":[{\"@type\":\"SearchAction\",\"target\":{\"@type\":\"EntryPoint\",\"urlTemplate\":\"https:\/\/www.visit-ulcinj.com\/blog\/?s={search_term_string}\"},\"query-input\":\"required name=search_term_string\"}],\"inLanguage\":\"en-US\"},{\"@type\":\"ImageObject\",\"inLanguage\":\"en-US\",\"@id\":\"https:\/\/www.visit-ulcinj.com\/blog\/2009\/11\/20\/crnogorska-mis-sa-albanskom-zastavom\/#primaryimage\",\"url\":\"http:\/\/www.visit-ulcinj.com\/blog\/wp-content\/uploads\/2009\/11\/Mis-Crne-Gore-Belinda-Orahovac-u-u-Dra?u.jpg\",\"contentUrl\":\"http:\/\/www.visit-ulcinj.com\/blog\/wp-content\/uploads\/2009\/11\/Mis-Crne-Gore-Belinda-Orahovac-u-u-Dra?u.jpg\"},{\"@type\":\"WebPage\",\"@id\":\"https:\/\/www.visit-ulcinj.com\/blog\/2009\/11\/20\/crnogorska-mis-sa-albanskom-zastavom\/#webpage\",\"url\":\"https:\/\/www.visit-ulcinj.com\/blog\/2009\/11\/20\/crnogorska-mis-sa-albanskom-zastavom\/\",\"name\":\"Crnogorska mis sa albanskom zastavom - Lajme nga Ulqini\",\"isPartOf\":{\"@id\":\"https:\/\/www.visit-ulcinj.com\/blog\/#website\"},\"primaryImageOfPage\":{\"@id\":\"https:\/\/www.visit-ulcinj.com\/blog\/2009\/11\/20\/crnogorska-mis-sa-albanskom-zastavom\/#primaryimage\"},\"datePublished\":\"2009-11-20T14:04:14+00:00\",\"dateModified\":\"2009-11-20T14:06:57+00:00\",\"author\":{\"@id\":\"https:\/\/www.visit-ulcinj.com\/blog\/#\/schema\/person\/dcab619c614d3038751c63bc2aadc06d\"},\"description\":\"Dado Jovanovi? i agencija \\\"Sara\\\" biraju?i predstavnicu Crne Gore za izbor mis Globus nijesu ocjenjiali samo ljepotu ve?, kako navodi vlasnik agencije,\",\"breadcrumb\":{\"@id\":\"https:\/\/www.visit-ulcinj.com\/blog\/2009\/11\/20\/crnogorska-mis-sa-albanskom-zastavom\/#breadcrumb\"},\"inLanguage\":\"en-US\",\"potentialAction\":[{\"@type\":\"ReadAction\",\"target\":[\"https:\/\/www.visit-ulcinj.com\/blog\/2009\/11\/20\/crnogorska-mis-sa-albanskom-zastavom\/\"]}]},{\"@type\":\"BreadcrumbList\",\"@id\":\"https:\/\/www.visit-ulcinj.com\/blog\/2009\/11\/20\/crnogorska-mis-sa-albanskom-zastavom\/#breadcrumb\",\"itemListElement\":[{\"@type\":\"ListItem\",\"position\":1,\"name\":\"Crnogorska mis sa albanskom zastavom\"}]},{\"@type\":\"Person\",\"@id\":\"https:\/\/www.visit-ulcinj.com\/blog\/#\/schema\/person\/dcab619c614d3038751c63bc2aadc06d\",\"name\":\"ulqini\",\"sameAs\":[\"http:\/\/www.visit-ulcinj.com\"],\"url\":\"https:\/\/www.visit-ulcinj.com\/blog\/author\/admin\/\"}]}<\/script>\n<!-- \/ Yoast SEO plugin. -->","yoast_head_json":{"title":"Crnogorska mis sa albanskom zastavom - Lajme nga Ulqini","description":"Dado Jovanovi? i agencija \"Sara\" biraju?i predstavnicu Crne Gore za izbor mis Globus nijesu ocjenjiali samo ljepotu ve?, kako navodi vlasnik agencije,","robots":{"index":"index","follow":"follow","max-snippet":"max-snippet:-1","max-image-preview":"max-image-preview:large","max-video-preview":"max-video-preview:-1"},"canonical":"https:\/\/www.visit-ulcinj.com\/blog\/2009\/11\/20\/crnogorska-mis-sa-albanskom-zastavom\/","og_locale":"en_US","og_type":"article","og_title":"Crnogorska mis sa albanskom zastavom - Lajme nga Ulqini","og_description":"Dado Jovanovi? i agencija \"Sara\" biraju?i predstavnicu Crne Gore za izbor mis Globus nijesu ocjenjiali samo ljepotu ve?, kako navodi vlasnik agencije,","og_url":"https:\/\/www.visit-ulcinj.com\/blog\/2009\/11\/20\/crnogorska-mis-sa-albanskom-zastavom\/","og_site_name":"Lajme nga Ulqini","article_published_time":"2009-11-20T14:04:14+00:00","article_modified_time":"2009-11-20T14:06:57+00:00","og_image":[{"url":"https:\/\/www.visit-ulcinj.com\/blog\/wp-content\/uploads\/2009\/11\/Mis-Crne-Gore-Belinda-Orahovac-u-u-Dra\u00c4\u008du.jpg"}],"twitter_misc":{"Written by":"ulqini","Est. reading time":"4 minutes"},"schema":{"@context":"https:\/\/schema.org","@graph":[{"@type":"WebSite","@id":"https:\/\/www.visit-ulcinj.com\/blog\/#website","url":"https:\/\/www.visit-ulcinj.com\/blog\/","name":"Lajme nga Ulqini","description":"Lajme,Vijesti,Ulqini,Ulqin,Crna Gora,Mali i Zi","potentialAction":[{"@type":"SearchAction","target":{"@type":"EntryPoint","urlTemplate":"https:\/\/www.visit-ulcinj.com\/blog\/?s={search_term_string}"},"query-input":"required name=search_term_string"}],"inLanguage":"en-US"},{"@type":"ImageObject","inLanguage":"en-US","@id":"https:\/\/www.visit-ulcinj.com\/blog\/2009\/11\/20\/crnogorska-mis-sa-albanskom-zastavom\/#primaryimage","url":"http:\/\/www.visit-ulcinj.com\/blog\/wp-content\/uploads\/2009\/11\/Mis-Crne-Gore-Belinda-Orahovac-u-u-Dra?u.jpg","contentUrl":"http:\/\/www.visit-ulcinj.com\/blog\/wp-content\/uploads\/2009\/11\/Mis-Crne-Gore-Belinda-Orahovac-u-u-Dra?u.jpg"},{"@type":"WebPage","@id":"https:\/\/www.visit-ulcinj.com\/blog\/2009\/11\/20\/crnogorska-mis-sa-albanskom-zastavom\/#webpage","url":"https:\/\/www.visit-ulcinj.com\/blog\/2009\/11\/20\/crnogorska-mis-sa-albanskom-zastavom\/","name":"Crnogorska mis sa albanskom zastavom - Lajme nga Ulqini","isPartOf":{"@id":"https:\/\/www.visit-ulcinj.com\/blog\/#website"},"primaryImageOfPage":{"@id":"https:\/\/www.visit-ulcinj.com\/blog\/2009\/11\/20\/crnogorska-mis-sa-albanskom-zastavom\/#primaryimage"},"datePublished":"2009-11-20T14:04:14+00:00","dateModified":"2009-11-20T14:06:57+00:00","author":{"@id":"https:\/\/www.visit-ulcinj.com\/blog\/#\/schema\/person\/dcab619c614d3038751c63bc2aadc06d"},"description":"Dado Jovanovi? i agencija \"Sara\" biraju?i predstavnicu Crne Gore za izbor mis Globus nijesu ocjenjiali samo ljepotu ve?, kako navodi vlasnik agencije,","breadcrumb":{"@id":"https:\/\/www.visit-ulcinj.com\/blog\/2009\/11\/20\/crnogorska-mis-sa-albanskom-zastavom\/#breadcrumb"},"inLanguage":"en-US","potentialAction":[{"@type":"ReadAction","target":["https:\/\/www.visit-ulcinj.com\/blog\/2009\/11\/20\/crnogorska-mis-sa-albanskom-zastavom\/"]}]},{"@type":"BreadcrumbList","@id":"https:\/\/www.visit-ulcinj.com\/blog\/2009\/11\/20\/crnogorska-mis-sa-albanskom-zastavom\/#breadcrumb","itemListElement":[{"@type":"ListItem","position":1,"name":"Crnogorska mis sa albanskom zastavom"}]},{"@type":"Person","@id":"https:\/\/www.visit-ulcinj.com\/blog\/#\/schema\/person\/dcab619c614d3038751c63bc2aadc06d","name":"ulqini","sameAs":["http:\/\/www.visit-ulcinj.com"],"url":"https:\/\/www.visit-ulcinj.com\/blog\/author\/admin\/"}]}},"jetpack_featured_media_url":"","jetpack_sharing_enabled":true,"jetpack_shortlink":"https:\/\/wp.me\/pe6lTn-780","_links":{"self":[{"href":"https:\/\/www.visit-ulcinj.com\/blog\/wp-json\/wp\/v2\/posts\/27404"}],"collection":[{"href":"https:\/\/www.visit-ulcinj.com\/blog\/wp-json\/wp\/v2\/posts"}],"about":[{"href":"https:\/\/www.visit-ulcinj.com\/blog\/wp-json\/wp\/v2\/types\/post"}],"author":[{"embeddable":true,"href":"https:\/\/www.visit-ulcinj.com\/blog\/wp-json\/wp\/v2\/users\/1"}],"replies":[{"embeddable":true,"href":"https:\/\/www.visit-ulcinj.com\/blog\/wp-json\/wp\/v2\/comments?post=27404"}],"version-history":[{"count":0,"href":"https:\/\/www.visit-ulcinj.com\/blog\/wp-json\/wp\/v2\/posts\/27404\/revisions"}],"wp:attachment":[{"href":"https:\/\/www.visit-ulcinj.com\/blog\/wp-json\/wp\/v2\/media?parent=27404"}],"wp:term":[{"taxonomy":"category","embeddable":true,"href":"https:\/\/www.visit-ulcinj.com\/blog\/wp-json\/wp\/v2\/categories?post=27404"},{"taxonomy":"post_tag","embeddable":true,"href":"https:\/\/www.visit-ulcinj.com\/blog\/wp-json\/wp\/v2\/tags?post=27404"}],"curies":[{"name":"wp","href":"https:\/\/api.w.org\/{rel}","templated":true}]}}