{"id":27430,"date":"2009-11-20T17:39:45","date_gmt":"2009-11-20T15:39:45","guid":{"rendered":"http:\/\/www.visit-ulcinj.com\/blog\/?p=27430"},"modified":"2009-11-20T17:39:45","modified_gmt":"2009-11-20T15:39:45","slug":"etika-njerezore-morali-qe-na-ka-humbur","status":"publish","type":"post","link":"https:\/\/www.visit-ulcinj.com\/blog\/2009\/11\/20\/etika-njerezore-morali-qe-na-ka-humbur\/","title":{"rendered":"Etika njer\u00ebzore; Morali q\u00eb na ka humbur"},"content":{"rendered":"<p><a href=\"http:\/\/www.visit-ulcinj.com\/blog\/wp-content\/uploads\/2009\/11\/Etika-njer\u00ebzore-Morali-q\u00eb-na-ka-humbur.jpg\"><img loading=\"lazy\" class=\"alignleft size-full wp-image-27431\" title=\"Etika njer\u00ebzore; Morali q\u00eb na ka humbur\" src=\"http:\/\/www.visit-ulcinj.com\/blog\/wp-content\/uploads\/2009\/11\/Etika-njer\u00ebzore-Morali-q\u00eb-na-ka-humbur.jpg\" alt=\"Etika njer\u00ebzore; Morali q\u00eb na ka humbur\" width=\"334\" height=\"480\" \/><\/a>\u00cbsht\u00eb tjet\u00ebr t\u00eb jesh i ditur, e tjet\u00ebr t\u00eb jesh njeri! Duke hyr\u00eb me diturin\u00eb e vet n\u00ebn urdhrin e njer\u00ebzimit, dijetari shp\u00ebton nga hamall\u00ebku i kujtes\u00ebs dhe arrin t\u00eb b\u00ebhet nj\u00eb njeri i lart\u00eb n\u00eb at\u00eb mas\u00eb q\u00eb, me moralin dhe virtytshm\u00ebrin\u00eb e vet, ta p\u00ebrfaq\u00ebsoj\u00eb diturin\u00eb e vet. \u201cN\u00eb t\u00eb kund\u00ebrt\u00ebn s\u2019ka ndonj\u00eb ndryshim prej nj\u00eb t\u00eb mjeri q\u00eb e ka \u00e7uar jet\u00ebn kot. Fundja, vet\u00ebm morali dhe virtyti jan\u00eb ato q\u00eb e b\u00ebjn\u00eb injoranc\u00ebn- hekur t\u00eb \u00e7muar e t\u00eb dobish\u00ebm si floriri\u201d.<br \/>\nN\u00eb dit\u00ebt tona, morali, m\u00eb n\u00eb fund nuk kuptohet, ashtu si\u00e7 e kuptonin t\u00eb par\u00ebt, nj\u00eb t\u00ebrsi virtytesh. Njeriu i dit\u00ebve t\u00eb sotme mundohet ta kuptoj\u00eb at\u00eb m\u00eb shum\u00eb n\u00eb form\u00ebn e edukat\u00ebs q\u00eb ka, e fituar kjo nga mungesa e parimeve n\u00eb sjelljet e tij, duke krijuar k\u00ebshtu v\u00ebshtir\u00ebsi me rregullat e moralit. K\u00ebt\u00eb problem duket se e kan\u00eb politikan\u00ebt ton\u00eb, andaj asnj\u00ebher\u00eb dhe n\u00eb asnj\u00eb rast nuk mund t\u00eb d\u00ebgjosh nga goja e tyre se kerkojn\u00eb falje, qoft\u00eb edhe nj\u00eb rast i vet\u00ebm. T\u00eb bindur se fjal\u00ebt e tyre i \u201cha pazari\u201d, ata mendojn\u00eb se me t\u00eb b\u00ebmat e tyre b\u00ebjn\u00eb pun\u00eb t\u00eb mira e t\u00eb dobishme, s\u00eb pari p\u00ebr vete. e pastaj p\u00ebr shoq\u00ebrin\u00eb. Po a qendron kjo? Jo, sepse ata shkelin konceptet e moralit dhe nuk pranojn\u00eb t\u2019u dal\u00eb emri e t\u00eb merren me fam\u00ebn e t\u00eb par\u00ebve, gj\u00eb q\u00eb p\u00ebr vete fitojn\u00eb nj\u00eb fam\u00eb mjaft t\u00eb keqe.Ata asnj\u00ebher\u00eb nuk k\u00ebrkojn\u00eb falje, dhe kur duan t\u00eb arsyetojn\u00eb veprimin, kalojn\u00eb n\u00eb fyerje, sharje madje edhe shpifje q\u00eb kan\u00eb b\u00ebr\u00eb p\u00ebr kund\u00ebrshtar\u00ebt politik\u00eb t\u00eb pak koh\u00ebve m\u00eb par\u00eb apo aleat\u00eb t\u00eb sot\u00ebm. N\u00eb nj\u00eb demokraci, si kjo e jona, ku individ\u00eb t\u00eb caktuar vrapojn\u00eb p\u00ebr t\u00eb realizuar q\u00ebllimet vetjake, pa pranuar mendimet alternative harrojn\u00eb se jan\u00eb tre element\u00eb t\u00eb r\u00ebnd\u00ebsish\u00ebm q\u00eb i mbajn\u00eb gjall\u00eb: urt\u00ebsia, feja dhe arma. Edhe nj\u00ebra edhe tjetra duhet t\u00eb jen\u00eb t\u00eb lidhura ngusht me jet\u00ebn. K\u00ebta nuk i njohin k\u00ebto parime,<br \/>\nb\u00ebjn\u00eb gabime duke e kuptuar politik\u00ebn vet\u00ebm n\u00eb form\u00ebn e partis\u00eb, propagand\u00ebs dhe luft\u00ebs p\u00ebr pushtet. Disa nga partit\u00eb politike shqiptare n\u00eb Mal t\u00eb Zi jan\u00eb aq t\u00eb mbyllura, t\u00eb zhurshme e false, madje n\u00eb raste t\u00eb ve\u00e7anta t\u00eb pakuptimta sa q\u00eb veprimtaria e tyre v\u00ebrtitet ose rreth miq\u00ebsis\u00eb, ose interesit.Ata q\u00eb u prijn\u00eb k\u00ebtyre partive duket se k\u00ebrkojn\u00eb rreth vetes sa m\u00eb shum\u00eb \u201cshikues\u201d p\u00ebr nj\u00eb q\u00ebllim t\u00eb vet\u00ebm, q\u00eb t\u00eb krijojn\u00eb kriza duke tentuar k\u00ebshtu l\u00ebkundje t\u00eb reja brenda komunitetit sipas parull\u00ebs: \u201cp\u00ebr\u00e7aj e sundo\u201d. Ja, pra sot, ne jemi para nj\u00eb gjendjeje t\u00eb till\u00eb: ku sharjet, shpifjet nuk mungojn\u00eb nga disa politikan\u00eb shqiptar\u00eb n\u00eb Mal t\u00eb Zi, t\u00eb cil\u00ebt demonstrojn\u00eb munges\u00eb t\u00eb civilizimit dhe t\u00eb toleranc\u00ebs. K\u00ebtu n\u00eb k\u00ebt\u00eb pik\u00eb kemi ardhur, n\u00eb nj\u00eb realitet aspak t\u00eb d\u00ebshiruar nga pjesa shumic\u00eb e cila \u00ebsht\u00eb paralizuar fal\u00eb munges\u00ebs s\u00eb moralit dhe etik\u00ebs s\u00eb tyre.<br \/>\nSipas k\u00ebsaj, ata me vet\u00ebdije krijojn\u00eb probleme, p\u00ebr t\u00eb mos pasur paq\u00eb e qet\u00ebsi, p\u00ebr hir t\u00eb nj\u00eb s\u00ebr\u00eb llogarish dhe interesash t\u00eb vogla, me nj\u00eb kuptim dhe q\u00ebndrim q\u00eb do t\u2019i b\u00ebnte t\u00eb pafrytshme t\u00eb gjitha vuajtjet e atyre q\u00eb n\u00eb ato vite sakrifikuan gjith\u00e7ka p\u00ebr t\u00eb pasur nj\u00eb rehati si t\u00eb gjith\u00eb t\u00eb tjer\u00ebt n\u00eb bot\u00eb. Po qe se ligjet shoq\u00ebrore nuk njihen nga k\u00ebta politikan\u00eb, e kjo tashm\u00eb \u00ebsht\u00eb evidente, t\u00eb nj\u00ebjtit gjith\u00eb potencialin e vet e derdhin n\u00eb p\u00ebrfitime personale, ndaj q\u00ebndrimet e tyre negative kan\u00eb p\u00ebrmbysur \u00e7do gj\u00eb, q\u00eb nga p\u00ebr\u00e7arja e deri te fotelet q\u00eb mbajn\u00eb, fatur\u00ebn e s\u00eb cil\u00ebs po e pagun populli.<br \/>\nMund t\u00eb them me shum\u00eb leht\u00ebsi q\u00eb, p\u00ebr rilindjen ton\u00eb, \u00ebsht\u00eb e pamundur t\u00eb p\u00ebrfytyrohet nj\u00eb rrezik m\u00eb i madh se ky! Me nj\u00eb strukur\u00eb t\u00eb till\u00eb politikan\u00ebsh q\u00eb kemi ne sot, me nj\u00eb jet\u00eb ndiesore mjaft t\u00eb varf\u00ebr, me nj\u00eb p\u00ebrb\u00ebrje kuadri e udh\u00ebheqjeje t\u00eb paqen\u00eb, shoq\u00ebria jon\u00eb sot ndodhet n\u00eb nj\u00eb gjendje p\u00ebr t\u00eb ardhur keq. Pa asgj\u00ebsuar nj\u00eb mjedis si ky t\u00eb ushqyer prej fanatizmit dhe intoleranc\u00ebs, duhet t\u00eb jet\u00eb mjaft e v\u00ebshtir\u00eb t\u00eb mendohet se t\u00eb nj\u00ebjtit kan\u00eb p\u00ebr t\u00eb sjellur di\u00e7ka m\u00eb mir\u00eb, mir\u00ebpo \u00e7\u2019e do se sot b\u00ebhet fjal\u00eb p\u00ebr nj\u00eb bashkim m\u00eb shum\u00eb sentimental i cili \u00ebsht\u00eb i dob\u00ebt, i pamjaftuesh\u00ebm e jet\u00ebshkurt\u00ebr. Grumbullimet e tyre q\u00eb deri dje ishin \u201carmiq\u201d t\u00eb politik\u00ebs kund\u00ebr nj\u00eb grupi t\u00eb caktuar ose bashkimet mbi baz\u00ebn e ndnjejave armiq\u00ebsore jan\u00eb dallg\u00ebzime kalimtare t\u00eb bashkimeve sentimentale. Nj\u00eb bashkim i till\u00eb kurrsesi nuk mund t\u00eb quhet i lejuesh\u00ebm p\u00ebr nga k\u00ebndv\u00ebshtrimi i parimeve tona dhe nuk mund t\u00eb shpreh asgj\u00eb komb\u00ebtare. At\u00ebher\u00eb, \u00ebsht\u00eb jasht\u00ebzakonisht e nevojshme q\u00eb, duke llogaritur edhe faktor\u00ebt p\u00ebr\u00e7ar\u00ebs me \u00e7ka i kontribuojn\u00eb k\u00ebta politikan\u00eb p\u00ebr\u00e7ar\u00ebs, t\u00eb shtrohen p\u00ebr diskutim pikat tona t\u00eb p\u00ebrbashk\u00ebta si dhe t\u00eb trajtohen \u00e7\u00ebshtjet e unitetit n\u00eb m\u00ebnyr\u00eb t\u00eb arsyeshme e t\u00eb logjikshme. Kjo \u00ebsht\u00eb e vetmja m\u00ebnyr\u00eb p\u00ebr t\u2019u realizuar, por vet\u00ebm me nj\u00eb kusht, q\u00eb t\u00eb nj\u00ebjtit t\u00eb mos paraqiten m\u00eb, s\u00eb paku jo atje ku kan\u00eb p\u00ebrgatitur fundin ton\u00eb me dor\u00ebn e tyre. Natyrisht nj\u00eb ndikim t\u00eb madh duhet ta luajn\u00eb tribunat, p\u00ebrfaq\u00ebsuesit tan\u00eb atje ku duhet t\u00eb b\u00ebhet kuvendi, p\u00ebr t\u2019u ballafaqua me problemet e shumta, t\u00eb krijuara fal\u00eb atyre q\u00eb jan\u00eb m\u00ebsuar t\u00eb kalojn\u00eb p\u00ebr k\u00ebto nj\u00ebzet\u00eb vjet duke hapur \u201ckurse\u201dpolitike e duke p\u00ebrgatitur kuadro n\u00ebn nivel intelektuali. Ndryshe, fakti q\u00eb secili nga k\u00ebto e sheh udh\u00ebheq\u00ebsin si \u201cnovator\u201d, i jep shkak p\u00ebr\u00e7arjes edhe m\u00eb t\u00eb madhe edhe n\u00ebse ky v\u00ebshtrim \u00ebsht\u00eb naiv. K\u00ebta persona t\u00eb pranish\u00ebm n\u00eb jet\u00ebn ton\u00eb politike, veprimet e t\u00eb cil\u00ebve kan\u00eb p\u00ebr t\u2019u shnd\u00ebrruar n\u00eb mediok\u00ebr e naiv\u00eb e q\u00eb jan\u00eb element t\u00eb p\u00ebr\u00e7arjes, do t\u00eb jen\u00eb t\u00eb pashmangsh\u00ebm nes\u00ebr. Nj\u00eb epidemi pa moral e etik\u00eb q\u00eb e ka p\u00ebrfshir\u00eb t\u00ebr\u00eb shoq\u00ebrin\u00eb ton\u00eb, fal\u00eb k\u00ebtyre q\u00eb sot na paraqiten sikur fluturojn\u00eb nga \u201crezultatet\u201d , pa ndjer\u00eb qoft\u00eb edhe nj\u00eb \u00e7ast p\u00ebrgjegj\u00ebsi p\u00ebr t\u00eb b\u00ebmat. Te q\u00ebllimi real i drejt\u00eb e i v\u00ebrtet\u00eb nuk arrihet me pretekste, si\u00e7 mundohen t\u00eb b\u00ebjn\u00eb disa politikan\u00eb shqiptar\u00eb n\u00eb Mal t\u00eb Zi, edhe pretekstet q\u00eb do t\u00eb p\u00ebrdoren, duhet t\u00eb jen\u00eb reale. Ata q\u00eb nuk munden ta shp\u00ebtojn\u00eb veten prej k\u00ebtyre komplekseve, mund t\u00eb b\u00ebhen shum\u00eb t\u00eb rreziksh\u00ebm, si p\u00ebr vete, ashtu edhe p\u00ebr shoq\u00ebrin\u00eb ku jetojn\u00eb. Se kjo \u00ebsht\u00eb k\u00ebshtu d\u00ebshmon puna a tyre, ndaj shoq\u00ebria jon\u00eb duhet t\u2019i peshoj\u00eb me t\u00eb nj\u00ebjtin kandar edhe politikan\u00ebt, pavar\u00ebsisht cilit krah i p\u00ebrkasin. N\u00eb t\u00eb kund\u00ebrten edhe p\u00ebr shum\u00eb koh\u00eb do t\u00eb vuajm\u00eb nga shpifjet, agresiviteti i tyre, pa treguar moral e etik\u00eb njer\u00ebzore.<\/p>\n<p><strong>Shaban Peraj<br \/>\nKoha Javore<\/strong><\/p>\n","protected":false},"excerpt":{"rendered":"<p>\u00cbsht\u00eb tjet\u00ebr t\u00eb jesh i ditur, e tjet\u00ebr t\u00eb jesh njeri! Duke hyr\u00eb me diturin\u00eb e vet n\u00ebn urdhrin e njer\u00ebzimit, dijetari shp\u00ebton nga hamall\u00ebku i kujtes\u00ebs dhe arrin t\u00eb b\u00ebhet nj\u00eb njeri i lart\u00eb n\u00eb at\u00eb mas\u00eb q\u00eb, me moralin dhe virtytshm\u00ebrin\u00eb e vet, ta p\u00ebrfaq\u00ebsoj\u00eb diturin\u00eb e vet. \u201cN\u00eb t\u00eb kund\u00ebrt\u00ebn s\u2019ka ndonj\u00eb [&hellip;]<\/p>\n","protected":false},"author":1,"featured_media":0,"comment_status":"open","ping_status":"closed","sticky":false,"template":"","format":"standard","meta":{"spay_email":"","jetpack_publicize_message":"","jetpack_is_tweetstorm":false,"jetpack_publicize_feature_enabled":true},"categories":[11],"tags":[12864,12863],"jetpack_publicize_connections":[],"yoast_head":"<!-- This site is optimized with the Yoast SEO plugin v19.1 - https:\/\/yoast.com\/wordpress\/plugins\/seo\/ -->\n<title>Etika njer\u00ebzore; Morali q\u00eb na ka humbur - Lajme nga Ulqini<\/title>\n<meta name=\"description\" content=\"\u00cbsht\u00eb tjet\u00ebr t\u00eb jesh i ditur, e tjet\u00ebr t\u00eb jesh njeri! Duke hyr\u00eb me diturin\u00eb e vet n\u00ebn urdhrin e njer\u00ebzimit, dijetari shp\u00ebton nga hamall\u00ebku i kujtes\u00ebs dhe\" \/>\n<meta name=\"robots\" content=\"index, follow, max-snippet:-1, max-image-preview:large, max-video-preview:-1\" \/>\n<link rel=\"canonical\" href=\"https:\/\/www.visit-ulcinj.com\/blog\/2009\/11\/20\/etika-njerezore-morali-qe-na-ka-humbur\/\" \/>\n<meta property=\"og:locale\" content=\"en_US\" \/>\n<meta property=\"og:type\" content=\"article\" \/>\n<meta property=\"og:title\" content=\"Etika njer\u00ebzore; Morali q\u00eb na ka humbur - Lajme nga Ulqini\" \/>\n<meta property=\"og:description\" content=\"\u00cbsht\u00eb tjet\u00ebr t\u00eb jesh i ditur, e tjet\u00ebr t\u00eb jesh njeri! Duke hyr\u00eb me diturin\u00eb e vet n\u00ebn urdhrin e njer\u00ebzimit, dijetari shp\u00ebton nga hamall\u00ebku i kujtes\u00ebs dhe\" \/>\n<meta property=\"og:url\" content=\"https:\/\/www.visit-ulcinj.com\/blog\/2009\/11\/20\/etika-njerezore-morali-qe-na-ka-humbur\/\" \/>\n<meta property=\"og:site_name\" content=\"Lajme nga Ulqini\" \/>\n<meta property=\"article:published_time\" content=\"2009-11-20T15:39:45+00:00\" \/>\n<meta name=\"twitter:label1\" content=\"Written by\" \/>\n\t<meta name=\"twitter:data1\" content=\"ulqini\" \/>\n\t<meta name=\"twitter:label2\" content=\"Est. reading time\" \/>\n\t<meta name=\"twitter:data2\" content=\"6 minutes\" \/>\n<script type=\"application\/ld+json\" class=\"yoast-schema-graph\">{\"@context\":\"https:\/\/schema.org\",\"@graph\":[{\"@type\":\"WebSite\",\"@id\":\"https:\/\/www.visit-ulcinj.com\/blog\/#website\",\"url\":\"https:\/\/www.visit-ulcinj.com\/blog\/\",\"name\":\"Lajme nga Ulqini\",\"description\":\"Lajme,Vijesti,Ulqini,Ulqin,Crna Gora,Mali i Zi\",\"potentialAction\":[{\"@type\":\"SearchAction\",\"target\":{\"@type\":\"EntryPoint\",\"urlTemplate\":\"https:\/\/www.visit-ulcinj.com\/blog\/?s={search_term_string}\"},\"query-input\":\"required name=search_term_string\"}],\"inLanguage\":\"en-US\"},{\"@type\":\"WebPage\",\"@id\":\"https:\/\/www.visit-ulcinj.com\/blog\/2009\/11\/20\/etika-njerezore-morali-qe-na-ka-humbur\/#webpage\",\"url\":\"https:\/\/www.visit-ulcinj.com\/blog\/2009\/11\/20\/etika-njerezore-morali-qe-na-ka-humbur\/\",\"name\":\"Etika njer\u00ebzore; Morali q\u00eb na ka humbur - Lajme nga Ulqini\",\"isPartOf\":{\"@id\":\"https:\/\/www.visit-ulcinj.com\/blog\/#website\"},\"datePublished\":\"2009-11-20T15:39:45+00:00\",\"dateModified\":\"2009-11-20T15:39:45+00:00\",\"author\":{\"@id\":\"https:\/\/www.visit-ulcinj.com\/blog\/#\/schema\/person\/dcab619c614d3038751c63bc2aadc06d\"},\"description\":\"\u00cbsht\u00eb tjet\u00ebr t\u00eb jesh i ditur, e tjet\u00ebr t\u00eb jesh njeri! Duke hyr\u00eb me diturin\u00eb e vet n\u00ebn urdhrin e njer\u00ebzimit, dijetari shp\u00ebton nga hamall\u00ebku i kujtes\u00ebs dhe\",\"breadcrumb\":{\"@id\":\"https:\/\/www.visit-ulcinj.com\/blog\/2009\/11\/20\/etika-njerezore-morali-qe-na-ka-humbur\/#breadcrumb\"},\"inLanguage\":\"en-US\",\"potentialAction\":[{\"@type\":\"ReadAction\",\"target\":[\"https:\/\/www.visit-ulcinj.com\/blog\/2009\/11\/20\/etika-njerezore-morali-qe-na-ka-humbur\/\"]}]},{\"@type\":\"BreadcrumbList\",\"@id\":\"https:\/\/www.visit-ulcinj.com\/blog\/2009\/11\/20\/etika-njerezore-morali-qe-na-ka-humbur\/#breadcrumb\",\"itemListElement\":[{\"@type\":\"ListItem\",\"position\":1,\"name\":\"Etika njer\u00ebzore; Morali q\u00eb na ka humbur\"}]},{\"@type\":\"Person\",\"@id\":\"https:\/\/www.visit-ulcinj.com\/blog\/#\/schema\/person\/dcab619c614d3038751c63bc2aadc06d\",\"name\":\"ulqini\",\"sameAs\":[\"http:\/\/www.visit-ulcinj.com\"],\"url\":\"https:\/\/www.visit-ulcinj.com\/blog\/author\/admin\/\"}]}<\/script>\n<!-- \/ Yoast SEO plugin. -->","yoast_head_json":{"title":"Etika njer\u00ebzore; Morali q\u00eb na ka humbur - Lajme nga Ulqini","description":"\u00cbsht\u00eb tjet\u00ebr t\u00eb jesh i ditur, e tjet\u00ebr t\u00eb jesh njeri! Duke hyr\u00eb me diturin\u00eb e vet n\u00ebn urdhrin e njer\u00ebzimit, dijetari shp\u00ebton nga hamall\u00ebku i kujtes\u00ebs dhe","robots":{"index":"index","follow":"follow","max-snippet":"max-snippet:-1","max-image-preview":"max-image-preview:large","max-video-preview":"max-video-preview:-1"},"canonical":"https:\/\/www.visit-ulcinj.com\/blog\/2009\/11\/20\/etika-njerezore-morali-qe-na-ka-humbur\/","og_locale":"en_US","og_type":"article","og_title":"Etika njer\u00ebzore; Morali q\u00eb na ka humbur - Lajme nga Ulqini","og_description":"\u00cbsht\u00eb tjet\u00ebr t\u00eb jesh i ditur, e tjet\u00ebr t\u00eb jesh njeri! Duke hyr\u00eb me diturin\u00eb e vet n\u00ebn urdhrin e njer\u00ebzimit, dijetari shp\u00ebton nga hamall\u00ebku i kujtes\u00ebs dhe","og_url":"https:\/\/www.visit-ulcinj.com\/blog\/2009\/11\/20\/etika-njerezore-morali-qe-na-ka-humbur\/","og_site_name":"Lajme nga Ulqini","article_published_time":"2009-11-20T15:39:45+00:00","twitter_misc":{"Written by":"ulqini","Est. reading time":"6 minutes"},"schema":{"@context":"https:\/\/schema.org","@graph":[{"@type":"WebSite","@id":"https:\/\/www.visit-ulcinj.com\/blog\/#website","url":"https:\/\/www.visit-ulcinj.com\/blog\/","name":"Lajme nga Ulqini","description":"Lajme,Vijesti,Ulqini,Ulqin,Crna Gora,Mali i Zi","potentialAction":[{"@type":"SearchAction","target":{"@type":"EntryPoint","urlTemplate":"https:\/\/www.visit-ulcinj.com\/blog\/?s={search_term_string}"},"query-input":"required name=search_term_string"}],"inLanguage":"en-US"},{"@type":"WebPage","@id":"https:\/\/www.visit-ulcinj.com\/blog\/2009\/11\/20\/etika-njerezore-morali-qe-na-ka-humbur\/#webpage","url":"https:\/\/www.visit-ulcinj.com\/blog\/2009\/11\/20\/etika-njerezore-morali-qe-na-ka-humbur\/","name":"Etika njer\u00ebzore; Morali q\u00eb na ka humbur - Lajme nga Ulqini","isPartOf":{"@id":"https:\/\/www.visit-ulcinj.com\/blog\/#website"},"datePublished":"2009-11-20T15:39:45+00:00","dateModified":"2009-11-20T15:39:45+00:00","author":{"@id":"https:\/\/www.visit-ulcinj.com\/blog\/#\/schema\/person\/dcab619c614d3038751c63bc2aadc06d"},"description":"\u00cbsht\u00eb tjet\u00ebr t\u00eb jesh i ditur, e tjet\u00ebr t\u00eb jesh njeri! Duke hyr\u00eb me diturin\u00eb e vet n\u00ebn urdhrin e njer\u00ebzimit, dijetari shp\u00ebton nga hamall\u00ebku i kujtes\u00ebs dhe","breadcrumb":{"@id":"https:\/\/www.visit-ulcinj.com\/blog\/2009\/11\/20\/etika-njerezore-morali-qe-na-ka-humbur\/#breadcrumb"},"inLanguage":"en-US","potentialAction":[{"@type":"ReadAction","target":["https:\/\/www.visit-ulcinj.com\/blog\/2009\/11\/20\/etika-njerezore-morali-qe-na-ka-humbur\/"]}]},{"@type":"BreadcrumbList","@id":"https:\/\/www.visit-ulcinj.com\/blog\/2009\/11\/20\/etika-njerezore-morali-qe-na-ka-humbur\/#breadcrumb","itemListElement":[{"@type":"ListItem","position":1,"name":"Etika njer\u00ebzore; Morali q\u00eb na ka humbur"}]},{"@type":"Person","@id":"https:\/\/www.visit-ulcinj.com\/blog\/#\/schema\/person\/dcab619c614d3038751c63bc2aadc06d","name":"ulqini","sameAs":["http:\/\/www.visit-ulcinj.com"],"url":"https:\/\/www.visit-ulcinj.com\/blog\/author\/admin\/"}]}},"jetpack_featured_media_url":"","jetpack_sharing_enabled":true,"jetpack_shortlink":"https:\/\/wp.me\/pe6lTn-78q","_links":{"self":[{"href":"https:\/\/www.visit-ulcinj.com\/blog\/wp-json\/wp\/v2\/posts\/27430"}],"collection":[{"href":"https:\/\/www.visit-ulcinj.com\/blog\/wp-json\/wp\/v2\/posts"}],"about":[{"href":"https:\/\/www.visit-ulcinj.com\/blog\/wp-json\/wp\/v2\/types\/post"}],"author":[{"embeddable":true,"href":"https:\/\/www.visit-ulcinj.com\/blog\/wp-json\/wp\/v2\/users\/1"}],"replies":[{"embeddable":true,"href":"https:\/\/www.visit-ulcinj.com\/blog\/wp-json\/wp\/v2\/comments?post=27430"}],"version-history":[{"count":0,"href":"https:\/\/www.visit-ulcinj.com\/blog\/wp-json\/wp\/v2\/posts\/27430\/revisions"}],"wp:attachment":[{"href":"https:\/\/www.visit-ulcinj.com\/blog\/wp-json\/wp\/v2\/media?parent=27430"}],"wp:term":[{"taxonomy":"category","embeddable":true,"href":"https:\/\/www.visit-ulcinj.com\/blog\/wp-json\/wp\/v2\/categories?post=27430"},{"taxonomy":"post_tag","embeddable":true,"href":"https:\/\/www.visit-ulcinj.com\/blog\/wp-json\/wp\/v2\/tags?post=27430"}],"curies":[{"name":"wp","href":"https:\/\/api.w.org\/{rel}","templated":true}]}}