{"id":27433,"date":"2009-11-20T19:03:06","date_gmt":"2009-11-20T17:03:06","guid":{"rendered":"http:\/\/www.visit-ulcinj.com\/blog\/?p=27433"},"modified":"2009-11-20T19:03:06","modified_gmt":"2009-11-20T17:03:06","slug":"nika-nuk-ka-me-hamlet-i-cili-tmerrohet-per-%e2%80%9ctradheti%e2%80%9d","status":"publish","type":"post","link":"https:\/\/www.visit-ulcinj.com\/blog\/2009\/11\/20\/nika-nuk-ka-me-hamlet-i-cili-tmerrohet-per-%e2%80%9ctradheti%e2%80%9d\/","title":{"rendered":"Nika: Nuk ka m\u00eb Hamlet i cili tmerrohet p\u00ebr \u201ctradh\u00ebti\u201d"},"content":{"rendered":"<p><a href=\"http:\/\/www.visit-ulcinj.com\/blog\/wp-content\/uploads\/2009\/11\/Ali-Rexha-drejtor-i-Organizates-Turistike-ne-Ulqin1.jpg\"><img loading=\"lazy\" class=\"alignleft size-full wp-image-27435\" title=\"Ali Rexha drejtor i Organizates Turistike ne Ulqin\" src=\"http:\/\/www.visit-ulcinj.com\/blog\/wp-content\/uploads\/2009\/11\/Ali-Rexha-drejtor-i-Organizates-Turistike-ne-Ulqin1.jpg\" alt=\"Ali Rexha drejtor i Organizates Turistike ne Ulqin\" width=\"423\" height=\"303\" srcset=\"https:\/\/www.visit-ulcinj.com\/blog\/wp-content\/uploads\/2009\/11\/Ali-Rexha-drejtor-i-Organizates-Turistike-ne-Ulqin1.jpg 423w, https:\/\/www.visit-ulcinj.com\/blog\/wp-content\/uploads\/2009\/11\/Ali-Rexha-drejtor-i-Organizates-Turistike-ne-Ulqin1-300x214.jpg 300w\" sizes=\"(max-width: 423px) 100vw, 423px\" \/><\/a>Z. Peraj e mor\u00ebm haberin dhe m\u00eb g\u00ebzuat q\u00eb m\u00eb hoq\u00ebt dilem\u00ebn se p\u00ebrse keni qen\u00eb t\u00eb brengosur q\u00eb Kryetari i Partis\u00eb s\u00eb Prosperitetit Demokratik si \u201ckatunar\u201d nuk mund t\u00eb udh\u00ebheq\u00eb me Organizat\u00ebn Turistike n\u00eb Ulqin.<br \/>\nPas reagimit tim m\u00ebsova q\u00eb ju kishit problem edhe me mua (q\u00eb nj\u00ebher\u00eb e nj\u00eb koh\u00eb paskam ngritur tym ndaj familjes suaj dhe u paskam eliminuar politikisht). Gjithashtu u g\u00ebzova dhe nj\u00ebkoh\u00ebsisht u brengosa kur kuptova se nuk ishim vet\u00ebm ne t\u00eb dy q\u00eb kemi nevoj\u00eb si dikur p\u00ebr listat e \u201cSchinder-it\u201d&#8230;, ngase u pengojm\u00eb, por u pengojn\u00eb edhe ato \u201ct\u00eb malit\u201d, \u201ct\u00eb Totoshit\u201d e k\u00ebshtu me radh\u00eb. Fillimisht dua t\u00eb them:<br \/>\nE para, un\u00eb nuk mbaj mend q\u00eb ju t\u00eb keni pasur problem me mua dhe q\u00eb un\u00eb u kam penguar politikisht&#8230;! Por, nuk e p\u00ebrjashtoj mund\u00ebsin\u00eb q\u00eb n\u00eb konfliktet t\u00eb cilat mund t\u2019i keni pasur me institucionet e LD-s\u00eb p\u00ebr karrier\u00eb! Andaj, po sqarohem. P\u00ebr mua vlen nj\u00eb parim: q\u00eb \u00ebsht\u00eb un\u00eb kurr\u00ebnj\u00ebher\u00eb nuk filloj pun\u00eb t\u00eb cilave nuk iu di fundin e aq m\u00eb tep\u00ebr nuk nisi t\u00eb p\u00ebrkrah\u00eb apo t\u00eb mbroj n\u00eb pun\u00eb tjetrin, pun\u00ebve dhe aspiratave t\u00eb t\u00eb cilit nuk iu di fundin! Dhe nj\u00eb parim tjet\u00ebr, n\u00ebse d\u00ebshiron q\u00eb dikush t\u00eb t\u00eb mbroj\u00eb nga dikush at\u00ebher\u00eb fillimisht t\u00eb takon t\u00eb mbrosh vetveten, pastaj t\u00eb pres\u00ebsh ndihm\u00eb nga t\u00eb tjer\u00ebt! Sa p\u00ebr akuz\u00ebn e dyt\u00eb t\u00eb Zonj\u00ebs suaj, Peraj, e cila, konstaton q\u00eb n\u00eb goj\u00ebn time \u201cqelbet fjala patriotiz\u00ebm\u201d t\u00ebrheq v\u00ebrejtjen q\u00eb mbase mund t\u00eb jet\u00eb ndryshe?! Por, edhe kjo m\u00eb shton oreksin p\u00ebr t\u00eb reaguar sepse e vler\u00ebsoj at\u00eb th\u00ebnien e Nolit q\u00eb n\u00eb koh\u00ebn e tij thoshte: \u201cHaptas, haptas! P\u00ebrse t\u00eb mos flasim t\u00eb v\u00ebrtet\u00ebn. Haptas do t\u00eb flasim dhe k\u00ebshtu do t\u00eb kontrollojm\u00eb njeri tjetrin, le t\u00eb dalin n\u00eb shesh djal\u00eb zeza dhe djal\u00eb bardha?! Kurse, vet\u00eb, duke q\u00ebndruar lart e duke kujtuar q\u00eb mund t\u00eb bie posht\u00eb m\u00ebsova t\u2019i lutem Zotit me urata Ungjillore: \u201cZoti im, mos lejo t\u00eb m\u00eb mahnis\u00eb fitorja, e as humbja t\u00eb m\u00eb hedh\u00eb n\u00eb pik\u00ebllim, gjithmon\u00eb m\u00eb kujto se humbja \u00ebsht\u00eb sprov\u00eb q\u00eb i prin\u00eb suksesit\u201d&#8230; Kam frik\u00eb se patriotizmi, e nderuar Peraj, fillon e qelbet n\u00eb goj\u00ebn tuaj dhe n\u00eb vep\u00ebr, kur ai p\u00ebrmes fuqis\u00eb partiake e pushtetit shnd\u00ebrrohet n\u00eb pasuri! Si p\u00ebr shembull, rasti i nj\u00ebrit q\u00eb nd\u00ebrroj tok\u00eb, nga katundi, n\u00eb zonat m\u00eb atraktive t\u00eb qytetit t\u00eb Ulqinit dhe pastaj thot\u00eb q\u00eb ka dal\u00eb prej qytetit n\u00eb qytet, kurse dikush mbeti aty ku mbeti&#8230; Kanti thot\u00eb, se e keqja p\u00ebr t\u00eb kaluar don koh\u00eb sa dyfishi i s\u00eb mir\u00ebs dhe andaj druaj se patriotizmi mund t\u00eb gjelbet edhe sot, bie fjala n\u00eb goj\u00ebn tuaj, sikur p\u00ebr shembull n\u00eb mbledhjen e k\u00ebshillit t\u00eb shkoll\u00ebs n\u00eb Ulqin edhe pse praktikohet q\u00eb proces-verbalet e mbledhjes t\u00eb shkojn\u00eb n\u00eb dy gjuh\u00eb, diskutimi i dikujt t\u00eb mbes\u00eb i shkruar jo n\u00eb gjuhen e n\u00ebn\u00ebs?! Mir\u00ebpo me patriotizmin tuaj do t\u00eb merrem n\u00eb fund t\u00eb reagimit.<br \/>\nEdhe pse k\u00ebsaj radhe nuk dua t\u00eb reagoj ndaj nivelit t\u00eb gjuh\u00ebs s\u00eb familjes suaj, sepse po p\u00ebrpiqem t\u00eb m\u00ebsoj nga kritikat tuaja kur thoni se shum\u00eb shpejt \u201cdo t\u00eb thyej\u00eb qaf\u00ebn\u201c e \u201ct\u00eb bie posht\u00eb\u201c nga se k\u00ebshtu na qenka shkruar. Dhe se nuk mund t\u00eb kemi fatin e asaj familjeje hyjnore q\u00eb e l\u00ebvizin \u201cprej qytetit n\u00eb qytet\u201d q\u00eb nga viti 1981 e k\u00ebtej, kuptohet me detyra \u201cdetira&#8230;?!\u201c Mir\u00ebpo, mjerisht, nuk keni arritur t\u00eb m\u00eb bindni q\u00eb s\u2019mund t\u00eb matem me ju, \u201cq\u00eb s\u2019mund t\u00eb vij n\u00eb poste \u201cnga se jam \u201ctradhtar\u201d (kuptohet i vitit 2009!), q\u00eb jam \u201ci malit\u201d dhe q\u00eb jetoj me \u00e7ullat e Totoshit?!&#8230; (kujtoj lexuesit e painformuar se k\u00ebshtu quhet lagjja e rom\u00ebve n\u00eb Ulqin, ku shfryt\u00ebzoj \u201cilegalisht\u201d nj\u00eb banes\u00eb sociale 16m2).<br \/>\nNj\u00eb oqean t\u00eb till\u00eb m\u00ebrie e urrejtjeje ndaj pal\u00ebs tjet\u00ebr, sipas \u201corigjin\u00ebs\u201d nuk m\u00eb ka takuar t\u00eb ndesh\u00eb, p\u00ebrve\u00e7 se n\u00eb zem\u00ebrimet e heronjve mitik\u00eb grek\u00eb n\u00eb Iliad\u00ebn e Homerit ku, filloi pastaj nj\u00eb luft\u00eb shum\u00ebvje\u00e7are. Un\u00eb edhe po hesht \u201csi burr\u00eb m\u00eb xhaket\u00eb\u201d edhe para nj\u00eb femre, por nuk e di se a mund t\u00eb preket ndokush nga gjuha dhe fjalori juaj nga ata \u201ct\u00eb malit\u201d&#8230; ose nga ata \u201ct\u00eb Totoshit\u201d&#8230; Nuk e di, mbase edhe lufta mund t\u00eb filloj\u00eb pas k\u00ebtij fjalori racist&#8230; Thon\u00eb se ata \u201ct\u00eb malit, po edhe ata t\u00eb Totoshit\u201c zem\u00ebroh\u00ebn v\u00ebshtir\u00eb, por kur zem\u00ebrohen at\u00ebher\u00eb ai \u00ebsht\u00eb i drejt\u00eb dhe i fort\u00eb. Por, nuk dua t\u00eb besoj, sepse faktet d\u00ebshmojn\u00eb q\u00eb edhe gjyshat tuaj kan\u00eb qen\u00eb t\u00eb lidhur n\u00eb \u00e7\u00ebshtje trim\u00ebrie m\u00eb k\u00ebta dy komunitete dhe u kan\u00eb ndihmuar dikur, tek Ura e Shkodr\u00ebs, kur me kok\u00ebrr t\u00eb kandarit, ia k\u00ebrset begut ballit p\u00ebr \u00e7\u00ebshtje \u201ct\u00eb dhjetash\u201d. S\u2019e thot\u00eb kot k\u00ebnga, \u00e7\u2019\u00ebsht\u00eb e v\u00ebrteta, jo ajo \u201c\u00e7ke me mua, ne, gje\u00e7 belan\u00eb\u201d e as ajo e Shehid\u00ebs, por ajo q\u00eb thot\u00eb: \u201cO moj gruja prej Kravarit; pash iman moj ulju kalit; ulju kalit pash iman\u00eb; Nimanbegu nget me\u2019m nxan\u00eb; kush e nxu ballin e ur\u00ebs; Liman begu i biri kur&#8230;\u201d<br \/>\nRespekt p\u00ebr st\u00ebrgjyshat dhe p\u00ebr origjin\u00ebn hyjnore, por n\u00ebse i keni lexuar mir\u00eb shkrimet e shenjta, sipas tyre edhe ato \u201ct\u00eb malit\u201d e t\u00eb fush\u00ebs e \u201ct\u00eb Totoshit\u201d bartin n\u00eb vete di\u00e7ka hyjnore. Shprehja juaj q\u00eb \u201cgjuajt kam dardhat pesha\u201d \u00ebsht\u00eb tep\u00ebr fyese dhe, m\u00eb vjen keq, por ajo t\u00eb kujton n\u00eb figur\u00eb psikologjin\u00eb idiotike (k\u00ebshtu quhen sjelljet e f\u00ebmij\u00ebs 3-4 vje\u00e7ar).<br \/>\nT\u00eb p\u00ebrkujtohet i dashur q\u00eb vargje t\u00eb ngjashme, n\u00ebse mban mend q\u00eb ke jetuar n\u00eb fshat, (pasi n\u00eb tekst e mohon) kan\u00eb k\u00ebnduar f\u00ebmij\u00ebt gjat\u00eb z\u00ebnkave t\u00eb nd\u00ebrsjella dhe kur lodheshin, n\u00eb munges\u00eb t\u00eb argumenteve e bezdisnin kund\u00ebrshtarin, si ju \u201cme fjal\u00eb t\u00eb m\u00ebdha\u201d, duke i k\u00ebnduar: \u201cI marri gjun pesha, i ka pjell\u00eb kuqesha\u201d.<br \/>\nIdiotizmi edhe pse krijon humor, n\u00eb let\u00ebrsi nuk trajtohet si di\u00e7ka gjeniale. K\u00ebt\u00eb e din\u00eb profesor\u00ebt e let\u00ebrsis\u00eb sipas teoris\u00eb s\u00eb let\u00ebrsis\u00eb. T\u00eb m\u00eb falet, por gjuha e \u00e7iftit Peraj nuk i shkon atij q\u00eb mban mikrofon publik ose ditar shkolle, kurse neve t\u00eb politik\u00ebs edhe mund t\u00eb na lejohet! Besoni q\u00eb ndoshta kishte t\u00eb drejt\u00eb kompjuteri kur gjat\u00eb shkrimit t\u00eb k\u00ebtij teksti, ta z\u00ebm\u00eb, emrin dhe mbiemrin Shaban Peraj e lexonte Shaban Praj?! Andaj duke mos u marr\u00eb me k\u00ebt\u00eb sot ndiej nevoj\u00ebn t\u00eb diferencohem intelektualisht, edhe publikisht nga blasfemia &#8211; sharja e Zotit (shirkut), t\u00eb cilin ma p\u00ebrshkruani mua, kur m\u2019i ngjitni disa shprehje e mendime q\u00eb s\u2019mendoj q\u00eb jan\u00eb pjes\u00eb t\u00eb karakterit t\u00eb shpirtit tim.<br \/>\nPo ve\u00e7oj disa q\u00eb m\u00eb kan\u00eb mbetur n\u00eb mend: Djalli u pendua&#8230;, por k\u00ebta s\u2019pendohen; kujton se \u00ebsht\u00eb profet i ardhur nga qielli, p\u00ebrdor mikrofonin partiak dhe tall\u00eb profet\u00ebt; lexoni shum\u00eb literatur\u00eb fetare dhe trut\u00eb u kan\u00eb r\u00ebn\u00eb n\u00eb qaf\u00eb&#8230; Pastaj se nxis v\u00ebllavrasjen dhe p\u00ebr\u00e7aj kombin fetarisht!<br \/>\nJu kujtoj q\u00eb shpifjet vet\u00ebm nj\u00ebher\u00eb mund ta ndezin edhe t\u00eb dramatizoni \u00e7\u00ebshtjen duke nxjerr\u00eb mendimin prej kontestit, si\u00e7 b\u00ebt\u00eb, gjat\u00eb fushat\u00ebs me termin \u201cfiqfiriq\u201d q\u00eb p\u00ebrdori \u201cnj\u00ebri\u201d ndaj tjetrit dhe me k\u00ebt\u00eb p\u00ebrve\u00e7 tjerash homogjenizuat fshatar\u00ebt e An\u00ebs s\u00eb Malit, kund\u00ebr t\u00eb t\u00eb gjith\u00ebve!<br \/>\nMendoj q\u00eb nisur nga referencat e juaja nga kultura fetare, Ju me siguri q\u00eb keni d\u00ebgjuar p\u00ebr th\u00ebnien e profetit Muhamed a.s. i cili betohet dhe thot\u00eb: \u201cVallahi nuk do ta shijoj\u00eb xhenetin ai i cili fut fitne katund-qytet\u201d. Por nejse, gjithashtu duhet t\u00eb sqarohem p\u00ebr at\u00eb, kur thoni, se ndjeni nevoj\u00ebn t\u00eb \u201cmbroni kuror\u00ebn familjare hyjnore\u201d. K\u00ebshtu, sipas, jush, un\u00eb qenkam b\u00ebr\u00eb njeri grindavec, si\u00e7 i thon\u00eb fjal\u00ebs \u201cnana e vakive\u201c edhe pse s\u2019e paskam ditur, deri pa ma kujtuar Ju. N\u00ebse v\u00ebrtet un\u00eb qenkam i till\u00eb, pyes: P\u00ebrse nuk gjendet nj\u00eb njeri tjet\u00ebr t\u00eb m\u00eb eliminoj\u00eb.<br \/>\nDuke vazhduar pjes\u00ebn intelektuale, patriotike e njer\u00ebzore, ku sipas jush e paskam tepruar duke lexuar literatur\u00eb fetare (Zoti na ruajt!), ju kujtoj q\u00eb kultura fetare \u00ebsht\u00eb nj\u00ebkoh\u00ebsisht edhe kultur\u00eb komb\u00ebtare. K\u00ebto dy kultura nuk mund t\u00eb paramendohen t\u00eb ndara. K\u00ebt\u00eb me koh\u00eb e kan\u00eb v\u00ebrejtur edhe rilindasit tan\u00eb, andaj, edhe shtetin shqiptar e nd\u00ebrtuan mbi principet e parull\u00ebs \u201cp\u00ebr fe e atdhe\u201d. Koha ka d\u00ebshmuar q\u00eb kishat dhe xhamit\u00eb e nd\u00ebrtuara t\u00eb shqiptar\u00ebve jasht\u00eb kufijve t\u00eb atdheut t\u00eb cilat u shemben, nuk u nd\u00ebrtuan m\u00eb! Kurse, brenda kufijve, edhe n\u00ebse u shemben, ato u ndreq\u00ebn.<br \/>\nNga ana tjet\u00ebr, n\u00eb lib\u00ebr t\u00eb shenjt\u00eb (Kur\u2019an) thuhet: \u201cU kemi krijuar n\u00eb fise dhe popuj (pra, Peraj, Nikaj, Axhoviq&#8230; e k\u00ebshtu me radh\u00eb ), q\u00eb t\u00eb njihni (dalloni) nj\u00ebri \u2013tjetrin edhe t\u00eb na adhuroni ne!\u201d<br \/>\nV\u00ebshtir\u00eb \u00ebsht\u00eb t\u00eb bindni dik\u00eb se, v\u00ebrtet besoni \u201cn\u00eb r\u00ebniet\u201d dhe ,,\u00e7uarjet e Ademit\u201d, n\u00ebse adhuroni Zotin e urreni t\u00eb tjer\u00ebt &#8211; krijesat e krijuara nga dija e tij. N\u00ebse mbi k\u00ebt\u00eb bot\u00ebkuptim e nd\u00ebrtoni bindjen p\u00ebr kuroren hyjnore, d.m.th. \u201corigjin\u00ebn tuaj\u201c, at\u00ebher\u00eb e keni gabim dhe rr\u00ebshqitni n\u00eb rrafshin e racizmit, ,,rac\u00ebs s\u00eb zgjedhur\u201d ndaj izraelit\u00ebve (bijve t\u00eb Izraelit &#8211; engj\u00ebllit t\u00eb Zotit) t\u00eb cil\u00ebt mendonin se ishin t\u00eb zgjedhur p\u00ebr t\u00eb sunduar t\u00eb tjer\u00ebt.<br \/>\nV\u00ebrtet, \u00e7\u00ebshtja e kuror\u00ebs hyjnore familjare shpesh her\u00eb ka sh\u00ebrbyer si tem\u00eb p\u00ebr tragjedit\u00eb m\u00eb t\u00eb njohura bot\u00ebrore, si, bie fjala, ajo e Hamletit t\u00eb Shekspirit. Kritik\u00ebt p\u00ebrmendin se edhe Shekspiri nuk do t\u00eb ishte Shekspir po t\u00eb mos kishte kapur dhe trajtuar dram\u00ebn q\u00eb p\u00ebrjeton Hamleti, si m\u00ebkatar sepse ka lejuar, q\u00eb dikush tjet\u00ebr, t\u2019ia marr\u00eb \u201ckuror\u00ebn mbret\u00ebrore\u201d dhe k\u00ebshtu nuk p\u00ebrmbush amanetin e trsh\u00ebguar nga Zoti p\u00ebr qeverisje. Thjesht, ai nuk qahet fort p\u00ebr baban\u00eb e vdekur p\u00ebr shnd\u00ebrrimin e tij n\u00eb rob, por qahet sepse ndihet fajtor p\u00ebr kunor\u00ebn mbret\u00ebrore (hyjnore) t\u00eb humbur dhe t\u00eb cil\u00ebn njer\u00ebzimi \u201ce mbaroi\u201d prej arit. Kujtoj q\u00eb shkenc\u00ebrisht \u00ebsht\u00eb v\u00ebrtetuar se ari \u00ebsht\u00eb element i zbritur n\u00eb tok\u00eb nga forcat centrifugale q\u00eb n\u00eb teorin\u00eb e kosmosit nuk v\u00ebrtetohet t\u00eb ken\u00eb ndodhur n\u00eb tok\u00eb q\u00eb \u00ebsht\u00eb krijuar nga forcat centripetale.<br \/>\nKujto teorin\u00eb e, bing-bang-ut ose shp\u00ebrthimit t\u00eb madh. Ai \u00ebsht\u00eb i vetmi metal i rrall\u00eb q\u00eb n\u00eb natyr\u00eb gjendet i past\u00ebr dhe nuk p\u00ebrzihet me t\u00eb tjer\u00ebt&#8230; Po ku i di, more i gjor\u00eb ti, k\u00ebto pun\u00eb?! Ju jeni ndoshta nj\u00eb profesor, q\u00eb m\u00ebsuat t\u00eb shkruani gazetari dhe drejtshkrim n\u00eb koh\u00ebn kur un\u00eb, gjuaja dardhat, por mos harro q\u00eb edhe un\u00eb isha student i \u201cRilindjes\u201d e cila n\u00eb koh\u00ebn tuaj quhej \u201cMustafa Bakija\u201d dhe mesatarja ish 8.20 e jo 6.20!<br \/>\nKoncepti i mbret\u00ebrive, gjakut t\u00eb past\u00ebr, ka mbaruar, por edhe koha e tragjedive si gjini letrare mbaroi. T\u00eb gjith\u00eb e din\u00eb se tash \u00ebsht\u00eb koha e integrimeve dhe racat e popujt kan\u00eb nevoj\u00eb t\u00eb komunikojn\u00eb.<br \/>\nT\u00eb dashur, duhet ta dini q\u00eb koha e tragjedive ka per\u00ebnduar. Nuk ka m\u00eb Hamlet i cili tmerrohet se mund t\u00eb akuzohet p\u00ebr munges\u00eb guximi e p\u00ebr ,,tradh\u00ebti\u201d para Zotit nga se t\u00eb tjer\u00ebt ia mor\u00ebn kuror\u00ebn mbret\u00ebrore. Pra, shkeli bes\u00eb-lidhjen dhe s\u2019mbajti \u201camanetin\u201d sipas konceptit t\u00eb pushtetit mbret\u00ebror.<br \/>\nKa r\u00ebn\u00eb posht\u00eb edhe teoria e Darvinit, e triumfit t\u00eb rac\u00ebs m\u00eb t\u00eb fort\u00eb, q\u00eb, te ne, u manifestua si luft\u00eb e klasave dhe luft\u00eb e popujve. E sa p\u00ebr kureshtje, ju kujtoj q\u00eb darvinist\u00ebt duke arsyetuar urrejtjen nd\u00ebrmjet racave, v\u00ebrtet besonin q\u00eb t\u00eb zez\u00ebt jan\u00eb rac\u00eb m\u00eb e ul\u00ebt nga se k\u00ebrthiz\u00ebn, sipas tyre, e kan\u00eb dy gisht m\u00eb posht\u00eb. Ha, ha, ha!<br \/>\nNdoshta nuk e besoni k\u00ebt\u00eb pra,q\u00eb ata t\u00eb Totoshit mund ta k\u00ebn\u00eb k\u00ebshtu, por kjo le t\u00eb jet\u00eb \u00e7\u00ebshtje e paragjykimeve tuaja.<br \/>\nDhe p\u00ebr fund, at\u00eb q\u00eb deklaroni, si familje, se un\u00eb \u201cpo i fus hund\u00ebt\u201d gjithkund, edhe aty ku nuk m\u00eb takon, mendoj n\u00eb diferencimet politike q\u00eb ndodhen n\u00eb Ulqin, ku e mohoni p\u00ebrzierjen, duhet t\u00eb them se un\u00eb n\u00eb at\u00eb koh\u00eb kam qen\u00eb personazh, por, jo vet\u00ebm un\u00eb, por edhe shum\u00eb shok\u00eb si un\u00eb. P\u00ebr ta d\u00ebshmuar sjellim pjes\u00eb t\u00eb aktakuz\u00ebs nr. 78\/82 t\u00eb Gjyqit t\u00eb Qarkut n\u00eb Podgoric\u00eb, ku shok\u00ebt e mi u shpall\u00ebn fajtor\u00eb sepse: ,,&#8230;N\u00eb territorin e Prishtin\u00ebs kan\u00eb pasur sukses t\u00eb pengojn\u00eb shikimin e TVSH-s\u00eb, kurse, k\u00ebtu, n\u00eb An\u00eb t\u00eb Malit, Kat\u00ebrkoll\u00eb kan\u00eb b\u00ebr\u00eb p\u00ebrpjekje, por s\u2019kan\u00eb pasur sukses&#8230; Njeriu i pashkoll\u00eb, kur e ka pushtetin n\u00eb dor\u00eb, t\u00eb shkel\u00eb e k\u00ebshtu po na ndodh edhe neve! Besoj q\u00eb m\u00eb kuptuat&#8230; Situata \u00ebsht\u00eb e till\u00eb q\u00eb dikush q\u00ebllimisht t\u00eb pret. Kam shpres\u00eb q\u00eb nj\u00eb dit\u00eb p\u00ebllumbi do t\u00eb fluturoj\u00eb i lir\u00eb kurse skifter\u00ebt do t\u00eb hajn\u00eb nj\u00ebri\u2013tjetrin. (Shiko \u00e7far\u00eb profecie dhe bindjeje nga k\u00ebndi i sodit?!)<br \/>\nDerisa isha n\u00eb Ulqin \u00ebsht\u00eb mbajtur seminari p\u00ebr arsim dhe kultur\u00eb i cili zgjati dy dit\u00eb. Mor\u00ebn pjes\u00eb t\u00eb gjith\u00eb arsimtar\u00ebt dhe profesor\u00ebt e Malit t\u00eb Zi. Disa diskutuan shum\u00eb guximsh\u00ebm p\u00ebr problemet jetike t\u00eb arsimt shqip, si: Syme Kokaj, M. Bardhi. B. Rexha, O. \u00c7obaj, etj. U shprehen shum\u00eb qart\u00eb dhe shum\u00eb guximsh\u00ebm&#8230;\u201d<br \/>\nPas k\u00ebtij seminari profesor\u00ebt e nderuar u larguan nga puna si t\u00eb pap\u00ebrshtatsh\u00ebm politikisht. Si student\u00eb q\u00eb dol\u00ebm nga duart e tyre kemi qeni shum\u00eb t\u00eb pik\u00eblluar dhe disa nga gjenerata i bojkotuan vendet e pun\u00ebs q\u00eb na u ofruan dhe pranuan t\u00eb bredhnin, kush rrug\u00ebve e kush burgjeve. Kurse disa t\u00eb tjer\u00eb, q\u00eb edhe sot japin m\u00ebsim n\u00eb k\u00ebt\u00eb qend\u00ebr, sot na gjejn\u00eb koh\u00eb t\u00eb flasin p\u00ebr tradh\u00ebti dhe moralizim patriotik. Na falni p\u00ebr shqet\u00ebsimin q\u00eb s\u2019e kem.<\/p>\n<p><strong>Muhamet Nika<br \/>\nKoha Javore<\/strong><\/p>\n","protected":false},"excerpt":{"rendered":"<p>Z. Peraj e mor\u00ebm haberin dhe m\u00eb g\u00ebzuat q\u00eb m\u00eb hoq\u00ebt dilem\u00ebn se p\u00ebrse keni qen\u00eb t\u00eb brengosur q\u00eb Kryetari i Partis\u00eb s\u00eb Prosperitetit Demokratik si \u201ckatunar\u201d nuk mund t\u00eb udh\u00ebheq\u00eb me Organizat\u00ebn Turistike n\u00eb Ulqin. Pas reagimit tim m\u00ebsova q\u00eb ju kishit problem edhe me mua (q\u00eb nj\u00ebher\u00eb e nj\u00eb koh\u00eb paskam ngritur tym [&hellip;]<\/p>\n","protected":false},"author":1,"featured_media":0,"comment_status":"open","ping_status":"closed","sticky":false,"template":"","format":"standard","meta":{"spay_email":"","jetpack_publicize_message":"","jetpack_is_tweetstorm":false,"jetpack_publicize_feature_enabled":true},"categories":[11],"tags":[8027,944,3180],"jetpack_publicize_connections":[],"yoast_head":"<!-- This site is optimized with the Yoast SEO plugin v19.1 - https:\/\/yoast.com\/wordpress\/plugins\/seo\/ -->\n<title>Nika: Nuk ka m\u00eb Hamlet i cili tmerrohet p\u00ebr \u201ctradh\u00ebti\u201d - Lajme nga Ulqini<\/title>\n<meta name=\"description\" content=\"Z. Peraj e mor\u00ebm haberin dhe m\u00eb g\u00ebzuat q\u00eb m\u00eb hoq\u00ebt dilem\u00ebn se p\u00ebrse keni qen\u00eb t\u00eb brengosur q\u00eb Kryetari i Partis\u00eb s\u00eb Prosperitetit Demokratik si \u201ckatunar\u201d\" \/>\n<meta name=\"robots\" content=\"index, follow, max-snippet:-1, max-image-preview:large, max-video-preview:-1\" \/>\n<link rel=\"canonical\" href=\"https:\/\/www.visit-ulcinj.com\/blog\/2009\/11\/20\/nika-nuk-ka-me-hamlet-i-cili-tmerrohet-per-\u201ctradheti\u201d\/\" \/>\n<meta property=\"og:locale\" content=\"en_US\" \/>\n<meta property=\"og:type\" content=\"article\" \/>\n<meta property=\"og:title\" content=\"Nika: Nuk ka m\u00eb Hamlet i cili tmerrohet p\u00ebr \u201ctradh\u00ebti\u201d - Lajme nga Ulqini\" \/>\n<meta property=\"og:description\" content=\"Z. Peraj e mor\u00ebm haberin dhe m\u00eb g\u00ebzuat q\u00eb m\u00eb hoq\u00ebt dilem\u00ebn se p\u00ebrse keni qen\u00eb t\u00eb brengosur q\u00eb Kryetari i Partis\u00eb s\u00eb Prosperitetit Demokratik si \u201ckatunar\u201d\" \/>\n<meta property=\"og:url\" content=\"https:\/\/www.visit-ulcinj.com\/blog\/2009\/11\/20\/nika-nuk-ka-me-hamlet-i-cili-tmerrohet-per-\u201ctradheti\u201d\/\" \/>\n<meta property=\"og:site_name\" content=\"Lajme nga Ulqini\" \/>\n<meta property=\"article:published_time\" content=\"2009-11-20T17:03:06+00:00\" \/>\n<meta property=\"og:image\" content=\"http:\/\/www.visit-ulcinj.com\/blog\/wp-content\/uploads\/2009\/11\/Ali-Rexha-drejtor-i-Organizates-Turistike-ne-Ulqin1.jpg\" \/>\n<meta name=\"twitter:label1\" content=\"Written by\" \/>\n\t<meta name=\"twitter:data1\" content=\"ulqini\" \/>\n\t<meta name=\"twitter:label2\" content=\"Est. reading time\" \/>\n\t<meta name=\"twitter:data2\" content=\"12 minutes\" \/>\n<script type=\"application\/ld+json\" class=\"yoast-schema-graph\">{\"@context\":\"https:\/\/schema.org\",\"@graph\":[{\"@type\":\"WebSite\",\"@id\":\"https:\/\/www.visit-ulcinj.com\/blog\/#website\",\"url\":\"https:\/\/www.visit-ulcinj.com\/blog\/\",\"name\":\"Lajme nga Ulqini\",\"description\":\"Lajme,Vijesti,Ulqini,Ulqin,Crna Gora,Mali i Zi\",\"potentialAction\":[{\"@type\":\"SearchAction\",\"target\":{\"@type\":\"EntryPoint\",\"urlTemplate\":\"https:\/\/www.visit-ulcinj.com\/blog\/?s={search_term_string}\"},\"query-input\":\"required name=search_term_string\"}],\"inLanguage\":\"en-US\"},{\"@type\":\"ImageObject\",\"inLanguage\":\"en-US\",\"@id\":\"https:\/\/www.visit-ulcinj.com\/blog\/2009\/11\/20\/nika-nuk-ka-me-hamlet-i-cili-tmerrohet-per-%e2%80%9ctradheti%e2%80%9d\/#primaryimage\",\"url\":\"https:\/\/www.visit-ulcinj.com\/blog\/wp-content\/uploads\/2009\/11\/Ali-Rexha-drejtor-i-Organizates-Turistike-ne-Ulqin1.jpg\",\"contentUrl\":\"https:\/\/www.visit-ulcinj.com\/blog\/wp-content\/uploads\/2009\/11\/Ali-Rexha-drejtor-i-Organizates-Turistike-ne-Ulqin1.jpg\",\"width\":\"423\",\"height\":\"303\"},{\"@type\":\"WebPage\",\"@id\":\"https:\/\/www.visit-ulcinj.com\/blog\/2009\/11\/20\/nika-nuk-ka-me-hamlet-i-cili-tmerrohet-per-%e2%80%9ctradheti%e2%80%9d\/#webpage\",\"url\":\"https:\/\/www.visit-ulcinj.com\/blog\/2009\/11\/20\/nika-nuk-ka-me-hamlet-i-cili-tmerrohet-per-%e2%80%9ctradheti%e2%80%9d\/\",\"name\":\"Nika: Nuk ka m\u00eb Hamlet i cili tmerrohet p\u00ebr \u201ctradh\u00ebti\u201d - Lajme nga Ulqini\",\"isPartOf\":{\"@id\":\"https:\/\/www.visit-ulcinj.com\/blog\/#website\"},\"primaryImageOfPage\":{\"@id\":\"https:\/\/www.visit-ulcinj.com\/blog\/2009\/11\/20\/nika-nuk-ka-me-hamlet-i-cili-tmerrohet-per-%e2%80%9ctradheti%e2%80%9d\/#primaryimage\"},\"datePublished\":\"2009-11-20T17:03:06+00:00\",\"dateModified\":\"2009-11-20T17:03:06+00:00\",\"author\":{\"@id\":\"https:\/\/www.visit-ulcinj.com\/blog\/#\/schema\/person\/dcab619c614d3038751c63bc2aadc06d\"},\"description\":\"Z. Peraj e mor\u00ebm haberin dhe m\u00eb g\u00ebzuat q\u00eb m\u00eb hoq\u00ebt dilem\u00ebn se p\u00ebrse keni qen\u00eb t\u00eb brengosur q\u00eb Kryetari i Partis\u00eb s\u00eb Prosperitetit Demokratik si \u201ckatunar\u201d\",\"breadcrumb\":{\"@id\":\"https:\/\/www.visit-ulcinj.com\/blog\/2009\/11\/20\/nika-nuk-ka-me-hamlet-i-cili-tmerrohet-per-%e2%80%9ctradheti%e2%80%9d\/#breadcrumb\"},\"inLanguage\":\"en-US\",\"potentialAction\":[{\"@type\":\"ReadAction\",\"target\":[\"https:\/\/www.visit-ulcinj.com\/blog\/2009\/11\/20\/nika-nuk-ka-me-hamlet-i-cili-tmerrohet-per-%e2%80%9ctradheti%e2%80%9d\/\"]}]},{\"@type\":\"BreadcrumbList\",\"@id\":\"https:\/\/www.visit-ulcinj.com\/blog\/2009\/11\/20\/nika-nuk-ka-me-hamlet-i-cili-tmerrohet-per-%e2%80%9ctradheti%e2%80%9d\/#breadcrumb\",\"itemListElement\":[{\"@type\":\"ListItem\",\"position\":1,\"name\":\"Nika: Nuk ka m\u00eb Hamlet i cili tmerrohet p\u00ebr \u201ctradh\u00ebti\u201d\"}]},{\"@type\":\"Person\",\"@id\":\"https:\/\/www.visit-ulcinj.com\/blog\/#\/schema\/person\/dcab619c614d3038751c63bc2aadc06d\",\"name\":\"ulqini\",\"sameAs\":[\"http:\/\/www.visit-ulcinj.com\"],\"url\":\"https:\/\/www.visit-ulcinj.com\/blog\/author\/admin\/\"}]}<\/script>\n<!-- \/ Yoast SEO plugin. -->","yoast_head_json":{"title":"Nika: Nuk ka m\u00eb Hamlet i cili tmerrohet p\u00ebr \u201ctradh\u00ebti\u201d - Lajme nga Ulqini","description":"Z. Peraj e mor\u00ebm haberin dhe m\u00eb g\u00ebzuat q\u00eb m\u00eb hoq\u00ebt dilem\u00ebn se p\u00ebrse keni qen\u00eb t\u00eb brengosur q\u00eb Kryetari i Partis\u00eb s\u00eb Prosperitetit Demokratik si \u201ckatunar\u201d","robots":{"index":"index","follow":"follow","max-snippet":"max-snippet:-1","max-image-preview":"max-image-preview:large","max-video-preview":"max-video-preview:-1"},"canonical":"https:\/\/www.visit-ulcinj.com\/blog\/2009\/11\/20\/nika-nuk-ka-me-hamlet-i-cili-tmerrohet-per-\u201ctradheti\u201d\/","og_locale":"en_US","og_type":"article","og_title":"Nika: Nuk ka m\u00eb Hamlet i cili tmerrohet p\u00ebr \u201ctradh\u00ebti\u201d - Lajme nga Ulqini","og_description":"Z. Peraj e mor\u00ebm haberin dhe m\u00eb g\u00ebzuat q\u00eb m\u00eb hoq\u00ebt dilem\u00ebn se p\u00ebrse keni qen\u00eb t\u00eb brengosur q\u00eb Kryetari i Partis\u00eb s\u00eb Prosperitetit Demokratik si \u201ckatunar\u201d","og_url":"https:\/\/www.visit-ulcinj.com\/blog\/2009\/11\/20\/nika-nuk-ka-me-hamlet-i-cili-tmerrohet-per-\u201ctradheti\u201d\/","og_site_name":"Lajme nga Ulqini","article_published_time":"2009-11-20T17:03:06+00:00","og_image":[{"url":"http:\/\/www.visit-ulcinj.com\/blog\/wp-content\/uploads\/2009\/11\/Ali-Rexha-drejtor-i-Organizates-Turistike-ne-Ulqin1.jpg"}],"twitter_misc":{"Written by":"ulqini","Est. reading time":"12 minutes"},"schema":{"@context":"https:\/\/schema.org","@graph":[{"@type":"WebSite","@id":"https:\/\/www.visit-ulcinj.com\/blog\/#website","url":"https:\/\/www.visit-ulcinj.com\/blog\/","name":"Lajme nga Ulqini","description":"Lajme,Vijesti,Ulqini,Ulqin,Crna Gora,Mali i Zi","potentialAction":[{"@type":"SearchAction","target":{"@type":"EntryPoint","urlTemplate":"https:\/\/www.visit-ulcinj.com\/blog\/?s={search_term_string}"},"query-input":"required name=search_term_string"}],"inLanguage":"en-US"},{"@type":"ImageObject","inLanguage":"en-US","@id":"https:\/\/www.visit-ulcinj.com\/blog\/2009\/11\/20\/nika-nuk-ka-me-hamlet-i-cili-tmerrohet-per-%e2%80%9ctradheti%e2%80%9d\/#primaryimage","url":"https:\/\/www.visit-ulcinj.com\/blog\/wp-content\/uploads\/2009\/11\/Ali-Rexha-drejtor-i-Organizates-Turistike-ne-Ulqin1.jpg","contentUrl":"https:\/\/www.visit-ulcinj.com\/blog\/wp-content\/uploads\/2009\/11\/Ali-Rexha-drejtor-i-Organizates-Turistike-ne-Ulqin1.jpg","width":"423","height":"303"},{"@type":"WebPage","@id":"https:\/\/www.visit-ulcinj.com\/blog\/2009\/11\/20\/nika-nuk-ka-me-hamlet-i-cili-tmerrohet-per-%e2%80%9ctradheti%e2%80%9d\/#webpage","url":"https:\/\/www.visit-ulcinj.com\/blog\/2009\/11\/20\/nika-nuk-ka-me-hamlet-i-cili-tmerrohet-per-%e2%80%9ctradheti%e2%80%9d\/","name":"Nika: Nuk ka m\u00eb Hamlet i cili tmerrohet p\u00ebr \u201ctradh\u00ebti\u201d - Lajme nga Ulqini","isPartOf":{"@id":"https:\/\/www.visit-ulcinj.com\/blog\/#website"},"primaryImageOfPage":{"@id":"https:\/\/www.visit-ulcinj.com\/blog\/2009\/11\/20\/nika-nuk-ka-me-hamlet-i-cili-tmerrohet-per-%e2%80%9ctradheti%e2%80%9d\/#primaryimage"},"datePublished":"2009-11-20T17:03:06+00:00","dateModified":"2009-11-20T17:03:06+00:00","author":{"@id":"https:\/\/www.visit-ulcinj.com\/blog\/#\/schema\/person\/dcab619c614d3038751c63bc2aadc06d"},"description":"Z. Peraj e mor\u00ebm haberin dhe m\u00eb g\u00ebzuat q\u00eb m\u00eb hoq\u00ebt dilem\u00ebn se p\u00ebrse keni qen\u00eb t\u00eb brengosur q\u00eb Kryetari i Partis\u00eb s\u00eb Prosperitetit Demokratik si \u201ckatunar\u201d","breadcrumb":{"@id":"https:\/\/www.visit-ulcinj.com\/blog\/2009\/11\/20\/nika-nuk-ka-me-hamlet-i-cili-tmerrohet-per-%e2%80%9ctradheti%e2%80%9d\/#breadcrumb"},"inLanguage":"en-US","potentialAction":[{"@type":"ReadAction","target":["https:\/\/www.visit-ulcinj.com\/blog\/2009\/11\/20\/nika-nuk-ka-me-hamlet-i-cili-tmerrohet-per-%e2%80%9ctradheti%e2%80%9d\/"]}]},{"@type":"BreadcrumbList","@id":"https:\/\/www.visit-ulcinj.com\/blog\/2009\/11\/20\/nika-nuk-ka-me-hamlet-i-cili-tmerrohet-per-%e2%80%9ctradheti%e2%80%9d\/#breadcrumb","itemListElement":[{"@type":"ListItem","position":1,"name":"Nika: Nuk ka m\u00eb Hamlet i cili tmerrohet p\u00ebr \u201ctradh\u00ebti\u201d"}]},{"@type":"Person","@id":"https:\/\/www.visit-ulcinj.com\/blog\/#\/schema\/person\/dcab619c614d3038751c63bc2aadc06d","name":"ulqini","sameAs":["http:\/\/www.visit-ulcinj.com"],"url":"https:\/\/www.visit-ulcinj.com\/blog\/author\/admin\/"}]}},"jetpack_featured_media_url":"","jetpack_sharing_enabled":true,"jetpack_shortlink":"https:\/\/wp.me\/pe6lTn-78t","_links":{"self":[{"href":"https:\/\/www.visit-ulcinj.com\/blog\/wp-json\/wp\/v2\/posts\/27433"}],"collection":[{"href":"https:\/\/www.visit-ulcinj.com\/blog\/wp-json\/wp\/v2\/posts"}],"about":[{"href":"https:\/\/www.visit-ulcinj.com\/blog\/wp-json\/wp\/v2\/types\/post"}],"author":[{"embeddable":true,"href":"https:\/\/www.visit-ulcinj.com\/blog\/wp-json\/wp\/v2\/users\/1"}],"replies":[{"embeddable":true,"href":"https:\/\/www.visit-ulcinj.com\/blog\/wp-json\/wp\/v2\/comments?post=27433"}],"version-history":[{"count":0,"href":"https:\/\/www.visit-ulcinj.com\/blog\/wp-json\/wp\/v2\/posts\/27433\/revisions"}],"wp:attachment":[{"href":"https:\/\/www.visit-ulcinj.com\/blog\/wp-json\/wp\/v2\/media?parent=27433"}],"wp:term":[{"taxonomy":"category","embeddable":true,"href":"https:\/\/www.visit-ulcinj.com\/blog\/wp-json\/wp\/v2\/categories?post=27433"},{"taxonomy":"post_tag","embeddable":true,"href":"https:\/\/www.visit-ulcinj.com\/blog\/wp-json\/wp\/v2\/tags?post=27433"}],"curies":[{"name":"wp","href":"https:\/\/api.w.org\/{rel}","templated":true}]}}