{"id":27447,"date":"2009-11-21T13:23:21","date_gmt":"2009-11-21T11:23:21","guid":{"rendered":"http:\/\/www.visit-ulcinj.com\/blog\/?p=27447"},"modified":"2009-11-22T20:40:18","modified_gmt":"2009-11-22T18:40:18","slug":"manifestimi-me-rastin-e-20-vjetorit-te-ratifikimit-te-konventes-per-te-drejtat-e-femijeve","status":"publish","type":"post","link":"https:\/\/www.visit-ulcinj.com\/blog\/2009\/11\/21\/manifestimi-me-rastin-e-20-vjetorit-te-ratifikimit-te-konventes-per-te-drejtat-e-femijeve\/","title":{"rendered":"Manifestimi me rastin e 20. vjetorit te ratifikimit te Konventes per te drejtat e femijeve"},"content":{"rendered":"<p><strong><a href=\"http:\/\/www.visit-ulcinj.com\/blog\/wp-content\/uploads\/2009\/11\/Gezim-Hajdinaga-ne-Konventen-per-te-drejtat-e-femijeve_1.JPG\"><img loading=\"lazy\" class=\"alignleft size-full wp-image-27448\" title=\"Gezim Hajdinaga ne Konventen per te drejtat e femijeve_1\" src=\"http:\/\/www.visit-ulcinj.com\/blog\/wp-content\/uploads\/2009\/11\/Gezim-Hajdinaga-ne-Konventen-per-te-drejtat-e-femijeve_1.JPG\" alt=\"Gezim Hajdinaga ne Konventen per te drejtat e femijeve_1\" width=\"580\" height=\"400\" \/><\/a>P\u00ebrsh\u00ebndetje t\u00eb gjith\u00ebve,<\/strong><\/p>\n<p><strong>T\u00eb dashur f\u00ebmij\u00eb,<\/strong><\/p>\n<p><strong>T\u00eb nderuar prind\u00ebr, m\u00ebsimdh\u00ebn\u00ebs, miq dhe t\u00eb ftuar. <\/strong><\/p>\n<p>Jemi mbledhur sot k\u00ebtu p\u00ebr t\u00eb sh\u00ebnuar 20 n\u00ebntorin \u2013 Dit\u00ebn e n\u00ebnshrimit t\u00eb Konvent\u00ebs nd\u00ebrkomb\u00ebtare p\u00ebr t\u00eb drejtat e f\u00ebmij\u00ebve.<\/p>\n<p>\u00cbsht\u00eb ky p\u00ebrvjetori i 20. i n\u00ebnshkrimit t\u00eb k\u00ebtij dokumenti t\u00eb r\u00ebnd\u00ebsish\u00eb t\u00eb n\u00ebnshkruar nga 192 shtete dhe si e till\u00eb 20 n\u00ebntori\u00a0 &#8211; Dita e miratimit t\u00eb konvent\u00ebs ka hyr\u00eb tashm\u00eb n\u00eb kalendarin e dit\u00ebve t\u00eb sh\u00ebnuara si dit\u00eb nd\u00ebrkomb\u00ebtare e t\u00eb drejtave t\u00eb f\u00ebmij\u00ebve.<\/p>\n<p>T\u00eb dashur f\u00ebmij\u00eb, sot ju drejtohem jo vet\u00ebm si kryetar komun\u00ebs por sip rind andaj me k\u00ebnaq\u00ebsi e pranova ftes\u00ebn q\u00eb t\u00eb sh\u00ebnojm\u00eb k\u00ebt\u00eb aktivitet n\u00eb bashk\u00ebpunim me shkollat tona dhe Qendr\u00ebn p\u00ebr pun\u00eb sociale.<\/p>\n<p>Nuk mund t\u00eb pretendojm\u00eb\u00a0 t\u00eb mbrojm\u00eb t\u00eb frejtat e f\u00ebmij\u00ebve pa i njohur ata, prandaj synimi yn\u00eb dhe me k\u00ebt\u00eb aktivitet esht\u00eb sensibilizimi i t\u00eb gjith\u00ebve p\u00ebr t\u00eb njohur dhe respektuar k\u00ebto t\u00eb drejta.<\/p>\n<p>Ekzekutivi q\u00eb un\u00eb\u00a0 drejtoj mbrojtjen e f\u00ebmij\u00ebve e ka nga prioritet e tij, krahas k\u00ebsaj reformat e nd\u00ebrmarra legjislative, strukturore e administrative n\u00eb fush\u00ebn e sh\u00ebrbimeve sociale, t\u00eb kujdesit sh\u00ebndet\u00ebsor\u00eb, arsimit, kultur\u00ebs dhe realizmit t\u00eb t\u00eb drejtave t\u00eb f\u00ebmij\u00ebve, po japin rezultatet e tyre dhe po sh\u00ebnohen hapa pozitiv. Duhet t\u00eb kujtojm\u00eb se ende ka f\u00ebmij\u00eb q\u00eb mbeten jasht\u00eb zhvillimeve pozitive, ka f\u00ebmij\u00eb q\u00eb braktisin shkoll\u00ebn, f\u00ebmij\u00eb q\u00eb punojn\u00eb, f\u00ebmij\u00eb me aft\u00ebsi t\u00eb kufizuara, f\u00ebmij\u00eb t\u00eb komuniteteve n\u00eb v\u00ebshtir\u00ebsi. K\u00ebto p\u00ebrher\u00eb do t\u00eb jen\u00eb n\u00eb fokusin tone sepse vet\u00eb n\u00eb k\u00ebt\u00eb m\u00ebnyr\u00eb shoq\u00ebria jon\u00eb mund t\u00eb sh\u00ebnoj\u00eb progress edhe m\u00eb t\u00eb madh drejt\u00eb rrug\u00ebs s\u00eb integrimit dhe t\u00eb jemi qytetar\u00eb t\u00eb denj\u00eb t\u00eb nj\u00eb Evrope t\u00eb bashkuar.<\/p>\n<p>Un\u00eb kam shum\u00eb besim tek ju!<\/p>\n<p>Sot do t\u00eb flas pak dhe d\u00ebshiroj t\u2019ju l\u00eb radh\u00ebn juve. Do t\u00eb jap nj\u00eb mesazh p\u00ebrsh\u00ebndet\u00ebs p\u00ebr t\u00eb gjith\u00eb f\u00ebmij\u00ebt q\u00eb t\u00eb m\u00ebsojn\u00eb shum\u00eb dhe t\u00eb jen\u00eb qytetar\u00eb t\u00eb denj\u00eb kudo q\u00eb jan\u00eb.<\/p>\n<p>Edhe nj\u00ebher\u00eb g\u00ebzuar!<\/p>\n<p>Qoft\u00eb kjo dit\u00eb\u00a0 e lumtur p\u00ebr t\u00eb gjith\u00eb ju.<\/p>\n<p><strong>Kryetari i komun\u00ebs s\u00eb Ulqinit<br \/>\nG\u00ebzim Hajdinaga<\/strong><\/p>\n<p><strong>\n\t\t<style type=\"text\/css\">\n\t\t\t#gallery-1 {\n\t\t\t\tmargin: auto;\n\t\t\t}\n\t\t\t#gallery-1 .gallery-item {\n\t\t\t\tfloat: left;\n\t\t\t\tmargin-top: 10px;\n\t\t\t\ttext-align: center;\n\t\t\t\twidth: 33%;\n\t\t\t}\n\t\t\t#gallery-1 img {\n\t\t\t\tborder: 2px solid #cfcfcf;\n\t\t\t}\n\t\t\t#gallery-1 .gallery-caption {\n\t\t\t\tmargin-left: 0;\n\t\t\t}\n\t\t\t\/* see gallery_shortcode() in wp-includes\/media.php *\/\n\t\t<\/style>\n\t\t<div id='gallery-1' class='gallery galleryid-27447 gallery-columns-3 gallery-size-thumbnail'><dl class='gallery-item'>\n\t\t\t<dt class='gallery-icon landscape'>\n\t\t\t\t<a href='https:\/\/www.visit-ulcinj.com\/blog\/wp-content\/uploads\/2009\/11\/Gezim-Hajdinaga-ne-Konventen-per-te-drejtat-e-femijeve_1.JPG'><img width=\"150\" height=\"150\" src=\"https:\/\/www.visit-ulcinj.com\/blog\/wp-content\/uploads\/2009\/11\/Gezim-Hajdinaga-ne-Konventen-per-te-drejtat-e-femijeve_1-150x150.jpg\" class=\"attachment-thumbnail size-thumbnail\" alt=\"\" loading=\"lazy\" \/><\/a>\n\t\t\t<\/dt><\/dl><dl class='gallery-item'>\n\t\t\t<dt class='gallery-icon landscape'>\n\t\t\t\t<a href='https:\/\/www.visit-ulcinj.com\/blog\/wp-content\/uploads\/2009\/11\/Konventa-per-te-drejtat-e-femijeve_ulqin.JPG'><img width=\"150\" height=\"150\" src=\"https:\/\/www.visit-ulcinj.com\/blog\/wp-content\/uploads\/2009\/11\/Konventa-per-te-drejtat-e-femijeve_ulqin-150x150.jpg\" class=\"attachment-thumbnail size-thumbnail\" alt=\"\" loading=\"lazy\" \/><\/a>\n\t\t\t<\/dt><\/dl><dl class='gallery-item'>\n\t\t\t<dt class='gallery-icon landscape'>\n\t\t\t\t<a href='https:\/\/www.visit-ulcinj.com\/blog\/wp-content\/uploads\/2009\/11\/Gezim-Hajdinaga-ne-Konventen-per-te-drejtat-e-femijeve.JPG'><img width=\"150\" height=\"150\" src=\"https:\/\/www.visit-ulcinj.com\/blog\/wp-content\/uploads\/2009\/11\/Gezim-Hajdinaga-ne-Konventen-per-te-drejtat-e-femijeve-150x150.jpg\" class=\"attachment-thumbnail size-thumbnail\" alt=\"\" loading=\"lazy\" \/><\/a>\n\t\t\t<\/dt><\/dl><br style=\"clear: both\" \/><dl class='gallery-item'>\n\t\t\t<dt class='gallery-icon landscape'>\n\t\t\t\t<a href='https:\/\/www.visit-ulcinj.com\/blog\/wp-content\/uploads\/2009\/11\/Konventa-per-te-drejtat-e-femijeve_ulqin_1.JPG'><img width=\"150\" height=\"150\" src=\"https:\/\/www.visit-ulcinj.com\/blog\/wp-content\/uploads\/2009\/11\/Konventa-per-te-drejtat-e-femijeve_ulqin_1-150x150.jpg\" class=\"attachment-thumbnail size-thumbnail\" alt=\"\" loading=\"lazy\" \/><\/a>\n\t\t\t<\/dt><\/dl><dl class='gallery-item'>\n\t\t\t<dt class='gallery-icon landscape'>\n\t\t\t\t<a href='https:\/\/www.visit-ulcinj.com\/blog\/wp-content\/uploads\/2009\/11\/Konventa-per-te-drejtat-e-femijeve_ulqin_2.JPG'><img width=\"150\" height=\"150\" src=\"https:\/\/www.visit-ulcinj.com\/blog\/wp-content\/uploads\/2009\/11\/Konventa-per-te-drejtat-e-femijeve_ulqin_2-150x150.jpg\" class=\"attachment-thumbnail size-thumbnail\" alt=\"\" loading=\"lazy\" \/><\/a>\n\t\t\t<\/dt><\/dl><dl class='gallery-item'>\n\t\t\t<dt class='gallery-icon landscape'>\n\t\t\t\t<a href='https:\/\/www.visit-ulcinj.com\/blog\/wp-content\/uploads\/2009\/11\/Konventa-per-te-drejtat-e-femijeve_ulqin_3.JPG'><img width=\"150\" height=\"150\" src=\"https:\/\/www.visit-ulcinj.com\/blog\/wp-content\/uploads\/2009\/11\/Konventa-per-te-drejtat-e-femijeve_ulqin_3-150x150.jpg\" class=\"attachment-thumbnail size-thumbnail\" alt=\"\" loading=\"lazy\" \/><\/a>\n\t\t\t<\/dt><\/dl><br style=\"clear: both\" \/>\n\t\t<\/div>\n<\/p>\n<p><\/strong><\/p>\n<p><strong><!--YouTube Error: bad URL entered--><br \/>\n<\/strong><\/p>\n","protected":false},"excerpt":{"rendered":"<p>P\u00ebrsh\u00ebndetje t\u00eb gjith\u00ebve, T\u00eb dashur f\u00ebmij\u00eb, T\u00eb nderuar prind\u00ebr, m\u00ebsimdh\u00ebn\u00ebs, miq dhe t\u00eb ftuar. Jemi mbledhur sot k\u00ebtu p\u00ebr t\u00eb sh\u00ebnuar 20 n\u00ebntorin \u2013 Dit\u00ebn e n\u00ebnshrimit t\u00eb Konvent\u00ebs nd\u00ebrkomb\u00ebtare p\u00ebr t\u00eb drejtat e f\u00ebmij\u00ebve. \u00cbsht\u00eb ky p\u00ebrvjetori i 20. i n\u00ebnshkrimit t\u00eb k\u00ebtij dokumenti t\u00eb r\u00ebnd\u00ebsish\u00eb t\u00eb n\u00ebnshkruar nga 192 shtete dhe si e [&hellip;]<\/p>\n","protected":false},"author":1,"featured_media":0,"comment_status":"open","ping_status":"closed","sticky":false,"template":"","format":"standard","meta":{"spay_email":"","jetpack_publicize_message":"","jetpack_is_tweetstorm":false,"jetpack_publicize_feature_enabled":true},"categories":[1],"tags":[12857,2611,200,18],"jetpack_publicize_connections":[],"yoast_head":"<!-- This site is optimized with the Yoast SEO plugin v19.1 - https:\/\/yoast.com\/wordpress\/plugins\/seo\/ -->\n<title>Manifestimi me rastin e 20. vjetorit te ratifikimit te Konventes per te drejtat e femijeve - Lajme nga Ulqini<\/title>\n<meta name=\"description\" content=\"P\u00ebrsh\u00ebndetje t\u00eb gjith\u00ebve, T\u00eb dashur f\u00ebmij\u00eb, T\u00eb nderuar prind\u00ebr, m\u00ebsimdh\u00ebn\u00ebs, miq dhe t\u00eb ftuar. Jemi mbledhur sot k\u00ebtu p\u00ebr t\u00eb sh\u00ebnuar 20 n\u00ebntorin \u2013 Dit\u00ebn e\" \/>\n<meta name=\"robots\" content=\"index, follow, max-snippet:-1, max-image-preview:large, max-video-preview:-1\" \/>\n<link rel=\"canonical\" href=\"https:\/\/www.visit-ulcinj.com\/blog\/2009\/11\/21\/manifestimi-me-rastin-e-20-vjetorit-te-ratifikimit-te-konventes-per-te-drejtat-e-femijeve\/\" \/>\n<meta property=\"og:locale\" content=\"en_US\" \/>\n<meta property=\"og:type\" content=\"article\" \/>\n<meta property=\"og:title\" content=\"Manifestimi me rastin e 20. vjetorit te ratifikimit te Konventes per te drejtat e femijeve - Lajme nga Ulqini\" \/>\n<meta property=\"og:description\" content=\"P\u00ebrsh\u00ebndetje t\u00eb gjith\u00ebve, T\u00eb dashur f\u00ebmij\u00eb, T\u00eb nderuar prind\u00ebr, m\u00ebsimdh\u00ebn\u00ebs, miq dhe t\u00eb ftuar. Jemi mbledhur sot k\u00ebtu p\u00ebr t\u00eb sh\u00ebnuar 20 n\u00ebntorin \u2013 Dit\u00ebn e\" \/>\n<meta property=\"og:url\" content=\"https:\/\/www.visit-ulcinj.com\/blog\/2009\/11\/21\/manifestimi-me-rastin-e-20-vjetorit-te-ratifikimit-te-konventes-per-te-drejtat-e-femijeve\/\" \/>\n<meta property=\"og:site_name\" content=\"Lajme nga Ulqini\" \/>\n<meta property=\"article:published_time\" content=\"2009-11-21T11:23:21+00:00\" \/>\n<meta property=\"article:modified_time\" content=\"2009-11-22T18:40:18+00:00\" \/>\n<meta property=\"og:image\" content=\"https:\/\/www.visit-ulcinj.com\/blog\/wp-content\/uploads\/2009\/11\/Gezim-Hajdinaga-ne-Konventen-per-te-drejtat-e-femijeve_1-150x150.jpg\" \/>\n<meta name=\"twitter:label1\" content=\"Written by\" \/>\n\t<meta name=\"twitter:data1\" content=\"ulqini\" \/>\n\t<meta name=\"twitter:label2\" content=\"Est. reading time\" \/>\n\t<meta name=\"twitter:data2\" content=\"2 minutes\" \/>\n<script type=\"application\/ld+json\" class=\"yoast-schema-graph\">{\"@context\":\"https:\/\/schema.org\",\"@graph\":[{\"@type\":\"WebSite\",\"@id\":\"https:\/\/www.visit-ulcinj.com\/blog\/#website\",\"url\":\"https:\/\/www.visit-ulcinj.com\/blog\/\",\"name\":\"Lajme nga Ulqini\",\"description\":\"Lajme,Vijesti,Ulqini,Ulqin,Crna Gora,Mali i Zi\",\"potentialAction\":[{\"@type\":\"SearchAction\",\"target\":{\"@type\":\"EntryPoint\",\"urlTemplate\":\"https:\/\/www.visit-ulcinj.com\/blog\/?s={search_term_string}\"},\"query-input\":\"required name=search_term_string\"}],\"inLanguage\":\"en-US\"},{\"@type\":\"ImageObject\",\"inLanguage\":\"en-US\",\"@id\":\"https:\/\/www.visit-ulcinj.com\/blog\/2009\/11\/21\/manifestimi-me-rastin-e-20-vjetorit-te-ratifikimit-te-konventes-per-te-drejtat-e-femijeve\/#primaryimage\",\"url\":\"https:\/\/www.visit-ulcinj.com\/blog\/wp-content\/uploads\/2009\/11\/Gezim-Hajdinaga-ne-Konventen-per-te-drejtat-e-femijeve_1.JPG\",\"contentUrl\":\"https:\/\/www.visit-ulcinj.com\/blog\/wp-content\/uploads\/2009\/11\/Gezim-Hajdinaga-ne-Konventen-per-te-drejtat-e-femijeve_1.JPG\",\"width\":\"800\",\"height\":\"533\"},{\"@type\":\"WebPage\",\"@id\":\"https:\/\/www.visit-ulcinj.com\/blog\/2009\/11\/21\/manifestimi-me-rastin-e-20-vjetorit-te-ratifikimit-te-konventes-per-te-drejtat-e-femijeve\/#webpage\",\"url\":\"https:\/\/www.visit-ulcinj.com\/blog\/2009\/11\/21\/manifestimi-me-rastin-e-20-vjetorit-te-ratifikimit-te-konventes-per-te-drejtat-e-femijeve\/\",\"name\":\"Manifestimi me rastin e 20. vjetorit te ratifikimit te Konventes per te drejtat e femijeve - Lajme nga Ulqini\",\"isPartOf\":{\"@id\":\"https:\/\/www.visit-ulcinj.com\/blog\/#website\"},\"primaryImageOfPage\":{\"@id\":\"https:\/\/www.visit-ulcinj.com\/blog\/2009\/11\/21\/manifestimi-me-rastin-e-20-vjetorit-te-ratifikimit-te-konventes-per-te-drejtat-e-femijeve\/#primaryimage\"},\"datePublished\":\"2009-11-21T11:23:21+00:00\",\"dateModified\":\"2009-11-22T18:40:18+00:00\",\"author\":{\"@id\":\"https:\/\/www.visit-ulcinj.com\/blog\/#\/schema\/person\/dcab619c614d3038751c63bc2aadc06d\"},\"description\":\"P\u00ebrsh\u00ebndetje t\u00eb gjith\u00ebve, T\u00eb dashur f\u00ebmij\u00eb, T\u00eb nderuar prind\u00ebr, m\u00ebsimdh\u00ebn\u00ebs, miq dhe t\u00eb ftuar. Jemi mbledhur sot k\u00ebtu p\u00ebr t\u00eb sh\u00ebnuar 20 n\u00ebntorin \u2013 Dit\u00ebn e\",\"breadcrumb\":{\"@id\":\"https:\/\/www.visit-ulcinj.com\/blog\/2009\/11\/21\/manifestimi-me-rastin-e-20-vjetorit-te-ratifikimit-te-konventes-per-te-drejtat-e-femijeve\/#breadcrumb\"},\"inLanguage\":\"en-US\",\"potentialAction\":[{\"@type\":\"ReadAction\",\"target\":[\"https:\/\/www.visit-ulcinj.com\/blog\/2009\/11\/21\/manifestimi-me-rastin-e-20-vjetorit-te-ratifikimit-te-konventes-per-te-drejtat-e-femijeve\/\"]}]},{\"@type\":\"BreadcrumbList\",\"@id\":\"https:\/\/www.visit-ulcinj.com\/blog\/2009\/11\/21\/manifestimi-me-rastin-e-20-vjetorit-te-ratifikimit-te-konventes-per-te-drejtat-e-femijeve\/#breadcrumb\",\"itemListElement\":[{\"@type\":\"ListItem\",\"position\":1,\"name\":\"Manifestimi me rastin e 20. vjetorit te ratifikimit te Konventes per te drejtat e femijeve\"}]},{\"@type\":\"Person\",\"@id\":\"https:\/\/www.visit-ulcinj.com\/blog\/#\/schema\/person\/dcab619c614d3038751c63bc2aadc06d\",\"name\":\"ulqini\",\"sameAs\":[\"http:\/\/www.visit-ulcinj.com\"],\"url\":\"https:\/\/www.visit-ulcinj.com\/blog\/author\/admin\/\"}]}<\/script>\n<!-- \/ Yoast SEO plugin. -->","yoast_head_json":{"title":"Manifestimi me rastin e 20. vjetorit te ratifikimit te Konventes per te drejtat e femijeve - Lajme nga Ulqini","description":"P\u00ebrsh\u00ebndetje t\u00eb gjith\u00ebve, T\u00eb dashur f\u00ebmij\u00eb, T\u00eb nderuar prind\u00ebr, m\u00ebsimdh\u00ebn\u00ebs, miq dhe t\u00eb ftuar. Jemi mbledhur sot k\u00ebtu p\u00ebr t\u00eb sh\u00ebnuar 20 n\u00ebntorin \u2013 Dit\u00ebn e","robots":{"index":"index","follow":"follow","max-snippet":"max-snippet:-1","max-image-preview":"max-image-preview:large","max-video-preview":"max-video-preview:-1"},"canonical":"https:\/\/www.visit-ulcinj.com\/blog\/2009\/11\/21\/manifestimi-me-rastin-e-20-vjetorit-te-ratifikimit-te-konventes-per-te-drejtat-e-femijeve\/","og_locale":"en_US","og_type":"article","og_title":"Manifestimi me rastin e 20. vjetorit te ratifikimit te Konventes per te drejtat e femijeve - Lajme nga Ulqini","og_description":"P\u00ebrsh\u00ebndetje t\u00eb gjith\u00ebve, T\u00eb dashur f\u00ebmij\u00eb, T\u00eb nderuar prind\u00ebr, m\u00ebsimdh\u00ebn\u00ebs, miq dhe t\u00eb ftuar. Jemi mbledhur sot k\u00ebtu p\u00ebr t\u00eb sh\u00ebnuar 20 n\u00ebntorin \u2013 Dit\u00ebn e","og_url":"https:\/\/www.visit-ulcinj.com\/blog\/2009\/11\/21\/manifestimi-me-rastin-e-20-vjetorit-te-ratifikimit-te-konventes-per-te-drejtat-e-femijeve\/","og_site_name":"Lajme nga Ulqini","article_published_time":"2009-11-21T11:23:21+00:00","article_modified_time":"2009-11-22T18:40:18+00:00","og_image":[{"url":"https:\/\/www.visit-ulcinj.com\/blog\/wp-content\/uploads\/2009\/11\/Gezim-Hajdinaga-ne-Konventen-per-te-drejtat-e-femijeve_1-150x150.jpg"}],"twitter_misc":{"Written by":"ulqini","Est. reading time":"2 minutes"},"schema":{"@context":"https:\/\/schema.org","@graph":[{"@type":"WebSite","@id":"https:\/\/www.visit-ulcinj.com\/blog\/#website","url":"https:\/\/www.visit-ulcinj.com\/blog\/","name":"Lajme nga Ulqini","description":"Lajme,Vijesti,Ulqini,Ulqin,Crna Gora,Mali i Zi","potentialAction":[{"@type":"SearchAction","target":{"@type":"EntryPoint","urlTemplate":"https:\/\/www.visit-ulcinj.com\/blog\/?s={search_term_string}"},"query-input":"required name=search_term_string"}],"inLanguage":"en-US"},{"@type":"ImageObject","inLanguage":"en-US","@id":"https:\/\/www.visit-ulcinj.com\/blog\/2009\/11\/21\/manifestimi-me-rastin-e-20-vjetorit-te-ratifikimit-te-konventes-per-te-drejtat-e-femijeve\/#primaryimage","url":"https:\/\/www.visit-ulcinj.com\/blog\/wp-content\/uploads\/2009\/11\/Gezim-Hajdinaga-ne-Konventen-per-te-drejtat-e-femijeve_1.JPG","contentUrl":"https:\/\/www.visit-ulcinj.com\/blog\/wp-content\/uploads\/2009\/11\/Gezim-Hajdinaga-ne-Konventen-per-te-drejtat-e-femijeve_1.JPG","width":"800","height":"533"},{"@type":"WebPage","@id":"https:\/\/www.visit-ulcinj.com\/blog\/2009\/11\/21\/manifestimi-me-rastin-e-20-vjetorit-te-ratifikimit-te-konventes-per-te-drejtat-e-femijeve\/#webpage","url":"https:\/\/www.visit-ulcinj.com\/blog\/2009\/11\/21\/manifestimi-me-rastin-e-20-vjetorit-te-ratifikimit-te-konventes-per-te-drejtat-e-femijeve\/","name":"Manifestimi me rastin e 20. vjetorit te ratifikimit te Konventes per te drejtat e femijeve - Lajme nga Ulqini","isPartOf":{"@id":"https:\/\/www.visit-ulcinj.com\/blog\/#website"},"primaryImageOfPage":{"@id":"https:\/\/www.visit-ulcinj.com\/blog\/2009\/11\/21\/manifestimi-me-rastin-e-20-vjetorit-te-ratifikimit-te-konventes-per-te-drejtat-e-femijeve\/#primaryimage"},"datePublished":"2009-11-21T11:23:21+00:00","dateModified":"2009-11-22T18:40:18+00:00","author":{"@id":"https:\/\/www.visit-ulcinj.com\/blog\/#\/schema\/person\/dcab619c614d3038751c63bc2aadc06d"},"description":"P\u00ebrsh\u00ebndetje t\u00eb gjith\u00ebve, T\u00eb dashur f\u00ebmij\u00eb, T\u00eb nderuar prind\u00ebr, m\u00ebsimdh\u00ebn\u00ebs, miq dhe t\u00eb ftuar. Jemi mbledhur sot k\u00ebtu p\u00ebr t\u00eb sh\u00ebnuar 20 n\u00ebntorin \u2013 Dit\u00ebn e","breadcrumb":{"@id":"https:\/\/www.visit-ulcinj.com\/blog\/2009\/11\/21\/manifestimi-me-rastin-e-20-vjetorit-te-ratifikimit-te-konventes-per-te-drejtat-e-femijeve\/#breadcrumb"},"inLanguage":"en-US","potentialAction":[{"@type":"ReadAction","target":["https:\/\/www.visit-ulcinj.com\/blog\/2009\/11\/21\/manifestimi-me-rastin-e-20-vjetorit-te-ratifikimit-te-konventes-per-te-drejtat-e-femijeve\/"]}]},{"@type":"BreadcrumbList","@id":"https:\/\/www.visit-ulcinj.com\/blog\/2009\/11\/21\/manifestimi-me-rastin-e-20-vjetorit-te-ratifikimit-te-konventes-per-te-drejtat-e-femijeve\/#breadcrumb","itemListElement":[{"@type":"ListItem","position":1,"name":"Manifestimi me rastin e 20. vjetorit te ratifikimit te Konventes per te drejtat e femijeve"}]},{"@type":"Person","@id":"https:\/\/www.visit-ulcinj.com\/blog\/#\/schema\/person\/dcab619c614d3038751c63bc2aadc06d","name":"ulqini","sameAs":["http:\/\/www.visit-ulcinj.com"],"url":"https:\/\/www.visit-ulcinj.com\/blog\/author\/admin\/"}]}},"jetpack_featured_media_url":"","jetpack_sharing_enabled":true,"jetpack_shortlink":"https:\/\/wp.me\/pe6lTn-78H","_links":{"self":[{"href":"https:\/\/www.visit-ulcinj.com\/blog\/wp-json\/wp\/v2\/posts\/27447"}],"collection":[{"href":"https:\/\/www.visit-ulcinj.com\/blog\/wp-json\/wp\/v2\/posts"}],"about":[{"href":"https:\/\/www.visit-ulcinj.com\/blog\/wp-json\/wp\/v2\/types\/post"}],"author":[{"embeddable":true,"href":"https:\/\/www.visit-ulcinj.com\/blog\/wp-json\/wp\/v2\/users\/1"}],"replies":[{"embeddable":true,"href":"https:\/\/www.visit-ulcinj.com\/blog\/wp-json\/wp\/v2\/comments?post=27447"}],"version-history":[{"count":0,"href":"https:\/\/www.visit-ulcinj.com\/blog\/wp-json\/wp\/v2\/posts\/27447\/revisions"}],"wp:attachment":[{"href":"https:\/\/www.visit-ulcinj.com\/blog\/wp-json\/wp\/v2\/media?parent=27447"}],"wp:term":[{"taxonomy":"category","embeddable":true,"href":"https:\/\/www.visit-ulcinj.com\/blog\/wp-json\/wp\/v2\/categories?post=27447"},{"taxonomy":"post_tag","embeddable":true,"href":"https:\/\/www.visit-ulcinj.com\/blog\/wp-json\/wp\/v2\/tags?post=27447"}],"curies":[{"name":"wp","href":"https:\/\/api.w.org\/{rel}","templated":true}]}}