{"id":27458,"date":"2009-11-21T19:23:06","date_gmt":"2009-11-21T17:23:06","guid":{"rendered":"http:\/\/www.visit-ulcinj.com\/blog\/?p=27458"},"modified":"2009-11-21T19:24:41","modified_gmt":"2009-11-21T17:24:41","slug":"albanci-posebno-na-jos-jednim-izborima","status":"publish","type":"post","link":"https:\/\/www.visit-ulcinj.com\/blog\/2009\/11\/21\/albanci-posebno-na-jos-jednim-izborima\/","title":{"rendered":"Albanci posebno na jo\u0161 jednim izborima"},"content":{"rendered":"<p><a href=\"http:\/\/www.visit-ulcinj.com\/blog\/wp-content\/uploads\/2009\/11\/Albanci-posebno-na-jos-jednim-izborima.jpg\"><img loading=\"lazy\" class=\"alignleft size-full wp-image-27459\" title=\"Albanci posebno na jos jednim izborima\" src=\"http:\/\/www.visit-ulcinj.com\/blog\/wp-content\/uploads\/2009\/11\/Albanci-posebno-na-jos-jednim-izborima.jpg\" alt=\"Albanci posebno na jos jednim izborima\" width=\"339\" height=\"383\" \/><\/a><strong>DPS prona\u0161ao rje\u0161enje za autenti?nu zastupljenost u parlamentu koje podr\u017eavaju i manjine<\/strong><\/p>\n<p>Podgorica \u2013 Takozvana posebna izborna jedinica, u mjestima gdje Albanci ?ine ve?inu, postoja?e za jo\u0161 jedan izborni krug, nakon ?ega ?e predstavnici partija sa te liste na svim sljede?im glasanjima morati da pre?u prirodni prag za ulazak u skup\u0161tinske klupe.Takvo rje\u0161enje, koje su ju?e su na sjednici Komisije za izradu izbornog zakonodavstva ponudili poslanici Demokratske partije socijalista (DPS), podr\u017eali su i predstavnici vladaju?e koalicije iz Bo\u0161nja?ke stranke (BS), Demokratske unije albanaca i Hrvatske gra?anske inicijative (HGI), dok je Socijaldemokratska partija (SDP) bila protiv.Prema nezvani?nim informacijama \u201eVijesti\u201c, DPS je na sjednici predstavio pisani predlog za autenti?nu zastupljenost manjina u parlamentu, prema kome sve manjinske zajednice, koje u ukupnom stanovni\u0161tvu ?ine od dva do 13 odsto, na izborima moraju pre?i prirodni prag, kako bi u\u0161le u parlament.S obzirom na to da je na svim dosada\u0161njim izborima, u mjestima gdje Albanci ?ine ve?inu, postojala tzv. posebna jedinica, ve?ina se slo\u017eila da napravi ustupak i toj manjini obezbijedi jo\u0161 jedan izborni krug po aktuelnom zakonodavstvu.Iz SDP-a su saop\u0161tili da ?e napraviti svoj predlog i dostaviti ga Skup\u0161tini i Venecijanskoj komisiji kao alternativno rje\u0161enje.Za razliku od prvobitnog rje\u0161enja Bo\u0161njaka, prema tom predlogu prelivanje ostatka glasova \u201eoti\u0161lo\u201c bi partiji sa manjinske liste samo u slu?aju da je osvojen samo jedan mandat.Naime, prelivanje glasova ide u korist manjinskoj stranci eventualno jedino do osvajanja drugog mandata, ostatak bi se dijelo na sve stranke, kao i do sada.Ako bi prag pre\u0161le dvije stranke ili ako bi jedna stranka, dovoljno jaka, osvojila dva mandata, ostatak glasova vi\u0161e ne bi bio vezan isklju?ivo za partije sa te manjinske liste, obja\u0161njeno je \u201eVijestima\u201c.Prirodni prag se dobija dijeljenjem broja va\u017ee?ih listi?a sa brojem 81, koliko je poslani?kih mjesta, \u0161to iznosi oko ?etiri hiljade glasova.Predsjednik Demokratskog saveza Mehmet Bardhi, prema istim informacijama, odbio je da podr\u017ei takav predlog, kao i poslanici Nove srpske demokratije.Da bi se obezbijedila dvotre?inska ve?ina potrebna za usvajanje tog zakona, kako stvari sada stoje, predlog DPS-a bi morali i da podr\u017ee poslanici Socijalisti?ke narodne partije.Oni su, me?utim, na sjednici saop\u0161tili da ?e Komisji dostaviti svoju verziju teksta, koja se, prema nezvani?nim informacijama, u klju?nim stvarima podudara sa predlogom DPS-a.Poslanik Pokreta za promjene Sr?a Brajovi? nije prisustvovao sjednici.Prema rje\u0161enju DPS-a, za hrvatsku manjinsku zajednicu predvi?eno je da se stranci sa te liste, koja bude najbili\u017ea osvajanju 0,20 odsto prirodnog praga, odnosno oko 800 glasova, garantuje jedan poslani?ki mandat.<\/p>\n<p><strong>BS: Neko mo\u017ee ostati bez mandata<\/strong><\/p>\n<p>Zamoljen da prokomentari\u0161e tok sjednice, poslanik BS i ?lan radne grupe Kemal Puri\u0161i? kazao je sino? da je njegova stranka izrazila zabrinutost da bi se predlo\u017eenim modelom mogla ugoroziti ustavna kategorija o autenti?noj zastupljenosti manjina.<\/p>\n<p>On je objasnio da je kolege iz radne grupe upozorio da se na izborima mo\u017ee desiti da nijedna stranka sa manjinske liste ne pre?e prirodni prag i tako do?u u poziciju da ne u?u u parlament.<\/p>\n<p>Pru\u0161i? je, na insistiranje \u201eVijesti\u201c, ipak potvrdio da je njegova stranka dala na?elnu saglasnost rje\u0161enju DPS-a, jer korespondira sa modelom koji je BS ranije predlagala.<\/p>\n<p>\u201eTaj predlog je plod konsultacija u vladaju?oj koaliciji i mi smo pristali na tu vrstu kompromisa. Nadamo se da se na\u0161a strahovanja ne?e obistiniti, i zato smo se na sjednici unaprijed ogradili. Tra\u017eili smo odre?ena preciziranja, a prije svega da se taj model odnosi i na izbor odbornika, te da se u zakon uvede pojam manjinske liste, kao titulara mjera afirmativne akcije\u201c, rekao je on.<\/p>\n<p>BS je ranije predlagao da manjinske zajednice, koje u ukupnom stanovni\u0161tvu ?ine od tri do 15 odsto, moraju da pre?u prirodni prag, ali da se \u201evi\u0161ak\u201c glasova onih stranaka koje ne dostignu taj nivo ne rasipa ostalim strankama, ve? da ostane u korpusu manjinske liste o kojoj se radi.<\/p>\n<p><strong>D.MIHAJLOVI?<\/strong><\/p>\n<p><strong>Vijesti<\/strong><\/p>\n","protected":false},"excerpt":{"rendered":"<p>DPS prona\u0161ao rje\u0161enje za autenti?nu zastupljenost u parlamentu koje podr\u017eavaju i manjine Podgorica \u2013 Takozvana posebna izborna jedinica, u mjestima gdje Albanci ?ine ve?inu, postoja?e za jo\u0161 jedan izborni krug, nakon ?ega ?e predstavnici partija sa te liste na svim sljede?im glasanjima morati da pre?u prirodni prag za ulazak u skup\u0161tinske klupe.Takvo rje\u0161enje, koje su [&hellip;]<\/p>\n","protected":false},"author":1,"featured_media":0,"comment_status":"open","ping_status":"closed","sticky":false,"template":"","format":"standard","meta":{"spay_email":"","jetpack_publicize_message":"","jetpack_is_tweetstorm":false,"jetpack_publicize_feature_enabled":true},"categories":[8337],"tags":[12867],"jetpack_publicize_connections":[],"yoast_head":"<!-- This site is optimized with the Yoast SEO plugin v19.1 - https:\/\/yoast.com\/wordpress\/plugins\/seo\/ -->\n<title>Albanci posebno na jo\u0161 jednim izborima - Lajme nga Ulqini<\/title>\n<meta name=\"description\" content=\"DPS prona\u0161ao rje\u0161enje za autenti?nu zastupljenost u parlamentu koje podr\u017eavaju i manjine Podgorica \u2013 Takozvana posebna izborna jedinica, u mjestima gdje\" \/>\n<meta name=\"robots\" content=\"index, follow, max-snippet:-1, max-image-preview:large, max-video-preview:-1\" \/>\n<link rel=\"canonical\" href=\"https:\/\/www.visit-ulcinj.com\/blog\/2009\/11\/21\/albanci-posebno-na-jos-jednim-izborima\/\" \/>\n<meta property=\"og:locale\" content=\"en_US\" \/>\n<meta property=\"og:type\" content=\"article\" \/>\n<meta property=\"og:title\" content=\"Albanci posebno na jo\u0161 jednim izborima - Lajme nga Ulqini\" \/>\n<meta property=\"og:description\" content=\"DPS prona\u0161ao rje\u0161enje za autenti?nu zastupljenost u parlamentu koje podr\u017eavaju i manjine Podgorica \u2013 Takozvana posebna izborna jedinica, u mjestima gdje\" \/>\n<meta property=\"og:url\" content=\"https:\/\/www.visit-ulcinj.com\/blog\/2009\/11\/21\/albanci-posebno-na-jos-jednim-izborima\/\" \/>\n<meta property=\"og:site_name\" content=\"Lajme nga Ulqini\" \/>\n<meta property=\"article:published_time\" content=\"2009-11-21T17:23:06+00:00\" \/>\n<meta property=\"article:modified_time\" content=\"2009-11-21T17:24:41+00:00\" \/>\n<meta property=\"og:image\" content=\"http:\/\/www.visit-ulcinj.com\/blog\/wp-content\/uploads\/2009\/11\/Albanci-posebno-na-jos-jednim-izborima.jpg\" \/>\n<meta name=\"twitter:label1\" content=\"Written by\" \/>\n\t<meta name=\"twitter:data1\" content=\"ulqini\" \/>\n\t<meta name=\"twitter:label2\" content=\"Est. reading time\" \/>\n\t<meta name=\"twitter:data2\" content=\"3 minutes\" \/>\n<script type=\"application\/ld+json\" class=\"yoast-schema-graph\">{\"@context\":\"https:\/\/schema.org\",\"@graph\":[{\"@type\":\"WebSite\",\"@id\":\"https:\/\/www.visit-ulcinj.com\/blog\/#website\",\"url\":\"https:\/\/www.visit-ulcinj.com\/blog\/\",\"name\":\"Lajme nga Ulqini\",\"description\":\"Lajme,Vijesti,Ulqini,Ulqin,Crna Gora,Mali i Zi\",\"potentialAction\":[{\"@type\":\"SearchAction\",\"target\":{\"@type\":\"EntryPoint\",\"urlTemplate\":\"https:\/\/www.visit-ulcinj.com\/blog\/?s={search_term_string}\"},\"query-input\":\"required name=search_term_string\"}],\"inLanguage\":\"en-US\"},{\"@type\":\"ImageObject\",\"inLanguage\":\"en-US\",\"@id\":\"https:\/\/www.visit-ulcinj.com\/blog\/2009\/11\/21\/albanci-posebno-na-jos-jednim-izborima\/#primaryimage\",\"url\":\"https:\/\/www.visit-ulcinj.com\/blog\/wp-content\/uploads\/2009\/11\/Albanci-posebno-na-jos-jednim-izborima.jpg\",\"contentUrl\":\"https:\/\/www.visit-ulcinj.com\/blog\/wp-content\/uploads\/2009\/11\/Albanci-posebno-na-jos-jednim-izborima.jpg\",\"width\":\"414\",\"height\":\"541\"},{\"@type\":\"WebPage\",\"@id\":\"https:\/\/www.visit-ulcinj.com\/blog\/2009\/11\/21\/albanci-posebno-na-jos-jednim-izborima\/#webpage\",\"url\":\"https:\/\/www.visit-ulcinj.com\/blog\/2009\/11\/21\/albanci-posebno-na-jos-jednim-izborima\/\",\"name\":\"Albanci posebno na jo\u0161 jednim izborima - Lajme nga Ulqini\",\"isPartOf\":{\"@id\":\"https:\/\/www.visit-ulcinj.com\/blog\/#website\"},\"primaryImageOfPage\":{\"@id\":\"https:\/\/www.visit-ulcinj.com\/blog\/2009\/11\/21\/albanci-posebno-na-jos-jednim-izborima\/#primaryimage\"},\"datePublished\":\"2009-11-21T17:23:06+00:00\",\"dateModified\":\"2009-11-21T17:24:41+00:00\",\"author\":{\"@id\":\"https:\/\/www.visit-ulcinj.com\/blog\/#\/schema\/person\/dcab619c614d3038751c63bc2aadc06d\"},\"description\":\"DPS prona\u0161ao rje\u0161enje za autenti?nu zastupljenost u parlamentu koje podr\u017eavaju i manjine Podgorica \u2013 Takozvana posebna izborna jedinica, u mjestima gdje\",\"breadcrumb\":{\"@id\":\"https:\/\/www.visit-ulcinj.com\/blog\/2009\/11\/21\/albanci-posebno-na-jos-jednim-izborima\/#breadcrumb\"},\"inLanguage\":\"en-US\",\"potentialAction\":[{\"@type\":\"ReadAction\",\"target\":[\"https:\/\/www.visit-ulcinj.com\/blog\/2009\/11\/21\/albanci-posebno-na-jos-jednim-izborima\/\"]}]},{\"@type\":\"BreadcrumbList\",\"@id\":\"https:\/\/www.visit-ulcinj.com\/blog\/2009\/11\/21\/albanci-posebno-na-jos-jednim-izborima\/#breadcrumb\",\"itemListElement\":[{\"@type\":\"ListItem\",\"position\":1,\"name\":\"Albanci posebno na jo\u0161 jednim izborima\"}]},{\"@type\":\"Person\",\"@id\":\"https:\/\/www.visit-ulcinj.com\/blog\/#\/schema\/person\/dcab619c614d3038751c63bc2aadc06d\",\"name\":\"ulqini\",\"sameAs\":[\"http:\/\/www.visit-ulcinj.com\"],\"url\":\"https:\/\/www.visit-ulcinj.com\/blog\/author\/admin\/\"}]}<\/script>\n<!-- \/ Yoast SEO plugin. -->","yoast_head_json":{"title":"Albanci posebno na jo\u0161 jednim izborima - Lajme nga Ulqini","description":"DPS prona\u0161ao rje\u0161enje za autenti?nu zastupljenost u parlamentu koje podr\u017eavaju i manjine Podgorica \u2013 Takozvana posebna izborna jedinica, u mjestima gdje","robots":{"index":"index","follow":"follow","max-snippet":"max-snippet:-1","max-image-preview":"max-image-preview:large","max-video-preview":"max-video-preview:-1"},"canonical":"https:\/\/www.visit-ulcinj.com\/blog\/2009\/11\/21\/albanci-posebno-na-jos-jednim-izborima\/","og_locale":"en_US","og_type":"article","og_title":"Albanci posebno na jo\u0161 jednim izborima - Lajme nga Ulqini","og_description":"DPS prona\u0161ao rje\u0161enje za autenti?nu zastupljenost u parlamentu koje podr\u017eavaju i manjine Podgorica \u2013 Takozvana posebna izborna jedinica, u mjestima gdje","og_url":"https:\/\/www.visit-ulcinj.com\/blog\/2009\/11\/21\/albanci-posebno-na-jos-jednim-izborima\/","og_site_name":"Lajme nga Ulqini","article_published_time":"2009-11-21T17:23:06+00:00","article_modified_time":"2009-11-21T17:24:41+00:00","og_image":[{"url":"http:\/\/www.visit-ulcinj.com\/blog\/wp-content\/uploads\/2009\/11\/Albanci-posebno-na-jos-jednim-izborima.jpg"}],"twitter_misc":{"Written by":"ulqini","Est. reading time":"3 minutes"},"schema":{"@context":"https:\/\/schema.org","@graph":[{"@type":"WebSite","@id":"https:\/\/www.visit-ulcinj.com\/blog\/#website","url":"https:\/\/www.visit-ulcinj.com\/blog\/","name":"Lajme nga Ulqini","description":"Lajme,Vijesti,Ulqini,Ulqin,Crna Gora,Mali i Zi","potentialAction":[{"@type":"SearchAction","target":{"@type":"EntryPoint","urlTemplate":"https:\/\/www.visit-ulcinj.com\/blog\/?s={search_term_string}"},"query-input":"required name=search_term_string"}],"inLanguage":"en-US"},{"@type":"ImageObject","inLanguage":"en-US","@id":"https:\/\/www.visit-ulcinj.com\/blog\/2009\/11\/21\/albanci-posebno-na-jos-jednim-izborima\/#primaryimage","url":"https:\/\/www.visit-ulcinj.com\/blog\/wp-content\/uploads\/2009\/11\/Albanci-posebno-na-jos-jednim-izborima.jpg","contentUrl":"https:\/\/www.visit-ulcinj.com\/blog\/wp-content\/uploads\/2009\/11\/Albanci-posebno-na-jos-jednim-izborima.jpg","width":"414","height":"541"},{"@type":"WebPage","@id":"https:\/\/www.visit-ulcinj.com\/blog\/2009\/11\/21\/albanci-posebno-na-jos-jednim-izborima\/#webpage","url":"https:\/\/www.visit-ulcinj.com\/blog\/2009\/11\/21\/albanci-posebno-na-jos-jednim-izborima\/","name":"Albanci posebno na jo\u0161 jednim izborima - Lajme nga Ulqini","isPartOf":{"@id":"https:\/\/www.visit-ulcinj.com\/blog\/#website"},"primaryImageOfPage":{"@id":"https:\/\/www.visit-ulcinj.com\/blog\/2009\/11\/21\/albanci-posebno-na-jos-jednim-izborima\/#primaryimage"},"datePublished":"2009-11-21T17:23:06+00:00","dateModified":"2009-11-21T17:24:41+00:00","author":{"@id":"https:\/\/www.visit-ulcinj.com\/blog\/#\/schema\/person\/dcab619c614d3038751c63bc2aadc06d"},"description":"DPS prona\u0161ao rje\u0161enje za autenti?nu zastupljenost u parlamentu koje podr\u017eavaju i manjine Podgorica \u2013 Takozvana posebna izborna jedinica, u mjestima gdje","breadcrumb":{"@id":"https:\/\/www.visit-ulcinj.com\/blog\/2009\/11\/21\/albanci-posebno-na-jos-jednim-izborima\/#breadcrumb"},"inLanguage":"en-US","potentialAction":[{"@type":"ReadAction","target":["https:\/\/www.visit-ulcinj.com\/blog\/2009\/11\/21\/albanci-posebno-na-jos-jednim-izborima\/"]}]},{"@type":"BreadcrumbList","@id":"https:\/\/www.visit-ulcinj.com\/blog\/2009\/11\/21\/albanci-posebno-na-jos-jednim-izborima\/#breadcrumb","itemListElement":[{"@type":"ListItem","position":1,"name":"Albanci posebno na jo\u0161 jednim izborima"}]},{"@type":"Person","@id":"https:\/\/www.visit-ulcinj.com\/blog\/#\/schema\/person\/dcab619c614d3038751c63bc2aadc06d","name":"ulqini","sameAs":["http:\/\/www.visit-ulcinj.com"],"url":"https:\/\/www.visit-ulcinj.com\/blog\/author\/admin\/"}]}},"jetpack_featured_media_url":"","jetpack_sharing_enabled":true,"jetpack_shortlink":"https:\/\/wp.me\/pe6lTn-78S","_links":{"self":[{"href":"https:\/\/www.visit-ulcinj.com\/blog\/wp-json\/wp\/v2\/posts\/27458"}],"collection":[{"href":"https:\/\/www.visit-ulcinj.com\/blog\/wp-json\/wp\/v2\/posts"}],"about":[{"href":"https:\/\/www.visit-ulcinj.com\/blog\/wp-json\/wp\/v2\/types\/post"}],"author":[{"embeddable":true,"href":"https:\/\/www.visit-ulcinj.com\/blog\/wp-json\/wp\/v2\/users\/1"}],"replies":[{"embeddable":true,"href":"https:\/\/www.visit-ulcinj.com\/blog\/wp-json\/wp\/v2\/comments?post=27458"}],"version-history":[{"count":0,"href":"https:\/\/www.visit-ulcinj.com\/blog\/wp-json\/wp\/v2\/posts\/27458\/revisions"}],"wp:attachment":[{"href":"https:\/\/www.visit-ulcinj.com\/blog\/wp-json\/wp\/v2\/media?parent=27458"}],"wp:term":[{"taxonomy":"category","embeddable":true,"href":"https:\/\/www.visit-ulcinj.com\/blog\/wp-json\/wp\/v2\/categories?post=27458"},{"taxonomy":"post_tag","embeddable":true,"href":"https:\/\/www.visit-ulcinj.com\/blog\/wp-json\/wp\/v2\/tags?post=27458"}],"curies":[{"name":"wp","href":"https:\/\/api.w.org\/{rel}","templated":true}]}}