{"id":2747,"date":"2008-08-27T10:49:05","date_gmt":"2008-08-27T15:49:05","guid":{"rendered":"http:\/\/www.visit-ulcinj.com\/blog\/?p=2747"},"modified":"2008-08-27T10:50:37","modified_gmt":"2008-08-27T15:50:37","slug":"u-ulcinju-odrzano-vece-ekologije-turizma-i-kulture-na-kopakabani-uzitak-za-sva-cula","status":"publish","type":"post","link":"https:\/\/www.visit-ulcinj.com\/blog\/2008\/08\/27\/u-ulcinju-odrzano-vece-ekologije-turizma-i-kulture-na-kopakabani-uzitak-za-sva-cula\/","title":{"rendered":"U Ulcinju odr\u017eano &#8220;Ve?e ekologije, turizma i kulture&#8221;, na kopakabani u\u017eitak za sva ?ula"},"content":{"rendered":"<p><a href=\"http:\/\/www.visit-ulcinj.com\/blog\/wp-content\/uploads\/2008\/08\/xhelala-hoxha.jpg\"><img loading=\"lazy\" class=\"alignleft size-medium wp-image-2748\" title=\"xhelala-hoxha\" src=\"http:\/\/www.visit-ulcinj.com\/blog\/wp-content\/uploads\/2008\/08\/xhelala-hoxha-300x287.jpg\" alt=\"\" width=\"300\" height=\"287\" srcset=\"https:\/\/www.visit-ulcinj.com\/blog\/wp-content\/uploads\/2008\/08\/xhelala-hoxha-300x287.jpg 300w, https:\/\/www.visit-ulcinj.com\/blog\/wp-content\/uploads\/2008\/08\/xhelala-hoxha.jpg 552w\" sizes=\"(max-width: 300px) 100vw, 300px\" \/><\/a><strong>Ovdje gdje razlika nije mana&#8230;<\/strong><br \/>\nPod pokroviteljstvom op\u0161tine Ulcinj, a u organizaciji kompanije \u201eHolegro, NVO \u201eDani Skadarskog jezera, \u201eZeleni korak , \u201eBojana i Republi?kog zavoda za za\u0161titu prirode, u nedjelju uve?e je na prelijepoj ulcinjskok pla\u017ei \u201eKopakabana odr\u017eana tradicionalna manifestacija \u201eVe?e ekologije, turizma i kulture. Uz prisustvo brojnih turista, mje\u0161tana i gostiju iz drugih crnogorskoh gradova, kulturna i ekolo\u0161ka smotra imala je za cilj da skrene pa\u017enju na izuzetni potencijal ovog kraja. O potencijalu ovog kraja, kako na otvaranju nadahnuto re?e knji\u017eevnik Rajko Joli?i?, koji je u bogatstvu razlika, prirodnim ljepotama, tradiciji i bogatom kulturnom naslje?u jedinstveno na svijetu.<br \/>\n&#8211; Pogledajte u nebo kako zavodljivo trepere zvijezde, i kako se nje\u017eno grle obala i more. Sve je ovdje u znaku ljubavi. Nasmije\u0161ite se, na licu ko srcu, osmijeh je trava ljekovita. Po\u017eelite ne\u0161to sa rado\u0161?u \u017eivota, jer ovdje se \u017eelje ostvaruju, ovdje vlada neka nevidljiva, ?udesna, bajkovita sila. Ne\u0161to \u0161to se niti mo\u017ee negirati niti dokazati, ali se mo\u017ee osjetiti. To je neka neobi?na ljepota, nadahnu?a koje ispuni krvotok i srce koje ovdje kuca tako sna\u017eno. Ovdje gdje razlika nije mana, gdje nije va\u017eno kako se zovete i od kuda dolazite &#8211; istakao je Joli?i?. Prema rije?ima predsjednika NVO \u201eDani Skadarskog jezera Draga Lekovi?a manifestacije posve?ene ekologiji, turizmu i kulturi pospje\u0161uju njihov razvoj.<br \/>\n&#8211; Ovakva okupljanja i dru\u017eenja imaju veliki zna?aj za prostor skadarske regije. Prije svega u ?etiri op\u0161tine koje gravitiraju Skadarskom jezeru. S obzirom na to da je Bojana spona koja vezuje i Ulcinj mi smo se opredijelili da i najju\u017enija op\u0161tina u?estvuje u ovim tradicionalnim okupljanjima &#8211; kazao je Lekovi?.<br \/>\nBogat program koji su organizatori pripremili po?eo je izlo\u017ebom umjetni?kih fotografija &#8220;Priroda Crne Gore koju je sve?ano otvorio predsjednik op\u0161tine Ulcinj Gzim Hajdinaga.<a href=\"http:\/\/www.visit-ulcinj.com\/blog\/wp-content\/uploads\/2008\/08\/gezim-hajdinaga1.jpg\"><img loading=\"lazy\" class=\"alignright size-medium wp-image-2749\" title=\"gezim-hajdinaga1\" src=\"http:\/\/www.visit-ulcinj.com\/blog\/wp-content\/uploads\/2008\/08\/gezim-hajdinaga1-300x288.jpg\" alt=\"\" width=\"208\" height=\"199\" srcset=\"https:\/\/www.visit-ulcinj.com\/blog\/wp-content\/uploads\/2008\/08\/gezim-hajdinaga1-300x288.jpg 300w, https:\/\/www.visit-ulcinj.com\/blog\/wp-content\/uploads\/2008\/08\/gezim-hajdinaga1.jpg 548w\" sizes=\"(max-width: 208px) 100vw, 208px\" \/><\/a><br \/>\n&#8211; Ve?eras u ovom prelijepom ambijentu u gradu kulture i tradicije jo\u0161 jednom promovi\u0161emo vrijednosti ovog kraja. Ve? petu godinu za redom okupljamo se kako bi pokazali gostima \u0161ta to imamo, a imamo mnogo vrijednosti koje nijesu samo u priodnim ljepotama ovog kraja. Siguran sam da ?e se ovakvih manifestacija biti jo\u0161 vi\u0161e, a op\u0161tina Ulcinj, uvijek ?e biti spremna da pomogne organizatorima i ljudima koji vrijedno rade u ovom gradu &#8211; kazao je Hajdinaga.<br \/>\nU okviru programa prezentovani su su specijaliteti zdrave hrane, od morske, jezerske i rije?ne ribe, kao i ostali proizvodi ulcinjskog kraja. Bilo je i vina, piva, raznih sokova na nekoliko bogato aran\u017eiranih \u0161tandova hrane i sve to besplatno. Doma?in i mno\u0161tvo sponzora zaista su se potrudili da na Kopakabani u\u017eivaju sva ?ula. Manifestacija je kompletirana bogatim kulturno-umjetni?kim programom, u kome su u?estvovali KUD &#8220;\u0160toj ? iz Ulcinja, solista Andrijana Bo\u017eovi?, te glumac Dragi\u0161a Simovi? i knji\u017eevnik Rajko Joli?i? koji su u dijelu programa rezervisanog za humor, do suza nasmijali prisutne.<br \/>\n<strong>Autor \/ M.K<br \/>\nIzvor \/ Dan<\/strong><\/p>\n<!-- vimeo error: not a vimeo video -->\n","protected":false},"excerpt":{"rendered":"<p><img loading=\"lazy\" class=\"alignleft size-medium wp-image-2748\" title=\"xhelala-hoxha\" src=\"http:\/\/www.visit-ulcinj.com\/blog\/wp-content\/uploads\/2008\/08\/xhelala-hoxha-300x287.jpg\" alt=\"\" width=\"140\" height=\"140\" \/><\/p>\n","protected":false},"author":1,"featured_media":0,"comment_status":"open","ping_status":"closed","sticky":false,"template":"","format":"standard","meta":{"spay_email":"","jetpack_publicize_message":"","jetpack_is_tweetstorm":false,"jetpack_publicize_feature_enabled":true},"categories":[11,12],"tags":[2939,19],"jetpack_publicize_connections":[],"yoast_head":"<!-- This site is optimized with the Yoast SEO plugin v19.1 - https:\/\/yoast.com\/wordpress\/plugins\/seo\/ -->\n<title>U Ulcinju odr\u017eano &quot;Ve?e ekologije, turizma i kulture&quot;, na kopakabani u\u017eitak za sva ?ula - Lajme nga Ulqini<\/title>\n<meta name=\"robots\" content=\"index, follow, max-snippet:-1, max-image-preview:large, max-video-preview:-1\" \/>\n<link rel=\"canonical\" href=\"https:\/\/www.visit-ulcinj.com\/blog\/2008\/08\/27\/u-ulcinju-odrzano-vece-ekologije-turizma-i-kulture-na-kopakabani-uzitak-za-sva-cula\/\" \/>\n<meta property=\"og:locale\" content=\"en_US\" \/>\n<meta property=\"og:type\" content=\"article\" \/>\n<meta property=\"og:title\" content=\"U Ulcinju odr\u017eano &quot;Ve?e ekologije, turizma i kulture&quot;, na kopakabani u\u017eitak za sva ?ula - Lajme nga Ulqini\" \/>\n<meta property=\"og:url\" content=\"https:\/\/www.visit-ulcinj.com\/blog\/2008\/08\/27\/u-ulcinju-odrzano-vece-ekologije-turizma-i-kulture-na-kopakabani-uzitak-za-sva-cula\/\" \/>\n<meta property=\"og:site_name\" content=\"Lajme nga Ulqini\" \/>\n<meta property=\"article:published_time\" content=\"2008-08-27T15:49:05+00:00\" \/>\n<meta property=\"article:modified_time\" content=\"2008-08-27T15:50:37+00:00\" \/>\n<meta property=\"og:image\" content=\"http:\/\/www.visit-ulcinj.com\/blog\/wp-content\/uploads\/2008\/08\/xhelala-hoxha-300x287.jpg\" \/>\n<meta name=\"twitter:label1\" content=\"Written by\" \/>\n\t<meta name=\"twitter:data1\" content=\"ulqini\" \/>\n\t<meta name=\"twitter:label2\" content=\"Est. reading time\" \/>\n\t<meta name=\"twitter:data2\" content=\"3 minutes\" \/>\n<script type=\"application\/ld+json\" class=\"yoast-schema-graph\">{\"@context\":\"https:\/\/schema.org\",\"@graph\":[{\"@type\":\"WebSite\",\"@id\":\"https:\/\/www.visit-ulcinj.com\/blog\/#website\",\"url\":\"https:\/\/www.visit-ulcinj.com\/blog\/\",\"name\":\"Lajme nga Ulqini\",\"description\":\"Lajme,Vijesti,Ulqini,Ulqin,Crna Gora,Mali i Zi\",\"potentialAction\":[{\"@type\":\"SearchAction\",\"target\":{\"@type\":\"EntryPoint\",\"urlTemplate\":\"https:\/\/www.visit-ulcinj.com\/blog\/?s={search_term_string}\"},\"query-input\":\"required name=search_term_string\"}],\"inLanguage\":\"en-US\"},{\"@type\":\"ImageObject\",\"inLanguage\":\"en-US\",\"@id\":\"https:\/\/www.visit-ulcinj.com\/blog\/2008\/08\/27\/u-ulcinju-odrzano-vece-ekologije-turizma-i-kulture-na-kopakabani-uzitak-za-sva-cula\/#primaryimage\",\"url\":\"http:\/\/www.visit-ulcinj.com\/blog\/wp-content\/uploads\/2008\/08\/xhelala-hoxha-300x287.jpg\",\"contentUrl\":\"http:\/\/www.visit-ulcinj.com\/blog\/wp-content\/uploads\/2008\/08\/xhelala-hoxha-300x287.jpg\"},{\"@type\":\"WebPage\",\"@id\":\"https:\/\/www.visit-ulcinj.com\/blog\/2008\/08\/27\/u-ulcinju-odrzano-vece-ekologije-turizma-i-kulture-na-kopakabani-uzitak-za-sva-cula\/#webpage\",\"url\":\"https:\/\/www.visit-ulcinj.com\/blog\/2008\/08\/27\/u-ulcinju-odrzano-vece-ekologije-turizma-i-kulture-na-kopakabani-uzitak-za-sva-cula\/\",\"name\":\"U Ulcinju odr\u017eano \\\"Ve?e ekologije, turizma i kulture\\\", na kopakabani u\u017eitak za sva ?ula - Lajme nga Ulqini\",\"isPartOf\":{\"@id\":\"https:\/\/www.visit-ulcinj.com\/blog\/#website\"},\"primaryImageOfPage\":{\"@id\":\"https:\/\/www.visit-ulcinj.com\/blog\/2008\/08\/27\/u-ulcinju-odrzano-vece-ekologije-turizma-i-kulture-na-kopakabani-uzitak-za-sva-cula\/#primaryimage\"},\"datePublished\":\"2008-08-27T15:49:05+00:00\",\"dateModified\":\"2008-08-27T15:50:37+00:00\",\"author\":{\"@id\":\"https:\/\/www.visit-ulcinj.com\/blog\/#\/schema\/person\/dcab619c614d3038751c63bc2aadc06d\"},\"breadcrumb\":{\"@id\":\"https:\/\/www.visit-ulcinj.com\/blog\/2008\/08\/27\/u-ulcinju-odrzano-vece-ekologije-turizma-i-kulture-na-kopakabani-uzitak-za-sva-cula\/#breadcrumb\"},\"inLanguage\":\"en-US\",\"potentialAction\":[{\"@type\":\"ReadAction\",\"target\":[\"https:\/\/www.visit-ulcinj.com\/blog\/2008\/08\/27\/u-ulcinju-odrzano-vece-ekologije-turizma-i-kulture-na-kopakabani-uzitak-za-sva-cula\/\"]}]},{\"@type\":\"BreadcrumbList\",\"@id\":\"https:\/\/www.visit-ulcinj.com\/blog\/2008\/08\/27\/u-ulcinju-odrzano-vece-ekologije-turizma-i-kulture-na-kopakabani-uzitak-za-sva-cula\/#breadcrumb\",\"itemListElement\":[{\"@type\":\"ListItem\",\"position\":1,\"name\":\"U Ulcinju odr\u017eano &#8220;Ve?e ekologije, turizma i kulture&#8221;, na kopakabani u\u017eitak za sva ?ula\"}]},{\"@type\":\"Person\",\"@id\":\"https:\/\/www.visit-ulcinj.com\/blog\/#\/schema\/person\/dcab619c614d3038751c63bc2aadc06d\",\"name\":\"ulqini\",\"sameAs\":[\"http:\/\/www.visit-ulcinj.com\"],\"url\":\"https:\/\/www.visit-ulcinj.com\/blog\/author\/admin\/\"}]}<\/script>\n<!-- \/ Yoast SEO plugin. -->","yoast_head_json":{"title":"U Ulcinju odr\u017eano \"Ve?e ekologije, turizma i kulture\", na kopakabani u\u017eitak za sva ?ula - Lajme nga Ulqini","robots":{"index":"index","follow":"follow","max-snippet":"max-snippet:-1","max-image-preview":"max-image-preview:large","max-video-preview":"max-video-preview:-1"},"canonical":"https:\/\/www.visit-ulcinj.com\/blog\/2008\/08\/27\/u-ulcinju-odrzano-vece-ekologije-turizma-i-kulture-na-kopakabani-uzitak-za-sva-cula\/","og_locale":"en_US","og_type":"article","og_title":"U Ulcinju odr\u017eano \"Ve?e ekologije, turizma i kulture\", na kopakabani u\u017eitak za sva ?ula - Lajme nga Ulqini","og_url":"https:\/\/www.visit-ulcinj.com\/blog\/2008\/08\/27\/u-ulcinju-odrzano-vece-ekologije-turizma-i-kulture-na-kopakabani-uzitak-za-sva-cula\/","og_site_name":"Lajme nga Ulqini","article_published_time":"2008-08-27T15:49:05+00:00","article_modified_time":"2008-08-27T15:50:37+00:00","og_image":[{"url":"http:\/\/www.visit-ulcinj.com\/blog\/wp-content\/uploads\/2008\/08\/xhelala-hoxha-300x287.jpg"}],"twitter_misc":{"Written by":"ulqini","Est. reading time":"3 minutes"},"schema":{"@context":"https:\/\/schema.org","@graph":[{"@type":"WebSite","@id":"https:\/\/www.visit-ulcinj.com\/blog\/#website","url":"https:\/\/www.visit-ulcinj.com\/blog\/","name":"Lajme nga Ulqini","description":"Lajme,Vijesti,Ulqini,Ulqin,Crna Gora,Mali i Zi","potentialAction":[{"@type":"SearchAction","target":{"@type":"EntryPoint","urlTemplate":"https:\/\/www.visit-ulcinj.com\/blog\/?s={search_term_string}"},"query-input":"required name=search_term_string"}],"inLanguage":"en-US"},{"@type":"ImageObject","inLanguage":"en-US","@id":"https:\/\/www.visit-ulcinj.com\/blog\/2008\/08\/27\/u-ulcinju-odrzano-vece-ekologije-turizma-i-kulture-na-kopakabani-uzitak-za-sva-cula\/#primaryimage","url":"http:\/\/www.visit-ulcinj.com\/blog\/wp-content\/uploads\/2008\/08\/xhelala-hoxha-300x287.jpg","contentUrl":"http:\/\/www.visit-ulcinj.com\/blog\/wp-content\/uploads\/2008\/08\/xhelala-hoxha-300x287.jpg"},{"@type":"WebPage","@id":"https:\/\/www.visit-ulcinj.com\/blog\/2008\/08\/27\/u-ulcinju-odrzano-vece-ekologije-turizma-i-kulture-na-kopakabani-uzitak-za-sva-cula\/#webpage","url":"https:\/\/www.visit-ulcinj.com\/blog\/2008\/08\/27\/u-ulcinju-odrzano-vece-ekologije-turizma-i-kulture-na-kopakabani-uzitak-za-sva-cula\/","name":"U Ulcinju odr\u017eano \"Ve?e ekologije, turizma i kulture\", na kopakabani u\u017eitak za sva ?ula - Lajme nga Ulqini","isPartOf":{"@id":"https:\/\/www.visit-ulcinj.com\/blog\/#website"},"primaryImageOfPage":{"@id":"https:\/\/www.visit-ulcinj.com\/blog\/2008\/08\/27\/u-ulcinju-odrzano-vece-ekologije-turizma-i-kulture-na-kopakabani-uzitak-za-sva-cula\/#primaryimage"},"datePublished":"2008-08-27T15:49:05+00:00","dateModified":"2008-08-27T15:50:37+00:00","author":{"@id":"https:\/\/www.visit-ulcinj.com\/blog\/#\/schema\/person\/dcab619c614d3038751c63bc2aadc06d"},"breadcrumb":{"@id":"https:\/\/www.visit-ulcinj.com\/blog\/2008\/08\/27\/u-ulcinju-odrzano-vece-ekologije-turizma-i-kulture-na-kopakabani-uzitak-za-sva-cula\/#breadcrumb"},"inLanguage":"en-US","potentialAction":[{"@type":"ReadAction","target":["https:\/\/www.visit-ulcinj.com\/blog\/2008\/08\/27\/u-ulcinju-odrzano-vece-ekologije-turizma-i-kulture-na-kopakabani-uzitak-za-sva-cula\/"]}]},{"@type":"BreadcrumbList","@id":"https:\/\/www.visit-ulcinj.com\/blog\/2008\/08\/27\/u-ulcinju-odrzano-vece-ekologije-turizma-i-kulture-na-kopakabani-uzitak-za-sva-cula\/#breadcrumb","itemListElement":[{"@type":"ListItem","position":1,"name":"U Ulcinju odr\u017eano &#8220;Ve?e ekologije, turizma i kulture&#8221;, na kopakabani u\u017eitak za sva ?ula"}]},{"@type":"Person","@id":"https:\/\/www.visit-ulcinj.com\/blog\/#\/schema\/person\/dcab619c614d3038751c63bc2aadc06d","name":"ulqini","sameAs":["http:\/\/www.visit-ulcinj.com"],"url":"https:\/\/www.visit-ulcinj.com\/blog\/author\/admin\/"}]}},"jetpack_featured_media_url":"","jetpack_sharing_enabled":true,"jetpack_shortlink":"https:\/\/wp.me\/pe6lTn-Ij","_links":{"self":[{"href":"https:\/\/www.visit-ulcinj.com\/blog\/wp-json\/wp\/v2\/posts\/2747"}],"collection":[{"href":"https:\/\/www.visit-ulcinj.com\/blog\/wp-json\/wp\/v2\/posts"}],"about":[{"href":"https:\/\/www.visit-ulcinj.com\/blog\/wp-json\/wp\/v2\/types\/post"}],"author":[{"embeddable":true,"href":"https:\/\/www.visit-ulcinj.com\/blog\/wp-json\/wp\/v2\/users\/1"}],"replies":[{"embeddable":true,"href":"https:\/\/www.visit-ulcinj.com\/blog\/wp-json\/wp\/v2\/comments?post=2747"}],"version-history":[{"count":0,"href":"https:\/\/www.visit-ulcinj.com\/blog\/wp-json\/wp\/v2\/posts\/2747\/revisions"}],"wp:attachment":[{"href":"https:\/\/www.visit-ulcinj.com\/blog\/wp-json\/wp\/v2\/media?parent=2747"}],"wp:term":[{"taxonomy":"category","embeddable":true,"href":"https:\/\/www.visit-ulcinj.com\/blog\/wp-json\/wp\/v2\/categories?post=2747"},{"taxonomy":"post_tag","embeddable":true,"href":"https:\/\/www.visit-ulcinj.com\/blog\/wp-json\/wp\/v2\/tags?post=2747"}],"curies":[{"name":"wp","href":"https:\/\/api.w.org\/{rel}","templated":true}]}}