{"id":275,"date":"2008-01-25T01:20:07","date_gmt":"2008-01-25T06:20:07","guid":{"rendered":"http:\/\/www.visit-ulcinj.com\/blog\/2008\/01\/25\/albulena-e-para-ne-renditjen-e-pergjithshme-ne-turnirin-e-mbajtur-ne-zagreb-ne-kroaci\/"},"modified":"2008-02-12T19:42:02","modified_gmt":"2008-02-13T00:42:02","slug":"albulena-e-para-ne-renditjen-e-pergjithshme-ne-turnirin-e-mbajtur-ne-zagreb-ne-kroaci","status":"publish","type":"post","link":"https:\/\/www.visit-ulcinj.com\/blog\/2008\/01\/25\/albulena-e-para-ne-renditjen-e-pergjithshme-ne-turnirin-e-mbajtur-ne-zagreb-ne-kroaci\/","title":{"rendered":"&#8220;Albulena&#8221; e para n\u00eb renditjen e p\u00ebrgjithshme n\u00eb Turnirin e mbajtur n\u00eb Zagreb n\u00eb Kroaci"},"content":{"rendered":"<h4>Albulena &#8211; nd\u00ebr klubet m\u00eb t\u00eb suksesshme<\/h4>\n<p><font size=\"2\"><font size=\"2\"><img loading=\"lazy\" src=\"http:\/\/www.kohajavore.cg.yu\/slike\/1086939487.jpg\" alt=\"AGRON UJKASHI\" style=\"width: 144px; height: 218px\" align=\"left\" border=\"0\" height=\"341\" width=\"240\" \/>Garuesi m\u00eb i mir\u00eb i Kup\u00ebs u shpall ulqinaku Besnik Adoviq 15 vje\u00e7ar deri 69 kg,, i cili fitoi medaljen e art\u00eb n\u00eb turnirin q\u00eb u mbajt vikendin q\u00eb shkoi n\u00eb Zagreb t\u00eb Kroacis.Ulqin &#8211; Klubi i Karates\u00eb &#8220;Albulena&#8221; mori pjes\u00eb t\u00eb diel\u00ebn e kalume n\u00eb Kup\u00ebn e Rregullt nderkomtare t\u00eb Kroacis n\u00eb Karate p\u00ebr kadet\u00eb, junior\u00eb dhe senior\u00eb q\u00eb u mbajt n\u00eb Zagreb. N\u00eb k\u00ebt\u00eb gar\u00eb &#8220;Albulena&#8221; mori pjes\u00eb me shtat\u00eb garues dhe doli e para n\u00eb renditjen e p\u00ebrgjithshme duke fituar 1 medalje t\u00eb art\u00eb dhe tri t\u00eb bronzes dhe ata jan:Selma Gurzakoviqi (16),n\u00eb kategori deri 55 kg,Xheneta Vu\u00e7iqi (16),deri 60 kg,<\/font><\/font><font size=\"2\"><font size=\"2\"> <!--more-->Garuesi m\u00eb i mir\u00eb i Kup\u00ebs u shpall Besnik Adoviq 15 vje\u00e7ar, i cili fitoi medalje t\u00eb art\u00eb.<\/font><\/font><font size=\"2\"><font size=\"2\">Edhe n\u00eb garat ekipore, KK &#8220;Albulena&#8221; korri suksese t\u00eb lakmueshme. K\u00ebshtu kampion u shpall ekipi i kadet\u00ebve n\u00eb kata dhe n\u00eb luft\u00ebra (1997-1998) ne krye me Adonis Marka\u0161i, Edmond Mehemdoviqi dhe Genc Murati . Vlen t\u00eb theksohet se ekipi i kadet\u00ebve n\u00eb luft\u00ebra i fitoi t\u00eb gjitha ekipet me rezultate t\u00eb duhura.<\/font><\/font><\/p>\n<p><font size=\"2\"><font size=\"2\">Sipas trajnerit t\u00eb KK &#8220;Albulena&#8221;, Agron Ujkashi,dhe trajnerit t\u00eb KK&#8221;Shampion&#8221; Leka Markiqi dhe Nail Kurtoviqit ky sukses \u00ebsht\u00eb pa dyshim arritja m\u00eb e madhe n\u00eb Kup\u00ebn e Kroacis p\u00ebr k\u00ebt\u00eb klub .Pjes\u00ebmarrjen e KK &#8220;Albulena&#8221; dhe KK&#8221;Shampioni&#8221; nga Ulqini n\u00eb k\u00ebto gara e mund\u00ebsua Banka e par\u00eb n\u00eb Mal t\u00eb Zi si sponzor gjeneral.Trajneri i KK &#8220;Albulena&#8221;, Agron Ujkashi, shprehet i k\u00ebnaqur me rezultatin e arritur n\u00eb k\u00ebt\u00eb gar\u00eb.&#8221;Jemi t\u00eb k\u00ebnaqur me rezultatet pasi q\u00eb ka qen\u00eb nj\u00eb konkurrenc\u00eb e fort\u00eb&#8221;, thot\u00eb ai.<\/font><\/font><\/p>\n<p><font size=\"2\"><font size=\"2\"><a href=\"http:\/\/www.visit-ulcinj.com\/blog\/wp-content\/uploads\/2008\/01\/agron-ujkashi.thumbnail.jpg\"><\/a><\/font><\/font><\/p>\n","protected":false},"excerpt":{"rendered":"<p><img loading=\"lazy\" src=\"http:\/\/www.kohajavore.cg.yu\/slike\/1086939487.jpg\" alt=\"AGRON UJKASHI\" height=\"140\" width=\"140\" \/><\/p>\n","protected":false},"author":1,"featured_media":0,"comment_status":"open","ping_status":"closed","sticky":false,"template":"","format":"standard","meta":{"spay_email":"","jetpack_publicize_message":"","jetpack_is_tweetstorm":false,"jetpack_publicize_feature_enabled":true},"categories":[3],"tags":[1240,777,772,776,778,779,771,773,774,775,781,780],"jetpack_publicize_connections":[],"yoast_head":"<!-- This site is optimized with the Yoast SEO plugin v19.1 - https:\/\/yoast.com\/wordpress\/plugins\/seo\/ -->\n<title>&quot;Albulena&quot; e para n\u00eb renditjen e p\u00ebrgjithshme n\u00eb Turnirin e mbajtur n\u00eb Zagreb n\u00eb Kroaci - Lajme nga Ulqini<\/title>\n<meta name=\"robots\" content=\"index, follow, max-snippet:-1, max-image-preview:large, max-video-preview:-1\" \/>\n<link rel=\"canonical\" href=\"https:\/\/www.visit-ulcinj.com\/blog\/2008\/01\/25\/albulena-e-para-ne-renditjen-e-pergjithshme-ne-turnirin-e-mbajtur-ne-zagreb-ne-kroaci\/\" \/>\n<meta property=\"og:locale\" content=\"en_US\" \/>\n<meta property=\"og:type\" content=\"article\" \/>\n<meta property=\"og:title\" content=\"&quot;Albulena&quot; e para n\u00eb renditjen e p\u00ebrgjithshme n\u00eb Turnirin e mbajtur n\u00eb Zagreb n\u00eb Kroaci - Lajme nga Ulqini\" \/>\n<meta property=\"og:url\" content=\"https:\/\/www.visit-ulcinj.com\/blog\/2008\/01\/25\/albulena-e-para-ne-renditjen-e-pergjithshme-ne-turnirin-e-mbajtur-ne-zagreb-ne-kroaci\/\" \/>\n<meta property=\"og:site_name\" content=\"Lajme nga Ulqini\" \/>\n<meta property=\"article:published_time\" content=\"2008-01-25T06:20:07+00:00\" \/>\n<meta property=\"article:modified_time\" content=\"2008-02-13T00:42:02+00:00\" \/>\n<meta property=\"og:image\" content=\"http:\/\/www.kohajavore.cg.yu\/slike\/1086939487.jpg\" \/>\n<meta name=\"twitter:label1\" content=\"Written by\" \/>\n\t<meta name=\"twitter:data1\" content=\"ulqini\" \/>\n\t<meta name=\"twitter:label2\" content=\"Est. reading time\" \/>\n\t<meta name=\"twitter:data2\" content=\"1 minute\" \/>\n<script type=\"application\/ld+json\" class=\"yoast-schema-graph\">{\"@context\":\"https:\/\/schema.org\",\"@graph\":[{\"@type\":\"WebSite\",\"@id\":\"https:\/\/www.visit-ulcinj.com\/blog\/#website\",\"url\":\"https:\/\/www.visit-ulcinj.com\/blog\/\",\"name\":\"Lajme nga Ulqini\",\"description\":\"Lajme,Vijesti,Ulqini,Ulqin,Crna Gora,Mali i Zi\",\"potentialAction\":[{\"@type\":\"SearchAction\",\"target\":{\"@type\":\"EntryPoint\",\"urlTemplate\":\"https:\/\/www.visit-ulcinj.com\/blog\/?s={search_term_string}\"},\"query-input\":\"required name=search_term_string\"}],\"inLanguage\":\"en-US\"},{\"@type\":\"ImageObject\",\"inLanguage\":\"en-US\",\"@id\":\"https:\/\/www.visit-ulcinj.com\/blog\/2008\/01\/25\/albulena-e-para-ne-renditjen-e-pergjithshme-ne-turnirin-e-mbajtur-ne-zagreb-ne-kroaci\/#primaryimage\",\"url\":\"http:\/\/www.kohajavore.cg.yu\/slike\/1086939487.jpg\",\"contentUrl\":\"http:\/\/www.kohajavore.cg.yu\/slike\/1086939487.jpg\"},{\"@type\":\"WebPage\",\"@id\":\"https:\/\/www.visit-ulcinj.com\/blog\/2008\/01\/25\/albulena-e-para-ne-renditjen-e-pergjithshme-ne-turnirin-e-mbajtur-ne-zagreb-ne-kroaci\/#webpage\",\"url\":\"https:\/\/www.visit-ulcinj.com\/blog\/2008\/01\/25\/albulena-e-para-ne-renditjen-e-pergjithshme-ne-turnirin-e-mbajtur-ne-zagreb-ne-kroaci\/\",\"name\":\"\\\"Albulena\\\" e para n\u00eb renditjen e p\u00ebrgjithshme n\u00eb Turnirin e mbajtur n\u00eb Zagreb n\u00eb Kroaci - Lajme nga Ulqini\",\"isPartOf\":{\"@id\":\"https:\/\/www.visit-ulcinj.com\/blog\/#website\"},\"primaryImageOfPage\":{\"@id\":\"https:\/\/www.visit-ulcinj.com\/blog\/2008\/01\/25\/albulena-e-para-ne-renditjen-e-pergjithshme-ne-turnirin-e-mbajtur-ne-zagreb-ne-kroaci\/#primaryimage\"},\"datePublished\":\"2008-01-25T06:20:07+00:00\",\"dateModified\":\"2008-02-13T00:42:02+00:00\",\"author\":{\"@id\":\"https:\/\/www.visit-ulcinj.com\/blog\/#\/schema\/person\/dcab619c614d3038751c63bc2aadc06d\"},\"breadcrumb\":{\"@id\":\"https:\/\/www.visit-ulcinj.com\/blog\/2008\/01\/25\/albulena-e-para-ne-renditjen-e-pergjithshme-ne-turnirin-e-mbajtur-ne-zagreb-ne-kroaci\/#breadcrumb\"},\"inLanguage\":\"en-US\",\"potentialAction\":[{\"@type\":\"ReadAction\",\"target\":[\"https:\/\/www.visit-ulcinj.com\/blog\/2008\/01\/25\/albulena-e-para-ne-renditjen-e-pergjithshme-ne-turnirin-e-mbajtur-ne-zagreb-ne-kroaci\/\"]}]},{\"@type\":\"BreadcrumbList\",\"@id\":\"https:\/\/www.visit-ulcinj.com\/blog\/2008\/01\/25\/albulena-e-para-ne-renditjen-e-pergjithshme-ne-turnirin-e-mbajtur-ne-zagreb-ne-kroaci\/#breadcrumb\",\"itemListElement\":[{\"@type\":\"ListItem\",\"position\":1,\"name\":\"&#8220;Albulena&#8221; e para n\u00eb renditjen e p\u00ebrgjithshme n\u00eb Turnirin e mbajtur n\u00eb Zagreb n\u00eb Kroaci\"}]},{\"@type\":\"Person\",\"@id\":\"https:\/\/www.visit-ulcinj.com\/blog\/#\/schema\/person\/dcab619c614d3038751c63bc2aadc06d\",\"name\":\"ulqini\",\"sameAs\":[\"http:\/\/www.visit-ulcinj.com\"],\"url\":\"https:\/\/www.visit-ulcinj.com\/blog\/author\/admin\/\"}]}<\/script>\n<!-- \/ Yoast SEO plugin. -->","yoast_head_json":{"title":"\"Albulena\" e para n\u00eb renditjen e p\u00ebrgjithshme n\u00eb Turnirin e mbajtur n\u00eb Zagreb n\u00eb Kroaci - Lajme nga Ulqini","robots":{"index":"index","follow":"follow","max-snippet":"max-snippet:-1","max-image-preview":"max-image-preview:large","max-video-preview":"max-video-preview:-1"},"canonical":"https:\/\/www.visit-ulcinj.com\/blog\/2008\/01\/25\/albulena-e-para-ne-renditjen-e-pergjithshme-ne-turnirin-e-mbajtur-ne-zagreb-ne-kroaci\/","og_locale":"en_US","og_type":"article","og_title":"\"Albulena\" e para n\u00eb renditjen e p\u00ebrgjithshme n\u00eb Turnirin e mbajtur n\u00eb Zagreb n\u00eb Kroaci - Lajme nga Ulqini","og_url":"https:\/\/www.visit-ulcinj.com\/blog\/2008\/01\/25\/albulena-e-para-ne-renditjen-e-pergjithshme-ne-turnirin-e-mbajtur-ne-zagreb-ne-kroaci\/","og_site_name":"Lajme nga Ulqini","article_published_time":"2008-01-25T06:20:07+00:00","article_modified_time":"2008-02-13T00:42:02+00:00","og_image":[{"url":"http:\/\/www.kohajavore.cg.yu\/slike\/1086939487.jpg"}],"twitter_misc":{"Written by":"ulqini","Est. reading time":"1 minute"},"schema":{"@context":"https:\/\/schema.org","@graph":[{"@type":"WebSite","@id":"https:\/\/www.visit-ulcinj.com\/blog\/#website","url":"https:\/\/www.visit-ulcinj.com\/blog\/","name":"Lajme nga Ulqini","description":"Lajme,Vijesti,Ulqini,Ulqin,Crna Gora,Mali i Zi","potentialAction":[{"@type":"SearchAction","target":{"@type":"EntryPoint","urlTemplate":"https:\/\/www.visit-ulcinj.com\/blog\/?s={search_term_string}"},"query-input":"required name=search_term_string"}],"inLanguage":"en-US"},{"@type":"ImageObject","inLanguage":"en-US","@id":"https:\/\/www.visit-ulcinj.com\/blog\/2008\/01\/25\/albulena-e-para-ne-renditjen-e-pergjithshme-ne-turnirin-e-mbajtur-ne-zagreb-ne-kroaci\/#primaryimage","url":"http:\/\/www.kohajavore.cg.yu\/slike\/1086939487.jpg","contentUrl":"http:\/\/www.kohajavore.cg.yu\/slike\/1086939487.jpg"},{"@type":"WebPage","@id":"https:\/\/www.visit-ulcinj.com\/blog\/2008\/01\/25\/albulena-e-para-ne-renditjen-e-pergjithshme-ne-turnirin-e-mbajtur-ne-zagreb-ne-kroaci\/#webpage","url":"https:\/\/www.visit-ulcinj.com\/blog\/2008\/01\/25\/albulena-e-para-ne-renditjen-e-pergjithshme-ne-turnirin-e-mbajtur-ne-zagreb-ne-kroaci\/","name":"\"Albulena\" e para n\u00eb renditjen e p\u00ebrgjithshme n\u00eb Turnirin e mbajtur n\u00eb Zagreb n\u00eb Kroaci - Lajme nga Ulqini","isPartOf":{"@id":"https:\/\/www.visit-ulcinj.com\/blog\/#website"},"primaryImageOfPage":{"@id":"https:\/\/www.visit-ulcinj.com\/blog\/2008\/01\/25\/albulena-e-para-ne-renditjen-e-pergjithshme-ne-turnirin-e-mbajtur-ne-zagreb-ne-kroaci\/#primaryimage"},"datePublished":"2008-01-25T06:20:07+00:00","dateModified":"2008-02-13T00:42:02+00:00","author":{"@id":"https:\/\/www.visit-ulcinj.com\/blog\/#\/schema\/person\/dcab619c614d3038751c63bc2aadc06d"},"breadcrumb":{"@id":"https:\/\/www.visit-ulcinj.com\/blog\/2008\/01\/25\/albulena-e-para-ne-renditjen-e-pergjithshme-ne-turnirin-e-mbajtur-ne-zagreb-ne-kroaci\/#breadcrumb"},"inLanguage":"en-US","potentialAction":[{"@type":"ReadAction","target":["https:\/\/www.visit-ulcinj.com\/blog\/2008\/01\/25\/albulena-e-para-ne-renditjen-e-pergjithshme-ne-turnirin-e-mbajtur-ne-zagreb-ne-kroaci\/"]}]},{"@type":"BreadcrumbList","@id":"https:\/\/www.visit-ulcinj.com\/blog\/2008\/01\/25\/albulena-e-para-ne-renditjen-e-pergjithshme-ne-turnirin-e-mbajtur-ne-zagreb-ne-kroaci\/#breadcrumb","itemListElement":[{"@type":"ListItem","position":1,"name":"&#8220;Albulena&#8221; e para n\u00eb renditjen e p\u00ebrgjithshme n\u00eb Turnirin e mbajtur n\u00eb Zagreb n\u00eb Kroaci"}]},{"@type":"Person","@id":"https:\/\/www.visit-ulcinj.com\/blog\/#\/schema\/person\/dcab619c614d3038751c63bc2aadc06d","name":"ulqini","sameAs":["http:\/\/www.visit-ulcinj.com"],"url":"https:\/\/www.visit-ulcinj.com\/blog\/author\/admin\/"}]}},"jetpack_featured_media_url":"","jetpack_sharing_enabled":true,"jetpack_shortlink":"https:\/\/wp.me\/pe6lTn-4r","_links":{"self":[{"href":"https:\/\/www.visit-ulcinj.com\/blog\/wp-json\/wp\/v2\/posts\/275"}],"collection":[{"href":"https:\/\/www.visit-ulcinj.com\/blog\/wp-json\/wp\/v2\/posts"}],"about":[{"href":"https:\/\/www.visit-ulcinj.com\/blog\/wp-json\/wp\/v2\/types\/post"}],"author":[{"embeddable":true,"href":"https:\/\/www.visit-ulcinj.com\/blog\/wp-json\/wp\/v2\/users\/1"}],"replies":[{"embeddable":true,"href":"https:\/\/www.visit-ulcinj.com\/blog\/wp-json\/wp\/v2\/comments?post=275"}],"version-history":[{"count":0,"href":"https:\/\/www.visit-ulcinj.com\/blog\/wp-json\/wp\/v2\/posts\/275\/revisions"}],"wp:attachment":[{"href":"https:\/\/www.visit-ulcinj.com\/blog\/wp-json\/wp\/v2\/media?parent=275"}],"wp:term":[{"taxonomy":"category","embeddable":true,"href":"https:\/\/www.visit-ulcinj.com\/blog\/wp-json\/wp\/v2\/categories?post=275"},{"taxonomy":"post_tag","embeddable":true,"href":"https:\/\/www.visit-ulcinj.com\/blog\/wp-json\/wp\/v2\/tags?post=275"}],"curies":[{"name":"wp","href":"https:\/\/api.w.org\/{rel}","templated":true}]}}