{"id":27501,"date":"2009-11-22T20:32:59","date_gmt":"2009-11-22T18:32:59","guid":{"rendered":"http:\/\/www.visit-ulcinj.com\/blog\/?p=27501"},"modified":"2009-11-22T20:35:44","modified_gmt":"2009-11-22T18:35:44","slug":"intervju-%e2%80%9epobjede-gzim-hajdinaga","status":"publish","type":"post","link":"https:\/\/www.visit-ulcinj.com\/blog\/2009\/11\/22\/intervju-%e2%80%9epobjede-gzim-hajdinaga\/","title":{"rendered":"Intervju \u201ePobjede&#8221;: Gzim Hajdinaga"},"content":{"rendered":"<p><strong><a href=\"http:\/\/www.visit-ulcinj.com\/blog\/wp-content\/uploads\/2009\/11\/GZIM-HAJDINAGA.jpg\"><img loading=\"lazy\" class=\"alignleft size-full wp-image-27502\" title=\"GZIM HAJDINAGA\" src=\"http:\/\/www.visit-ulcinj.com\/blog\/wp-content\/uploads\/2009\/11\/GZIM-HAJDINAGA.jpg\" alt=\"GZIM HAJDINAGA\" width=\"580\" height=\"348\" \/><\/a>Ulcinju se vra?a stari sjaj<\/strong><\/p>\n<p>Poslije mnogo godina minulog ljeta se kroz staru ?ar\u0161iju moglo ?uti vi\u0161e jezika \u2013 njema?ki, italijanski, ma?arski, poljski&#8230; Ovogodi\u0161nji pozitivni signali nagovje\u0161tavaju da Ulcinj sa Velikom pla\u017eom, Adom Bojanom, Valdanosom za kratko vrijeme mo\u017ee postati destinacija sa najatraktivnijom turisti?kom ponudom u Crnoj Gori. Prirodni resursi su ogromni, samo ih treba pametno valorizovati, ka\u017ee za \u201ePobjedu&#8221; Gzim Hajdinaga<\/p>\n<p>Ulcinj je \u017eivi dokaz crnogorske regionalne politike. Jedna od najve?ih crnogorskih istorijskih frustracija je pitanje Skadra. Danas, stotinu godina kasnije imamo situaciju da su Ulcinj, i krajnji jug Crne Gore, kao i sjever Albanije balkanski primjer kvalitetnog su\u017eivota i uspje\u0161ne saradnje. Ovo je samo jedan od povoda za intervju sa gradona?elnikom Ulcinja Gzimom Hajdinagom.<\/p>\n<p>No, prije svega o onome od ?ega se \u017eivi&#8230;<\/p>\n<p>POBJEDA: Kakva je bila ovogodi\u0161nja turisti?ka sezona?<\/p>\n<p>Tek prije par dana saop\u0161tio sam rezultate ovogodi\u0161nje turisti?ke sezone. Sa?ekao sam da odu i posljednji gosti, a bilo ih je u Ulcinju sve do skoro. Generalno, turisti?ku sezonu u 2009. godini ocjenjujem veoma pozitivno. Bila je to godina globalne krize, gripna godina, godina \u017eestoke konkurencije na evropskom turisti?kom tr\u017ei\u0161tu, pa nije ?udno da je uo?i sezone bilo mnogo skepti?nih.<\/p>\n<p>Podaci kojima raspola\u017eem, me?utim, daju mi za pravo da je pozitivno ocijenim. Razloge za takav epilog vidim u na\u0161oj dobroj propagandi. Dobro smo se organizovali. Ja, kao predsjednik op\u0161tine, moji saradnici, ljudi iz turizma, vlasnici hotela i agencija, kao jedinstven tim prezentovali smo Ulcinj na svakoj turisti?koj berzi. To smo radili zajedno sa Ministarstvom turizma i Turisti?kom organizacijom Crne Gore, ali ?esto i samostalno i vjerujem da smo uspjeli u tome.<\/p>\n<p>Raduje me ?injenica da je ova godina donijela dva noviteta za na\u0161 grad. Uspjeli smo vratiti turiste iz Bosne poslije 20-ak godina, jer smo tamo pet dana intenzivno prezentirali ulcinjsku ponudu. Tako?e, poslije mnogo godina, u Ulcinju se, kroz na\u0161u ?ar\u0161iju, moglo ?uti vi\u0161e jezika \u2013 njema?ki, italijanski, ma?arski, slova?ki, poljski i brojni drugi. Ulcinj je ove godine u tom pogledu bio onaj stari turisti?ki centar kakvog se svi rado sje?amo.<\/p>\n<p>Nadam se da smo definitivno uspjeli da vratimo stare-nove goste.<\/p>\n<p>POBJEDA: Je li to razlog za nagradu koju ste cobili u Luganu? O kakvoj je nagradi zapravo rije??<\/p>\n<p>Jeste. Grad Ulcinj i ja, zapravo svi gra?ani Ulcinja, dobili smo nagradu sa obrazlo\u017eenjem koje nas ?ini veoma sre?nim i ponosnim. Tamo se ka\u017ee da je Ulcinj najelitnija i najbolja multikulturalna turisti?ka destinacija u Crnoj Gori. Zna?i, ako je neko u \u0160vajcarskoj prepoznao te na\u0161e vrijednosti, onda mi treba danas, a sjutra jo\u0161 vi\u0161e, da nastavimo u tom pravcu, jer to su vrijednosti ne samo na\u0161eg grada, nego i multietni?ke Crne Gore.<\/p>\n<p>Tokom boravka u Luganu u?estvovali smo i na sajmu turizma kao jedini predstavnik Crne Gore. Tu priliku smo iskoristili i da okupimo i pripadnike na\u0161e dijaspore u \u0160vajcarskoj.<\/p>\n<p>Izdvojio bih i sastanak sa gradona?elnikom Lugana , koji je ve? 31 godinu na toj funkciji. ( Ne bih po\u017eelio da i ja toliko budem na funkciji u Ulcinju.) Zajedno smo podr\u017eali ideju da ve? u maju, kada ?e gospodin uzvratiti posjetu Ulcinju, potpi\u0161emo protokol o saradnji izme?u dva grada. To je dobra stvar ne samo za Ulcinj ve? i za cijelu Crnu Goru.<\/p>\n<p>POBJEDA: Ljetos je istekao tender za Veliku pla\u017eu, jednu od najva\u017enijih strate\u0161kih investicija u Crnoj Gori. Kako se to odrazilo na lokalnu zajednicu?<\/p>\n<p>Velika pla\u017ea, i ne samo ona, potvr?uju ?injenicu da je Ulcinj adresa, odnosno destinacija sa najve?im prirodnim resursima u Crnoj Gori. Radilo se mnogo na tom projektu. Ja sam neposredno u?estvovao kao ?lan Komisije. Skoro dvije godine bili smo u kontaktu sa zainteresovanim mo?nim kompanijama, a kao \u0161to znate u igri su bili ,,Trigranit\u00bb iz Ma?arske i kraljevska familija iz Abu Dabija. Na kraju se ispostavilo da da zbog razmjera investicija koje su se o?ekivale na Velikoj pla\u017ei, u konkurenciji ostaju samo gospoda iz Abu Dabija. Desilo se ipak da se na kraju niko nije prijavio. Razloge tome vidim u globalnoj finansijskoj i ekonomskoj krizi koja nije zaobi\u0161la ni Abu Dabi.<\/p>\n<p>Ima, me?utim, prostora da se ka\u017ee i to da su neki ovda\u0161nji ljudi, koji sebe smatraju lokal-patriotima, svojim okupljanjima i slanjem pisama na neke adrese, mo\u017eda u izvjesnom procentu uticali na to da se potencijalni investitori zapitaju da li su dobro do\u0161li u Ulcinj.<\/p>\n<p>Vjerujem da nam se takve gre\u0161ke ne?e ponoviti, jer valorizacijom Velike pla\u017ee Ulcinj bi se vratio tamo gdje je nekad bio \u2013 uz bok i Baru, Tivtu, Herceg Novom i Budvi koja je danas barjakatar crnogorskog turizma.<\/p>\n<p>Ali, ne sumnjam da ?e sa Velikom pla\u017eom, Adom Bojanom i Valdanosom Ulcinj svakako jednog dana, nadam se veoma brzo, preuzeti primat kada je rije? o torizmu u Crnoj Gori.<\/p>\n<p>POBJEDA: Kako bolje iskoristiti potencijale Ade i Valdanosa?<\/p>\n<p>Poznato je da je Ada bila u ponudi u paketu, integralno sa Velikom pla\u017eom. To je jo\u0161 jedan od bisera na Mediteranu. Svakako, Adu treba o?uvati. Crna Gora je promovisana kao ekolo\u0161ka dr\u017eava i mi ?emo na\u0161e investicije, posebno na Adi, realizovati u skladu sa principima odr\u017eivog razvoja.<\/p>\n<p>Mislim da ?e prava valorizacija tog lokaliteta do?i sa izgradnjom novih hotelskih kapaciteta. Tamo je planirano oko 2,5 hiljade novih le\u017eajeva visoke klase. Vjerujem da ?e tako i biti i da ?emo u skorije vrijeme uspjeti da pridobijemo pravog investitora. To je na?in i da na Adu vratimo elitnog stranog gosta i da ona postane jedan od generatora turisti?ke ponude Ulcinja i Crne Gore.<\/p>\n<p>Uradili smo i dodatne zajedni?ke projekte sa Albanijom, odnosno Skadrom, jer cijenimo da nas Bojana ne dijeli, ve? povezuje i da je to u interesu i jedne i druge dr\u017eave. Kao lokalna uprava smo zajedno sa ljudima iz Skadra, uz podr\u0161ku nekim me?unarodnih faktora, odradili vi\u0161e projekata koji imaju za cilj odr\u017eivi razvoj i za\u0161titu \u017eivotne sredine. Time smo se zajedni?ki kandidovali i prema IPA projektima.<\/p>\n<p>POBJEDA: Ima li Ulcinj posebnu ulogu u odnosima Crne Gore i Albanije?<\/p>\n<p>Da, Ulcinj je grani?na op\u0161tina sa susjednom Albanijom i gradom Skadrom. Ve\u017ee nas duga tradicija. Ulcinj i Skadar su jednom okaraterisani ka \u201ejedan grad sa dvije mahale\u201c jer je komunikacija izme?u njih postojala stolje?ima unazad. U Skadru \u017eivi veliki broj Ulcinjana. Danas su te komunikacije jo\u0161 intenzivnije i bolje jer demokratska vlast u Crnoj Gori je u posljednjih 10-15 godina uspostavila bliske odnose i kontakte bez ikakvih barijera.<\/p>\n<p>Poslije 60-ak godina otvorili smo i grani?ni prelaz Sukobin. To je zajedni?ki grani?ni prelaz, mo\u017eda jedini te vrste na Balkanu, \u0161to je samo jo\u0161 jedna potvrda dobrih odnosa dvije dr\u017eave.<\/p>\n<p>Prije nekoliko dana, kada je u Crnoj Gori boravio potpredsjednik Vlade i ministar spoljnih poslova Albanije Ilir Meta, rekao sam da generalno Albanci u Crnoj Gori, ali posebno Ulcinj, predstavljaju most saradnje u tim komunikacijama dvije susjedne dr\u017eave i dva pograni?na grada.<\/p>\n<p>Mislim da nam je to \u0161ansa da sa Skadrom imamo zajedni?ke projekte, eventualno da na svjetskom tr\u017ei\u0161tu nastupimo sa zajedni?kom turisti?kom ponudom, jer i Skadar ima svoju veliku pla\u017eu, sli?nu ovoj ulcinjskoj.<\/p>\n<p>POBJEDA: I Vi li?no posjedujete imovinu u Albaniji. Da li je ona u funkciji biznisa?<\/p>\n<p>Jedan sam od ljudi koji sve u \u017eivotu, pa i u politici, radi transparentno. Zato sam i u svom imovinskom kartonu prikazao da posjedujem imovinu u Skadru.<\/p>\n<p>To datira iz 1990. godine. Dakle, odmah po otvaranju Albanije i uvodjenu pluralizma u Crnoj Gori. Moj pokojni otac je tada kupio imanje u Skadru. Imali smo sre?u da je ta imovina u naju\u017eem centru Skadra i danas je dobra potpora za finansijsku sigurnost moje porodice i moga brata, jer on i ja to dijelimo na pola.<\/p>\n<p>Sje?am se, u po?etku su ljudi smatrali da smo pogrije\u0161ili i bacili novac. Ispostavilo se da je bila sigurna investicija. I drugi su zatim kupovali u Skadru, ba\u0161 kao \u0161to stranci kupuju ovdje u Crnoj Gori. To je sasvim normalno u savremenom svijetu.<\/p>\n<p>POBJEDA: Gdje su manje biznis barijere \u2013 u Crnoj Gori ili u Albaniji?<\/p>\n<p>Crna Gora u posljednje vrijeme mnogo ?ini da elimini\u0161e biznis barijere. Mislim da je okosnica rada Vlade upravo na tom poslu. I ovdje na lokalnom nivou poku\u0161avama da otklanjamo barijere.<\/p>\n<p>Kad bih stavio na vagu, te\u0161ko bih mogao dati preciznu ocjenu da li barijera ima vi\u0161e u Crnoj Gori ili Albaniji. Znam, me?utim, da i jedna i druga dr\u017eava intenzivno rade na njihovom uklanjanju i da je u zna?ajnom procentu to i ura?eno. Biznis, naime, i ovdje i tamo ide uzlaznom linijom.<\/p>\n<p>Te\u0161ke godine<\/p>\n<p>POBJEDA: Kakva su iskustva Albanaca iz Crne Gore u te\u0161kim vremenima po?etkom 90-ih godina pro\u0161log vijeka?<\/p>\n<p>Bile su to te\u0161ke godine za Albance u Crnoj Gori. Ipak, uvijek smo gajili nadu da ?e sunce jednom iza?i. I iza\u0161lo je, hvala bogu! Tih godina za\u017eivio je pluralizam u Crnoj Gori. Tada su se Albanci u najve?em procentu okupili oko svog nacionalnog politi?kog subjekta i unijeli ne\u0161to novo. To je bio svojevrstan doprinos ukupnom demokratskom kapacitetu Crne Gore.<\/p>\n<p>Crna Gora je imala sre?u da izbjegne ratne sukobe koji su se de\u0161avali u okru\u017eenju. To je vjerovatno rezultat multietni?kog sklada koji je bio od ranije njena odrednica, ali i mudre dr\u017eavne politike koja se uspjela oduprijeti ratnim signalima iz susjedstva.<\/p>\n<p>POBJEDA: I 1999. godina bila je dramati?na. Tada je Crna Gora bila uto?i\u0161te za skoro 100.000 ljudi sa Kosova. Prisje?ate li se tih dana?<\/p>\n<p>Kako da ne. Te godine u Ulcinju je mo\u017eda najvi\u0161e Kosovara na\u0161lo uto?i\u0161te \u2013 skoro 80.000. Bili su bukvalno istjerani iz svojih domova, a zahvaljuju?u otvorenosti Crne Gore ovdje su na\u0161li drugi dom.<\/p>\n<p>U tim danima se Crna Gora pokazala kao pravi prijatelj i mislim da su joj i zbog toga neki evropski putevi danas \u0161irom otvoreni.<\/p>\n<p>Prava manjina<\/p>\n<p>POBJEDA: Bili ste ministar za za\u0161titu prava manjina. Kakva je Va\u0161a ocjena polo\u017eaja manjina u Crnoj Gori?<\/p>\n<p>U posljednjih dvadesetak godina status Albanaca i drugih manjina u Crnoj Gori dostigao je zavidan nivo. Ipak, kao ?ovjek koji nekad bio na ?elu Ministarstva za za\u0161titu prava manjina mogu re?i da je taj posao te\u0161ko dovesti do kraja. Stalno treba raditi na daljem unapre?ivanju.<\/p>\n<p>Mislim da je u novim demokratskim okolnostima i procesima vlast u Crnoj Gori znala osjetiti potrebe autohtonih manjina i pozitivno odgovoriti na zahtjeve koje su joj te manjine upu?ivale.<\/p>\n<p>POBJEDA: Albanske politi?ke partije imaju razli?ite ocjene o polo\u017eaju Albanaca. Kako to komentari\u0161ete?<\/p>\n<p>Svaka politi?ka partija nastoji da pridobije poneki politi?ki poen. Polo\u017eaj Albanaca, me?utim, ne mo\u017eemo posmatrati samo iz ugla Demokratske unije Albanaca, ili Demokratskog saveza, ili neke druge nacionalne partije. Polo\u017eaj ove autohtone manjine u Crnoj Gori, koja u ukupnom broju ?ini sedam odsto stanovni\u0161tva dr\u017eave, treba posmatrati cjelovito i objektivno.<\/p>\n<p>Stavovi pojedinih politi?kih partija ponekad se plasiraju upravo zbog politi?kog profita, a ne zbog realnog sagledavanja i unapre?ivanja polo\u017eaja Albanaca u skladu sa standardima koje poznaje savremeni demokratski svijet.<\/p>\n<p>POBJEDA: Aktuelno je usagla\u0161avanje izbornog zakonodavstva sa Ustavom. Pitanje obezbje?ivanja adekvatne zastupljenosti manjinskih naroda je jedno od spornih. Kako gledate na taj problem?<\/p>\n<p>To je veoma zna?ajno pitanje i mislim da i ono treba da bude regulisano u skladu sa univerzalnim demokratskim standardima i da rje\u0161enja ne smiju biti ispod ve? dostignutog nivoa i ve? ste?enih prava manjina.<\/p>\n<p>Albanci u Crnoj Gori danas imaju mogu?nost da konkuri\u0161u za pet mandata. Za tih pet mandata konkuri\u0161u i nacionalne partije i Albanci koji su u gra?anskim partijama. Po mom mi\u0161ljenju mo\u017eda bi bilo dobro zadr\u017eati ovaj model. Naravno, bira?i ?e kazati kome ?e dati povjerenje. Ako ne, onda treba na?i model koji je u saglasnosti sa onim \u0161to je sadr\u017eano u Zakonu o za\u0161titi manjina.<\/p>\n<p>Nezavisnost<\/p>\n<p>POBJEDA: Koliko gra?ana Crne Gore albanske nacionalnosti podr\u017ealo obnovu crnogorske nezavisnosti?<\/p>\n<p>Ve?ina Albanaca u Crnoj Gori znala je da pozitivno odgovori tom velikom projektu stvaranja Crne Gore nezavisne dr\u017eave. Kao ?ovjek koji dolazi iz politi?ke partije koja 12 godina participira u Vladi, mogu re?i da se apsolutno nijesmo dvoumili da pozovemo svoje bira?e i sunarodnike da podr\u017ee taj projekat. Neki drugi to, me?utim, nijesu uradili u prvi mah.<\/p>\n<p>Ljudi iz dijaspore se tako?e nijesu dvoumili, bez obzira \u0161to ih je to dodatno ko\u0161talo. Do\u0161li su i dali svoj glas za nezavisnu Crnu Goru.<\/p>\n<p>POBJEDA: Mislite li da je nezavisnost Crne Gore u?vrstila stabilnost u regionu?<\/p>\n<p>Svakako da je nezavisnost Crne Gore u?vrstila i oja?ala stabilnost u regionu. To se pokazalo prvog dana kad smo postali nezavisni. Sama ?injenica da je Crna Gora otvorena i spremna na saradnju sa susjedima i svim dr\u017eavama u regionu daje joj ulogu stabiliziraju?eg faktora. Tako?e njena predanost evropskim i evroatlantskim integracijama dodatno oja?ava tu ulogu.<\/p>\n<p>Kosovo<\/p>\n<p>POBJEDA: Kako ocjenjujete dr\u017eavnu politiku u odnosu na pitanje Kosova?<\/p>\n<p>I kada je Kosovo u pitanju Crna Gora je dosljedna svojoj politici. Kao i sa svim drugim kom\u0161ijama, i sa Kosovom \u017eeli da ima dobre odnose.<\/p>\n<p>POBJEDA: Kako su Albanci u Crnoj Gori do\u017eivjeli priznavanje Kosova?<\/p>\n<p>Crna Gora je uradila ono \u0161to su uradile i najve?e demokratske zemlje Zapada. Svojom mudrom dr\u017eavnom politikom ispunila je jo\u0161 jednu svoju obavezu kao zemlja koja pretenduje da postane ?lan EU. Priznanjem Kosova ona je pokazala i da po\u0161tuje ve?insku volju naroda koji \u017eivi na tom prostoru, a to je nai\u0161lo na odobravanje Albanaca u Crnoj Gori. Uostalom, ta odluka Crne Gore pozdravljena je i sa mnogih zna?ajnih evropskih adresa.<\/p>\n<p>Vladaju?a koalicija u Ulcinju bi?e dugovje?na<\/p>\n<p>POBJEDA: Kako funkcioni\u0161e vladaju?a koalicija u Ulcinju i kakvi su odnosi sa glavnim partnerom , Demokratskom partijom socijalista?<\/p>\n<p>Prije svega moram da ka\u017eem da su odluku o partnerstvu u lokalnoj vlasti sa Demokratskom partijom socijalista donijele dvije partije u Ulcinju. Ti odnosi su odli?ni. Za tri godine partnerstva u vlasti u okviru Koalicije za evropski Ulcinj nije bilo niti jednog problema. Stvari iz dana u dan idu na bolje, a i sami gra?ani uvi?aju da se radi na realizaciji nekih projekata koji polako, ali sigurno mijenjaju sliku grada.<\/p>\n<p>POBJEDA: Koji su to projekti?<\/p>\n<p>Obnovili smo staro gradsko jezgro i poslije 30 godina ponovo stavili u funkciju gradsku ?esmu, \u0161to je nai\u0161lo na op\u0161te odobravanje, a kod starijih sugra?ana probudilo uspomene na stara, dobra vremena.<\/p>\n<p>Projekat Lu?ice ispod Starog grada tako?e je veoma zna?ajan. Ovu investiciju, vrijednu 1,2 miliona eura pokriva Morsko dobro. Zavr\u0161etkom tog projekta dobi?emo jednu ljepoticu, gdje ?e Ulcinjani mo?i da ve\u017eu 50-60 barki. Ali to ?e biti samo dio realizacije na\u0161e ideje da Ulcinj kona?no dobije pristojnu marinu kojom ?emo obogatiti turisti?ku ponudu.<\/p>\n<p>Klju?ni projekti tek predstoje. Jedan od njih je izgradnja mosta na Port Mileni za koji je Vlada ve? izdvojila 18 miliona eura, a radovi ?e uskoro po?eti. Zatim, projekat izgradnje sportske dvorane i izgradnje nove srednje \u0161kole u Ulcinju koji je u\u0161ao u program Ministarstva za 2010. godinu.<\/p>\n<p>To su najbolji dokazi da Koalicija radi na pobolj\u0161anju uslova \u017eivota gra?ana Ulcinja. Zato mislim da ?e potrajati&#8230;<\/p>\n<p>POBJEDA: Koliko ?e potrajati?<\/p>\n<p>Sa dobrim rezultatima i uz slabu konkurenciju na ulcinjskoj politi?koj sceni, mislim, najmanje 10 godina. Mo\u017eda i du\u017ee&#8230;<\/p>\n<p><strong>Goran Popovi?<br \/>\n<a href=\"http:\/\/www.pobjeda.co.me\/citanje.php?datum=2009-11-21&amp;id=174978\" target=\"_blank\">Pobjeda<\/a><\/strong><\/p>\n<p><strong><!--YouTube Error: bad URL entered--><br \/>\n<\/strong><\/p>\n","protected":false},"excerpt":{"rendered":"<p>Ulcinju se vra?a stari sjaj Poslije mnogo godina minulog ljeta se kroz staru ?ar\u0161iju moglo ?uti vi\u0161e jezika \u2013 njema?ki, italijanski, ma?arski, poljski&#8230; Ovogodi\u0161nji pozitivni signali nagovje\u0161tavaju da Ulcinj sa Velikom pla\u017eom, Adom Bojanom, Valdanosom za kratko vrijeme mo\u017ee postati destinacija sa najatraktivnijom turisti?kom ponudom u Crnoj Gori. Prirodni resursi su ogromni, samo ih treba [&hellip;]<\/p>\n","protected":false},"author":1,"featured_media":0,"comment_status":"open","ping_status":"closed","sticky":false,"template":"","format":"standard","meta":{"spay_email":"","jetpack_publicize_message":"","jetpack_is_tweetstorm":false,"jetpack_publicize_feature_enabled":true},"categories":[5],"tags":[140],"jetpack_publicize_connections":[],"yoast_head":"<!-- This site is optimized with the Yoast SEO plugin v19.1 - https:\/\/yoast.com\/wordpress\/plugins\/seo\/ -->\n<title>Intervju \u201ePobjede&quot;: Gzim Hajdinaga - Lajme nga Ulqini<\/title>\n<meta name=\"description\" content=\"Ulcinju se vra?a stari sjaj Poslije mnogo godina minulog ljeta se kroz staru ?ar\u0161iju moglo ?uti vi\u0161e jezika \u2013 njema?ki, italijanski, ma?arski, poljski...\" \/>\n<meta name=\"robots\" content=\"index, follow, max-snippet:-1, max-image-preview:large, max-video-preview:-1\" \/>\n<link rel=\"canonical\" href=\"https:\/\/www.visit-ulcinj.com\/blog\/2009\/11\/22\/intervju-\u201epobjede-gzim-hajdinaga\/\" \/>\n<meta property=\"og:locale\" content=\"en_US\" \/>\n<meta property=\"og:type\" content=\"article\" \/>\n<meta property=\"og:title\" content=\"Intervju \u201ePobjede&quot;: Gzim Hajdinaga - Lajme nga Ulqini\" \/>\n<meta property=\"og:description\" content=\"Ulcinju se vra?a stari sjaj Poslije mnogo godina minulog ljeta se kroz staru ?ar\u0161iju moglo ?uti vi\u0161e jezika \u2013 njema?ki, italijanski, ma?arski, poljski...\" \/>\n<meta property=\"og:url\" content=\"https:\/\/www.visit-ulcinj.com\/blog\/2009\/11\/22\/intervju-\u201epobjede-gzim-hajdinaga\/\" \/>\n<meta property=\"og:site_name\" content=\"Lajme nga Ulqini\" \/>\n<meta property=\"article:published_time\" content=\"2009-11-22T18:32:59+00:00\" \/>\n<meta property=\"article:modified_time\" content=\"2009-11-22T18:35:44+00:00\" \/>\n<meta property=\"og:image\" content=\"http:\/\/www.visit-ulcinj.com\/blog\/wp-content\/uploads\/2009\/11\/GZIM-HAJDINAGA.jpg\" \/>\n<meta name=\"twitter:label1\" content=\"Written by\" \/>\n\t<meta name=\"twitter:data1\" content=\"ulqini\" \/>\n\t<meta name=\"twitter:label2\" content=\"Est. reading time\" \/>\n\t<meta name=\"twitter:data2\" content=\"13 minutes\" \/>\n<script type=\"application\/ld+json\" class=\"yoast-schema-graph\">{\"@context\":\"https:\/\/schema.org\",\"@graph\":[{\"@type\":\"WebSite\",\"@id\":\"https:\/\/www.visit-ulcinj.com\/blog\/#website\",\"url\":\"https:\/\/www.visit-ulcinj.com\/blog\/\",\"name\":\"Lajme nga Ulqini\",\"description\":\"Lajme,Vijesti,Ulqini,Ulqin,Crna Gora,Mali i Zi\",\"potentialAction\":[{\"@type\":\"SearchAction\",\"target\":{\"@type\":\"EntryPoint\",\"urlTemplate\":\"https:\/\/www.visit-ulcinj.com\/blog\/?s={search_term_string}\"},\"query-input\":\"required name=search_term_string\"}],\"inLanguage\":\"en-US\"},{\"@type\":\"ImageObject\",\"inLanguage\":\"en-US\",\"@id\":\"https:\/\/www.visit-ulcinj.com\/blog\/2009\/11\/22\/intervju-%e2%80%9epobjede-gzim-hajdinaga\/#primaryimage\",\"url\":\"https:\/\/www.visit-ulcinj.com\/blog\/wp-content\/uploads\/2009\/11\/GZIM-HAJDINAGA.jpg\",\"contentUrl\":\"https:\/\/www.visit-ulcinj.com\/blog\/wp-content\/uploads\/2009\/11\/GZIM-HAJDINAGA.jpg\",\"width\":\"300\",\"height\":\"248\"},{\"@type\":\"WebPage\",\"@id\":\"https:\/\/www.visit-ulcinj.com\/blog\/2009\/11\/22\/intervju-%e2%80%9epobjede-gzim-hajdinaga\/#webpage\",\"url\":\"https:\/\/www.visit-ulcinj.com\/blog\/2009\/11\/22\/intervju-%e2%80%9epobjede-gzim-hajdinaga\/\",\"name\":\"Intervju \u201ePobjede\\\": Gzim Hajdinaga - Lajme nga Ulqini\",\"isPartOf\":{\"@id\":\"https:\/\/www.visit-ulcinj.com\/blog\/#website\"},\"primaryImageOfPage\":{\"@id\":\"https:\/\/www.visit-ulcinj.com\/blog\/2009\/11\/22\/intervju-%e2%80%9epobjede-gzim-hajdinaga\/#primaryimage\"},\"datePublished\":\"2009-11-22T18:32:59+00:00\",\"dateModified\":\"2009-11-22T18:35:44+00:00\",\"author\":{\"@id\":\"https:\/\/www.visit-ulcinj.com\/blog\/#\/schema\/person\/dcab619c614d3038751c63bc2aadc06d\"},\"description\":\"Ulcinju se vra?a stari sjaj Poslije mnogo godina minulog ljeta se kroz staru ?ar\u0161iju moglo ?uti vi\u0161e jezika \u2013 njema?ki, italijanski, ma?arski, poljski...\",\"breadcrumb\":{\"@id\":\"https:\/\/www.visit-ulcinj.com\/blog\/2009\/11\/22\/intervju-%e2%80%9epobjede-gzim-hajdinaga\/#breadcrumb\"},\"inLanguage\":\"en-US\",\"potentialAction\":[{\"@type\":\"ReadAction\",\"target\":[\"https:\/\/www.visit-ulcinj.com\/blog\/2009\/11\/22\/intervju-%e2%80%9epobjede-gzim-hajdinaga\/\"]}]},{\"@type\":\"BreadcrumbList\",\"@id\":\"https:\/\/www.visit-ulcinj.com\/blog\/2009\/11\/22\/intervju-%e2%80%9epobjede-gzim-hajdinaga\/#breadcrumb\",\"itemListElement\":[{\"@type\":\"ListItem\",\"position\":1,\"name\":\"Intervju \u201ePobjede&#8221;: Gzim Hajdinaga\"}]},{\"@type\":\"Person\",\"@id\":\"https:\/\/www.visit-ulcinj.com\/blog\/#\/schema\/person\/dcab619c614d3038751c63bc2aadc06d\",\"name\":\"ulqini\",\"sameAs\":[\"http:\/\/www.visit-ulcinj.com\"],\"url\":\"https:\/\/www.visit-ulcinj.com\/blog\/author\/admin\/\"}]}<\/script>\n<!-- \/ Yoast SEO plugin. -->","yoast_head_json":{"title":"Intervju \u201ePobjede\": Gzim Hajdinaga - Lajme nga Ulqini","description":"Ulcinju se vra?a stari sjaj Poslije mnogo godina minulog ljeta se kroz staru ?ar\u0161iju moglo ?uti vi\u0161e jezika \u2013 njema?ki, italijanski, ma?arski, poljski...","robots":{"index":"index","follow":"follow","max-snippet":"max-snippet:-1","max-image-preview":"max-image-preview:large","max-video-preview":"max-video-preview:-1"},"canonical":"https:\/\/www.visit-ulcinj.com\/blog\/2009\/11\/22\/intervju-\u201epobjede-gzim-hajdinaga\/","og_locale":"en_US","og_type":"article","og_title":"Intervju \u201ePobjede\": Gzim Hajdinaga - Lajme nga Ulqini","og_description":"Ulcinju se vra?a stari sjaj Poslije mnogo godina minulog ljeta se kroz staru ?ar\u0161iju moglo ?uti vi\u0161e jezika \u2013 njema?ki, italijanski, ma?arski, poljski...","og_url":"https:\/\/www.visit-ulcinj.com\/blog\/2009\/11\/22\/intervju-\u201epobjede-gzim-hajdinaga\/","og_site_name":"Lajme nga Ulqini","article_published_time":"2009-11-22T18:32:59+00:00","article_modified_time":"2009-11-22T18:35:44+00:00","og_image":[{"url":"http:\/\/www.visit-ulcinj.com\/blog\/wp-content\/uploads\/2009\/11\/GZIM-HAJDINAGA.jpg"}],"twitter_misc":{"Written by":"ulqini","Est. reading time":"13 minutes"},"schema":{"@context":"https:\/\/schema.org","@graph":[{"@type":"WebSite","@id":"https:\/\/www.visit-ulcinj.com\/blog\/#website","url":"https:\/\/www.visit-ulcinj.com\/blog\/","name":"Lajme nga Ulqini","description":"Lajme,Vijesti,Ulqini,Ulqin,Crna Gora,Mali i Zi","potentialAction":[{"@type":"SearchAction","target":{"@type":"EntryPoint","urlTemplate":"https:\/\/www.visit-ulcinj.com\/blog\/?s={search_term_string}"},"query-input":"required name=search_term_string"}],"inLanguage":"en-US"},{"@type":"ImageObject","inLanguage":"en-US","@id":"https:\/\/www.visit-ulcinj.com\/blog\/2009\/11\/22\/intervju-%e2%80%9epobjede-gzim-hajdinaga\/#primaryimage","url":"https:\/\/www.visit-ulcinj.com\/blog\/wp-content\/uploads\/2009\/11\/GZIM-HAJDINAGA.jpg","contentUrl":"https:\/\/www.visit-ulcinj.com\/blog\/wp-content\/uploads\/2009\/11\/GZIM-HAJDINAGA.jpg","width":"300","height":"248"},{"@type":"WebPage","@id":"https:\/\/www.visit-ulcinj.com\/blog\/2009\/11\/22\/intervju-%e2%80%9epobjede-gzim-hajdinaga\/#webpage","url":"https:\/\/www.visit-ulcinj.com\/blog\/2009\/11\/22\/intervju-%e2%80%9epobjede-gzim-hajdinaga\/","name":"Intervju \u201ePobjede\": Gzim Hajdinaga - Lajme nga Ulqini","isPartOf":{"@id":"https:\/\/www.visit-ulcinj.com\/blog\/#website"},"primaryImageOfPage":{"@id":"https:\/\/www.visit-ulcinj.com\/blog\/2009\/11\/22\/intervju-%e2%80%9epobjede-gzim-hajdinaga\/#primaryimage"},"datePublished":"2009-11-22T18:32:59+00:00","dateModified":"2009-11-22T18:35:44+00:00","author":{"@id":"https:\/\/www.visit-ulcinj.com\/blog\/#\/schema\/person\/dcab619c614d3038751c63bc2aadc06d"},"description":"Ulcinju se vra?a stari sjaj Poslije mnogo godina minulog ljeta se kroz staru ?ar\u0161iju moglo ?uti vi\u0161e jezika \u2013 njema?ki, italijanski, ma?arski, poljski...","breadcrumb":{"@id":"https:\/\/www.visit-ulcinj.com\/blog\/2009\/11\/22\/intervju-%e2%80%9epobjede-gzim-hajdinaga\/#breadcrumb"},"inLanguage":"en-US","potentialAction":[{"@type":"ReadAction","target":["https:\/\/www.visit-ulcinj.com\/blog\/2009\/11\/22\/intervju-%e2%80%9epobjede-gzim-hajdinaga\/"]}]},{"@type":"BreadcrumbList","@id":"https:\/\/www.visit-ulcinj.com\/blog\/2009\/11\/22\/intervju-%e2%80%9epobjede-gzim-hajdinaga\/#breadcrumb","itemListElement":[{"@type":"ListItem","position":1,"name":"Intervju \u201ePobjede&#8221;: Gzim Hajdinaga"}]},{"@type":"Person","@id":"https:\/\/www.visit-ulcinj.com\/blog\/#\/schema\/person\/dcab619c614d3038751c63bc2aadc06d","name":"ulqini","sameAs":["http:\/\/www.visit-ulcinj.com"],"url":"https:\/\/www.visit-ulcinj.com\/blog\/author\/admin\/"}]}},"jetpack_featured_media_url":"","jetpack_sharing_enabled":true,"jetpack_shortlink":"https:\/\/wp.me\/pe6lTn-79z","_links":{"self":[{"href":"https:\/\/www.visit-ulcinj.com\/blog\/wp-json\/wp\/v2\/posts\/27501"}],"collection":[{"href":"https:\/\/www.visit-ulcinj.com\/blog\/wp-json\/wp\/v2\/posts"}],"about":[{"href":"https:\/\/www.visit-ulcinj.com\/blog\/wp-json\/wp\/v2\/types\/post"}],"author":[{"embeddable":true,"href":"https:\/\/www.visit-ulcinj.com\/blog\/wp-json\/wp\/v2\/users\/1"}],"replies":[{"embeddable":true,"href":"https:\/\/www.visit-ulcinj.com\/blog\/wp-json\/wp\/v2\/comments?post=27501"}],"version-history":[{"count":0,"href":"https:\/\/www.visit-ulcinj.com\/blog\/wp-json\/wp\/v2\/posts\/27501\/revisions"}],"wp:attachment":[{"href":"https:\/\/www.visit-ulcinj.com\/blog\/wp-json\/wp\/v2\/media?parent=27501"}],"wp:term":[{"taxonomy":"category","embeddable":true,"href":"https:\/\/www.visit-ulcinj.com\/blog\/wp-json\/wp\/v2\/categories?post=27501"},{"taxonomy":"post_tag","embeddable":true,"href":"https:\/\/www.visit-ulcinj.com\/blog\/wp-json\/wp\/v2\/tags?post=27501"}],"curies":[{"name":"wp","href":"https:\/\/api.w.org\/{rel}","templated":true}]}}