{"id":27508,"date":"2009-11-22T21:05:07","date_gmt":"2009-11-22T19:05:07","guid":{"rendered":"http:\/\/www.visit-ulcinj.com\/blog\/?p=27508"},"modified":"2009-11-22T21:05:07","modified_gmt":"2009-11-22T19:05:07","slug":"forca-protiv-predloga-vlasti-za-zastupljenost-manjina","status":"publish","type":"post","link":"https:\/\/www.visit-ulcinj.com\/blog\/2009\/11\/22\/forca-protiv-predloga-vlasti-za-zastupljenost-manjina\/","title":{"rendered":"Forca protiv predloga vlasti za zastupljenost manjina"},"content":{"rendered":"<p><strong><a href=\"http:\/\/www.visit-ulcinj.com\/blog\/wp-content\/uploads\/2009\/11\/Potpredsjednik-Nove-demokratske-snage-Forca-Genci-Nimanbegu..jpg\"><img loading=\"lazy\" class=\"alignleft size-full wp-image-27509\" title=\"Politika\" src=\"http:\/\/www.visit-ulcinj.com\/blog\/wp-content\/uploads\/2009\/11\/Potpredsjednik-Nove-demokratske-snage-Forca-Genci-Nimanbegu..jpg\" alt=\"Politika\" width=\"375\" height=\"258\" \/><\/a>Ne odustaju od pet mandata<\/strong><br \/>\nPodgorica (MINA) \u2013 Albanske politi?ke partije ne?e promijeniti stav o zadr\u017eavanju postoje?eg rje\u0161enja u vezi sa garantovanem mandata u novom izbornom zakonodavstvu, ocijenio je ju?e potpredsjednik Nove demokratske snage Forca, Genci Nimanbegu.<br \/>\n\u201eI dalje ?emo insistirati da imamo pet mandata u posebnoj jedinici. Te\u017eili bismo da to budu mandati autenti?nih predstavnika nacionalne zajednice Albanaca\u201c, kazao je Nimanbegu.<br \/>\nKoordinator Radne grupe za uskla?ivanje izbornog zakonodavstva sa Ustavom, Miodrag Vukovi? rekao je prekju?e da ?e rje\u0161enje u vezi sa glasovima u sredinama gdje Albanci ?ine dominantan ili zna?ajan dio stanovni\u0161tva, odnosno u takozvanoj posebnoj izbornoj jedinici sa pet mandata, va\u017eiti samo za sljede?e izbore, a da poslije toga svi ulaze u prirodni prag.<\/p>\n<p>Nimanbegu je kazao da to \u0161to Demokratska unija Albanaca, Hrvatska gra?anska inicijativa i Bo\u0161nja?ka stranka podr\u017eavaju taj predlog Demokratske partije socijalista ne zna?i da \u201eto ima podr\u0161ku manjiskih naroda, nego samo odre?enih predstavnika koji su u parlamentu\u201c.<br \/>\n\u201eBa\u0161 zbog toga bi trebalo da budu autenti?ni mandati. Normalno, da ?emo na partijskim odborima jo\u0161 jednom razmotriti predlog DPS-a, ali sumnjam da ?emo promijeniti na\u0161 zahtjev\u201c, rekao je on.<br \/>\nNimanbegu je podsjetio da se malo po\u0161tuju ustavne odredbe na koje se Forca poziva, a to su autenti?na zastupljenost i proporcijalna zastupljenost u organima dr\u017eavne uprave.<br \/>\n\u201eIma nekih koraka naprijed, ali oni su nedovoljni i spori, jer se ?esto proizvoljno tuma?e odredbe Ustava i tako odugovla?i sa pobolj\u0161anjem prava nacionalnih manjina, a u ovom slu?aju Albanaca u Crnoj Gori\u201c, zaklju?io je on.<\/p>\n<p><a href=\"http:\/\/www.vijesti.me\/index.php?id=322773\" target=\"_blank\"><strong>Vijesti<\/strong><\/a><\/p>\n","protected":false},"excerpt":{"rendered":"<p>Ne odustaju od pet mandata Podgorica (MINA) \u2013 Albanske politi?ke partije ne?e promijeniti stav o zadr\u017eavanju postoje?eg rje\u0161enja u vezi sa garantovanem mandata u novom izbornom zakonodavstvu, ocijenio je ju?e potpredsjednik Nove demokratske snage Forca, Genci Nimanbegu. \u201eI dalje ?emo insistirati da imamo pet mandata u posebnoj jedinici. Te\u017eili bismo da to budu mandati autenti?nih [&hellip;]<\/p>\n","protected":false},"author":1,"featured_media":0,"comment_status":"open","ping_status":"closed","sticky":false,"template":"","format":"standard","meta":{"spay_email":"","jetpack_publicize_message":"","jetpack_is_tweetstorm":false,"jetpack_publicize_feature_enabled":true},"categories":[8337],"tags":[1073,12871],"jetpack_publicize_connections":[],"yoast_head":"<!-- This site is optimized with the Yoast SEO plugin v19.1 - https:\/\/yoast.com\/wordpress\/plugins\/seo\/ -->\n<title>Forca protiv predloga vlasti za zastupljenost manjina - Lajme nga Ulqini<\/title>\n<meta name=\"description\" content=\"Ne odustaju od pet mandata Podgorica (MINA) \u2013 Albanske politi?ke partije ne?e promijeniti stav o zadr\u017eavanju postoje?eg rje\u0161enja u vezi sa garantovanem\" \/>\n<meta name=\"robots\" content=\"index, follow, max-snippet:-1, max-image-preview:large, max-video-preview:-1\" \/>\n<link rel=\"canonical\" href=\"https:\/\/www.visit-ulcinj.com\/blog\/2009\/11\/22\/forca-protiv-predloga-vlasti-za-zastupljenost-manjina\/\" \/>\n<meta property=\"og:locale\" content=\"en_US\" \/>\n<meta property=\"og:type\" content=\"article\" \/>\n<meta property=\"og:title\" content=\"Forca protiv predloga vlasti za zastupljenost manjina - Lajme nga Ulqini\" \/>\n<meta property=\"og:description\" content=\"Ne odustaju od pet mandata Podgorica (MINA) \u2013 Albanske politi?ke partije ne?e promijeniti stav o zadr\u017eavanju postoje?eg rje\u0161enja u vezi sa garantovanem\" \/>\n<meta property=\"og:url\" content=\"https:\/\/www.visit-ulcinj.com\/blog\/2009\/11\/22\/forca-protiv-predloga-vlasti-za-zastupljenost-manjina\/\" \/>\n<meta property=\"og:site_name\" content=\"Lajme nga Ulqini\" \/>\n<meta property=\"article:published_time\" content=\"2009-11-22T19:05:07+00:00\" \/>\n<meta property=\"og:image\" content=\"http:\/\/www.visit-ulcinj.com\/blog\/wp-content\/uploads\/2009\/11\/Potpredsjednik-Nove-demokratske-snage-Forca-Genci-Nimanbegu..jpg\" \/>\n<meta name=\"twitter:label1\" content=\"Written by\" \/>\n\t<meta name=\"twitter:data1\" content=\"ulqini\" \/>\n\t<meta name=\"twitter:label2\" content=\"Est. reading time\" \/>\n\t<meta name=\"twitter:data2\" content=\"1 minute\" \/>\n<script type=\"application\/ld+json\" class=\"yoast-schema-graph\">{\"@context\":\"https:\/\/schema.org\",\"@graph\":[{\"@type\":\"WebSite\",\"@id\":\"https:\/\/www.visit-ulcinj.com\/blog\/#website\",\"url\":\"https:\/\/www.visit-ulcinj.com\/blog\/\",\"name\":\"Lajme nga Ulqini\",\"description\":\"Lajme,Vijesti,Ulqini,Ulqin,Crna Gora,Mali i Zi\",\"potentialAction\":[{\"@type\":\"SearchAction\",\"target\":{\"@type\":\"EntryPoint\",\"urlTemplate\":\"https:\/\/www.visit-ulcinj.com\/blog\/?s={search_term_string}\"},\"query-input\":\"required name=search_term_string\"}],\"inLanguage\":\"en-US\"},{\"@type\":\"ImageObject\",\"inLanguage\":\"en-US\",\"@id\":\"https:\/\/www.visit-ulcinj.com\/blog\/2009\/11\/22\/forca-protiv-predloga-vlasti-za-zastupljenost-manjina\/#primaryimage\",\"url\":\"https:\/\/www.visit-ulcinj.com\/blog\/wp-content\/uploads\/2009\/11\/Potpredsjednik-Nove-demokratske-snage-Forca-Genci-Nimanbegu..jpg\",\"contentUrl\":\"https:\/\/www.visit-ulcinj.com\/blog\/wp-content\/uploads\/2009\/11\/Potpredsjednik-Nove-demokratske-snage-Forca-Genci-Nimanbegu..jpg\",\"width\":\"290\",\"height\":\"190\"},{\"@type\":\"WebPage\",\"@id\":\"https:\/\/www.visit-ulcinj.com\/blog\/2009\/11\/22\/forca-protiv-predloga-vlasti-za-zastupljenost-manjina\/#webpage\",\"url\":\"https:\/\/www.visit-ulcinj.com\/blog\/2009\/11\/22\/forca-protiv-predloga-vlasti-za-zastupljenost-manjina\/\",\"name\":\"Forca protiv predloga vlasti za zastupljenost manjina - Lajme nga Ulqini\",\"isPartOf\":{\"@id\":\"https:\/\/www.visit-ulcinj.com\/blog\/#website\"},\"primaryImageOfPage\":{\"@id\":\"https:\/\/www.visit-ulcinj.com\/blog\/2009\/11\/22\/forca-protiv-predloga-vlasti-za-zastupljenost-manjina\/#primaryimage\"},\"datePublished\":\"2009-11-22T19:05:07+00:00\",\"dateModified\":\"2009-11-22T19:05:07+00:00\",\"author\":{\"@id\":\"https:\/\/www.visit-ulcinj.com\/blog\/#\/schema\/person\/dcab619c614d3038751c63bc2aadc06d\"},\"description\":\"Ne odustaju od pet mandata Podgorica (MINA) \u2013 Albanske politi?ke partije ne?e promijeniti stav o zadr\u017eavanju postoje?eg rje\u0161enja u vezi sa garantovanem\",\"breadcrumb\":{\"@id\":\"https:\/\/www.visit-ulcinj.com\/blog\/2009\/11\/22\/forca-protiv-predloga-vlasti-za-zastupljenost-manjina\/#breadcrumb\"},\"inLanguage\":\"en-US\",\"potentialAction\":[{\"@type\":\"ReadAction\",\"target\":[\"https:\/\/www.visit-ulcinj.com\/blog\/2009\/11\/22\/forca-protiv-predloga-vlasti-za-zastupljenost-manjina\/\"]}]},{\"@type\":\"BreadcrumbList\",\"@id\":\"https:\/\/www.visit-ulcinj.com\/blog\/2009\/11\/22\/forca-protiv-predloga-vlasti-za-zastupljenost-manjina\/#breadcrumb\",\"itemListElement\":[{\"@type\":\"ListItem\",\"position\":1,\"name\":\"Forca protiv predloga vlasti za zastupljenost manjina\"}]},{\"@type\":\"Person\",\"@id\":\"https:\/\/www.visit-ulcinj.com\/blog\/#\/schema\/person\/dcab619c614d3038751c63bc2aadc06d\",\"name\":\"ulqini\",\"sameAs\":[\"http:\/\/www.visit-ulcinj.com\"],\"url\":\"https:\/\/www.visit-ulcinj.com\/blog\/author\/admin\/\"}]}<\/script>\n<!-- \/ Yoast SEO plugin. -->","yoast_head_json":{"title":"Forca protiv predloga vlasti za zastupljenost manjina - Lajme nga Ulqini","description":"Ne odustaju od pet mandata Podgorica (MINA) \u2013 Albanske politi?ke partije ne?e promijeniti stav o zadr\u017eavanju postoje?eg rje\u0161enja u vezi sa garantovanem","robots":{"index":"index","follow":"follow","max-snippet":"max-snippet:-1","max-image-preview":"max-image-preview:large","max-video-preview":"max-video-preview:-1"},"canonical":"https:\/\/www.visit-ulcinj.com\/blog\/2009\/11\/22\/forca-protiv-predloga-vlasti-za-zastupljenost-manjina\/","og_locale":"en_US","og_type":"article","og_title":"Forca protiv predloga vlasti za zastupljenost manjina - Lajme nga Ulqini","og_description":"Ne odustaju od pet mandata Podgorica (MINA) \u2013 Albanske politi?ke partije ne?e promijeniti stav o zadr\u017eavanju postoje?eg rje\u0161enja u vezi sa garantovanem","og_url":"https:\/\/www.visit-ulcinj.com\/blog\/2009\/11\/22\/forca-protiv-predloga-vlasti-za-zastupljenost-manjina\/","og_site_name":"Lajme nga Ulqini","article_published_time":"2009-11-22T19:05:07+00:00","og_image":[{"url":"http:\/\/www.visit-ulcinj.com\/blog\/wp-content\/uploads\/2009\/11\/Potpredsjednik-Nove-demokratske-snage-Forca-Genci-Nimanbegu..jpg"}],"twitter_misc":{"Written by":"ulqini","Est. reading time":"1 minute"},"schema":{"@context":"https:\/\/schema.org","@graph":[{"@type":"WebSite","@id":"https:\/\/www.visit-ulcinj.com\/blog\/#website","url":"https:\/\/www.visit-ulcinj.com\/blog\/","name":"Lajme nga Ulqini","description":"Lajme,Vijesti,Ulqini,Ulqin,Crna Gora,Mali i Zi","potentialAction":[{"@type":"SearchAction","target":{"@type":"EntryPoint","urlTemplate":"https:\/\/www.visit-ulcinj.com\/blog\/?s={search_term_string}"},"query-input":"required name=search_term_string"}],"inLanguage":"en-US"},{"@type":"ImageObject","inLanguage":"en-US","@id":"https:\/\/www.visit-ulcinj.com\/blog\/2009\/11\/22\/forca-protiv-predloga-vlasti-za-zastupljenost-manjina\/#primaryimage","url":"https:\/\/www.visit-ulcinj.com\/blog\/wp-content\/uploads\/2009\/11\/Potpredsjednik-Nove-demokratske-snage-Forca-Genci-Nimanbegu..jpg","contentUrl":"https:\/\/www.visit-ulcinj.com\/blog\/wp-content\/uploads\/2009\/11\/Potpredsjednik-Nove-demokratske-snage-Forca-Genci-Nimanbegu..jpg","width":"290","height":"190"},{"@type":"WebPage","@id":"https:\/\/www.visit-ulcinj.com\/blog\/2009\/11\/22\/forca-protiv-predloga-vlasti-za-zastupljenost-manjina\/#webpage","url":"https:\/\/www.visit-ulcinj.com\/blog\/2009\/11\/22\/forca-protiv-predloga-vlasti-za-zastupljenost-manjina\/","name":"Forca protiv predloga vlasti za zastupljenost manjina - Lajme nga Ulqini","isPartOf":{"@id":"https:\/\/www.visit-ulcinj.com\/blog\/#website"},"primaryImageOfPage":{"@id":"https:\/\/www.visit-ulcinj.com\/blog\/2009\/11\/22\/forca-protiv-predloga-vlasti-za-zastupljenost-manjina\/#primaryimage"},"datePublished":"2009-11-22T19:05:07+00:00","dateModified":"2009-11-22T19:05:07+00:00","author":{"@id":"https:\/\/www.visit-ulcinj.com\/blog\/#\/schema\/person\/dcab619c614d3038751c63bc2aadc06d"},"description":"Ne odustaju od pet mandata Podgorica (MINA) \u2013 Albanske politi?ke partije ne?e promijeniti stav o zadr\u017eavanju postoje?eg rje\u0161enja u vezi sa garantovanem","breadcrumb":{"@id":"https:\/\/www.visit-ulcinj.com\/blog\/2009\/11\/22\/forca-protiv-predloga-vlasti-za-zastupljenost-manjina\/#breadcrumb"},"inLanguage":"en-US","potentialAction":[{"@type":"ReadAction","target":["https:\/\/www.visit-ulcinj.com\/blog\/2009\/11\/22\/forca-protiv-predloga-vlasti-za-zastupljenost-manjina\/"]}]},{"@type":"BreadcrumbList","@id":"https:\/\/www.visit-ulcinj.com\/blog\/2009\/11\/22\/forca-protiv-predloga-vlasti-za-zastupljenost-manjina\/#breadcrumb","itemListElement":[{"@type":"ListItem","position":1,"name":"Forca protiv predloga vlasti za zastupljenost manjina"}]},{"@type":"Person","@id":"https:\/\/www.visit-ulcinj.com\/blog\/#\/schema\/person\/dcab619c614d3038751c63bc2aadc06d","name":"ulqini","sameAs":["http:\/\/www.visit-ulcinj.com"],"url":"https:\/\/www.visit-ulcinj.com\/blog\/author\/admin\/"}]}},"jetpack_featured_media_url":"","jetpack_sharing_enabled":true,"jetpack_shortlink":"https:\/\/wp.me\/pe6lTn-79G","_links":{"self":[{"href":"https:\/\/www.visit-ulcinj.com\/blog\/wp-json\/wp\/v2\/posts\/27508"}],"collection":[{"href":"https:\/\/www.visit-ulcinj.com\/blog\/wp-json\/wp\/v2\/posts"}],"about":[{"href":"https:\/\/www.visit-ulcinj.com\/blog\/wp-json\/wp\/v2\/types\/post"}],"author":[{"embeddable":true,"href":"https:\/\/www.visit-ulcinj.com\/blog\/wp-json\/wp\/v2\/users\/1"}],"replies":[{"embeddable":true,"href":"https:\/\/www.visit-ulcinj.com\/blog\/wp-json\/wp\/v2\/comments?post=27508"}],"version-history":[{"count":0,"href":"https:\/\/www.visit-ulcinj.com\/blog\/wp-json\/wp\/v2\/posts\/27508\/revisions"}],"wp:attachment":[{"href":"https:\/\/www.visit-ulcinj.com\/blog\/wp-json\/wp\/v2\/media?parent=27508"}],"wp:term":[{"taxonomy":"category","embeddable":true,"href":"https:\/\/www.visit-ulcinj.com\/blog\/wp-json\/wp\/v2\/categories?post=27508"},{"taxonomy":"post_tag","embeddable":true,"href":"https:\/\/www.visit-ulcinj.com\/blog\/wp-json\/wp\/v2\/tags?post=27508"}],"curies":[{"name":"wp","href":"https:\/\/api.w.org\/{rel}","templated":true}]}}