{"id":27528,"date":"2009-11-24T23:53:43","date_gmt":"2009-11-24T21:53:43","guid":{"rendered":"http:\/\/www.visit-ulcinj.com\/blog\/?p=27528"},"modified":"2009-11-24T23:53:43","modified_gmt":"2009-11-24T21:53:43","slug":"klubi-i-karatese-%e2%80%9culqini%e2%80%9d-u-kurorezua-me-104-medalje-dhe-7-kupa","status":"publish","type":"post","link":"https:\/\/www.visit-ulcinj.com\/blog\/2009\/11\/24\/klubi-i-karatese-%e2%80%9culqini%e2%80%9d-u-kurorezua-me-104-medalje-dhe-7-kupa\/","title":{"rendered":"Klubi i Karates\u00eb  \u201cUlqini\u201d u kuror\u00ebzua me 104 medalje dhe 7 kupa"},"content":{"rendered":"<p><a href=\"http:\/\/www.visit-ulcinj.com\/blog\/wp-content\/uploads\/2009\/11\/Klubi-i-Karates\u00eb-\u201cUlqini\u201d.jpg\"><img loading=\"lazy\" class=\"alignleft size-full wp-image-27529\" title=\"Klubi i Karates\u00eb  \u201cUlqini\u201d\" src=\"http:\/\/www.visit-ulcinj.com\/blog\/wp-content\/uploads\/2009\/11\/Klubi-i-Karates\u00eb-\u201cUlqini\u201d.jpg\" alt=\"Klubi i Karates\u00eb  \u201cUlqini\u201d\" width=\"580\" height=\"400\" \/><\/a><strong>ULQINI\u00a0 VAZHDON TRADIT\u00cbN E SUKSESEVE T\u00cb ARTA <\/strong><\/p>\n<p>T\u00eb diel\u00ebn, m\u00eb\u00a0 22 n\u00ebntor 2009 n\u00eb Tivar u mbajt Turneu i I internacional i karates\u00eb \u201cTrofeu i Tivarit 2009\u201d, n\u00eb t\u00eb cilin klubi i karates\u00eb \u201cUlqini\u201d u radhit n\u00eb vendin e dyt\u00eb n\u00eb renditjen e p\u00ebrgjithshme. Ky ishte nj\u00eb sukses i madh, pasi q\u00eb n\u00eb k\u00ebt\u00eb gar\u00eb mor\u00ebn pjes\u00eb 26 klube t\u00eb karates\u00eb me 625 garues nga Bosna, Serbia, Kroacia dhe nga Mali i Zi.<\/p>\n<p>Garuesit e KK \u201cUlqini\u201d arrit\u00ebn t\u00eb fitojn\u00eb plot 104 medalje n\u00eb disiplinat ekipore dhe individuale: 33 medalje t\u00eb arta, 40 t\u00eb argjendta, 31 t\u00eb bronzta dhe 7 kupa &#8211; 6 kupa p\u00ebr vendet e para t\u00eb ekipeve dhe 1 kup\u00eb p\u00ebr vendin e dyt\u00eb n\u00eb plasmanin gjeneral me plot 136 pik\u00eb t\u00eb fituara. Vendi i par\u00eb i takoi KK \u201cBuduqnost\u201d t\u00eb Podgoric\u00ebs me 171 pik\u00eb, vendi i tret\u00eb KK \u201cBar\u201d t\u00eb Tivarit me 55 pik\u00eb, kurse renditja e klubeve t\u00eb tjer\u00eb ishte n\u00ebn 50 pik\u00eb.<\/p>\n<p>-Klubi yn\u00eb n\u00eb k\u00ebt\u00eb gar\u00eb mori pjes\u00eb me 62 garues t\u00eb t\u00eb gjitha gjeneratave, prej atyre m\u00eb t\u00eb reja e deri n\u00eb senior\u00eb. Kemi apeluar disa her\u00eb p\u00ebr ndihm\u00eb financiare, me \u00e7\u2019rast kemi dh\u00ebn\u00eb premtimin q\u00eb nuk do t\u2019ju zhg\u00ebnjejm\u00eb, premtim t\u00eb cilin e kemi mbajtur duke qen\u00eb p\u00ebrs\u00ebri n\u00eb krye t\u00eb m\u00eb t\u00eb mir\u00ebve. N\u00eb k\u00ebt\u00eb gar\u00eb u ndesh\u00ebm me nj\u00eb konkurenc\u00eb mjaft t\u00eb fort\u00eb, por nuk na mposht\u00ebn dhe nuk mbet\u00ebm pa asnj\u00eb titull t\u00eb plasmanit gjeneral, &#8211; shprehen udh\u00ebheq\u00ebsit e k\u00ebtij klubi.<\/p>\n<p>Udh\u00ebheq\u00ebsia e klubit t\u00eb\u00a0 karates\u00eb \u201cUlqini\u201d fal\u00ebnderon sponzor\u00ebt: restaurant \u201cCorona\u201d, nd\u00ebrmarrjet \u201cEuro Uni Trade\u201d,\u00a0 \u201cGragja Comerc\u201d,\u00a0 \u201cElita Grup\u201d, \u201cDita \u2013 Miri\u201d, fondacionin \u201cNur\u201d, si dhe prind\u00ebrit e garuesve.<\/p>\n<p>Nga radh\u00ebt e Klubit t\u00eb karates\u00eb \u201cUlqini\u201d p\u00ebr prezentimin t\u00eb shk\u00eblqyesh\u00ebm n\u00eb k\u00ebt\u00eb Turne ve\u00e7ojm\u00eb garuesit Petar Barlloviq dhe Blerta Tahiri, t\u00eb cil\u00ebt u kuror\u00ebzuan me nga 3 medalje t\u00eb arta, 1 t\u00eb argjendt\u00eb dhe 1 t\u00eb bronzt\u00eb. Po ashtu u dallua edhe garuesi Diamant Rexha, i cili u kuror\u00ebzua me 3 medalje t\u00eb arta dhe 1 t\u00eb argjendt\u00eb. T\u00eb shk\u00eblqyesh\u00ebm ishin edhe garuesit e tjer\u00eb, t\u00eb cil\u00ebt u kuror\u00ebzuan me medalje t\u00eb arta, e t\u00eb cil\u00ebt jan\u00eb: Gentiana Kuqi, Lumdita Paleviq dhe Radica Dashiq q\u00eb u kuror\u00ebzuan me nga dy medalje t\u00eb arta, nd\u00ebrsa nga nj\u00eb t\u00eb art\u00eb fituan Dorian Veliq, Xhemale Elezi,Viktor Curoviq, Antigona Rama, Liridon Elezi, Petar Maroviq, Seida Suma, Bledar Kabashi, Dardan Ceka, Granit Rexha, Marko Daboviq, Katarina Marnikoviq, Jeton Luka, Fatmir Kurmemi, Nermin Suma, Kristian Junkoviq, Hantie Ibro\u00e7i dhe Lavdim Tula.<\/p>\n<p>P\u00ebrve\u00e7 k\u00ebtyre medaljeve k\u00ebta garues u kuror\u00ebzuan edhe me medalje t\u00eb tjera.<\/p>\n<p>Me nga disa medalje t\u00eb\u00a0 tjera u shp\u00ebrblyen edhe k\u00ebta garues:<\/p>\n<p>Fiona Kraja, Emro Bajrami, Riad Tula, Ardit Boleviq, Ibrahim Zogaj, Izabela Ivanoviq, Enis Shaba, Nderim Cuca, Admir Luka, Edin Kraja, Ilir Muja, Lulzim Suma, Eliza Salihu, Gent Kabashi, Gabriella Junkoviq, Arben Elezoviq, Ensar Marshiq, Milena Peshiq, Teufik Shurdha, Arlind Llolla, Pavle Pecoviq, Vladimir Peshiq, Behlul Peroviq, Ramazan Gjeka, Ardit Llolla, Albion Duraku, Leart Llolla dhe Egzon Kraja.<br \/>\n<strong><br \/>\nSH\u00cbRBIMI P\u00cbR MARR\u00cbDH\u00cbNIE\u00a0 ME PUBLIKUN I KK &#8220;ULQINI<br \/>\n<!--YouTube Error: bad URL entered--><\/strong><\/p>\n","protected":false},"excerpt":{"rendered":"<p>ULQINI\u00a0 VAZHDON TRADIT\u00cbN E SUKSESEVE T\u00cb ARTA T\u00eb diel\u00ebn, m\u00eb\u00a0 22 n\u00ebntor 2009 n\u00eb Tivar u mbajt Turneu i I internacional i karates\u00eb \u201cTrofeu i Tivarit 2009\u201d, n\u00eb t\u00eb cilin klubi i karates\u00eb \u201cUlqini\u201d u radhit n\u00eb vendin e dyt\u00eb n\u00eb renditjen e p\u00ebrgjithshme. Ky ishte nj\u00eb sukses i madh, pasi q\u00eb n\u00eb k\u00ebt\u00eb gar\u00eb [&hellip;]<\/p>\n","protected":false},"author":1,"featured_media":0,"comment_status":"open","ping_status":"closed","sticky":false,"template":"","format":"standard","meta":{"spay_email":"","jetpack_publicize_message":"","jetpack_is_tweetstorm":false,"jetpack_publicize_feature_enabled":true},"categories":[3],"tags":[5848,2906,2065,10591,5839,10598,2926,10596,2925,2624,5821,2074,8979,2920,10589,10585,12884,5827,2917,5856,12883,12880,8984,10587,5828,2063,10599,5840,2921,5843,5845,5841,9714,12882,10594,10601,9552,2934,5830,12881,10592,5846,12876,2915,7320,2073,5826,10576,2922,12875,12885,2932,9706,2621,12886,2066,12879,12878,12877,12874],"jetpack_publicize_connections":[],"yoast_head":"<!-- This site is optimized with the Yoast SEO plugin v19.1 - https:\/\/yoast.com\/wordpress\/plugins\/seo\/ -->\n<title>Klubi i Karates\u00eb \u201cUlqini\u201d u kuror\u00ebzua me 104 medalje dhe 7 kupa  - Lajme nga Ulqini<\/title>\n<meta name=\"description\" content=\"ULQINI\u00a0 VAZHDON TRADIT\u00cbN E SUKSESEVE T\u00cb ARTA T\u00eb diel\u00ebn, m\u00eb\u00a0 22 n\u00ebntor 2009 n\u00eb Tivar u mbajt Turneu i I internacional i karates\u00eb \u201cTrofeu i Tivarit 2009\u201d,\" \/>\n<meta name=\"robots\" content=\"index, follow, max-snippet:-1, max-image-preview:large, max-video-preview:-1\" \/>\n<link rel=\"canonical\" href=\"https:\/\/www.visit-ulcinj.com\/blog\/2009\/11\/24\/klubi-i-karatese-\u201culqini\u201d-u-kurorezua-me-104-medalje-dhe-7-kupa\/\" \/>\n<meta property=\"og:locale\" content=\"en_US\" \/>\n<meta property=\"og:type\" content=\"article\" \/>\n<meta property=\"og:title\" content=\"Klubi i Karates\u00eb \u201cUlqini\u201d u kuror\u00ebzua me 104 medalje dhe 7 kupa  - Lajme nga Ulqini\" \/>\n<meta property=\"og:description\" content=\"ULQINI\u00a0 VAZHDON TRADIT\u00cbN E SUKSESEVE T\u00cb ARTA T\u00eb diel\u00ebn, m\u00eb\u00a0 22 n\u00ebntor 2009 n\u00eb Tivar u mbajt Turneu i I internacional i karates\u00eb \u201cTrofeu i Tivarit 2009\u201d,\" \/>\n<meta property=\"og:url\" content=\"https:\/\/www.visit-ulcinj.com\/blog\/2009\/11\/24\/klubi-i-karatese-\u201culqini\u201d-u-kurorezua-me-104-medalje-dhe-7-kupa\/\" \/>\n<meta property=\"og:site_name\" content=\"Lajme nga Ulqini\" \/>\n<meta property=\"article:published_time\" content=\"2009-11-24T21:53:43+00:00\" \/>\n<meta name=\"twitter:label1\" content=\"Written by\" \/>\n\t<meta name=\"twitter:data1\" content=\"ulqini\" \/>\n\t<meta name=\"twitter:label2\" content=\"Est. reading time\" \/>\n\t<meta name=\"twitter:data2\" content=\"3 minutes\" \/>\n<script type=\"application\/ld+json\" class=\"yoast-schema-graph\">{\"@context\":\"https:\/\/schema.org\",\"@graph\":[{\"@type\":\"WebSite\",\"@id\":\"https:\/\/www.visit-ulcinj.com\/blog\/#website\",\"url\":\"https:\/\/www.visit-ulcinj.com\/blog\/\",\"name\":\"Lajme nga Ulqini\",\"description\":\"Lajme,Vijesti,Ulqini,Ulqin,Crna Gora,Mali i Zi\",\"potentialAction\":[{\"@type\":\"SearchAction\",\"target\":{\"@type\":\"EntryPoint\",\"urlTemplate\":\"https:\/\/www.visit-ulcinj.com\/blog\/?s={search_term_string}\"},\"query-input\":\"required name=search_term_string\"}],\"inLanguage\":\"en-US\"},{\"@type\":\"WebPage\",\"@id\":\"https:\/\/www.visit-ulcinj.com\/blog\/2009\/11\/24\/klubi-i-karatese-%e2%80%9culqini%e2%80%9d-u-kurorezua-me-104-medalje-dhe-7-kupa\/#webpage\",\"url\":\"https:\/\/www.visit-ulcinj.com\/blog\/2009\/11\/24\/klubi-i-karatese-%e2%80%9culqini%e2%80%9d-u-kurorezua-me-104-medalje-dhe-7-kupa\/\",\"name\":\"Klubi i Karates\u00eb \u201cUlqini\u201d u kuror\u00ebzua me 104 medalje dhe 7 kupa - Lajme nga Ulqini\",\"isPartOf\":{\"@id\":\"https:\/\/www.visit-ulcinj.com\/blog\/#website\"},\"datePublished\":\"2009-11-24T21:53:43+00:00\",\"dateModified\":\"2009-11-24T21:53:43+00:00\",\"author\":{\"@id\":\"https:\/\/www.visit-ulcinj.com\/blog\/#\/schema\/person\/dcab619c614d3038751c63bc2aadc06d\"},\"description\":\"ULQINI\u00a0 VAZHDON TRADIT\u00cbN E SUKSESEVE T\u00cb ARTA T\u00eb diel\u00ebn, m\u00eb\u00a0 22 n\u00ebntor 2009 n\u00eb Tivar u mbajt Turneu i I internacional i karates\u00eb \u201cTrofeu i Tivarit 2009\u201d,\",\"breadcrumb\":{\"@id\":\"https:\/\/www.visit-ulcinj.com\/blog\/2009\/11\/24\/klubi-i-karatese-%e2%80%9culqini%e2%80%9d-u-kurorezua-me-104-medalje-dhe-7-kupa\/#breadcrumb\"},\"inLanguage\":\"en-US\",\"potentialAction\":[{\"@type\":\"ReadAction\",\"target\":[\"https:\/\/www.visit-ulcinj.com\/blog\/2009\/11\/24\/klubi-i-karatese-%e2%80%9culqini%e2%80%9d-u-kurorezua-me-104-medalje-dhe-7-kupa\/\"]}]},{\"@type\":\"BreadcrumbList\",\"@id\":\"https:\/\/www.visit-ulcinj.com\/blog\/2009\/11\/24\/klubi-i-karatese-%e2%80%9culqini%e2%80%9d-u-kurorezua-me-104-medalje-dhe-7-kupa\/#breadcrumb\",\"itemListElement\":[{\"@type\":\"ListItem\",\"position\":1,\"name\":\"Klubi i Karates\u00eb \u201cUlqini\u201d u kuror\u00ebzua me 104 medalje dhe 7 kupa\"}]},{\"@type\":\"Person\",\"@id\":\"https:\/\/www.visit-ulcinj.com\/blog\/#\/schema\/person\/dcab619c614d3038751c63bc2aadc06d\",\"name\":\"ulqini\",\"sameAs\":[\"http:\/\/www.visit-ulcinj.com\"],\"url\":\"https:\/\/www.visit-ulcinj.com\/blog\/author\/admin\/\"}]}<\/script>\n<!-- \/ Yoast SEO plugin. -->","yoast_head_json":{"title":"Klubi i Karates\u00eb \u201cUlqini\u201d u kuror\u00ebzua me 104 medalje dhe 7 kupa  - Lajme nga Ulqini","description":"ULQINI\u00a0 VAZHDON TRADIT\u00cbN E SUKSESEVE T\u00cb ARTA T\u00eb diel\u00ebn, m\u00eb\u00a0 22 n\u00ebntor 2009 n\u00eb Tivar u mbajt Turneu i I internacional i karates\u00eb \u201cTrofeu i Tivarit 2009\u201d,","robots":{"index":"index","follow":"follow","max-snippet":"max-snippet:-1","max-image-preview":"max-image-preview:large","max-video-preview":"max-video-preview:-1"},"canonical":"https:\/\/www.visit-ulcinj.com\/blog\/2009\/11\/24\/klubi-i-karatese-\u201culqini\u201d-u-kurorezua-me-104-medalje-dhe-7-kupa\/","og_locale":"en_US","og_type":"article","og_title":"Klubi i Karates\u00eb \u201cUlqini\u201d u kuror\u00ebzua me 104 medalje dhe 7 kupa  - Lajme nga Ulqini","og_description":"ULQINI\u00a0 VAZHDON TRADIT\u00cbN E SUKSESEVE T\u00cb ARTA T\u00eb diel\u00ebn, m\u00eb\u00a0 22 n\u00ebntor 2009 n\u00eb Tivar u mbajt Turneu i I internacional i karates\u00eb \u201cTrofeu i Tivarit 2009\u201d,","og_url":"https:\/\/www.visit-ulcinj.com\/blog\/2009\/11\/24\/klubi-i-karatese-\u201culqini\u201d-u-kurorezua-me-104-medalje-dhe-7-kupa\/","og_site_name":"Lajme nga Ulqini","article_published_time":"2009-11-24T21:53:43+00:00","twitter_misc":{"Written by":"ulqini","Est. reading time":"3 minutes"},"schema":{"@context":"https:\/\/schema.org","@graph":[{"@type":"WebSite","@id":"https:\/\/www.visit-ulcinj.com\/blog\/#website","url":"https:\/\/www.visit-ulcinj.com\/blog\/","name":"Lajme nga Ulqini","description":"Lajme,Vijesti,Ulqini,Ulqin,Crna Gora,Mali i Zi","potentialAction":[{"@type":"SearchAction","target":{"@type":"EntryPoint","urlTemplate":"https:\/\/www.visit-ulcinj.com\/blog\/?s={search_term_string}"},"query-input":"required name=search_term_string"}],"inLanguage":"en-US"},{"@type":"WebPage","@id":"https:\/\/www.visit-ulcinj.com\/blog\/2009\/11\/24\/klubi-i-karatese-%e2%80%9culqini%e2%80%9d-u-kurorezua-me-104-medalje-dhe-7-kupa\/#webpage","url":"https:\/\/www.visit-ulcinj.com\/blog\/2009\/11\/24\/klubi-i-karatese-%e2%80%9culqini%e2%80%9d-u-kurorezua-me-104-medalje-dhe-7-kupa\/","name":"Klubi i Karates\u00eb \u201cUlqini\u201d u kuror\u00ebzua me 104 medalje dhe 7 kupa - Lajme nga Ulqini","isPartOf":{"@id":"https:\/\/www.visit-ulcinj.com\/blog\/#website"},"datePublished":"2009-11-24T21:53:43+00:00","dateModified":"2009-11-24T21:53:43+00:00","author":{"@id":"https:\/\/www.visit-ulcinj.com\/blog\/#\/schema\/person\/dcab619c614d3038751c63bc2aadc06d"},"description":"ULQINI\u00a0 VAZHDON TRADIT\u00cbN E SUKSESEVE T\u00cb ARTA T\u00eb diel\u00ebn, m\u00eb\u00a0 22 n\u00ebntor 2009 n\u00eb Tivar u mbajt Turneu i I internacional i karates\u00eb \u201cTrofeu i Tivarit 2009\u201d,","breadcrumb":{"@id":"https:\/\/www.visit-ulcinj.com\/blog\/2009\/11\/24\/klubi-i-karatese-%e2%80%9culqini%e2%80%9d-u-kurorezua-me-104-medalje-dhe-7-kupa\/#breadcrumb"},"inLanguage":"en-US","potentialAction":[{"@type":"ReadAction","target":["https:\/\/www.visit-ulcinj.com\/blog\/2009\/11\/24\/klubi-i-karatese-%e2%80%9culqini%e2%80%9d-u-kurorezua-me-104-medalje-dhe-7-kupa\/"]}]},{"@type":"BreadcrumbList","@id":"https:\/\/www.visit-ulcinj.com\/blog\/2009\/11\/24\/klubi-i-karatese-%e2%80%9culqini%e2%80%9d-u-kurorezua-me-104-medalje-dhe-7-kupa\/#breadcrumb","itemListElement":[{"@type":"ListItem","position":1,"name":"Klubi i Karates\u00eb \u201cUlqini\u201d u kuror\u00ebzua me 104 medalje dhe 7 kupa"}]},{"@type":"Person","@id":"https:\/\/www.visit-ulcinj.com\/blog\/#\/schema\/person\/dcab619c614d3038751c63bc2aadc06d","name":"ulqini","sameAs":["http:\/\/www.visit-ulcinj.com"],"url":"https:\/\/www.visit-ulcinj.com\/blog\/author\/admin\/"}]}},"jetpack_featured_media_url":"","jetpack_sharing_enabled":true,"jetpack_shortlink":"https:\/\/wp.me\/pe6lTn-7a0","_links":{"self":[{"href":"https:\/\/www.visit-ulcinj.com\/blog\/wp-json\/wp\/v2\/posts\/27528"}],"collection":[{"href":"https:\/\/www.visit-ulcinj.com\/blog\/wp-json\/wp\/v2\/posts"}],"about":[{"href":"https:\/\/www.visit-ulcinj.com\/blog\/wp-json\/wp\/v2\/types\/post"}],"author":[{"embeddable":true,"href":"https:\/\/www.visit-ulcinj.com\/blog\/wp-json\/wp\/v2\/users\/1"}],"replies":[{"embeddable":true,"href":"https:\/\/www.visit-ulcinj.com\/blog\/wp-json\/wp\/v2\/comments?post=27528"}],"version-history":[{"count":0,"href":"https:\/\/www.visit-ulcinj.com\/blog\/wp-json\/wp\/v2\/posts\/27528\/revisions"}],"wp:attachment":[{"href":"https:\/\/www.visit-ulcinj.com\/blog\/wp-json\/wp\/v2\/media?parent=27528"}],"wp:term":[{"taxonomy":"category","embeddable":true,"href":"https:\/\/www.visit-ulcinj.com\/blog\/wp-json\/wp\/v2\/categories?post=27528"},{"taxonomy":"post_tag","embeddable":true,"href":"https:\/\/www.visit-ulcinj.com\/blog\/wp-json\/wp\/v2\/tags?post=27528"}],"curies":[{"name":"wp","href":"https:\/\/api.w.org\/{rel}","templated":true}]}}