{"id":27535,"date":"2009-11-25T00:28:01","date_gmt":"2009-11-24T22:28:01","guid":{"rendered":"http:\/\/www.visit-ulcinj.com\/blog\/?p=27535"},"modified":"2009-11-25T00:31:25","modified_gmt":"2009-11-24T22:31:25","slug":"dinosa-objasnjava-zasto-ce-da-mijenja-nacionalne-savjete","status":"publish","type":"post","link":"https:\/\/www.visit-ulcinj.com\/blog\/2009\/11\/25\/dinosa-objasnjava-zasto-ce-da-mijenja-nacionalne-savjete\/","title":{"rendered":"Dino\u0161a obja\u0161njava za\u0161to ?e da mijenja nacionalne savjete"},"content":{"rendered":"<p><strong><a href=\"http:\/\/www.visit-ulcinj.com\/blog\/wp-content\/uploads\/2009\/11\/Ferhat-Dinosha_002.jpg\"><img loading=\"lazy\" class=\"alignleft size-full wp-image-27536\" title=\"Ferhat Dinosha_002,Ferhat Dino\u0161a\" src=\"http:\/\/www.visit-ulcinj.com\/blog\/wp-content\/uploads\/2009\/11\/Ferhat-Dinosha_002.jpg\" alt=\"Ferhat Dinosha_002\" width=\"580\" height=\"400\" \/><\/a>Odlu?io da se osveti Bardhiju<\/strong><br \/>\nPodgorica \u2013 Ministar za ljudska i manjinska prava Ferhat Dino\u0161a objasnio je ju?e da je inicijativu o izmjenama Zakona o manjinskim pravima pokrenuo da bi pobolj\u0161ao rad savjeta manjinskih zajednica, ali ne i za\u0161to je iz tog procesa, mimo zakona, isklju?io predstavnike tih tijela.<br \/>\nVlada je nedavno usvojila izmjene tog akta, kojim ?e se, ako se usvoji u parlamentu, su\u0161tinski promijeniti tri stvari \u2013 pro\u0161iri?e se spisak onih koji ?e ?initi manjinske savjete po automatizmu, precizira?e se ko na osniva?koj skup\u0161tini mo\u017ee da bira ostale ?lanove savjeta i novac, koji im pripada, vi\u0161e se ne?e dijeliti shodno proporcionalnom u?e\u0161?u manjina u ukupnom stanovni\u0161tvu, ve? onako kako Fond za manjine procijeni.<br \/>\nPravo u?e\u0161?a na elektorskoj skup\u0161tini, koja bira ?lanove Savjeta, prema novom tekstu, ima?e jedino ?lanovi nevladinih organizacija i nau?ni radnici, koji se bave ljudskim i manjinskim pravima.Predsjednici srpskog, bo\u0161nja?kog, albanskog, muslimanskog i romskog savjeta pozvali su nedavno nadle\u017ene da se hitno obustavi \u201ckonspirativni\u201d rad na tom zakonu i zatra\u017eili da Vlada smijeni Dino\u0161u, jer ih nije kontaktirao kada je odlu?io da mijenja zakon.<br \/>\nNezvani?ni izvor \u201cVijesti\u201d tvrdi da Dino\u0161a, redefinisanjem sastava u savjetima, poku\u0161ava da uspostavi kontrolu nad Savjetom albanske manjine, u kome ve?inu ?ine predstavnici bliski lideru Demokratskog saveza (DS) Mehmetu Bardhiju i ostalim partijama te manjinske zajednice, osim Demokratske unije Albanaca, ?iji je on predsjednik.<br \/>\nIz Dino\u0161inog kabineta saop\u0161tili su \u201cVijestima\u201d da ministar ne \u017eeli da daje izjave ovim povodom.<br \/>\nIzmjenama aktuelnog zakona pro\u0161iruje se krug onih koji bi ubudu?e ?inili sedamnaesto?lani manjinski savjet. Uz dosada\u0161nje predstavnike, u tom tijelu, prema izmjenama, sjedje?e i predsjednici gradskih op\u0161tina, gradona?elnici Cetinja i Podgorice, predsjednici skup\u0161tina op\u0161tina, predsjednici skup\u0161tina gradskih op\u0161tina i predsjednici skup\u0161tina prijestonice i glavnog grada iz reda manjine.<br \/>\nDino\u0161a je agenciji MINA kazao da se ne radi o namjeri Ministarstva da se mije\u0161a u rad nacionalnih savjeta, ve? da popravi slabosti.<br \/>\n\u201cDesilo se prilikom prvog izbora nacionalnih savjeta da je politika poklopila i prostor civilnog sektora, i ja sam u vezi sa tim reagovao i dok nijesam bio ministar\u201d, pojasnio je Dino\u0161a.<br \/>\nObjasnio je da je to bio razlog \u0161to DUA jedno vrijeme nije htjela da u?estvuje u radu Savjeta. \u201cZato \u0161to se desilo da je elektorska skup\u0161tina Nacionalnog savjeta Albanaca iskori\u0161?ena za novi prodor jedne politi?ke stranke u nacionalni savjet\u201d.<\/p>\n<p><strong><a href=\"http:\/\/www.visit-ulcinj.com\/blog\/wp-content\/uploads\/2009\/11\/Ferhat-Dino\u0161a1.jpg\"><img loading=\"lazy\" class=\"alignleft size-full wp-image-27537\" title=\"Politika\" src=\"http:\/\/www.visit-ulcinj.com\/blog\/wp-content\/uploads\/2009\/11\/Ferhat-Dino\u0161a1.jpg\" alt=\"Politika\" width=\"290\" height=\"190\" \/><\/a>Ministar smatra da Srbi odvla?e mnogo novca<\/strong><br \/>\nDino\u0161a je kazao da se druga izmjena ti?e na?ina raspolaganja sredstvima koja imaju nacionalni savjeti i koja daje dr\u017eava.<br \/>\n\u201cPo sada\u0161njim rje\u0161enjima, savjeti nijesu imali obavezu da informi\u0161u o na?inu kori\u0161?enja sredstava. Smatrao sam da je to, ipak, obaveza, i da savjet treba da ima adresu gdje da plasira ono \u0161to je na?in utro\u0161ka sredstava\u201d, naveo je Dino\u0161a.<br \/>\nOn je dodao da je \u201cbilo je reakcija koje su i\u0161le u tom pravcu da sredstva savjeta ne treba dijeliti proporcionalno u?e\u0161?u manjina u stanovni\u0161tvu Crne Gore\u201d.<br \/>\n\u201cJer se desilo da su savjet formirali i Srbi, odnosno srpska grupacija u Crnoj Gori, i po toj proporciji on odvla?i veliki dio novca namijenjenog savjetima manjina\u201d, pojasnio je Dino\u0161a.<br \/>\nZbog toga je, kako je naveo, napravljena izmjena koja predvi?a da upravni odbor fonda za manjine raspore?uje sredstva za rad savjeta, onako kako on ocijeni da treba.<br \/>\nFond za manjine u protekloj godini potro\u0161io je ne\u0161to vi\u0161e od 420.000 eura, od ?ega je za manjinske savjete i odobrene projekte odvojeno po 200 hiljada eura, dok je ostatak novca \u201eoti\u0161ao\u201c na tro\u0161kove rada te institucije, pi\u0161e u Izvje\u0161taju o radu te institucije za 2008. godinu.<\/p>\n<p><strong>D.MIHAJLOVI?<br \/>\n<a href=\"http:\/\/www.vijesti.me\/index.php?id=322926\" target=\"_blank\">Vijesti<\/a><\/strong><\/p>\n","protected":false},"excerpt":{"rendered":"<p>Odlu?io da se osveti Bardhiju Podgorica \u2013 Ministar za ljudska i manjinska prava Ferhat Dino\u0161a objasnio je ju?e da je inicijativu o izmjenama Zakona o manjinskim pravima pokrenuo da bi pobolj\u0161ao rad savjeta manjinskih zajednica, ali ne i za\u0161to je iz tog procesa, mimo zakona, isklju?io predstavnike tih tijela. Vlada je nedavno usvojila izmjene tog [&hellip;]<\/p>\n","protected":false},"author":1,"featured_media":0,"comment_status":"open","ping_status":"closed","sticky":false,"template":"","format":"standard","meta":{"spay_email":"","jetpack_publicize_message":"","jetpack_is_tweetstorm":false,"jetpack_publicize_feature_enabled":true},"categories":[8337],"tags":[88,347],"jetpack_publicize_connections":[],"yoast_head":"<!-- This site is optimized with the Yoast SEO plugin v19.1 - https:\/\/yoast.com\/wordpress\/plugins\/seo\/ -->\n<title>Dino\u0161a obja\u0161njava za\u0161to ?e da mijenja nacionalne savjete - Lajme nga Ulqini<\/title>\n<meta name=\"description\" content=\"Odlu?io da se osveti Bardhiju Podgorica \u2013 Ministar za ljudska i manjinska prava Ferhat Dino\u0161a objasnio je ju?e da je inicijativu o izmjenama Zakona o\" \/>\n<meta name=\"robots\" content=\"index, follow, max-snippet:-1, max-image-preview:large, max-video-preview:-1\" \/>\n<link rel=\"canonical\" href=\"https:\/\/www.visit-ulcinj.com\/blog\/2009\/11\/25\/dinosa-objasnjava-zasto-ce-da-mijenja-nacionalne-savjete\/\" \/>\n<meta property=\"og:locale\" content=\"en_US\" \/>\n<meta property=\"og:type\" content=\"article\" \/>\n<meta property=\"og:title\" content=\"Dino\u0161a obja\u0161njava za\u0161to ?e da mijenja nacionalne savjete - Lajme nga Ulqini\" \/>\n<meta property=\"og:description\" content=\"Odlu?io da se osveti Bardhiju Podgorica \u2013 Ministar za ljudska i manjinska prava Ferhat Dino\u0161a objasnio je ju?e da je inicijativu o izmjenama Zakona o\" \/>\n<meta property=\"og:url\" content=\"https:\/\/www.visit-ulcinj.com\/blog\/2009\/11\/25\/dinosa-objasnjava-zasto-ce-da-mijenja-nacionalne-savjete\/\" \/>\n<meta property=\"og:site_name\" content=\"Lajme nga Ulqini\" \/>\n<meta property=\"article:published_time\" content=\"2009-11-24T22:28:01+00:00\" \/>\n<meta property=\"article:modified_time\" content=\"2009-11-24T22:31:25+00:00\" \/>\n<meta property=\"og:image\" content=\"http:\/\/www.visit-ulcinj.com\/blog\/wp-content\/uploads\/2009\/11\/Ferhat-Dinosha_002.jpg\" \/>\n<meta name=\"twitter:label1\" content=\"Written by\" \/>\n\t<meta name=\"twitter:data1\" content=\"ulqini\" \/>\n\t<meta name=\"twitter:label2\" content=\"Est. reading time\" \/>\n\t<meta name=\"twitter:data2\" content=\"3 minutes\" \/>\n<script type=\"application\/ld+json\" class=\"yoast-schema-graph\">{\"@context\":\"https:\/\/schema.org\",\"@graph\":[{\"@type\":\"WebSite\",\"@id\":\"https:\/\/www.visit-ulcinj.com\/blog\/#website\",\"url\":\"https:\/\/www.visit-ulcinj.com\/blog\/\",\"name\":\"Lajme nga Ulqini\",\"description\":\"Lajme,Vijesti,Ulqini,Ulqin,Crna Gora,Mali i Zi\",\"potentialAction\":[{\"@type\":\"SearchAction\",\"target\":{\"@type\":\"EntryPoint\",\"urlTemplate\":\"https:\/\/www.visit-ulcinj.com\/blog\/?s={search_term_string}\"},\"query-input\":\"required name=search_term_string\"}],\"inLanguage\":\"en-US\"},{\"@type\":\"ImageObject\",\"inLanguage\":\"en-US\",\"@id\":\"https:\/\/www.visit-ulcinj.com\/blog\/2009\/11\/25\/dinosa-objasnjava-zasto-ce-da-mijenja-nacionalne-savjete\/#primaryimage\",\"url\":\"https:\/\/www.visit-ulcinj.com\/blog\/wp-content\/uploads\/2009\/11\/Ferhat-Dinosha_002.jpg\",\"contentUrl\":\"https:\/\/www.visit-ulcinj.com\/blog\/wp-content\/uploads\/2009\/11\/Ferhat-Dinosha_002.jpg\",\"width\":\"800\",\"height\":\"597\"},{\"@type\":\"WebPage\",\"@id\":\"https:\/\/www.visit-ulcinj.com\/blog\/2009\/11\/25\/dinosa-objasnjava-zasto-ce-da-mijenja-nacionalne-savjete\/#webpage\",\"url\":\"https:\/\/www.visit-ulcinj.com\/blog\/2009\/11\/25\/dinosa-objasnjava-zasto-ce-da-mijenja-nacionalne-savjete\/\",\"name\":\"Dino\u0161a obja\u0161njava za\u0161to ?e da mijenja nacionalne savjete - Lajme nga Ulqini\",\"isPartOf\":{\"@id\":\"https:\/\/www.visit-ulcinj.com\/blog\/#website\"},\"primaryImageOfPage\":{\"@id\":\"https:\/\/www.visit-ulcinj.com\/blog\/2009\/11\/25\/dinosa-objasnjava-zasto-ce-da-mijenja-nacionalne-savjete\/#primaryimage\"},\"datePublished\":\"2009-11-24T22:28:01+00:00\",\"dateModified\":\"2009-11-24T22:31:25+00:00\",\"author\":{\"@id\":\"https:\/\/www.visit-ulcinj.com\/blog\/#\/schema\/person\/dcab619c614d3038751c63bc2aadc06d\"},\"description\":\"Odlu?io da se osveti Bardhiju Podgorica \u2013 Ministar za ljudska i manjinska prava Ferhat Dino\u0161a objasnio je ju?e da je inicijativu o izmjenama Zakona o\",\"breadcrumb\":{\"@id\":\"https:\/\/www.visit-ulcinj.com\/blog\/2009\/11\/25\/dinosa-objasnjava-zasto-ce-da-mijenja-nacionalne-savjete\/#breadcrumb\"},\"inLanguage\":\"en-US\",\"potentialAction\":[{\"@type\":\"ReadAction\",\"target\":[\"https:\/\/www.visit-ulcinj.com\/blog\/2009\/11\/25\/dinosa-objasnjava-zasto-ce-da-mijenja-nacionalne-savjete\/\"]}]},{\"@type\":\"BreadcrumbList\",\"@id\":\"https:\/\/www.visit-ulcinj.com\/blog\/2009\/11\/25\/dinosa-objasnjava-zasto-ce-da-mijenja-nacionalne-savjete\/#breadcrumb\",\"itemListElement\":[{\"@type\":\"ListItem\",\"position\":1,\"name\":\"Dino\u0161a obja\u0161njava za\u0161to ?e da mijenja nacionalne savjete\"}]},{\"@type\":\"Person\",\"@id\":\"https:\/\/www.visit-ulcinj.com\/blog\/#\/schema\/person\/dcab619c614d3038751c63bc2aadc06d\",\"name\":\"ulqini\",\"sameAs\":[\"http:\/\/www.visit-ulcinj.com\"],\"url\":\"https:\/\/www.visit-ulcinj.com\/blog\/author\/admin\/\"}]}<\/script>\n<!-- \/ Yoast SEO plugin. -->","yoast_head_json":{"title":"Dino\u0161a obja\u0161njava za\u0161to ?e da mijenja nacionalne savjete - Lajme nga Ulqini","description":"Odlu?io da se osveti Bardhiju Podgorica \u2013 Ministar za ljudska i manjinska prava Ferhat Dino\u0161a objasnio je ju?e da je inicijativu o izmjenama Zakona o","robots":{"index":"index","follow":"follow","max-snippet":"max-snippet:-1","max-image-preview":"max-image-preview:large","max-video-preview":"max-video-preview:-1"},"canonical":"https:\/\/www.visit-ulcinj.com\/blog\/2009\/11\/25\/dinosa-objasnjava-zasto-ce-da-mijenja-nacionalne-savjete\/","og_locale":"en_US","og_type":"article","og_title":"Dino\u0161a obja\u0161njava za\u0161to ?e da mijenja nacionalne savjete - Lajme nga Ulqini","og_description":"Odlu?io da se osveti Bardhiju Podgorica \u2013 Ministar za ljudska i manjinska prava Ferhat Dino\u0161a objasnio je ju?e da je inicijativu o izmjenama Zakona o","og_url":"https:\/\/www.visit-ulcinj.com\/blog\/2009\/11\/25\/dinosa-objasnjava-zasto-ce-da-mijenja-nacionalne-savjete\/","og_site_name":"Lajme nga Ulqini","article_published_time":"2009-11-24T22:28:01+00:00","article_modified_time":"2009-11-24T22:31:25+00:00","og_image":[{"url":"http:\/\/www.visit-ulcinj.com\/blog\/wp-content\/uploads\/2009\/11\/Ferhat-Dinosha_002.jpg"}],"twitter_misc":{"Written by":"ulqini","Est. reading time":"3 minutes"},"schema":{"@context":"https:\/\/schema.org","@graph":[{"@type":"WebSite","@id":"https:\/\/www.visit-ulcinj.com\/blog\/#website","url":"https:\/\/www.visit-ulcinj.com\/blog\/","name":"Lajme nga Ulqini","description":"Lajme,Vijesti,Ulqini,Ulqin,Crna Gora,Mali i Zi","potentialAction":[{"@type":"SearchAction","target":{"@type":"EntryPoint","urlTemplate":"https:\/\/www.visit-ulcinj.com\/blog\/?s={search_term_string}"},"query-input":"required name=search_term_string"}],"inLanguage":"en-US"},{"@type":"ImageObject","inLanguage":"en-US","@id":"https:\/\/www.visit-ulcinj.com\/blog\/2009\/11\/25\/dinosa-objasnjava-zasto-ce-da-mijenja-nacionalne-savjete\/#primaryimage","url":"https:\/\/www.visit-ulcinj.com\/blog\/wp-content\/uploads\/2009\/11\/Ferhat-Dinosha_002.jpg","contentUrl":"https:\/\/www.visit-ulcinj.com\/blog\/wp-content\/uploads\/2009\/11\/Ferhat-Dinosha_002.jpg","width":"800","height":"597"},{"@type":"WebPage","@id":"https:\/\/www.visit-ulcinj.com\/blog\/2009\/11\/25\/dinosa-objasnjava-zasto-ce-da-mijenja-nacionalne-savjete\/#webpage","url":"https:\/\/www.visit-ulcinj.com\/blog\/2009\/11\/25\/dinosa-objasnjava-zasto-ce-da-mijenja-nacionalne-savjete\/","name":"Dino\u0161a obja\u0161njava za\u0161to ?e da mijenja nacionalne savjete - Lajme nga Ulqini","isPartOf":{"@id":"https:\/\/www.visit-ulcinj.com\/blog\/#website"},"primaryImageOfPage":{"@id":"https:\/\/www.visit-ulcinj.com\/blog\/2009\/11\/25\/dinosa-objasnjava-zasto-ce-da-mijenja-nacionalne-savjete\/#primaryimage"},"datePublished":"2009-11-24T22:28:01+00:00","dateModified":"2009-11-24T22:31:25+00:00","author":{"@id":"https:\/\/www.visit-ulcinj.com\/blog\/#\/schema\/person\/dcab619c614d3038751c63bc2aadc06d"},"description":"Odlu?io da se osveti Bardhiju Podgorica \u2013 Ministar za ljudska i manjinska prava Ferhat Dino\u0161a objasnio je ju?e da je inicijativu o izmjenama Zakona o","breadcrumb":{"@id":"https:\/\/www.visit-ulcinj.com\/blog\/2009\/11\/25\/dinosa-objasnjava-zasto-ce-da-mijenja-nacionalne-savjete\/#breadcrumb"},"inLanguage":"en-US","potentialAction":[{"@type":"ReadAction","target":["https:\/\/www.visit-ulcinj.com\/blog\/2009\/11\/25\/dinosa-objasnjava-zasto-ce-da-mijenja-nacionalne-savjete\/"]}]},{"@type":"BreadcrumbList","@id":"https:\/\/www.visit-ulcinj.com\/blog\/2009\/11\/25\/dinosa-objasnjava-zasto-ce-da-mijenja-nacionalne-savjete\/#breadcrumb","itemListElement":[{"@type":"ListItem","position":1,"name":"Dino\u0161a obja\u0161njava za\u0161to ?e da mijenja nacionalne savjete"}]},{"@type":"Person","@id":"https:\/\/www.visit-ulcinj.com\/blog\/#\/schema\/person\/dcab619c614d3038751c63bc2aadc06d","name":"ulqini","sameAs":["http:\/\/www.visit-ulcinj.com"],"url":"https:\/\/www.visit-ulcinj.com\/blog\/author\/admin\/"}]}},"jetpack_featured_media_url":"","jetpack_sharing_enabled":true,"jetpack_shortlink":"https:\/\/wp.me\/pe6lTn-7a7","_links":{"self":[{"href":"https:\/\/www.visit-ulcinj.com\/blog\/wp-json\/wp\/v2\/posts\/27535"}],"collection":[{"href":"https:\/\/www.visit-ulcinj.com\/blog\/wp-json\/wp\/v2\/posts"}],"about":[{"href":"https:\/\/www.visit-ulcinj.com\/blog\/wp-json\/wp\/v2\/types\/post"}],"author":[{"embeddable":true,"href":"https:\/\/www.visit-ulcinj.com\/blog\/wp-json\/wp\/v2\/users\/1"}],"replies":[{"embeddable":true,"href":"https:\/\/www.visit-ulcinj.com\/blog\/wp-json\/wp\/v2\/comments?post=27535"}],"version-history":[{"count":0,"href":"https:\/\/www.visit-ulcinj.com\/blog\/wp-json\/wp\/v2\/posts\/27535\/revisions"}],"wp:attachment":[{"href":"https:\/\/www.visit-ulcinj.com\/blog\/wp-json\/wp\/v2\/media?parent=27535"}],"wp:term":[{"taxonomy":"category","embeddable":true,"href":"https:\/\/www.visit-ulcinj.com\/blog\/wp-json\/wp\/v2\/categories?post=27535"},{"taxonomy":"post_tag","embeddable":true,"href":"https:\/\/www.visit-ulcinj.com\/blog\/wp-json\/wp\/v2\/tags?post=27535"}],"curies":[{"name":"wp","href":"https:\/\/api.w.org\/{rel}","templated":true}]}}