{"id":27547,"date":"2009-11-25T20:19:33","date_gmt":"2009-11-25T18:19:33","guid":{"rendered":"http:\/\/www.visit-ulcinj.com\/blog\/?p=27547"},"modified":"2009-11-25T20:19:33","modified_gmt":"2009-11-25T18:19:33","slug":"manjina-je-premalo-na-malim-ekranima","status":"publish","type":"post","link":"https:\/\/www.visit-ulcinj.com\/blog\/2009\/11\/25\/manjina-je-premalo-na-malim-ekranima\/","title":{"rendered":"Manjina je premalo na malim ekranima"},"content":{"rendered":"<p><strong><a href=\"http:\/\/www.visit-ulcinj.com\/blog\/wp-content\/uploads\/2009\/11\/lajmet_rtcg.jpg\"><img loading=\"lazy\" class=\"alignleft size-full wp-image-27548\" title=\"lajmet_rtcg\" src=\"http:\/\/www.visit-ulcinj.com\/blog\/wp-content\/uploads\/2009\/11\/lajmet_rtcg.jpg\" alt=\"lajmet_rtcg\" width=\"580\" height=\"227\" srcset=\"https:\/\/www.visit-ulcinj.com\/blog\/wp-content\/uploads\/2009\/11\/lajmet_rtcg.jpg 580w, https:\/\/www.visit-ulcinj.com\/blog\/wp-content\/uploads\/2009\/11\/lajmet_rtcg-300x117.jpg 300w\" sizes=\"(max-width: 580px) 100vw, 580px\" \/><\/a>Istra\u017eivanje inicijative mladih za ljudska prava pokazuje da RTCG ne po\u0161tuje ustav i medijske zakone<\/strong><br \/>\nPodgorica \u2013 Dnevne vijesti na albanskom jeziku \u201cLajmet\u201d i nedjeljni magazin \u201cMozaiku\u201d ne zadovoljavaju albanske gledaoce Televizije Crne Gore, pokazalo je istra\u017eivanje Inicijative mladih za ljudska prava (YIHR).<br \/>\nIstra\u017eiva?i su zaklju?ili da svi manjinski narodi vi\u0161e vjeruju lokalnim javnim servisima nego RTCG, koja ne potencira dovoljno kulturu i probleme razli?itih nacija.<br \/>\nAlbanci, koji su uz Rome jedina jezi?ka manjina u Crnoj Gori, ka\u017eu da ra?e slu\u0161aju Radio Ulcinj ili po informaciju odu na internet, nego da gledaju zastarjele programe RTCG.<br \/>\n\u201cSvi u?esnici (istra\u017eivanja) su se saglasili da \u201cMozaiku\u201d ne zadovoljava njihova o?ekivanja i potrebe. Informacije i sadr\u017eaj emisije su lo\u0161eg kvaliteta\u201d, zaklju?ak je razgovora anketara sa albanskim politi?arima, NVO aktivistima i grupom Ulcinjana albanske nacionalnosti.<br \/>\nNakon polugodi\u0161njeg istra\u017eivanja YIHR o medijskim programima za manjine na javnim servisima, zaklju?eno je da bi nedjeljnik \u201cKoha Javore\u201d trebalo odvojiti od NJP \u201cPobjeda\u201d, kako bi se stekli uslovi da postane kvalitetan medij.<br \/>\nIstra\u017eivanje pokazuje da su u medijskoj blokadi Romi, A\u0161kalije i Egip?ani koji na Javnom servisu nemaju informativnu emisiju na maternjem jeziku.<br \/>\n\u201cNijedan novinar romske nacionalnosti nema stalno zaposlenje na javnim servisima. Jedan novinar radi honorarno u RTCG. Najve?i problem je nepostojanje kadra me?u Romima, ili novinarima koji aktivno govore romski jezik\u201d, napominju istra\u017eiva?i YIHR.<br \/>\nOsim jedne polu?asovne emisije na Radiju Crne Gore i jedne mjese?ne na televiziji, Romi su ciljna grupa jedino uredni\u0161tvima lokalnih radio-stanica u Baru, Tivtu i Nik\u0161i?u, u emisijama koje se emituju svakih 15 dana.<br \/>\n\u201cGolu djecu puste da se igraju u blatu pred kamerama. Prikazuju sme?e oko na\u0161ih ku?a. Smatram da bi mediji, bilo pisani ili eletronski, trebalo da prenose mnogo bolje sadr\u017eaje o nama. Prikazuju Rome izbjeglice, ljude koji su ostavili sve \u0161to su imali i do\u0161li ovdje bez i?ega. Oni moraju biti siroma\u0161ni\u201d, \u017eali se jedan od anketiranih Roma, gledalac RTCG.<br \/>\nStereotipno izbje\u0161tavanje o Romima, smatraju istra\u017eiva?i YIHR, mo\u017ee jo\u0161 vi\u0161e produbiti etni?ku distancu.<br \/>\nNi anketirani Srbi, Bo\u0161njaci i Hrvati nijesu pohvalno govorili o svom medijskom tretmanu na Javnom servisu.<br \/>\nIspitani Pljevljaci srpske nacionalnosti istakli su da Javni servis diskrimini\u0161e Mitropoliju crnogorsko-primorsku i da su zadovoljniji kvalitetom programima Radio-televizije Srbije ili nekih drugi regionalnih medija.<br \/>\nUrednik Televizije \u201cVijesti\u201d Adnan Preki?, rekao je anketarima da na Javnom servisu RTCG uop\u0161te ne postoje programi za manjine, jer redakcije koje ih proizvode nijesu nezavisne u osnovnim ure?iva?kim pitanjima.<br \/>\n\u201cPremalo ljudi radi na tim programima i \u0161to je najva\u017enije, svi ti programi za manjinske zajednice svode se na nivo folklora i zanimljivosti\u201d, napomenuo je Preki? u odgovoru na upitnik podgori?ke NVO.<br \/>\nKoordinator programa YIHR Milan Radovi? predla\u017ee da javni servisi zaposle vi\u0161e novinara koji pripadaju manjinskim nacijama.<br \/>\n\u201cTo bi pomoglo da programe za manjine rade ljudi koji njihove probleme razumiju i osje?aju bolje od ostalih\u201d, rekao je Radovi? \u201cVijestima\u201d.<br \/>\nAdvokatica Azra Jasavi?, pravna saradnica YIHR, ka\u017ee da crnogorski zakoni \u201crelativno dobro\u201d propisuju obavezu javnih servisa da informi\u0161u manjine, ali da to nije dovoljno.<br \/>\n\u201cProblem je primjena tih zakona, koja mora da bude bolja\u201d, rekla je ju?e Jasavi? na konferenciji za novinare na kojoj je predstavljeno istra\u017eivanje.<br \/>\nIstra\u017eiva?i su procijenili da Savjeti nacionalnih zajednica u Crnoj Gori dobijaju zna?ajan novac iz bud\u017eeta i da bi, umjesto osnivanja novih medija, mogli na javnim servisima osmisliti kvalitetne programe.<br \/>\nUstav Crne Gore svim manjinama garantuje pravo na informisanje na maternjim jezicima, kao i grupa medijskih zakona. U YIHR smatraju da bi Agencija za radio-difuziju trebalo da nadgleda koliko javni servisi tu zakonsku obavezu po\u0161tuju.<\/p>\n<p><strong>Hrvati ho?e da ?uju istinu o ratu<\/strong><\/p>\n<p>Da Javni servis ignori\u0161e zna?aj hrvatske manjine u Crnoj Gori istra\u017eiva?ima su u maju rekli anketirani Hrvati iz Kotora, koji lak\u0161e prihvataju i da emisije o Hrvatima na RTCG nema, nego da bude lo\u0161eg kvaliteta.<br \/>\n\u201cKada se rade emisije o Kotoru, nigdje se ne pominje hrvatska manjina, bez obzira \u0161to je ona imala veliki udio u razvoju te kulture. Ne spominje se hrvatski narod. Jednostavno sve se to pakuje kao crnogorska kultura\u201d, napomenuo je anketirani Kotoranin. Istra\u017eivanje je pokazalo da Hrvati vide napredak u kvalitetu programa RTCG, ali zamjeraju Javnom servisu \u0161to ne pokre?e pitanje ko je odgovoran za ratove devedesetih.<\/p>\n<p><strong>Dino\u0161a zaboravio Rome<\/strong><\/p>\n<p>Iako je na popisu stanovni\u0161tva iz 2003. godine oko 2.600 gra?ana reklo da im je maternji jezik romski, Ferhat Dino\u0161a, ministar za za\u0161titu ljudskih i manjinskih prava, smatra da su Albanci jedina jezi?ka manjina u Crnoj Gori.<br \/>\nIstra\u017eiva?i YIHR se pozivaju na ovogodi\u0161nje istra\u017eivanje UNHCR-a i napominju da u Crnoj Gori \u017eivi 4.458 Roma koji su raseljena lica.<br \/>\nDino\u0161a je anketarima rekao da Albanci kao \u201cjedina jezi?ka manjina u Crnoj Gori\u201d, treba da dobiju cjelodnevni program na posebnom televizijskom kanalu na albanskom jeziku.<br \/>\n<strong><br \/>\nBr.M.<br \/>\n<a href=\"http:\/\/www.vijesti.me\/index.php?id_pre=323056&amp;godina=2009\" target=\"_blank\">Vijesti<\/a><\/strong><\/p>\n","protected":false},"excerpt":{"rendered":"<p>Istra\u017eivanje inicijative mladih za ljudska prava pokazuje da RTCG ne po\u0161tuje ustav i medijske zakone Podgorica \u2013 Dnevne vijesti na albanskom jeziku \u201cLajmet\u201d i nedjeljni magazin \u201cMozaiku\u201d ne zadovoljavaju albanske gledaoce Televizije Crne Gore, pokazalo je istra\u017eivanje Inicijative mladih za ljudska prava (YIHR). Istra\u017eiva?i su zaklju?ili da svi manjinski narodi vi\u0161e vjeruju lokalnim javnim servisima [&hellip;]<\/p>\n","protected":false},"author":1,"featured_media":0,"comment_status":"open","ping_status":"closed","sticky":false,"template":"","format":"standard","meta":{"spay_email":"","jetpack_publicize_message":"","jetpack_is_tweetstorm":false,"jetpack_publicize_feature_enabled":true},"categories":[8337],"tags":[1520,3614,88,3612,12896,12897,9620,12895,12436,3302,2785],"jetpack_publicize_connections":[],"yoast_head":"<!-- This site is optimized with the Yoast SEO plugin v19.1 - https:\/\/yoast.com\/wordpress\/plugins\/seo\/ -->\n<title>Manjina je premalo na malim ekranima - Lajme nga Ulqini<\/title>\n<meta name=\"description\" content=\"Istra\u017eivanje inicijative mladih za ljudska prava pokazuje da RTCG ne po\u0161tuje ustav i medijske zakone Podgorica \u2013 Dnevne vijesti na albanskom jeziku\" \/>\n<meta name=\"robots\" content=\"index, follow, max-snippet:-1, max-image-preview:large, max-video-preview:-1\" \/>\n<link rel=\"canonical\" href=\"https:\/\/www.visit-ulcinj.com\/blog\/2009\/11\/25\/manjina-je-premalo-na-malim-ekranima\/\" \/>\n<meta property=\"og:locale\" content=\"en_US\" \/>\n<meta property=\"og:type\" content=\"article\" \/>\n<meta property=\"og:title\" content=\"Manjina je premalo na malim ekranima - Lajme nga Ulqini\" \/>\n<meta property=\"og:description\" content=\"Istra\u017eivanje inicijative mladih za ljudska prava pokazuje da RTCG ne po\u0161tuje ustav i medijske zakone Podgorica \u2013 Dnevne vijesti na albanskom jeziku\" \/>\n<meta property=\"og:url\" content=\"https:\/\/www.visit-ulcinj.com\/blog\/2009\/11\/25\/manjina-je-premalo-na-malim-ekranima\/\" \/>\n<meta property=\"og:site_name\" content=\"Lajme nga Ulqini\" \/>\n<meta property=\"article:published_time\" content=\"2009-11-25T18:19:33+00:00\" \/>\n<meta property=\"og:image\" content=\"http:\/\/www.visit-ulcinj.com\/blog\/wp-content\/uploads\/2009\/11\/lajmet_rtcg.jpg\" \/>\n<meta name=\"twitter:label1\" content=\"Written by\" \/>\n\t<meta name=\"twitter:data1\" content=\"ulqini\" \/>\n\t<meta name=\"twitter:label2\" content=\"Est. reading time\" \/>\n\t<meta name=\"twitter:data2\" content=\"4 minutes\" \/>\n<script type=\"application\/ld+json\" class=\"yoast-schema-graph\">{\"@context\":\"https:\/\/schema.org\",\"@graph\":[{\"@type\":\"WebSite\",\"@id\":\"https:\/\/www.visit-ulcinj.com\/blog\/#website\",\"url\":\"https:\/\/www.visit-ulcinj.com\/blog\/\",\"name\":\"Lajme nga Ulqini\",\"description\":\"Lajme,Vijesti,Ulqini,Ulqin,Crna Gora,Mali i Zi\",\"potentialAction\":[{\"@type\":\"SearchAction\",\"target\":{\"@type\":\"EntryPoint\",\"urlTemplate\":\"https:\/\/www.visit-ulcinj.com\/blog\/?s={search_term_string}\"},\"query-input\":\"required name=search_term_string\"}],\"inLanguage\":\"en-US\"},{\"@type\":\"ImageObject\",\"inLanguage\":\"en-US\",\"@id\":\"https:\/\/www.visit-ulcinj.com\/blog\/2009\/11\/25\/manjina-je-premalo-na-malim-ekranima\/#primaryimage\",\"url\":\"https:\/\/www.visit-ulcinj.com\/blog\/wp-content\/uploads\/2009\/11\/lajmet_rtcg.jpg\",\"contentUrl\":\"https:\/\/www.visit-ulcinj.com\/blog\/wp-content\/uploads\/2009\/11\/lajmet_rtcg.jpg\",\"width\":\"580\",\"height\":\"227\"},{\"@type\":\"WebPage\",\"@id\":\"https:\/\/www.visit-ulcinj.com\/blog\/2009\/11\/25\/manjina-je-premalo-na-malim-ekranima\/#webpage\",\"url\":\"https:\/\/www.visit-ulcinj.com\/blog\/2009\/11\/25\/manjina-je-premalo-na-malim-ekranima\/\",\"name\":\"Manjina je premalo na malim ekranima - Lajme nga Ulqini\",\"isPartOf\":{\"@id\":\"https:\/\/www.visit-ulcinj.com\/blog\/#website\"},\"primaryImageOfPage\":{\"@id\":\"https:\/\/www.visit-ulcinj.com\/blog\/2009\/11\/25\/manjina-je-premalo-na-malim-ekranima\/#primaryimage\"},\"datePublished\":\"2009-11-25T18:19:33+00:00\",\"dateModified\":\"2009-11-25T18:19:33+00:00\",\"author\":{\"@id\":\"https:\/\/www.visit-ulcinj.com\/blog\/#\/schema\/person\/dcab619c614d3038751c63bc2aadc06d\"},\"description\":\"Istra\u017eivanje inicijative mladih za ljudska prava pokazuje da RTCG ne po\u0161tuje ustav i medijske zakone Podgorica \u2013 Dnevne vijesti na albanskom jeziku\",\"breadcrumb\":{\"@id\":\"https:\/\/www.visit-ulcinj.com\/blog\/2009\/11\/25\/manjina-je-premalo-na-malim-ekranima\/#breadcrumb\"},\"inLanguage\":\"en-US\",\"potentialAction\":[{\"@type\":\"ReadAction\",\"target\":[\"https:\/\/www.visit-ulcinj.com\/blog\/2009\/11\/25\/manjina-je-premalo-na-malim-ekranima\/\"]}]},{\"@type\":\"BreadcrumbList\",\"@id\":\"https:\/\/www.visit-ulcinj.com\/blog\/2009\/11\/25\/manjina-je-premalo-na-malim-ekranima\/#breadcrumb\",\"itemListElement\":[{\"@type\":\"ListItem\",\"position\":1,\"name\":\"Manjina je premalo na malim ekranima\"}]},{\"@type\":\"Person\",\"@id\":\"https:\/\/www.visit-ulcinj.com\/blog\/#\/schema\/person\/dcab619c614d3038751c63bc2aadc06d\",\"name\":\"ulqini\",\"sameAs\":[\"http:\/\/www.visit-ulcinj.com\"],\"url\":\"https:\/\/www.visit-ulcinj.com\/blog\/author\/admin\/\"}]}<\/script>\n<!-- \/ Yoast SEO plugin. -->","yoast_head_json":{"title":"Manjina je premalo na malim ekranima - Lajme nga Ulqini","description":"Istra\u017eivanje inicijative mladih za ljudska prava pokazuje da RTCG ne po\u0161tuje ustav i medijske zakone Podgorica \u2013 Dnevne vijesti na albanskom jeziku","robots":{"index":"index","follow":"follow","max-snippet":"max-snippet:-1","max-image-preview":"max-image-preview:large","max-video-preview":"max-video-preview:-1"},"canonical":"https:\/\/www.visit-ulcinj.com\/blog\/2009\/11\/25\/manjina-je-premalo-na-malim-ekranima\/","og_locale":"en_US","og_type":"article","og_title":"Manjina je premalo na malim ekranima - Lajme nga Ulqini","og_description":"Istra\u017eivanje inicijative mladih za ljudska prava pokazuje da RTCG ne po\u0161tuje ustav i medijske zakone Podgorica \u2013 Dnevne vijesti na albanskom jeziku","og_url":"https:\/\/www.visit-ulcinj.com\/blog\/2009\/11\/25\/manjina-je-premalo-na-malim-ekranima\/","og_site_name":"Lajme nga Ulqini","article_published_time":"2009-11-25T18:19:33+00:00","og_image":[{"url":"http:\/\/www.visit-ulcinj.com\/blog\/wp-content\/uploads\/2009\/11\/lajmet_rtcg.jpg"}],"twitter_misc":{"Written by":"ulqini","Est. reading time":"4 minutes"},"schema":{"@context":"https:\/\/schema.org","@graph":[{"@type":"WebSite","@id":"https:\/\/www.visit-ulcinj.com\/blog\/#website","url":"https:\/\/www.visit-ulcinj.com\/blog\/","name":"Lajme nga Ulqini","description":"Lajme,Vijesti,Ulqini,Ulqin,Crna Gora,Mali i Zi","potentialAction":[{"@type":"SearchAction","target":{"@type":"EntryPoint","urlTemplate":"https:\/\/www.visit-ulcinj.com\/blog\/?s={search_term_string}"},"query-input":"required name=search_term_string"}],"inLanguage":"en-US"},{"@type":"ImageObject","inLanguage":"en-US","@id":"https:\/\/www.visit-ulcinj.com\/blog\/2009\/11\/25\/manjina-je-premalo-na-malim-ekranima\/#primaryimage","url":"https:\/\/www.visit-ulcinj.com\/blog\/wp-content\/uploads\/2009\/11\/lajmet_rtcg.jpg","contentUrl":"https:\/\/www.visit-ulcinj.com\/blog\/wp-content\/uploads\/2009\/11\/lajmet_rtcg.jpg","width":"580","height":"227"},{"@type":"WebPage","@id":"https:\/\/www.visit-ulcinj.com\/blog\/2009\/11\/25\/manjina-je-premalo-na-malim-ekranima\/#webpage","url":"https:\/\/www.visit-ulcinj.com\/blog\/2009\/11\/25\/manjina-je-premalo-na-malim-ekranima\/","name":"Manjina je premalo na malim ekranima - Lajme nga Ulqini","isPartOf":{"@id":"https:\/\/www.visit-ulcinj.com\/blog\/#website"},"primaryImageOfPage":{"@id":"https:\/\/www.visit-ulcinj.com\/blog\/2009\/11\/25\/manjina-je-premalo-na-malim-ekranima\/#primaryimage"},"datePublished":"2009-11-25T18:19:33+00:00","dateModified":"2009-11-25T18:19:33+00:00","author":{"@id":"https:\/\/www.visit-ulcinj.com\/blog\/#\/schema\/person\/dcab619c614d3038751c63bc2aadc06d"},"description":"Istra\u017eivanje inicijative mladih za ljudska prava pokazuje da RTCG ne po\u0161tuje ustav i medijske zakone Podgorica \u2013 Dnevne vijesti na albanskom jeziku","breadcrumb":{"@id":"https:\/\/www.visit-ulcinj.com\/blog\/2009\/11\/25\/manjina-je-premalo-na-malim-ekranima\/#breadcrumb"},"inLanguage":"en-US","potentialAction":[{"@type":"ReadAction","target":["https:\/\/www.visit-ulcinj.com\/blog\/2009\/11\/25\/manjina-je-premalo-na-malim-ekranima\/"]}]},{"@type":"BreadcrumbList","@id":"https:\/\/www.visit-ulcinj.com\/blog\/2009\/11\/25\/manjina-je-premalo-na-malim-ekranima\/#breadcrumb","itemListElement":[{"@type":"ListItem","position":1,"name":"Manjina je premalo na malim ekranima"}]},{"@type":"Person","@id":"https:\/\/www.visit-ulcinj.com\/blog\/#\/schema\/person\/dcab619c614d3038751c63bc2aadc06d","name":"ulqini","sameAs":["http:\/\/www.visit-ulcinj.com"],"url":"https:\/\/www.visit-ulcinj.com\/blog\/author\/admin\/"}]}},"jetpack_featured_media_url":"","jetpack_sharing_enabled":true,"jetpack_shortlink":"https:\/\/wp.me\/pe6lTn-7aj","_links":{"self":[{"href":"https:\/\/www.visit-ulcinj.com\/blog\/wp-json\/wp\/v2\/posts\/27547"}],"collection":[{"href":"https:\/\/www.visit-ulcinj.com\/blog\/wp-json\/wp\/v2\/posts"}],"about":[{"href":"https:\/\/www.visit-ulcinj.com\/blog\/wp-json\/wp\/v2\/types\/post"}],"author":[{"embeddable":true,"href":"https:\/\/www.visit-ulcinj.com\/blog\/wp-json\/wp\/v2\/users\/1"}],"replies":[{"embeddable":true,"href":"https:\/\/www.visit-ulcinj.com\/blog\/wp-json\/wp\/v2\/comments?post=27547"}],"version-history":[{"count":0,"href":"https:\/\/www.visit-ulcinj.com\/blog\/wp-json\/wp\/v2\/posts\/27547\/revisions"}],"wp:attachment":[{"href":"https:\/\/www.visit-ulcinj.com\/blog\/wp-json\/wp\/v2\/media?parent=27547"}],"wp:term":[{"taxonomy":"category","embeddable":true,"href":"https:\/\/www.visit-ulcinj.com\/blog\/wp-json\/wp\/v2\/categories?post=27547"},{"taxonomy":"post_tag","embeddable":true,"href":"https:\/\/www.visit-ulcinj.com\/blog\/wp-json\/wp\/v2\/tags?post=27547"}],"curies":[{"name":"wp","href":"https:\/\/api.w.org\/{rel}","templated":true}]}}