{"id":27558,"date":"2009-11-25T21:36:49","date_gmt":"2009-11-25T19:36:49","guid":{"rendered":"http:\/\/www.visit-ulcinj.com\/blog\/?p=27558"},"modified":"2009-11-25T21:39:22","modified_gmt":"2009-11-25T19:39:22","slug":"hana-emrin-ma-ka-vene-motra-ime-fjolla","status":"publish","type":"post","link":"https:\/\/www.visit-ulcinj.com\/blog\/2009\/11\/25\/hana-emrin-ma-ka-vene-motra-ime-fjolla\/","title":{"rendered":"Hana: Emrin ma ka v\u00ebn\u00eb motra ime, Fjolla"},"content":{"rendered":"<p><a href=\"http:\/\/www.visit-ulcinj.com\/blog\/wp-content\/uploads\/2009\/11\/Fjolla-dhe-Hana-Cakuli_ulqin.jpg\"><img loading=\"lazy\" class=\"alignleft size-full wp-image-27559\" title=\"Fjolla dhe Hana Cakuli_ulqin\" src=\"http:\/\/www.visit-ulcinj.com\/blog\/wp-content\/uploads\/2009\/11\/Fjolla-dhe-Hana-Cakuli_ulqin.jpg\" alt=\"Fjolla dhe Hana Cakuli_ulqin\" width=\"580\" height=\"400\" \/><\/a>E njohur me k\u00ebng\u00ebn \u201cSimbol\u201d, bukuroshja nga Ulqini, Hana Cakuli, ka rr\u00ebfyer p\u00ebr mediet se emrin q\u00eb sot e mban me krenari, ia ka vendosur e motra. Me emrin q\u00eb mban nj\u00eb objekt qiellor i shndritsh\u00ebm, at\u00eb e ka pag\u00ebzuar e motra, e cila n\u00eb koh\u00ebn q\u00eb Hana ndodhej ende n\u00eb bark, ishte shum\u00eb e vog\u00ebl, aq sa nuk mund t\u00eb fliste mir\u00eb. \u201cEmrin ma ka v\u00ebn\u00eb n\u00eb nj\u00ebfar\u00eb m\u00ebnyre motra ime Fjolla, e cila \u00ebsht\u00eb ve\u00e7 11 muaj m\u00eb e madhe se un\u00eb. Kur n\u00ebna ka qen\u00eb shtatz\u00ebn\u00eb n\u00eb mua, kishte dal\u00eb nj\u00eb pasdite p\u00ebr t\u00eb sh\u00ebtitur Fjoll\u00ebn, e cila ka ngritur kok\u00ebn dhe sapo ka par\u00eb h\u00ebn\u00ebn n\u00eb qiell, ka th\u00ebn\u00eb: beba, beba. K\u00ebtu lindi ideja e prind\u00ebrve p\u00ebr emrin tim. Pastaj, kur un\u00eb erdha n\u00eb k\u00ebt\u00eb bot\u00eb, prind\u00ebrit e kishin kuptuar q\u00eb ky ishte emri i duhur p\u00ebr mua\u201d, rikujton k\u00ebng\u00ebtarja n\u00eb lidhje me historin\u00eb q\u00eb prind\u00ebrit i kan\u00eb treguar koh\u00eb m\u00eb par\u00eb, q\u00eb lidhet me emrin e saj.<\/p>\n<p><strong>Bota Sot<br \/>\n<\/strong><!--YouTube Error: bad URL entered--><\/p>\n","protected":false},"excerpt":{"rendered":"<p>E njohur me k\u00ebng\u00ebn \u201cSimbol\u201d, bukuroshja nga Ulqini, Hana Cakuli, ka rr\u00ebfyer p\u00ebr mediet se emrin q\u00eb sot e mban me krenari, ia ka vendosur e motra. Me emrin q\u00eb mban nj\u00eb objekt qiellor i shndritsh\u00ebm, at\u00eb e ka pag\u00ebzuar e motra, e cila n\u00eb koh\u00ebn q\u00eb Hana ndodhej ende n\u00eb bark, ishte shum\u00eb e [&hellip;]<\/p>\n","protected":false},"author":1,"featured_media":0,"comment_status":"open","ping_status":"closed","sticky":false,"template":"","format":"standard","meta":{"spay_email":"","jetpack_publicize_message":"","jetpack_is_tweetstorm":false,"jetpack_publicize_feature_enabled":true},"categories":[1],"tags":[12898,3201,95,40,42,200],"jetpack_publicize_connections":[],"yoast_head":"<!-- This site is optimized with the Yoast SEO plugin v19.1 - https:\/\/yoast.com\/wordpress\/plugins\/seo\/ -->\n<title>Hana: Emrin ma ka v\u00ebn\u00eb motra ime, Fjolla - Lajme nga Ulqini<\/title>\n<meta name=\"description\" content=\"E njohur me k\u00ebng\u00ebn \u201cSimbol\u201d, bukuroshja nga Ulqini, Hana Cakuli, ka rr\u00ebfyer p\u00ebr mediet se emrin q\u00eb sot e mban me krenari, ia ka vendosur e motra. Me emrin\" \/>\n<meta name=\"robots\" content=\"index, follow, max-snippet:-1, max-image-preview:large, max-video-preview:-1\" \/>\n<link rel=\"canonical\" href=\"https:\/\/www.visit-ulcinj.com\/blog\/2009\/11\/25\/hana-emrin-ma-ka-vene-motra-ime-fjolla\/\" \/>\n<meta property=\"og:locale\" content=\"en_US\" \/>\n<meta property=\"og:type\" content=\"article\" \/>\n<meta property=\"og:title\" content=\"Hana: Emrin ma ka v\u00ebn\u00eb motra ime, Fjolla - Lajme nga Ulqini\" \/>\n<meta property=\"og:description\" content=\"E njohur me k\u00ebng\u00ebn \u201cSimbol\u201d, bukuroshja nga Ulqini, Hana Cakuli, ka rr\u00ebfyer p\u00ebr mediet se emrin q\u00eb sot e mban me krenari, ia ka vendosur e motra. Me emrin\" \/>\n<meta property=\"og:url\" content=\"https:\/\/www.visit-ulcinj.com\/blog\/2009\/11\/25\/hana-emrin-ma-ka-vene-motra-ime-fjolla\/\" \/>\n<meta property=\"og:site_name\" content=\"Lajme nga Ulqini\" \/>\n<meta property=\"article:published_time\" content=\"2009-11-25T19:36:49+00:00\" \/>\n<meta property=\"article:modified_time\" content=\"2009-11-25T19:39:22+00:00\" \/>\n<meta property=\"og:image\" content=\"http:\/\/www.visit-ulcinj.com\/blog\/wp-content\/uploads\/2009\/11\/Fjolla-dhe-Hana-Cakuli_ulqin.jpg\" \/>\n<meta name=\"twitter:label1\" content=\"Written by\" \/>\n\t<meta name=\"twitter:data1\" content=\"ulqini\" \/>\n\t<meta name=\"twitter:label2\" content=\"Est. reading time\" \/>\n\t<meta name=\"twitter:data2\" content=\"1 minute\" \/>\n<script type=\"application\/ld+json\" class=\"yoast-schema-graph\">{\"@context\":\"https:\/\/schema.org\",\"@graph\":[{\"@type\":\"WebSite\",\"@id\":\"https:\/\/www.visit-ulcinj.com\/blog\/#website\",\"url\":\"https:\/\/www.visit-ulcinj.com\/blog\/\",\"name\":\"Lajme nga Ulqini\",\"description\":\"Lajme,Vijesti,Ulqini,Ulqin,Crna Gora,Mali i Zi\",\"potentialAction\":[{\"@type\":\"SearchAction\",\"target\":{\"@type\":\"EntryPoint\",\"urlTemplate\":\"https:\/\/www.visit-ulcinj.com\/blog\/?s={search_term_string}\"},\"query-input\":\"required name=search_term_string\"}],\"inLanguage\":\"en-US\"},{\"@type\":\"ImageObject\",\"inLanguage\":\"en-US\",\"@id\":\"https:\/\/www.visit-ulcinj.com\/blog\/2009\/11\/25\/hana-emrin-ma-ka-vene-motra-ime-fjolla\/#primaryimage\",\"url\":\"https:\/\/www.visit-ulcinj.com\/blog\/wp-content\/uploads\/2009\/11\/Fjolla-dhe-Hana-Cakuli_ulqin.jpg\",\"contentUrl\":\"https:\/\/www.visit-ulcinj.com\/blog\/wp-content\/uploads\/2009\/11\/Fjolla-dhe-Hana-Cakuli_ulqin.jpg\",\"width\":\"1200\",\"height\":\"800\"},{\"@type\":\"WebPage\",\"@id\":\"https:\/\/www.visit-ulcinj.com\/blog\/2009\/11\/25\/hana-emrin-ma-ka-vene-motra-ime-fjolla\/#webpage\",\"url\":\"https:\/\/www.visit-ulcinj.com\/blog\/2009\/11\/25\/hana-emrin-ma-ka-vene-motra-ime-fjolla\/\",\"name\":\"Hana: Emrin ma ka v\u00ebn\u00eb motra ime, Fjolla - Lajme nga Ulqini\",\"isPartOf\":{\"@id\":\"https:\/\/www.visit-ulcinj.com\/blog\/#website\"},\"primaryImageOfPage\":{\"@id\":\"https:\/\/www.visit-ulcinj.com\/blog\/2009\/11\/25\/hana-emrin-ma-ka-vene-motra-ime-fjolla\/#primaryimage\"},\"datePublished\":\"2009-11-25T19:36:49+00:00\",\"dateModified\":\"2009-11-25T19:39:22+00:00\",\"author\":{\"@id\":\"https:\/\/www.visit-ulcinj.com\/blog\/#\/schema\/person\/dcab619c614d3038751c63bc2aadc06d\"},\"description\":\"E njohur me k\u00ebng\u00ebn \u201cSimbol\u201d, bukuroshja nga Ulqini, Hana Cakuli, ka rr\u00ebfyer p\u00ebr mediet se emrin q\u00eb sot e mban me krenari, ia ka vendosur e motra. Me emrin\",\"breadcrumb\":{\"@id\":\"https:\/\/www.visit-ulcinj.com\/blog\/2009\/11\/25\/hana-emrin-ma-ka-vene-motra-ime-fjolla\/#breadcrumb\"},\"inLanguage\":\"en-US\",\"potentialAction\":[{\"@type\":\"ReadAction\",\"target\":[\"https:\/\/www.visit-ulcinj.com\/blog\/2009\/11\/25\/hana-emrin-ma-ka-vene-motra-ime-fjolla\/\"]}]},{\"@type\":\"BreadcrumbList\",\"@id\":\"https:\/\/www.visit-ulcinj.com\/blog\/2009\/11\/25\/hana-emrin-ma-ka-vene-motra-ime-fjolla\/#breadcrumb\",\"itemListElement\":[{\"@type\":\"ListItem\",\"position\":1,\"name\":\"Hana: Emrin ma ka v\u00ebn\u00eb motra ime, Fjolla\"}]},{\"@type\":\"Person\",\"@id\":\"https:\/\/www.visit-ulcinj.com\/blog\/#\/schema\/person\/dcab619c614d3038751c63bc2aadc06d\",\"name\":\"ulqini\",\"sameAs\":[\"http:\/\/www.visit-ulcinj.com\"],\"url\":\"https:\/\/www.visit-ulcinj.com\/blog\/author\/admin\/\"}]}<\/script>\n<!-- \/ Yoast SEO plugin. -->","yoast_head_json":{"title":"Hana: Emrin ma ka v\u00ebn\u00eb motra ime, Fjolla - Lajme nga Ulqini","description":"E njohur me k\u00ebng\u00ebn \u201cSimbol\u201d, bukuroshja nga Ulqini, Hana Cakuli, ka rr\u00ebfyer p\u00ebr mediet se emrin q\u00eb sot e mban me krenari, ia ka vendosur e motra. Me emrin","robots":{"index":"index","follow":"follow","max-snippet":"max-snippet:-1","max-image-preview":"max-image-preview:large","max-video-preview":"max-video-preview:-1"},"canonical":"https:\/\/www.visit-ulcinj.com\/blog\/2009\/11\/25\/hana-emrin-ma-ka-vene-motra-ime-fjolla\/","og_locale":"en_US","og_type":"article","og_title":"Hana: Emrin ma ka v\u00ebn\u00eb motra ime, Fjolla - Lajme nga Ulqini","og_description":"E njohur me k\u00ebng\u00ebn \u201cSimbol\u201d, bukuroshja nga Ulqini, Hana Cakuli, ka rr\u00ebfyer p\u00ebr mediet se emrin q\u00eb sot e mban me krenari, ia ka vendosur e motra. Me emrin","og_url":"https:\/\/www.visit-ulcinj.com\/blog\/2009\/11\/25\/hana-emrin-ma-ka-vene-motra-ime-fjolla\/","og_site_name":"Lajme nga Ulqini","article_published_time":"2009-11-25T19:36:49+00:00","article_modified_time":"2009-11-25T19:39:22+00:00","og_image":[{"url":"http:\/\/www.visit-ulcinj.com\/blog\/wp-content\/uploads\/2009\/11\/Fjolla-dhe-Hana-Cakuli_ulqin.jpg"}],"twitter_misc":{"Written by":"ulqini","Est. reading time":"1 minute"},"schema":{"@context":"https:\/\/schema.org","@graph":[{"@type":"WebSite","@id":"https:\/\/www.visit-ulcinj.com\/blog\/#website","url":"https:\/\/www.visit-ulcinj.com\/blog\/","name":"Lajme nga Ulqini","description":"Lajme,Vijesti,Ulqini,Ulqin,Crna Gora,Mali i Zi","potentialAction":[{"@type":"SearchAction","target":{"@type":"EntryPoint","urlTemplate":"https:\/\/www.visit-ulcinj.com\/blog\/?s={search_term_string}"},"query-input":"required name=search_term_string"}],"inLanguage":"en-US"},{"@type":"ImageObject","inLanguage":"en-US","@id":"https:\/\/www.visit-ulcinj.com\/blog\/2009\/11\/25\/hana-emrin-ma-ka-vene-motra-ime-fjolla\/#primaryimage","url":"https:\/\/www.visit-ulcinj.com\/blog\/wp-content\/uploads\/2009\/11\/Fjolla-dhe-Hana-Cakuli_ulqin.jpg","contentUrl":"https:\/\/www.visit-ulcinj.com\/blog\/wp-content\/uploads\/2009\/11\/Fjolla-dhe-Hana-Cakuli_ulqin.jpg","width":"1200","height":"800"},{"@type":"WebPage","@id":"https:\/\/www.visit-ulcinj.com\/blog\/2009\/11\/25\/hana-emrin-ma-ka-vene-motra-ime-fjolla\/#webpage","url":"https:\/\/www.visit-ulcinj.com\/blog\/2009\/11\/25\/hana-emrin-ma-ka-vene-motra-ime-fjolla\/","name":"Hana: Emrin ma ka v\u00ebn\u00eb motra ime, Fjolla - Lajme nga Ulqini","isPartOf":{"@id":"https:\/\/www.visit-ulcinj.com\/blog\/#website"},"primaryImageOfPage":{"@id":"https:\/\/www.visit-ulcinj.com\/blog\/2009\/11\/25\/hana-emrin-ma-ka-vene-motra-ime-fjolla\/#primaryimage"},"datePublished":"2009-11-25T19:36:49+00:00","dateModified":"2009-11-25T19:39:22+00:00","author":{"@id":"https:\/\/www.visit-ulcinj.com\/blog\/#\/schema\/person\/dcab619c614d3038751c63bc2aadc06d"},"description":"E njohur me k\u00ebng\u00ebn \u201cSimbol\u201d, bukuroshja nga Ulqini, Hana Cakuli, ka rr\u00ebfyer p\u00ebr mediet se emrin q\u00eb sot e mban me krenari, ia ka vendosur e motra. Me emrin","breadcrumb":{"@id":"https:\/\/www.visit-ulcinj.com\/blog\/2009\/11\/25\/hana-emrin-ma-ka-vene-motra-ime-fjolla\/#breadcrumb"},"inLanguage":"en-US","potentialAction":[{"@type":"ReadAction","target":["https:\/\/www.visit-ulcinj.com\/blog\/2009\/11\/25\/hana-emrin-ma-ka-vene-motra-ime-fjolla\/"]}]},{"@type":"BreadcrumbList","@id":"https:\/\/www.visit-ulcinj.com\/blog\/2009\/11\/25\/hana-emrin-ma-ka-vene-motra-ime-fjolla\/#breadcrumb","itemListElement":[{"@type":"ListItem","position":1,"name":"Hana: Emrin ma ka v\u00ebn\u00eb motra ime, Fjolla"}]},{"@type":"Person","@id":"https:\/\/www.visit-ulcinj.com\/blog\/#\/schema\/person\/dcab619c614d3038751c63bc2aadc06d","name":"ulqini","sameAs":["http:\/\/www.visit-ulcinj.com"],"url":"https:\/\/www.visit-ulcinj.com\/blog\/author\/admin\/"}]}},"jetpack_featured_media_url":"","jetpack_sharing_enabled":true,"jetpack_shortlink":"https:\/\/wp.me\/pe6lTn-7au","_links":{"self":[{"href":"https:\/\/www.visit-ulcinj.com\/blog\/wp-json\/wp\/v2\/posts\/27558"}],"collection":[{"href":"https:\/\/www.visit-ulcinj.com\/blog\/wp-json\/wp\/v2\/posts"}],"about":[{"href":"https:\/\/www.visit-ulcinj.com\/blog\/wp-json\/wp\/v2\/types\/post"}],"author":[{"embeddable":true,"href":"https:\/\/www.visit-ulcinj.com\/blog\/wp-json\/wp\/v2\/users\/1"}],"replies":[{"embeddable":true,"href":"https:\/\/www.visit-ulcinj.com\/blog\/wp-json\/wp\/v2\/comments?post=27558"}],"version-history":[{"count":0,"href":"https:\/\/www.visit-ulcinj.com\/blog\/wp-json\/wp\/v2\/posts\/27558\/revisions"}],"wp:attachment":[{"href":"https:\/\/www.visit-ulcinj.com\/blog\/wp-json\/wp\/v2\/media?parent=27558"}],"wp:term":[{"taxonomy":"category","embeddable":true,"href":"https:\/\/www.visit-ulcinj.com\/blog\/wp-json\/wp\/v2\/categories?post=27558"},{"taxonomy":"post_tag","embeddable":true,"href":"https:\/\/www.visit-ulcinj.com\/blog\/wp-json\/wp\/v2\/tags?post=27558"}],"curies":[{"name":"wp","href":"https:\/\/api.w.org\/{rel}","templated":true}]}}