{"id":27563,"date":"2009-11-25T22:09:04","date_gmt":"2009-11-25T20:09:04","guid":{"rendered":"http:\/\/www.visit-ulcinj.com\/blog\/?p=27563"},"modified":"2009-11-25T22:09:04","modified_gmt":"2009-11-25T20:09:04","slug":"ne-ulqin-zbulohen-delfine-te-vrare","status":"publish","type":"post","link":"https:\/\/www.visit-ulcinj.com\/blog\/2009\/11\/25\/ne-ulqin-zbulohen-delfine-te-vrare\/","title":{"rendered":"N\u00eb Ulqin zbulohen delfin\u00eb t\u00eb vrar\u00eb"},"content":{"rendered":"<p><a href=\"http:\/\/www.visit-ulcinj.com\/blog\/wp-content\/uploads\/2009\/11\/N\u00eb-Ulqin-zbulohen-delfin\u00eb-t\u00eb-vrar\u00eb.jpg\"><img loading=\"lazy\" class=\"alignleft size-full wp-image-27564\" title=\"N\u00eb Ulqin zbulohen delfin\u00eb t\u00eb vrar\u00eb\" src=\"http:\/\/www.visit-ulcinj.com\/blog\/wp-content\/uploads\/2009\/11\/N\u00eb-Ulqin-zbulohen-delfin\u00eb-t\u00eb-vrar\u00eb.jpg\" alt=\"N\u00eb Ulqin zbulohen delfin\u00eb t\u00eb vrar\u00eb\" width=\"399\" height=\"261\" \/><\/a>Val\u00ebt e detit, gjat\u00eb dy dit\u00ebve t\u00eb fundit kan\u00eb nxjerr\u00eb n\u00eb zon\u00ebn e Plazhit t\u00eb madh t\u00eb Ulqinit tre delfin\u00eb t\u00eb vrar\u00eb. Ata kan\u00eb gjat\u00ebsin\u00eb rreth 1.80 m, nd\u00ebrsa peshojn\u00eb 70- 80 kg. Ekspert\u00ebt dhe shoq\u00ebria civile q\u00eb merren me mbrojtjen e vlerave t\u00eb mjedisit, vrasjen e delfin\u00ebve e vler\u00ebsojn\u00eb si incident t\u00eb r\u00ebnd\u00eb dhe t\u00eb katastrof\u00eb ekologjike.<br \/>\nDrejtori i Qendr\u00ebs s\u00eb veterin\u00ebs n\u00eb Ulqin, Xhemal Ravja, por edhe inspektor\u00ebt e policis\u00eb dhe autoritetet e Nd\u00ebrmarrjes s\u00eb mbrojtjes s\u00eb gjahut, u shprehen t\u00eb shtun\u00ebn se delfin\u00ebt jan\u00eb viktim\u00eb e l\u00ebnd\u00ebve shp\u00ebrthyese t\u00eb hedhur nga njer\u00ebz t\u00eb pap\u00ebrgjegjsh\u00ebm, t\u00eb cil\u00ebt me q\u00ebllim p\u00ebrftimi nuk e kursejn\u00eb as krijes\u00ebn m\u00eb fisnike dhe mikun e njeriut, delfinin.<br \/>\nPo k\u00ebshtu mendojn\u00eb edhe p\u00ebrfaq\u00ebsuesit e Shoqat\u00ebs s\u00eb mbrojtjes s\u00eb gjallesave dhe t\u00eb mjedisit nga Kotorri, ku delfin\u00ebt mbrohen e kultivohen si raritet ujor detar dhe si atraksion turistik shum\u00eb i njohur edhe n\u00eb p\u00ebrmasa nd\u00ebrkomb\u00ebtare.<br \/>\nRavja ka rekomanduar q\u00eb delfin\u00ebt e vrar\u00eb t\u00eb groposen menj\u00ebher\u00eb, sepse mund t\u00eb shkaktojn\u00eb helmime t\u00eb ndryshme.<br \/>\nN\u00eb k\u00ebt\u00eb nd\u00ebrlidhje, kryetari i OJQ \u201cHapi i gjelb\u00ebr\u201d, ekologu nga Ulqini, Xhelal Hoxha, shpreh dyshimin se delfin\u00ebt t\u00eb jen\u00eb goditur me l\u00ebnd\u00eb shp\u00ebrthyese, por ai kritikon marr\u00ebsit me qira t\u00eb pjes\u00ebve t\u00eb Plazhit t\u00eb Madh, t\u00eb cil\u00ebt pas stin\u00ebs turistike verore, nuk kthehen m\u00eb n\u00eb ato ambiente p\u00ebr t\u00eb par\u00eb se \u00e7far\u00eb ndodh.<br \/>\nHoxha shton se kjo \u00ebsht\u00eb edhe nj\u00eb d\u00ebshmi se \u201cpam\u00ebshirsh\u00ebm jan\u00eb duke u d\u00ebmtuar vlerat e biodiversitetit n\u00eb bregdetin e Ulqinit, dhe mungojn\u00eb masat parandaluese t\u00eb organeve dhe institucioneve lokale dhe shtet\u00ebrore.<br \/>\n<strong><br \/>\nKosovaLive<br \/>\n<\/strong><!--YouTube Error: bad URL entered--><\/p>\n","protected":false},"excerpt":{"rendered":"<p>Val\u00ebt e detit, gjat\u00eb dy dit\u00ebve t\u00eb fundit kan\u00eb nxjerr\u00eb n\u00eb zon\u00ebn e Plazhit t\u00eb madh t\u00eb Ulqinit tre delfin\u00eb t\u00eb vrar\u00eb. Ata kan\u00eb gjat\u00ebsin\u00eb rreth 1.80 m, nd\u00ebrsa peshojn\u00eb 70- 80 kg. Ekspert\u00ebt dhe shoq\u00ebria civile q\u00eb merren me mbrojtjen e vlerave t\u00eb mjedisit, vrasjen e delfin\u00ebve e vler\u00ebsojn\u00eb si incident t\u00eb r\u00ebnd\u00eb dhe [&hellip;]<\/p>\n","protected":false},"author":1,"featured_media":0,"comment_status":"open","ping_status":"closed","sticky":false,"template":"","format":"standard","meta":{"spay_email":"","jetpack_publicize_message":"","jetpack_is_tweetstorm":false,"jetpack_publicize_feature_enabled":true},"categories":[11],"tags":[12906,12899,12902,12901,12904,12905,12903,12900],"jetpack_publicize_connections":[],"yoast_head":"<!-- This site is optimized with the Yoast SEO plugin v19.1 - https:\/\/yoast.com\/wordpress\/plugins\/seo\/ -->\n<title>N\u00eb Ulqin zbulohen delfin\u00eb t\u00eb vrar\u00eb - Lajme nga Ulqini<\/title>\n<meta name=\"description\" content=\"Val\u00ebt e detit, gjat\u00eb dy dit\u00ebve t\u00eb fundit kan\u00eb nxjerr\u00eb n\u00eb zon\u00ebn e Plazhit t\u00eb madh t\u00eb Ulqinit tre delfin\u00eb t\u00eb vrar\u00eb. Ata kan\u00eb gjat\u00ebsin\u00eb rreth 1.80 m, nd\u00ebrsa\" \/>\n<meta name=\"robots\" content=\"index, follow, max-snippet:-1, max-image-preview:large, max-video-preview:-1\" \/>\n<link rel=\"canonical\" href=\"https:\/\/www.visit-ulcinj.com\/blog\/2009\/11\/25\/ne-ulqin-zbulohen-delfine-te-vrare\/\" \/>\n<meta property=\"og:locale\" content=\"en_US\" \/>\n<meta property=\"og:type\" content=\"article\" \/>\n<meta property=\"og:title\" content=\"N\u00eb Ulqin zbulohen delfin\u00eb t\u00eb vrar\u00eb - Lajme nga Ulqini\" \/>\n<meta property=\"og:description\" content=\"Val\u00ebt e detit, gjat\u00eb dy dit\u00ebve t\u00eb fundit kan\u00eb nxjerr\u00eb n\u00eb zon\u00ebn e Plazhit t\u00eb madh t\u00eb Ulqinit tre delfin\u00eb t\u00eb vrar\u00eb. Ata kan\u00eb gjat\u00ebsin\u00eb rreth 1.80 m, nd\u00ebrsa\" \/>\n<meta property=\"og:url\" content=\"https:\/\/www.visit-ulcinj.com\/blog\/2009\/11\/25\/ne-ulqin-zbulohen-delfine-te-vrare\/\" \/>\n<meta property=\"og:site_name\" content=\"Lajme nga Ulqini\" \/>\n<meta property=\"article:published_time\" content=\"2009-11-25T20:09:04+00:00\" \/>\n<meta name=\"twitter:label1\" content=\"Written by\" \/>\n\t<meta name=\"twitter:data1\" content=\"ulqini\" \/>\n\t<meta name=\"twitter:label2\" content=\"Est. reading time\" \/>\n\t<meta name=\"twitter:data2\" content=\"2 minutes\" \/>\n<script type=\"application\/ld+json\" class=\"yoast-schema-graph\">{\"@context\":\"https:\/\/schema.org\",\"@graph\":[{\"@type\":\"WebSite\",\"@id\":\"https:\/\/www.visit-ulcinj.com\/blog\/#website\",\"url\":\"https:\/\/www.visit-ulcinj.com\/blog\/\",\"name\":\"Lajme nga Ulqini\",\"description\":\"Lajme,Vijesti,Ulqini,Ulqin,Crna Gora,Mali i Zi\",\"potentialAction\":[{\"@type\":\"SearchAction\",\"target\":{\"@type\":\"EntryPoint\",\"urlTemplate\":\"https:\/\/www.visit-ulcinj.com\/blog\/?s={search_term_string}\"},\"query-input\":\"required name=search_term_string\"}],\"inLanguage\":\"en-US\"},{\"@type\":\"WebPage\",\"@id\":\"https:\/\/www.visit-ulcinj.com\/blog\/2009\/11\/25\/ne-ulqin-zbulohen-delfine-te-vrare\/#webpage\",\"url\":\"https:\/\/www.visit-ulcinj.com\/blog\/2009\/11\/25\/ne-ulqin-zbulohen-delfine-te-vrare\/\",\"name\":\"N\u00eb Ulqin zbulohen delfin\u00eb t\u00eb vrar\u00eb - Lajme nga Ulqini\",\"isPartOf\":{\"@id\":\"https:\/\/www.visit-ulcinj.com\/blog\/#website\"},\"datePublished\":\"2009-11-25T20:09:04+00:00\",\"dateModified\":\"2009-11-25T20:09:04+00:00\",\"author\":{\"@id\":\"https:\/\/www.visit-ulcinj.com\/blog\/#\/schema\/person\/dcab619c614d3038751c63bc2aadc06d\"},\"description\":\"Val\u00ebt e detit, gjat\u00eb dy dit\u00ebve t\u00eb fundit kan\u00eb nxjerr\u00eb n\u00eb zon\u00ebn e Plazhit t\u00eb madh t\u00eb Ulqinit tre delfin\u00eb t\u00eb vrar\u00eb. Ata kan\u00eb gjat\u00ebsin\u00eb rreth 1.80 m, nd\u00ebrsa\",\"breadcrumb\":{\"@id\":\"https:\/\/www.visit-ulcinj.com\/blog\/2009\/11\/25\/ne-ulqin-zbulohen-delfine-te-vrare\/#breadcrumb\"},\"inLanguage\":\"en-US\",\"potentialAction\":[{\"@type\":\"ReadAction\",\"target\":[\"https:\/\/www.visit-ulcinj.com\/blog\/2009\/11\/25\/ne-ulqin-zbulohen-delfine-te-vrare\/\"]}]},{\"@type\":\"BreadcrumbList\",\"@id\":\"https:\/\/www.visit-ulcinj.com\/blog\/2009\/11\/25\/ne-ulqin-zbulohen-delfine-te-vrare\/#breadcrumb\",\"itemListElement\":[{\"@type\":\"ListItem\",\"position\":1,\"name\":\"N\u00eb Ulqin zbulohen delfin\u00eb t\u00eb vrar\u00eb\"}]},{\"@type\":\"Person\",\"@id\":\"https:\/\/www.visit-ulcinj.com\/blog\/#\/schema\/person\/dcab619c614d3038751c63bc2aadc06d\",\"name\":\"ulqini\",\"sameAs\":[\"http:\/\/www.visit-ulcinj.com\"],\"url\":\"https:\/\/www.visit-ulcinj.com\/blog\/author\/admin\/\"}]}<\/script>\n<!-- \/ Yoast SEO plugin. -->","yoast_head_json":{"title":"N\u00eb Ulqin zbulohen delfin\u00eb t\u00eb vrar\u00eb - Lajme nga Ulqini","description":"Val\u00ebt e detit, gjat\u00eb dy dit\u00ebve t\u00eb fundit kan\u00eb nxjerr\u00eb n\u00eb zon\u00ebn e Plazhit t\u00eb madh t\u00eb Ulqinit tre delfin\u00eb t\u00eb vrar\u00eb. Ata kan\u00eb gjat\u00ebsin\u00eb rreth 1.80 m, nd\u00ebrsa","robots":{"index":"index","follow":"follow","max-snippet":"max-snippet:-1","max-image-preview":"max-image-preview:large","max-video-preview":"max-video-preview:-1"},"canonical":"https:\/\/www.visit-ulcinj.com\/blog\/2009\/11\/25\/ne-ulqin-zbulohen-delfine-te-vrare\/","og_locale":"en_US","og_type":"article","og_title":"N\u00eb Ulqin zbulohen delfin\u00eb t\u00eb vrar\u00eb - Lajme nga Ulqini","og_description":"Val\u00ebt e detit, gjat\u00eb dy dit\u00ebve t\u00eb fundit kan\u00eb nxjerr\u00eb n\u00eb zon\u00ebn e Plazhit t\u00eb madh t\u00eb Ulqinit tre delfin\u00eb t\u00eb vrar\u00eb. Ata kan\u00eb gjat\u00ebsin\u00eb rreth 1.80 m, nd\u00ebrsa","og_url":"https:\/\/www.visit-ulcinj.com\/blog\/2009\/11\/25\/ne-ulqin-zbulohen-delfine-te-vrare\/","og_site_name":"Lajme nga Ulqini","article_published_time":"2009-11-25T20:09:04+00:00","twitter_misc":{"Written by":"ulqini","Est. reading time":"2 minutes"},"schema":{"@context":"https:\/\/schema.org","@graph":[{"@type":"WebSite","@id":"https:\/\/www.visit-ulcinj.com\/blog\/#website","url":"https:\/\/www.visit-ulcinj.com\/blog\/","name":"Lajme nga Ulqini","description":"Lajme,Vijesti,Ulqini,Ulqin,Crna Gora,Mali i Zi","potentialAction":[{"@type":"SearchAction","target":{"@type":"EntryPoint","urlTemplate":"https:\/\/www.visit-ulcinj.com\/blog\/?s={search_term_string}"},"query-input":"required name=search_term_string"}],"inLanguage":"en-US"},{"@type":"WebPage","@id":"https:\/\/www.visit-ulcinj.com\/blog\/2009\/11\/25\/ne-ulqin-zbulohen-delfine-te-vrare\/#webpage","url":"https:\/\/www.visit-ulcinj.com\/blog\/2009\/11\/25\/ne-ulqin-zbulohen-delfine-te-vrare\/","name":"N\u00eb Ulqin zbulohen delfin\u00eb t\u00eb vrar\u00eb - Lajme nga Ulqini","isPartOf":{"@id":"https:\/\/www.visit-ulcinj.com\/blog\/#website"},"datePublished":"2009-11-25T20:09:04+00:00","dateModified":"2009-11-25T20:09:04+00:00","author":{"@id":"https:\/\/www.visit-ulcinj.com\/blog\/#\/schema\/person\/dcab619c614d3038751c63bc2aadc06d"},"description":"Val\u00ebt e detit, gjat\u00eb dy dit\u00ebve t\u00eb fundit kan\u00eb nxjerr\u00eb n\u00eb zon\u00ebn e Plazhit t\u00eb madh t\u00eb Ulqinit tre delfin\u00eb t\u00eb vrar\u00eb. Ata kan\u00eb gjat\u00ebsin\u00eb rreth 1.80 m, nd\u00ebrsa","breadcrumb":{"@id":"https:\/\/www.visit-ulcinj.com\/blog\/2009\/11\/25\/ne-ulqin-zbulohen-delfine-te-vrare\/#breadcrumb"},"inLanguage":"en-US","potentialAction":[{"@type":"ReadAction","target":["https:\/\/www.visit-ulcinj.com\/blog\/2009\/11\/25\/ne-ulqin-zbulohen-delfine-te-vrare\/"]}]},{"@type":"BreadcrumbList","@id":"https:\/\/www.visit-ulcinj.com\/blog\/2009\/11\/25\/ne-ulqin-zbulohen-delfine-te-vrare\/#breadcrumb","itemListElement":[{"@type":"ListItem","position":1,"name":"N\u00eb Ulqin zbulohen delfin\u00eb t\u00eb vrar\u00eb"}]},{"@type":"Person","@id":"https:\/\/www.visit-ulcinj.com\/blog\/#\/schema\/person\/dcab619c614d3038751c63bc2aadc06d","name":"ulqini","sameAs":["http:\/\/www.visit-ulcinj.com"],"url":"https:\/\/www.visit-ulcinj.com\/blog\/author\/admin\/"}]}},"jetpack_featured_media_url":"","jetpack_sharing_enabled":true,"jetpack_shortlink":"https:\/\/wp.me\/pe6lTn-7az","_links":{"self":[{"href":"https:\/\/www.visit-ulcinj.com\/blog\/wp-json\/wp\/v2\/posts\/27563"}],"collection":[{"href":"https:\/\/www.visit-ulcinj.com\/blog\/wp-json\/wp\/v2\/posts"}],"about":[{"href":"https:\/\/www.visit-ulcinj.com\/blog\/wp-json\/wp\/v2\/types\/post"}],"author":[{"embeddable":true,"href":"https:\/\/www.visit-ulcinj.com\/blog\/wp-json\/wp\/v2\/users\/1"}],"replies":[{"embeddable":true,"href":"https:\/\/www.visit-ulcinj.com\/blog\/wp-json\/wp\/v2\/comments?post=27563"}],"version-history":[{"count":0,"href":"https:\/\/www.visit-ulcinj.com\/blog\/wp-json\/wp\/v2\/posts\/27563\/revisions"}],"wp:attachment":[{"href":"https:\/\/www.visit-ulcinj.com\/blog\/wp-json\/wp\/v2\/media?parent=27563"}],"wp:term":[{"taxonomy":"category","embeddable":true,"href":"https:\/\/www.visit-ulcinj.com\/blog\/wp-json\/wp\/v2\/categories?post=27563"},{"taxonomy":"post_tag","embeddable":true,"href":"https:\/\/www.visit-ulcinj.com\/blog\/wp-json\/wp\/v2\/tags?post=27563"}],"curies":[{"name":"wp","href":"https:\/\/api.w.org\/{rel}","templated":true}]}}