{"id":27567,"date":"2009-11-25T22:19:58","date_gmt":"2009-11-25T20:19:58","guid":{"rendered":"http:\/\/www.visit-ulcinj.com\/blog\/?p=27567"},"modified":"2009-11-25T22:19:58","modified_gmt":"2009-11-25T20:19:58","slug":"adelina-si-madonna","status":"publish","type":"post","link":"https:\/\/www.visit-ulcinj.com\/blog\/2009\/11\/25\/adelina-si-madonna\/","title":{"rendered":"Adelina si Madonna!"},"content":{"rendered":"<p><a href=\"http:\/\/www.visit-ulcinj.com\/blog\/wp-content\/uploads\/2009\/11\/Adelina-si-Madonna.jpg\"><img loading=\"lazy\" class=\"alignleft size-full wp-image-27568\" title=\"Adelina si Madonna\" src=\"http:\/\/www.visit-ulcinj.com\/blog\/wp-content\/uploads\/2009\/11\/Adelina-si-Madonna.jpg\" alt=\"Adelina si Madonna\" width=\"580\" height=\"347\" \/><\/a>E ashtuquajtura pop-diva kosovare, Adelina Ismajli e ka imituar mbret\u00ebresh\u00ebn e muzik\u00ebs s\u00eb popit, Madonna n\u00eb interpretimin e saj n\u00eb K\u00ebnga Magjike 2009. Ajo \u00ebsht\u00eb paraqitur e veshur me kilota ashtu sikurse Madonna ishte paraqitur n\u00eb disa k\u00ebng\u00eb t\u00eb saj dhe n\u00eb MTV Awards, ku kishte b\u00ebr\u00eb edhe puthjen e saj t\u00eb famshme me k\u00ebng\u00ebtaren tjet\u00ebr Britney Spears. Moda e kilotave ka filluar t\u00eb jet\u00eb shum\u00eb n\u00eb trend p\u00ebr yjet e Hollywoodi-it. Koh\u00ebve t\u00eb fundit \u00ebsht\u00eb Lady GaGa ajo q\u00eb ka b\u00ebr\u00eb paraqitje n\u00eb kilota ashtu sikurse Madonna, nd\u00ebrkaq Adelina nuk \u00ebsht\u00eb e vetmja q\u00eb ka p\u00ebrdor\u00eb kilota t\u00eb k\u00ebtill\u00eb sepse k\u00ebt\u00eb e ka b\u00ebr\u00eb m\u00eb par\u00eb edhe k\u00ebng\u00ebtarja Genta Ismajli.<\/p>\n<p><strong>Gazeta Express<br \/>\n<\/p>\n<p><\/strong><\/p>\n<!--YouTube Error: bad URL entered-->\n","protected":false},"excerpt":{"rendered":"<p>E ashtuquajtura pop-diva kosovare, Adelina Ismajli e ka imituar mbret\u00ebresh\u00ebn e muzik\u00ebs s\u00eb popit, Madonna n\u00eb interpretimin e saj n\u00eb K\u00ebnga Magjike 2009. Ajo \u00ebsht\u00eb paraqitur e veshur me kilota ashtu sikurse Madonna ishte paraqitur n\u00eb disa k\u00ebng\u00eb t\u00eb saj dhe n\u00eb MTV Awards, ku kishte b\u00ebr\u00eb edhe puthjen e saj t\u00eb famshme me k\u00ebng\u00ebtaren [&hellip;]<\/p>\n","protected":false},"author":1,"featured_media":0,"comment_status":"open","ping_status":"closed","sticky":false,"template":"","format":"standard","meta":{"spay_email":"","jetpack_publicize_message":"","jetpack_is_tweetstorm":false,"jetpack_publicize_feature_enabled":true},"categories":[1],"tags":[4988],"jetpack_publicize_connections":[],"yoast_head":"<!-- This site is optimized with the Yoast SEO plugin v19.1 - https:\/\/yoast.com\/wordpress\/plugins\/seo\/ -->\n<title>Adelina si Madonna! - Lajme nga Ulqini<\/title>\n<meta name=\"description\" content=\"E ashtuquajtura pop-diva kosovare, Adelina Ismajli e ka imituar mbret\u00ebresh\u00ebn e muzik\u00ebs s\u00eb popit, Madonna n\u00eb interpretimin e saj n\u00eb K\u00ebnga Magjike 2009. Ajo\" \/>\n<meta name=\"robots\" content=\"index, follow, max-snippet:-1, max-image-preview:large, max-video-preview:-1\" \/>\n<link rel=\"canonical\" href=\"https:\/\/www.visit-ulcinj.com\/blog\/2009\/11\/25\/adelina-si-madonna\/\" \/>\n<meta property=\"og:locale\" content=\"en_US\" \/>\n<meta property=\"og:type\" content=\"article\" \/>\n<meta property=\"og:title\" content=\"Adelina si Madonna! - Lajme nga Ulqini\" \/>\n<meta property=\"og:description\" content=\"E ashtuquajtura pop-diva kosovare, Adelina Ismajli e ka imituar mbret\u00ebresh\u00ebn e muzik\u00ebs s\u00eb popit, Madonna n\u00eb interpretimin e saj n\u00eb K\u00ebnga Magjike 2009. Ajo\" \/>\n<meta property=\"og:url\" content=\"https:\/\/www.visit-ulcinj.com\/blog\/2009\/11\/25\/adelina-si-madonna\/\" \/>\n<meta property=\"og:site_name\" content=\"Lajme nga Ulqini\" \/>\n<meta property=\"article:published_time\" content=\"2009-11-25T20:19:58+00:00\" \/>\n<meta property=\"og:image\" content=\"https:\/\/www.visit-ulcinj.com\/blog\/wp-content\/uploads\/2009\/11\/Adelina-si-Madonna-150x150.jpg\" \/>\n<meta name=\"twitter:label1\" content=\"Written by\" \/>\n\t<meta name=\"twitter:data1\" content=\"ulqini\" \/>\n\t<meta name=\"twitter:label2\" content=\"Est. reading time\" \/>\n\t<meta name=\"twitter:data2\" content=\"1 minute\" \/>\n<script type=\"application\/ld+json\" class=\"yoast-schema-graph\">{\"@context\":\"https:\/\/schema.org\",\"@graph\":[{\"@type\":\"WebSite\",\"@id\":\"https:\/\/www.visit-ulcinj.com\/blog\/#website\",\"url\":\"https:\/\/www.visit-ulcinj.com\/blog\/\",\"name\":\"Lajme nga Ulqini\",\"description\":\"Lajme,Vijesti,Ulqini,Ulqin,Crna Gora,Mali i Zi\",\"potentialAction\":[{\"@type\":\"SearchAction\",\"target\":{\"@type\":\"EntryPoint\",\"urlTemplate\":\"https:\/\/www.visit-ulcinj.com\/blog\/?s={search_term_string}\"},\"query-input\":\"required name=search_term_string\"}],\"inLanguage\":\"en-US\"},{\"@type\":\"ImageObject\",\"inLanguage\":\"en-US\",\"@id\":\"https:\/\/www.visit-ulcinj.com\/blog\/2009\/11\/25\/adelina-si-madonna\/#primaryimage\",\"url\":\"http:\/\/www.visit-ulcinj.com\/blog\/wp-content\/uploads\/2009\/11\/Adelina-si-Madonna.jpg\",\"contentUrl\":\"http:\/\/www.visit-ulcinj.com\/blog\/wp-content\/uploads\/2009\/11\/Adelina-si-Madonna.jpg\"},{\"@type\":\"WebPage\",\"@id\":\"https:\/\/www.visit-ulcinj.com\/blog\/2009\/11\/25\/adelina-si-madonna\/#webpage\",\"url\":\"https:\/\/www.visit-ulcinj.com\/blog\/2009\/11\/25\/adelina-si-madonna\/\",\"name\":\"Adelina si Madonna! - Lajme nga Ulqini\",\"isPartOf\":{\"@id\":\"https:\/\/www.visit-ulcinj.com\/blog\/#website\"},\"primaryImageOfPage\":{\"@id\":\"https:\/\/www.visit-ulcinj.com\/blog\/2009\/11\/25\/adelina-si-madonna\/#primaryimage\"},\"datePublished\":\"2009-11-25T20:19:58+00:00\",\"dateModified\":\"2009-11-25T20:19:58+00:00\",\"author\":{\"@id\":\"https:\/\/www.visit-ulcinj.com\/blog\/#\/schema\/person\/dcab619c614d3038751c63bc2aadc06d\"},\"description\":\"E ashtuquajtura pop-diva kosovare, Adelina Ismajli e ka imituar mbret\u00ebresh\u00ebn e muzik\u00ebs s\u00eb popit, Madonna n\u00eb interpretimin e saj n\u00eb K\u00ebnga Magjike 2009. Ajo\",\"breadcrumb\":{\"@id\":\"https:\/\/www.visit-ulcinj.com\/blog\/2009\/11\/25\/adelina-si-madonna\/#breadcrumb\"},\"inLanguage\":\"en-US\",\"potentialAction\":[{\"@type\":\"ReadAction\",\"target\":[\"https:\/\/www.visit-ulcinj.com\/blog\/2009\/11\/25\/adelina-si-madonna\/\"]}]},{\"@type\":\"BreadcrumbList\",\"@id\":\"https:\/\/www.visit-ulcinj.com\/blog\/2009\/11\/25\/adelina-si-madonna\/#breadcrumb\",\"itemListElement\":[{\"@type\":\"ListItem\",\"position\":1,\"name\":\"Adelina si Madonna!\"}]},{\"@type\":\"Person\",\"@id\":\"https:\/\/www.visit-ulcinj.com\/blog\/#\/schema\/person\/dcab619c614d3038751c63bc2aadc06d\",\"name\":\"ulqini\",\"sameAs\":[\"http:\/\/www.visit-ulcinj.com\"],\"url\":\"https:\/\/www.visit-ulcinj.com\/blog\/author\/admin\/\"}]}<\/script>\n<!-- \/ Yoast SEO plugin. -->","yoast_head_json":{"title":"Adelina si Madonna! - Lajme nga Ulqini","description":"E ashtuquajtura pop-diva kosovare, Adelina Ismajli e ka imituar mbret\u00ebresh\u00ebn e muzik\u00ebs s\u00eb popit, Madonna n\u00eb interpretimin e saj n\u00eb K\u00ebnga Magjike 2009. Ajo","robots":{"index":"index","follow":"follow","max-snippet":"max-snippet:-1","max-image-preview":"max-image-preview:large","max-video-preview":"max-video-preview:-1"},"canonical":"https:\/\/www.visit-ulcinj.com\/blog\/2009\/11\/25\/adelina-si-madonna\/","og_locale":"en_US","og_type":"article","og_title":"Adelina si Madonna! - Lajme nga Ulqini","og_description":"E ashtuquajtura pop-diva kosovare, Adelina Ismajli e ka imituar mbret\u00ebresh\u00ebn e muzik\u00ebs s\u00eb popit, Madonna n\u00eb interpretimin e saj n\u00eb K\u00ebnga Magjike 2009. Ajo","og_url":"https:\/\/www.visit-ulcinj.com\/blog\/2009\/11\/25\/adelina-si-madonna\/","og_site_name":"Lajme nga Ulqini","article_published_time":"2009-11-25T20:19:58+00:00","og_image":[{"url":"https:\/\/www.visit-ulcinj.com\/blog\/wp-content\/uploads\/2009\/11\/Adelina-si-Madonna-150x150.jpg"}],"twitter_misc":{"Written by":"ulqini","Est. reading time":"1 minute"},"schema":{"@context":"https:\/\/schema.org","@graph":[{"@type":"WebSite","@id":"https:\/\/www.visit-ulcinj.com\/blog\/#website","url":"https:\/\/www.visit-ulcinj.com\/blog\/","name":"Lajme nga Ulqini","description":"Lajme,Vijesti,Ulqini,Ulqin,Crna Gora,Mali i Zi","potentialAction":[{"@type":"SearchAction","target":{"@type":"EntryPoint","urlTemplate":"https:\/\/www.visit-ulcinj.com\/blog\/?s={search_term_string}"},"query-input":"required name=search_term_string"}],"inLanguage":"en-US"},{"@type":"ImageObject","inLanguage":"en-US","@id":"https:\/\/www.visit-ulcinj.com\/blog\/2009\/11\/25\/adelina-si-madonna\/#primaryimage","url":"http:\/\/www.visit-ulcinj.com\/blog\/wp-content\/uploads\/2009\/11\/Adelina-si-Madonna.jpg","contentUrl":"http:\/\/www.visit-ulcinj.com\/blog\/wp-content\/uploads\/2009\/11\/Adelina-si-Madonna.jpg"},{"@type":"WebPage","@id":"https:\/\/www.visit-ulcinj.com\/blog\/2009\/11\/25\/adelina-si-madonna\/#webpage","url":"https:\/\/www.visit-ulcinj.com\/blog\/2009\/11\/25\/adelina-si-madonna\/","name":"Adelina si Madonna! - Lajme nga Ulqini","isPartOf":{"@id":"https:\/\/www.visit-ulcinj.com\/blog\/#website"},"primaryImageOfPage":{"@id":"https:\/\/www.visit-ulcinj.com\/blog\/2009\/11\/25\/adelina-si-madonna\/#primaryimage"},"datePublished":"2009-11-25T20:19:58+00:00","dateModified":"2009-11-25T20:19:58+00:00","author":{"@id":"https:\/\/www.visit-ulcinj.com\/blog\/#\/schema\/person\/dcab619c614d3038751c63bc2aadc06d"},"description":"E ashtuquajtura pop-diva kosovare, Adelina Ismajli e ka imituar mbret\u00ebresh\u00ebn e muzik\u00ebs s\u00eb popit, Madonna n\u00eb interpretimin e saj n\u00eb K\u00ebnga Magjike 2009. Ajo","breadcrumb":{"@id":"https:\/\/www.visit-ulcinj.com\/blog\/2009\/11\/25\/adelina-si-madonna\/#breadcrumb"},"inLanguage":"en-US","potentialAction":[{"@type":"ReadAction","target":["https:\/\/www.visit-ulcinj.com\/blog\/2009\/11\/25\/adelina-si-madonna\/"]}]},{"@type":"BreadcrumbList","@id":"https:\/\/www.visit-ulcinj.com\/blog\/2009\/11\/25\/adelina-si-madonna\/#breadcrumb","itemListElement":[{"@type":"ListItem","position":1,"name":"Adelina si Madonna!"}]},{"@type":"Person","@id":"https:\/\/www.visit-ulcinj.com\/blog\/#\/schema\/person\/dcab619c614d3038751c63bc2aadc06d","name":"ulqini","sameAs":["http:\/\/www.visit-ulcinj.com"],"url":"https:\/\/www.visit-ulcinj.com\/blog\/author\/admin\/"}]}},"jetpack_featured_media_url":"","jetpack_sharing_enabled":true,"jetpack_shortlink":"https:\/\/wp.me\/pe6lTn-7aD","_links":{"self":[{"href":"https:\/\/www.visit-ulcinj.com\/blog\/wp-json\/wp\/v2\/posts\/27567"}],"collection":[{"href":"https:\/\/www.visit-ulcinj.com\/blog\/wp-json\/wp\/v2\/posts"}],"about":[{"href":"https:\/\/www.visit-ulcinj.com\/blog\/wp-json\/wp\/v2\/types\/post"}],"author":[{"embeddable":true,"href":"https:\/\/www.visit-ulcinj.com\/blog\/wp-json\/wp\/v2\/users\/1"}],"replies":[{"embeddable":true,"href":"https:\/\/www.visit-ulcinj.com\/blog\/wp-json\/wp\/v2\/comments?post=27567"}],"version-history":[{"count":0,"href":"https:\/\/www.visit-ulcinj.com\/blog\/wp-json\/wp\/v2\/posts\/27567\/revisions"}],"wp:attachment":[{"href":"https:\/\/www.visit-ulcinj.com\/blog\/wp-json\/wp\/v2\/media?parent=27567"}],"wp:term":[{"taxonomy":"category","embeddable":true,"href":"https:\/\/www.visit-ulcinj.com\/blog\/wp-json\/wp\/v2\/categories?post=27567"},{"taxonomy":"post_tag","embeddable":true,"href":"https:\/\/www.visit-ulcinj.com\/blog\/wp-json\/wp\/v2\/tags?post=27567"}],"curies":[{"name":"wp","href":"https:\/\/api.w.org\/{rel}","templated":true}]}}