{"id":2758,"date":"2008-08-28T10:01:57","date_gmt":"2008-08-28T15:01:57","guid":{"rendered":"http:\/\/www.visit-ulcinj.com\/blog\/?p=2758"},"modified":"2008-08-28T10:01:57","modified_gmt":"2008-08-28T15:01:57","slug":"dosadasnji-vd-direktora-ulcinjske-rivijere-na-celu-sekretarijata-za-komunalne-poslove","status":"publish","type":"post","link":"https:\/\/www.visit-ulcinj.com\/blog\/2008\/08\/28\/dosadasnji-vd-direktora-ulcinjske-rivijere-na-celu-sekretarijata-za-komunalne-poslove\/","title":{"rendered":"Dosada\u0161nji vd direktora Ulcinjske Rivijere na ?elu sekretarijata za komunalne poslove"},"content":{"rendered":"<p><a href=\"http:\/\/www.visit-ulcinj.com\/blog\/wp-content\/uploads\/2008\/08\/miomir-jaksic1.jpg\"><img loading=\"lazy\" class=\"alignleft size-medium wp-image-2759\" title=\"miomir-jaksic1\" src=\"http:\/\/www.visit-ulcinj.com\/blog\/wp-content\/uploads\/2008\/08\/miomir-jaksic1.jpg\" alt=\"\" width=\"290\" height=\"190\" \/><\/a><strong>Jak\u0161i? novi sekretar<\/strong><br \/>\nNovi sekretar za komunalne poslove i saobra?aj Glavnog grada bi?e Miomir Jak\u0161i?, dosada\u0161nji vr\u0161ilac du\u017enosti direktora Ulcinjske rivijere, ali pomo?nik sekretara jo\u0161 nije izabran, rekao je ju?e glavni administrator gradske uprave Sr?an Rai?evi?.<br \/>\nJak\u0161i? je ju?e kazao da ne \u017eeli da govori na temu prelaska u gradsku upravu do slede?eg ponedjeljka, 1. septembra, kada se o?ekuje njegovo stupanje na novu du\u017enost.<br \/>\nPo struci ekonomista, Miomir Jak\u0161i? je, pored du\u017enosti direktora Ulcinjske rivijere, ranije obavljao i du\u017enost direktora Fonda za zdravstvo.<br \/>\nKonkurs za prijem u radni odnos pomo?nika sekretara za komunalne poslove i saobra?aj, prema rije?ima, Rai?evi?a, bi?e ponovljen.<br \/>\n&#8211; Na ovom konkursu stigle su samo dvije prijave, od kojih je jedna imala nepotpunu dokumentaciju, dok drugi kandidat nije zadovoljavao uslove u pogledu radnog sta\u017ea &#8211; rekao je Rai?evi?.<br \/>\nMjesto sekretara za komunalne poslove i saobra?aj ostalo je upra\u017enjeno nakon \u0161to je Vladan Vu?eli?, koji je obavljao tu du\u017enost, izabran za direktora Agencije za izgradnju i razvoj Podgorice. U proteklom periodu odgovorni ?ovjek u Sekretarijatu bio je pomo?nik sekretara \u017divko Kecojevi?, o ?ijem je odlasku sa tog mjesta tako?e bilo rije?i. Sistematizacijom su predvi?ena dva sekretara u ovom organu Glavnog grada.<br \/>\n<strong>S.P<br \/>\nIzvor \/ Dan<\/strong><strong><\/strong><\/p>\n","protected":false},"excerpt":{"rendered":"<p><img loading=\"lazy\" class=\"alignleft size-medium wp-image-2759\" title=\"miomir-jaksic1\" src=\"http:\/\/www.visit-ulcinj.com\/blog\/wp-content\/uploads\/2008\/08\/miomir-jaksic1.jpg\" alt=\"\" width=\"140\" height=\"140\" \/><\/p>\n","protected":false},"author":1,"featured_media":0,"comment_status":"open","ping_status":"closed","sticky":false,"template":"","format":"standard","meta":{"spay_email":"","jetpack_publicize_message":"","jetpack_is_tweetstorm":false,"jetpack_publicize_feature_enabled":true},"categories":[10,6,12],"tags":[4430,251],"jetpack_publicize_connections":[],"yoast_head":"<!-- This site is optimized with the Yoast SEO plugin v19.1 - https:\/\/yoast.com\/wordpress\/plugins\/seo\/ -->\n<title>Dosada\u0161nji vd direktora Ulcinjske Rivijere na ?elu sekretarijata za komunalne poslove - Lajme nga Ulqini<\/title>\n<meta name=\"robots\" content=\"index, follow, max-snippet:-1, max-image-preview:large, max-video-preview:-1\" \/>\n<link rel=\"canonical\" href=\"https:\/\/www.visit-ulcinj.com\/blog\/2008\/08\/28\/dosadasnji-vd-direktora-ulcinjske-rivijere-na-celu-sekretarijata-za-komunalne-poslove\/\" \/>\n<meta property=\"og:locale\" content=\"en_US\" \/>\n<meta property=\"og:type\" content=\"article\" \/>\n<meta property=\"og:title\" content=\"Dosada\u0161nji vd direktora Ulcinjske Rivijere na ?elu sekretarijata za komunalne poslove - Lajme nga Ulqini\" \/>\n<meta property=\"og:url\" content=\"https:\/\/www.visit-ulcinj.com\/blog\/2008\/08\/28\/dosadasnji-vd-direktora-ulcinjske-rivijere-na-celu-sekretarijata-za-komunalne-poslove\/\" \/>\n<meta property=\"og:site_name\" content=\"Lajme nga Ulqini\" \/>\n<meta property=\"article:published_time\" content=\"2008-08-28T15:01:57+00:00\" \/>\n<meta property=\"og:image\" content=\"http:\/\/www.visit-ulcinj.com\/blog\/wp-content\/uploads\/2008\/08\/miomir-jaksic1.jpg\" \/>\n<meta name=\"twitter:label1\" content=\"Written by\" \/>\n\t<meta name=\"twitter:data1\" content=\"ulqini\" \/>\n\t<meta name=\"twitter:label2\" content=\"Est. reading time\" \/>\n\t<meta name=\"twitter:data2\" content=\"1 minute\" \/>\n<script type=\"application\/ld+json\" class=\"yoast-schema-graph\">{\"@context\":\"https:\/\/schema.org\",\"@graph\":[{\"@type\":\"WebSite\",\"@id\":\"https:\/\/www.visit-ulcinj.com\/blog\/#website\",\"url\":\"https:\/\/www.visit-ulcinj.com\/blog\/\",\"name\":\"Lajme nga Ulqini\",\"description\":\"Lajme,Vijesti,Ulqini,Ulqin,Crna Gora,Mali i Zi\",\"potentialAction\":[{\"@type\":\"SearchAction\",\"target\":{\"@type\":\"EntryPoint\",\"urlTemplate\":\"https:\/\/www.visit-ulcinj.com\/blog\/?s={search_term_string}\"},\"query-input\":\"required name=search_term_string\"}],\"inLanguage\":\"en-US\"},{\"@type\":\"ImageObject\",\"inLanguage\":\"en-US\",\"@id\":\"https:\/\/www.visit-ulcinj.com\/blog\/2008\/08\/28\/dosadasnji-vd-direktora-ulcinjske-rivijere-na-celu-sekretarijata-za-komunalne-poslove\/#primaryimage\",\"url\":\"http:\/\/www.visit-ulcinj.com\/blog\/wp-content\/uploads\/2008\/08\/miomir-jaksic1.jpg\",\"contentUrl\":\"http:\/\/www.visit-ulcinj.com\/blog\/wp-content\/uploads\/2008\/08\/miomir-jaksic1.jpg\"},{\"@type\":\"WebPage\",\"@id\":\"https:\/\/www.visit-ulcinj.com\/blog\/2008\/08\/28\/dosadasnji-vd-direktora-ulcinjske-rivijere-na-celu-sekretarijata-za-komunalne-poslove\/#webpage\",\"url\":\"https:\/\/www.visit-ulcinj.com\/blog\/2008\/08\/28\/dosadasnji-vd-direktora-ulcinjske-rivijere-na-celu-sekretarijata-za-komunalne-poslove\/\",\"name\":\"Dosada\u0161nji vd direktora Ulcinjske Rivijere na ?elu sekretarijata za komunalne poslove - Lajme nga Ulqini\",\"isPartOf\":{\"@id\":\"https:\/\/www.visit-ulcinj.com\/blog\/#website\"},\"primaryImageOfPage\":{\"@id\":\"https:\/\/www.visit-ulcinj.com\/blog\/2008\/08\/28\/dosadasnji-vd-direktora-ulcinjske-rivijere-na-celu-sekretarijata-za-komunalne-poslove\/#primaryimage\"},\"datePublished\":\"2008-08-28T15:01:57+00:00\",\"dateModified\":\"2008-08-28T15:01:57+00:00\",\"author\":{\"@id\":\"https:\/\/www.visit-ulcinj.com\/blog\/#\/schema\/person\/dcab619c614d3038751c63bc2aadc06d\"},\"breadcrumb\":{\"@id\":\"https:\/\/www.visit-ulcinj.com\/blog\/2008\/08\/28\/dosadasnji-vd-direktora-ulcinjske-rivijere-na-celu-sekretarijata-za-komunalne-poslove\/#breadcrumb\"},\"inLanguage\":\"en-US\",\"potentialAction\":[{\"@type\":\"ReadAction\",\"target\":[\"https:\/\/www.visit-ulcinj.com\/blog\/2008\/08\/28\/dosadasnji-vd-direktora-ulcinjske-rivijere-na-celu-sekretarijata-za-komunalne-poslove\/\"]}]},{\"@type\":\"BreadcrumbList\",\"@id\":\"https:\/\/www.visit-ulcinj.com\/blog\/2008\/08\/28\/dosadasnji-vd-direktora-ulcinjske-rivijere-na-celu-sekretarijata-za-komunalne-poslove\/#breadcrumb\",\"itemListElement\":[{\"@type\":\"ListItem\",\"position\":1,\"name\":\"Dosada\u0161nji vd direktora Ulcinjske Rivijere na ?elu sekretarijata za komunalne poslove\"}]},{\"@type\":\"Person\",\"@id\":\"https:\/\/www.visit-ulcinj.com\/blog\/#\/schema\/person\/dcab619c614d3038751c63bc2aadc06d\",\"name\":\"ulqini\",\"sameAs\":[\"http:\/\/www.visit-ulcinj.com\"],\"url\":\"https:\/\/www.visit-ulcinj.com\/blog\/author\/admin\/\"}]}<\/script>\n<!-- \/ Yoast SEO plugin. -->","yoast_head_json":{"title":"Dosada\u0161nji vd direktora Ulcinjske Rivijere na ?elu sekretarijata za komunalne poslove - Lajme nga Ulqini","robots":{"index":"index","follow":"follow","max-snippet":"max-snippet:-1","max-image-preview":"max-image-preview:large","max-video-preview":"max-video-preview:-1"},"canonical":"https:\/\/www.visit-ulcinj.com\/blog\/2008\/08\/28\/dosadasnji-vd-direktora-ulcinjske-rivijere-na-celu-sekretarijata-za-komunalne-poslove\/","og_locale":"en_US","og_type":"article","og_title":"Dosada\u0161nji vd direktora Ulcinjske Rivijere na ?elu sekretarijata za komunalne poslove - Lajme nga Ulqini","og_url":"https:\/\/www.visit-ulcinj.com\/blog\/2008\/08\/28\/dosadasnji-vd-direktora-ulcinjske-rivijere-na-celu-sekretarijata-za-komunalne-poslove\/","og_site_name":"Lajme nga Ulqini","article_published_time":"2008-08-28T15:01:57+00:00","og_image":[{"url":"http:\/\/www.visit-ulcinj.com\/blog\/wp-content\/uploads\/2008\/08\/miomir-jaksic1.jpg"}],"twitter_misc":{"Written by":"ulqini","Est. reading time":"1 minute"},"schema":{"@context":"https:\/\/schema.org","@graph":[{"@type":"WebSite","@id":"https:\/\/www.visit-ulcinj.com\/blog\/#website","url":"https:\/\/www.visit-ulcinj.com\/blog\/","name":"Lajme nga Ulqini","description":"Lajme,Vijesti,Ulqini,Ulqin,Crna Gora,Mali i Zi","potentialAction":[{"@type":"SearchAction","target":{"@type":"EntryPoint","urlTemplate":"https:\/\/www.visit-ulcinj.com\/blog\/?s={search_term_string}"},"query-input":"required name=search_term_string"}],"inLanguage":"en-US"},{"@type":"ImageObject","inLanguage":"en-US","@id":"https:\/\/www.visit-ulcinj.com\/blog\/2008\/08\/28\/dosadasnji-vd-direktora-ulcinjske-rivijere-na-celu-sekretarijata-za-komunalne-poslove\/#primaryimage","url":"http:\/\/www.visit-ulcinj.com\/blog\/wp-content\/uploads\/2008\/08\/miomir-jaksic1.jpg","contentUrl":"http:\/\/www.visit-ulcinj.com\/blog\/wp-content\/uploads\/2008\/08\/miomir-jaksic1.jpg"},{"@type":"WebPage","@id":"https:\/\/www.visit-ulcinj.com\/blog\/2008\/08\/28\/dosadasnji-vd-direktora-ulcinjske-rivijere-na-celu-sekretarijata-za-komunalne-poslove\/#webpage","url":"https:\/\/www.visit-ulcinj.com\/blog\/2008\/08\/28\/dosadasnji-vd-direktora-ulcinjske-rivijere-na-celu-sekretarijata-za-komunalne-poslove\/","name":"Dosada\u0161nji vd direktora Ulcinjske Rivijere na ?elu sekretarijata za komunalne poslove - Lajme nga Ulqini","isPartOf":{"@id":"https:\/\/www.visit-ulcinj.com\/blog\/#website"},"primaryImageOfPage":{"@id":"https:\/\/www.visit-ulcinj.com\/blog\/2008\/08\/28\/dosadasnji-vd-direktora-ulcinjske-rivijere-na-celu-sekretarijata-za-komunalne-poslove\/#primaryimage"},"datePublished":"2008-08-28T15:01:57+00:00","dateModified":"2008-08-28T15:01:57+00:00","author":{"@id":"https:\/\/www.visit-ulcinj.com\/blog\/#\/schema\/person\/dcab619c614d3038751c63bc2aadc06d"},"breadcrumb":{"@id":"https:\/\/www.visit-ulcinj.com\/blog\/2008\/08\/28\/dosadasnji-vd-direktora-ulcinjske-rivijere-na-celu-sekretarijata-za-komunalne-poslove\/#breadcrumb"},"inLanguage":"en-US","potentialAction":[{"@type":"ReadAction","target":["https:\/\/www.visit-ulcinj.com\/blog\/2008\/08\/28\/dosadasnji-vd-direktora-ulcinjske-rivijere-na-celu-sekretarijata-za-komunalne-poslove\/"]}]},{"@type":"BreadcrumbList","@id":"https:\/\/www.visit-ulcinj.com\/blog\/2008\/08\/28\/dosadasnji-vd-direktora-ulcinjske-rivijere-na-celu-sekretarijata-za-komunalne-poslove\/#breadcrumb","itemListElement":[{"@type":"ListItem","position":1,"name":"Dosada\u0161nji vd direktora Ulcinjske Rivijere na ?elu sekretarijata za komunalne poslove"}]},{"@type":"Person","@id":"https:\/\/www.visit-ulcinj.com\/blog\/#\/schema\/person\/dcab619c614d3038751c63bc2aadc06d","name":"ulqini","sameAs":["http:\/\/www.visit-ulcinj.com"],"url":"https:\/\/www.visit-ulcinj.com\/blog\/author\/admin\/"}]}},"jetpack_featured_media_url":"","jetpack_sharing_enabled":true,"jetpack_shortlink":"https:\/\/wp.me\/pe6lTn-Iu","_links":{"self":[{"href":"https:\/\/www.visit-ulcinj.com\/blog\/wp-json\/wp\/v2\/posts\/2758"}],"collection":[{"href":"https:\/\/www.visit-ulcinj.com\/blog\/wp-json\/wp\/v2\/posts"}],"about":[{"href":"https:\/\/www.visit-ulcinj.com\/blog\/wp-json\/wp\/v2\/types\/post"}],"author":[{"embeddable":true,"href":"https:\/\/www.visit-ulcinj.com\/blog\/wp-json\/wp\/v2\/users\/1"}],"replies":[{"embeddable":true,"href":"https:\/\/www.visit-ulcinj.com\/blog\/wp-json\/wp\/v2\/comments?post=2758"}],"version-history":[{"count":0,"href":"https:\/\/www.visit-ulcinj.com\/blog\/wp-json\/wp\/v2\/posts\/2758\/revisions"}],"wp:attachment":[{"href":"https:\/\/www.visit-ulcinj.com\/blog\/wp-json\/wp\/v2\/media?parent=2758"}],"wp:term":[{"taxonomy":"category","embeddable":true,"href":"https:\/\/www.visit-ulcinj.com\/blog\/wp-json\/wp\/v2\/categories?post=2758"},{"taxonomy":"post_tag","embeddable":true,"href":"https:\/\/www.visit-ulcinj.com\/blog\/wp-json\/wp\/v2\/tags?post=2758"}],"curies":[{"name":"wp","href":"https:\/\/api.w.org\/{rel}","templated":true}]}}