{"id":27584,"date":"2009-11-26T16:36:56","date_gmt":"2009-11-26T14:36:56","guid":{"rendered":"http:\/\/www.visit-ulcinj.com\/blog\/?p=27584"},"modified":"2009-11-26T16:36:56","modified_gmt":"2009-11-26T14:36:56","slug":"rozi-e-ka-fiksim-nje-gjoks-si-te-cilit","status":"publish","type":"post","link":"https:\/\/www.visit-ulcinj.com\/blog\/2009\/11\/26\/rozi-e-ka-fiksim-nje-gjoks-si-te-cilit\/","title":{"rendered":"Rozi e ka fiksim nj\u00eb gjoks si t\u00eb \u00c7ilit"},"content":{"rendered":"<p><a href=\"http:\/\/www.visit-ulcinj.com\/blog\/wp-content\/uploads\/2009\/11\/Rozana-Radi.jpg\"><img loading=\"lazy\" class=\"alignleft size-full wp-image-27585\" title=\"Rozana Radi\" src=\"http:\/\/www.visit-ulcinj.com\/blog\/wp-content\/uploads\/2009\/11\/Rozana-Radi.jpg\" alt=\"Rozana Radi\" width=\"580\" height=\"347\" \/><\/a>Gjithmon\u00eb \u00ebsht\u00eb shprehur n\u00eb intervista t\u00eb ndryshme se pjesa e trupit te cilin do ta ndryshonte me shum\u00eb d\u00ebshir\u00eb do t\u00eb ishte gjoksi pasi \u00ebnd\u00ebrron q\u00eb ta ket\u00eb disa numra m\u00eb t\u00eb madh. Madje jo rrall\u00eb ka qen\u00eb gati p\u00ebr t\u00eb mbajtur frym\u00ebn n\u00eb klinik\u00ebn m\u00eb t\u00eb par\u00eb p\u00ebr ta b\u00ebr\u00eb k\u00ebt\u00eb \u00ebnd\u00ebrr realitet. Por deri tani mesa duket nuk \u00ebsht\u00eb bindur akoma se duhet ta nd\u00ebrmarr\u00eb k\u00ebt\u00eb hap. Rozana Radi, k\u00ebng\u00ebtarja dhe aktorja e njohur, e ka fiksim gjoksin e madh. Edhe pse p\u00ebr syt\u00eb tan\u00eb ajo pjes\u00eb e trupit \u00ebsht\u00eb totalisht n\u00eb propocionet e duhura me t\u00eb tjerat, Rozana \u00ebsht\u00eb shprehur e pak\u00ebnaqur. Edhe sutjenat push-up q\u00eb n\u00eb k\u00ebt\u00eb rast jan\u00eb nj\u00eb aleat i mir\u00eb, nuk ia kan\u00eb mbushur mendjen bjondes seksi. Dhe n\u00eb nj\u00eb nga net\u00ebt kur ajo \u00ebsht\u00eb gjendur mes mikeshave t\u00eb saj duke u arg\u00ebtuar n\u00eb nj\u00eb pub, nuk \u00ebsht\u00eb p\u00ebrmbajtur dhe i ka futur duart asaj&#8230;<\/p>\n<p>Kujt do t\u00eb thoni ju? Po \u00c7iljet\u00ebs pra, vajz\u00ebs me supergjoks e cila ka ditur q\u00eb k\u00ebt\u00eb ve\u00e7anti t\u00eb linjave t\u00eb saj ta p\u00ebrdor\u00eb m\u00eb s\u00eb miri p\u00ebr t\u00eb t\u00ebrhequr vemendjen dhe mbi t\u00eb gjitha nuk ka l\u00ebn\u00eb rast pa e shfaqur n\u00eb t\u00eb gjith\u00eb dimensionet e tij fal\u00eb veshjeve super dekolte dhe t\u00eb ngjeshura fort pas trupit. K\u00ebshtu nj\u00eb jav\u00eb m\u00eb par\u00eb, n\u00eb nj\u00eb nga pub-et e Tiran\u00ebs, Rozana \u00ebsht\u00eb gjendur si papritur me duart tek gjoksi i \u00c7iljet\u00ebs. Mos vall\u00eb Rozi po krijonte nj\u00eb ide t\u00eb p\u00ebrmasave, ide e cila b\u00ebhet m\u00eb e qart\u00eb p\u00ebrmes prekjes? Apo thjesht ka dashur t\u00eb v\u00ebrtetoj\u00eb n\u00ebse edhe \u00c7iljeta mund ta kishte gjoksin me silikon dhe aspak t\u00eb v\u00ebrtet\u00eb? Gjithsesi cilido q\u00eb t\u00eb ket\u00eb qen\u00eb q\u00ebllimi, n\u00eb fakt kur shohim q\u00eb nj\u00eb fem\u00ebr i fut duart nj\u00eb femre tjet\u00ebr, t\u00eb b\u00ebn m\u00eb shum\u00eb p\u00ebrshtyje se sa kur kjo ndodh mes dy sekseve t\u00eb kund\u00ebrta apo jo? Duke l\u00ebn\u00eb pas aludimet t\u00eb cilat gjithsesi jan\u00eb shaka nga ana jon\u00eb, ne e dim\u00eb fort mir\u00eb se Rozi \u00ebsht\u00eb mikesha e t\u00eb gjitha kolegeve t\u00eb saj dhe fal\u00eb natyr\u00ebs q\u00eb ka plot humor, me siguri q\u00eb t\u00eb gjith\u00eb k\u00ebt\u00eb gj\u00eb e ka sajuar vet\u00eb sapo ka par\u00eb paparacin v\u00ebrdall\u00eb. Ide simpatike gjithsesi.<br \/>\n<\/p>\n<!--YouTube Error: bad URL entered-->\n","protected":false},"excerpt":{"rendered":"<p>Gjithmon\u00eb \u00ebsht\u00eb shprehur n\u00eb intervista t\u00eb ndryshme se pjesa e trupit te cilin do ta ndryshonte me shum\u00eb d\u00ebshir\u00eb do t\u00eb ishte gjoksi pasi \u00ebnd\u00ebrron q\u00eb ta ket\u00eb disa numra m\u00eb t\u00eb madh. Madje jo rrall\u00eb ka qen\u00eb gati p\u00ebr t\u00eb mbajtur frym\u00ebn n\u00eb klinik\u00ebn m\u00eb t\u00eb par\u00eb p\u00ebr ta b\u00ebr\u00eb k\u00ebt\u00eb \u00ebnd\u00ebrr realitet. Por [&hellip;]<\/p>\n","protected":false},"author":1,"featured_media":0,"comment_status":"open","ping_status":"closed","sticky":false,"template":"","format":"standard","meta":{"spay_email":"","jetpack_publicize_message":"","jetpack_is_tweetstorm":false,"jetpack_publicize_feature_enabled":true},"categories":[1],"tags":[4964],"jetpack_publicize_connections":[],"yoast_head":"<!-- This site is optimized with the Yoast SEO plugin v19.1 - https:\/\/yoast.com\/wordpress\/plugins\/seo\/ -->\n<title>Rozi e ka fiksim nj\u00eb gjoks si t\u00eb \u00c7ilit - Lajme nga Ulqini<\/title>\n<meta name=\"description\" content=\"Gjithmon\u00eb \u00ebsht\u00eb shprehur n\u00eb intervista t\u00eb ndryshme se pjesa e trupit te cilin do ta ndryshonte me shum\u00eb d\u00ebshir\u00eb do t\u00eb ishte gjoksi pasi \u00ebnd\u00ebrron q\u00eb ta\" \/>\n<meta name=\"robots\" content=\"index, follow, max-snippet:-1, max-image-preview:large, max-video-preview:-1\" \/>\n<link rel=\"canonical\" href=\"https:\/\/www.visit-ulcinj.com\/blog\/2009\/11\/26\/rozi-e-ka-fiksim-nje-gjoks-si-te-cilit\/\" \/>\n<meta property=\"og:locale\" content=\"en_US\" \/>\n<meta property=\"og:type\" content=\"article\" \/>\n<meta property=\"og:title\" content=\"Rozi e ka fiksim nj\u00eb gjoks si t\u00eb \u00c7ilit - Lajme nga Ulqini\" \/>\n<meta property=\"og:description\" content=\"Gjithmon\u00eb \u00ebsht\u00eb shprehur n\u00eb intervista t\u00eb ndryshme se pjesa e trupit te cilin do ta ndryshonte me shum\u00eb d\u00ebshir\u00eb do t\u00eb ishte gjoksi pasi \u00ebnd\u00ebrron q\u00eb ta\" \/>\n<meta property=\"og:url\" content=\"https:\/\/www.visit-ulcinj.com\/blog\/2009\/11\/26\/rozi-e-ka-fiksim-nje-gjoks-si-te-cilit\/\" \/>\n<meta property=\"og:site_name\" content=\"Lajme nga Ulqini\" \/>\n<meta property=\"article:published_time\" content=\"2009-11-26T14:36:56+00:00\" \/>\n<meta property=\"og:image\" content=\"https:\/\/www.visit-ulcinj.com\/blog\/wp-content\/uploads\/2009\/11\/Rozana-Radi-150x150.jpg\" \/>\n<meta name=\"twitter:label1\" content=\"Written by\" \/>\n\t<meta name=\"twitter:data1\" content=\"ulqini\" \/>\n\t<meta name=\"twitter:label2\" content=\"Est. reading time\" \/>\n\t<meta name=\"twitter:data2\" content=\"2 minutes\" \/>\n<script type=\"application\/ld+json\" class=\"yoast-schema-graph\">{\"@context\":\"https:\/\/schema.org\",\"@graph\":[{\"@type\":\"WebSite\",\"@id\":\"https:\/\/www.visit-ulcinj.com\/blog\/#website\",\"url\":\"https:\/\/www.visit-ulcinj.com\/blog\/\",\"name\":\"Lajme nga Ulqini\",\"description\":\"Lajme,Vijesti,Ulqini,Ulqin,Crna Gora,Mali i Zi\",\"potentialAction\":[{\"@type\":\"SearchAction\",\"target\":{\"@type\":\"EntryPoint\",\"urlTemplate\":\"https:\/\/www.visit-ulcinj.com\/blog\/?s={search_term_string}\"},\"query-input\":\"required name=search_term_string\"}],\"inLanguage\":\"en-US\"},{\"@type\":\"ImageObject\",\"inLanguage\":\"en-US\",\"@id\":\"https:\/\/www.visit-ulcinj.com\/blog\/2009\/11\/26\/rozi-e-ka-fiksim-nje-gjoks-si-te-cilit\/#primaryimage\",\"url\":\"http:\/\/www.visit-ulcinj.com\/blog\/wp-content\/uploads\/2009\/11\/Rozana-Radi.jpg\",\"contentUrl\":\"http:\/\/www.visit-ulcinj.com\/blog\/wp-content\/uploads\/2009\/11\/Rozana-Radi.jpg\"},{\"@type\":\"WebPage\",\"@id\":\"https:\/\/www.visit-ulcinj.com\/blog\/2009\/11\/26\/rozi-e-ka-fiksim-nje-gjoks-si-te-cilit\/#webpage\",\"url\":\"https:\/\/www.visit-ulcinj.com\/blog\/2009\/11\/26\/rozi-e-ka-fiksim-nje-gjoks-si-te-cilit\/\",\"name\":\"Rozi e ka fiksim nj\u00eb gjoks si t\u00eb \u00c7ilit - Lajme nga Ulqini\",\"isPartOf\":{\"@id\":\"https:\/\/www.visit-ulcinj.com\/blog\/#website\"},\"primaryImageOfPage\":{\"@id\":\"https:\/\/www.visit-ulcinj.com\/blog\/2009\/11\/26\/rozi-e-ka-fiksim-nje-gjoks-si-te-cilit\/#primaryimage\"},\"datePublished\":\"2009-11-26T14:36:56+00:00\",\"dateModified\":\"2009-11-26T14:36:56+00:00\",\"author\":{\"@id\":\"https:\/\/www.visit-ulcinj.com\/blog\/#\/schema\/person\/dcab619c614d3038751c63bc2aadc06d\"},\"description\":\"Gjithmon\u00eb \u00ebsht\u00eb shprehur n\u00eb intervista t\u00eb ndryshme se pjesa e trupit te cilin do ta ndryshonte me shum\u00eb d\u00ebshir\u00eb do t\u00eb ishte gjoksi pasi \u00ebnd\u00ebrron q\u00eb ta\",\"breadcrumb\":{\"@id\":\"https:\/\/www.visit-ulcinj.com\/blog\/2009\/11\/26\/rozi-e-ka-fiksim-nje-gjoks-si-te-cilit\/#breadcrumb\"},\"inLanguage\":\"en-US\",\"potentialAction\":[{\"@type\":\"ReadAction\",\"target\":[\"https:\/\/www.visit-ulcinj.com\/blog\/2009\/11\/26\/rozi-e-ka-fiksim-nje-gjoks-si-te-cilit\/\"]}]},{\"@type\":\"BreadcrumbList\",\"@id\":\"https:\/\/www.visit-ulcinj.com\/blog\/2009\/11\/26\/rozi-e-ka-fiksim-nje-gjoks-si-te-cilit\/#breadcrumb\",\"itemListElement\":[{\"@type\":\"ListItem\",\"position\":1,\"name\":\"Rozi e ka fiksim nj\u00eb gjoks si t\u00eb \u00c7ilit\"}]},{\"@type\":\"Person\",\"@id\":\"https:\/\/www.visit-ulcinj.com\/blog\/#\/schema\/person\/dcab619c614d3038751c63bc2aadc06d\",\"name\":\"ulqini\",\"sameAs\":[\"http:\/\/www.visit-ulcinj.com\"],\"url\":\"https:\/\/www.visit-ulcinj.com\/blog\/author\/admin\/\"}]}<\/script>\n<!-- \/ Yoast SEO plugin. -->","yoast_head_json":{"title":"Rozi e ka fiksim nj\u00eb gjoks si t\u00eb \u00c7ilit - Lajme nga Ulqini","description":"Gjithmon\u00eb \u00ebsht\u00eb shprehur n\u00eb intervista t\u00eb ndryshme se pjesa e trupit te cilin do ta ndryshonte me shum\u00eb d\u00ebshir\u00eb do t\u00eb ishte gjoksi pasi \u00ebnd\u00ebrron q\u00eb ta","robots":{"index":"index","follow":"follow","max-snippet":"max-snippet:-1","max-image-preview":"max-image-preview:large","max-video-preview":"max-video-preview:-1"},"canonical":"https:\/\/www.visit-ulcinj.com\/blog\/2009\/11\/26\/rozi-e-ka-fiksim-nje-gjoks-si-te-cilit\/","og_locale":"en_US","og_type":"article","og_title":"Rozi e ka fiksim nj\u00eb gjoks si t\u00eb \u00c7ilit - Lajme nga Ulqini","og_description":"Gjithmon\u00eb \u00ebsht\u00eb shprehur n\u00eb intervista t\u00eb ndryshme se pjesa e trupit te cilin do ta ndryshonte me shum\u00eb d\u00ebshir\u00eb do t\u00eb ishte gjoksi pasi \u00ebnd\u00ebrron q\u00eb ta","og_url":"https:\/\/www.visit-ulcinj.com\/blog\/2009\/11\/26\/rozi-e-ka-fiksim-nje-gjoks-si-te-cilit\/","og_site_name":"Lajme nga Ulqini","article_published_time":"2009-11-26T14:36:56+00:00","og_image":[{"url":"https:\/\/www.visit-ulcinj.com\/blog\/wp-content\/uploads\/2009\/11\/Rozana-Radi-150x150.jpg"}],"twitter_misc":{"Written by":"ulqini","Est. reading time":"2 minutes"},"schema":{"@context":"https:\/\/schema.org","@graph":[{"@type":"WebSite","@id":"https:\/\/www.visit-ulcinj.com\/blog\/#website","url":"https:\/\/www.visit-ulcinj.com\/blog\/","name":"Lajme nga Ulqini","description":"Lajme,Vijesti,Ulqini,Ulqin,Crna Gora,Mali i Zi","potentialAction":[{"@type":"SearchAction","target":{"@type":"EntryPoint","urlTemplate":"https:\/\/www.visit-ulcinj.com\/blog\/?s={search_term_string}"},"query-input":"required name=search_term_string"}],"inLanguage":"en-US"},{"@type":"ImageObject","inLanguage":"en-US","@id":"https:\/\/www.visit-ulcinj.com\/blog\/2009\/11\/26\/rozi-e-ka-fiksim-nje-gjoks-si-te-cilit\/#primaryimage","url":"http:\/\/www.visit-ulcinj.com\/blog\/wp-content\/uploads\/2009\/11\/Rozana-Radi.jpg","contentUrl":"http:\/\/www.visit-ulcinj.com\/blog\/wp-content\/uploads\/2009\/11\/Rozana-Radi.jpg"},{"@type":"WebPage","@id":"https:\/\/www.visit-ulcinj.com\/blog\/2009\/11\/26\/rozi-e-ka-fiksim-nje-gjoks-si-te-cilit\/#webpage","url":"https:\/\/www.visit-ulcinj.com\/blog\/2009\/11\/26\/rozi-e-ka-fiksim-nje-gjoks-si-te-cilit\/","name":"Rozi e ka fiksim nj\u00eb gjoks si t\u00eb \u00c7ilit - Lajme nga Ulqini","isPartOf":{"@id":"https:\/\/www.visit-ulcinj.com\/blog\/#website"},"primaryImageOfPage":{"@id":"https:\/\/www.visit-ulcinj.com\/blog\/2009\/11\/26\/rozi-e-ka-fiksim-nje-gjoks-si-te-cilit\/#primaryimage"},"datePublished":"2009-11-26T14:36:56+00:00","dateModified":"2009-11-26T14:36:56+00:00","author":{"@id":"https:\/\/www.visit-ulcinj.com\/blog\/#\/schema\/person\/dcab619c614d3038751c63bc2aadc06d"},"description":"Gjithmon\u00eb \u00ebsht\u00eb shprehur n\u00eb intervista t\u00eb ndryshme se pjesa e trupit te cilin do ta ndryshonte me shum\u00eb d\u00ebshir\u00eb do t\u00eb ishte gjoksi pasi \u00ebnd\u00ebrron q\u00eb ta","breadcrumb":{"@id":"https:\/\/www.visit-ulcinj.com\/blog\/2009\/11\/26\/rozi-e-ka-fiksim-nje-gjoks-si-te-cilit\/#breadcrumb"},"inLanguage":"en-US","potentialAction":[{"@type":"ReadAction","target":["https:\/\/www.visit-ulcinj.com\/blog\/2009\/11\/26\/rozi-e-ka-fiksim-nje-gjoks-si-te-cilit\/"]}]},{"@type":"BreadcrumbList","@id":"https:\/\/www.visit-ulcinj.com\/blog\/2009\/11\/26\/rozi-e-ka-fiksim-nje-gjoks-si-te-cilit\/#breadcrumb","itemListElement":[{"@type":"ListItem","position":1,"name":"Rozi e ka fiksim nj\u00eb gjoks si t\u00eb \u00c7ilit"}]},{"@type":"Person","@id":"https:\/\/www.visit-ulcinj.com\/blog\/#\/schema\/person\/dcab619c614d3038751c63bc2aadc06d","name":"ulqini","sameAs":["http:\/\/www.visit-ulcinj.com"],"url":"https:\/\/www.visit-ulcinj.com\/blog\/author\/admin\/"}]}},"jetpack_featured_media_url":"","jetpack_sharing_enabled":true,"jetpack_shortlink":"https:\/\/wp.me\/pe6lTn-7aU","_links":{"self":[{"href":"https:\/\/www.visit-ulcinj.com\/blog\/wp-json\/wp\/v2\/posts\/27584"}],"collection":[{"href":"https:\/\/www.visit-ulcinj.com\/blog\/wp-json\/wp\/v2\/posts"}],"about":[{"href":"https:\/\/www.visit-ulcinj.com\/blog\/wp-json\/wp\/v2\/types\/post"}],"author":[{"embeddable":true,"href":"https:\/\/www.visit-ulcinj.com\/blog\/wp-json\/wp\/v2\/users\/1"}],"replies":[{"embeddable":true,"href":"https:\/\/www.visit-ulcinj.com\/blog\/wp-json\/wp\/v2\/comments?post=27584"}],"version-history":[{"count":0,"href":"https:\/\/www.visit-ulcinj.com\/blog\/wp-json\/wp\/v2\/posts\/27584\/revisions"}],"wp:attachment":[{"href":"https:\/\/www.visit-ulcinj.com\/blog\/wp-json\/wp\/v2\/media?parent=27584"}],"wp:term":[{"taxonomy":"category","embeddable":true,"href":"https:\/\/www.visit-ulcinj.com\/blog\/wp-json\/wp\/v2\/categories?post=27584"},{"taxonomy":"post_tag","embeddable":true,"href":"https:\/\/www.visit-ulcinj.com\/blog\/wp-json\/wp\/v2\/tags?post=27584"}],"curies":[{"name":"wp","href":"https:\/\/api.w.org\/{rel}","templated":true}]}}