{"id":27596,"date":"2009-11-26T17:00:32","date_gmt":"2009-11-26T15:00:32","guid":{"rendered":"http:\/\/www.visit-ulcinj.com\/blog\/?p=27596"},"modified":"2009-11-26T17:00:32","modified_gmt":"2009-11-26T15:00:32","slug":"ranko-krivokapiq-mali-i-zi-dhe-kosova-se-shpejti-marredheniet-diplomatike","status":"publish","type":"post","link":"https:\/\/www.visit-ulcinj.com\/blog\/2009\/11\/26\/ranko-krivokapiq-mali-i-zi-dhe-kosova-se-shpejti-marredheniet-diplomatike\/","title":{"rendered":"Ranko Krivokapiq: Mali i Zi dhe Kosova s\u00eb shpejti marr\u00ebdh\u00ebniet diplomatike"},"content":{"rendered":"<p><strong><a href=\"http:\/\/www.visit-ulcinj.com\/blog\/wp-content\/uploads\/2009\/11\/Ranko-Krivokapiq.jpg\"><img loading=\"lazy\" class=\"alignleft size-medium wp-image-27597\" title=\"Ranko Krivokapiq\" src=\"http:\/\/www.visit-ulcinj.com\/blog\/wp-content\/uploads\/2009\/11\/Ranko-Krivokapiq-234x300.jpg\" alt=\"Ranko Krivokapiq\" width=\"234\" height=\"300\" srcset=\"https:\/\/www.visit-ulcinj.com\/blog\/wp-content\/uploads\/2009\/11\/Ranko-Krivokapiq-234x300.jpg 234w, https:\/\/www.visit-ulcinj.com\/blog\/wp-content\/uploads\/2009\/11\/Ranko-Krivokapiq.jpg 278w\" sizes=\"(max-width: 234px) 100vw, 234px\" \/><\/a>Mali i Zi dhe Kosova s\u00eb shpejti marr\u00ebdh\u00ebniet diplomatike <\/strong><br \/>\nKryetari i Kuvendit t\u00eb Malit t\u00eb Zi, Ranko Krivokapiq, deklaroi se Podgorica zyrtare e ka marr\u00eb vendimin p\u00ebr vendosjen e marr\u00ebdh\u00ebnieve diplomatike me Prishtin\u00ebn, por nuk ka sakt\u00ebsuar se kur do t\u00eb ndodh\u00eb.<br \/>\n\u201cFjala \u00ebsht\u00eb p\u00ebr shtet fqinj dhe ai gjithsesi \u00ebsht\u00eb n\u00eb mesin e prioriteteve tona\u201d, ka th\u00ebn\u00eb Krivokapiq.<br \/>\nAi tha se nuk ka asnj\u00eb presion p\u00ebr nj\u00eb vendim t\u00eb till\u00eb, i cili ka t\u00eb b\u00ebj\u00eb me \u201ckapacitetet teknike dhe finansiare\u201d t\u00eb ministris\u00eb s\u00eb Jashtme t\u00eb Malit t\u00eb Zi.<\/p>\n<p><strong>Ina<\/strong><\/p>\n","protected":false},"excerpt":{"rendered":"<p>Mali i Zi dhe Kosova s\u00eb shpejti marr\u00ebdh\u00ebniet diplomatike Kryetari i Kuvendit t\u00eb Malit t\u00eb Zi, Ranko Krivokapiq, deklaroi se Podgorica zyrtare e ka marr\u00eb vendimin p\u00ebr vendosjen e marr\u00ebdh\u00ebnieve diplomatike me Prishtin\u00ebn, por nuk ka sakt\u00ebsuar se kur do t\u00eb ndodh\u00eb. \u201cFjala \u00ebsht\u00eb p\u00ebr shtet fqinj dhe ai gjithsesi \u00ebsht\u00eb n\u00eb mesin e prioriteteve [&hellip;]<\/p>\n","protected":false},"author":1,"featured_media":0,"comment_status":"open","ping_status":"closed","sticky":false,"template":"","format":"standard","meta":{"spay_email":"","jetpack_publicize_message":"","jetpack_is_tweetstorm":false,"jetpack_publicize_feature_enabled":true},"categories":[14],"tags":[4560],"jetpack_publicize_connections":[],"yoast_head":"<!-- This site is optimized with the Yoast SEO plugin v19.1 - https:\/\/yoast.com\/wordpress\/plugins\/seo\/ -->\n<title>Ranko Krivokapiq: Mali i Zi dhe Kosova s\u00eb shpejti marr\u00ebdh\u00ebniet diplomatike  - Lajme nga Ulqini<\/title>\n<meta name=\"description\" content=\"Mali i Zi dhe Kosova s\u00eb shpejti marr\u00ebdh\u00ebniet diplomatike Kryetari i Kuvendit t\u00eb Malit t\u00eb Zi, Ranko Krivokapiq, deklaroi se Podgorica zyrtare e ka marr\u00eb\" \/>\n<meta name=\"robots\" content=\"index, follow, max-snippet:-1, max-image-preview:large, max-video-preview:-1\" \/>\n<link rel=\"canonical\" href=\"https:\/\/www.visit-ulcinj.com\/blog\/2009\/11\/26\/ranko-krivokapiq-mali-i-zi-dhe-kosova-se-shpejti-marredheniet-diplomatike\/\" \/>\n<meta property=\"og:locale\" content=\"en_US\" \/>\n<meta property=\"og:type\" content=\"article\" \/>\n<meta property=\"og:title\" content=\"Ranko Krivokapiq: Mali i Zi dhe Kosova s\u00eb shpejti marr\u00ebdh\u00ebniet diplomatike  - Lajme nga Ulqini\" \/>\n<meta property=\"og:description\" content=\"Mali i Zi dhe Kosova s\u00eb shpejti marr\u00ebdh\u00ebniet diplomatike Kryetari i Kuvendit t\u00eb Malit t\u00eb Zi, Ranko Krivokapiq, deklaroi se Podgorica zyrtare e ka marr\u00eb\" \/>\n<meta property=\"og:url\" content=\"https:\/\/www.visit-ulcinj.com\/blog\/2009\/11\/26\/ranko-krivokapiq-mali-i-zi-dhe-kosova-se-shpejti-marredheniet-diplomatike\/\" \/>\n<meta property=\"og:site_name\" content=\"Lajme nga Ulqini\" \/>\n<meta property=\"article:published_time\" content=\"2009-11-26T15:00:32+00:00\" \/>\n<meta property=\"og:image\" content=\"http:\/\/www.visit-ulcinj.com\/blog\/wp-content\/uploads\/2009\/11\/Ranko-Krivokapiq-234x300.jpg\" \/>\n<meta name=\"twitter:label1\" content=\"Written by\" \/>\n\t<meta name=\"twitter:data1\" content=\"ulqini\" \/>\n\t<meta name=\"twitter:label2\" content=\"Est. reading time\" \/>\n\t<meta name=\"twitter:data2\" content=\"1 minute\" \/>\n<script type=\"application\/ld+json\" class=\"yoast-schema-graph\">{\"@context\":\"https:\/\/schema.org\",\"@graph\":[{\"@type\":\"WebSite\",\"@id\":\"https:\/\/www.visit-ulcinj.com\/blog\/#website\",\"url\":\"https:\/\/www.visit-ulcinj.com\/blog\/\",\"name\":\"Lajme nga Ulqini\",\"description\":\"Lajme,Vijesti,Ulqini,Ulqin,Crna Gora,Mali i Zi\",\"potentialAction\":[{\"@type\":\"SearchAction\",\"target\":{\"@type\":\"EntryPoint\",\"urlTemplate\":\"https:\/\/www.visit-ulcinj.com\/blog\/?s={search_term_string}\"},\"query-input\":\"required name=search_term_string\"}],\"inLanguage\":\"en-US\"},{\"@type\":\"ImageObject\",\"inLanguage\":\"en-US\",\"@id\":\"https:\/\/www.visit-ulcinj.com\/blog\/2009\/11\/26\/ranko-krivokapiq-mali-i-zi-dhe-kosova-se-shpejti-marredheniet-diplomatike\/#primaryimage\",\"url\":\"https:\/\/www.visit-ulcinj.com\/blog\/wp-content\/uploads\/2009\/11\/Ranko-Krivokapiq.jpg\",\"contentUrl\":\"https:\/\/www.visit-ulcinj.com\/blog\/wp-content\/uploads\/2009\/11\/Ranko-Krivokapiq.jpg\",\"width\":\"278\",\"height\":\"356\"},{\"@type\":\"WebPage\",\"@id\":\"https:\/\/www.visit-ulcinj.com\/blog\/2009\/11\/26\/ranko-krivokapiq-mali-i-zi-dhe-kosova-se-shpejti-marredheniet-diplomatike\/#webpage\",\"url\":\"https:\/\/www.visit-ulcinj.com\/blog\/2009\/11\/26\/ranko-krivokapiq-mali-i-zi-dhe-kosova-se-shpejti-marredheniet-diplomatike\/\",\"name\":\"Ranko Krivokapiq: Mali i Zi dhe Kosova s\u00eb shpejti marr\u00ebdh\u00ebniet diplomatike - Lajme nga Ulqini\",\"isPartOf\":{\"@id\":\"https:\/\/www.visit-ulcinj.com\/blog\/#website\"},\"primaryImageOfPage\":{\"@id\":\"https:\/\/www.visit-ulcinj.com\/blog\/2009\/11\/26\/ranko-krivokapiq-mali-i-zi-dhe-kosova-se-shpejti-marredheniet-diplomatike\/#primaryimage\"},\"datePublished\":\"2009-11-26T15:00:32+00:00\",\"dateModified\":\"2009-11-26T15:00:32+00:00\",\"author\":{\"@id\":\"https:\/\/www.visit-ulcinj.com\/blog\/#\/schema\/person\/dcab619c614d3038751c63bc2aadc06d\"},\"description\":\"Mali i Zi dhe Kosova s\u00eb shpejti marr\u00ebdh\u00ebniet diplomatike Kryetari i Kuvendit t\u00eb Malit t\u00eb Zi, Ranko Krivokapiq, deklaroi se Podgorica zyrtare e ka marr\u00eb\",\"breadcrumb\":{\"@id\":\"https:\/\/www.visit-ulcinj.com\/blog\/2009\/11\/26\/ranko-krivokapiq-mali-i-zi-dhe-kosova-se-shpejti-marredheniet-diplomatike\/#breadcrumb\"},\"inLanguage\":\"en-US\",\"potentialAction\":[{\"@type\":\"ReadAction\",\"target\":[\"https:\/\/www.visit-ulcinj.com\/blog\/2009\/11\/26\/ranko-krivokapiq-mali-i-zi-dhe-kosova-se-shpejti-marredheniet-diplomatike\/\"]}]},{\"@type\":\"BreadcrumbList\",\"@id\":\"https:\/\/www.visit-ulcinj.com\/blog\/2009\/11\/26\/ranko-krivokapiq-mali-i-zi-dhe-kosova-se-shpejti-marredheniet-diplomatike\/#breadcrumb\",\"itemListElement\":[{\"@type\":\"ListItem\",\"position\":1,\"name\":\"Ranko Krivokapiq: Mali i Zi dhe Kosova s\u00eb shpejti marr\u00ebdh\u00ebniet diplomatike\"}]},{\"@type\":\"Person\",\"@id\":\"https:\/\/www.visit-ulcinj.com\/blog\/#\/schema\/person\/dcab619c614d3038751c63bc2aadc06d\",\"name\":\"ulqini\",\"sameAs\":[\"http:\/\/www.visit-ulcinj.com\"],\"url\":\"https:\/\/www.visit-ulcinj.com\/blog\/author\/admin\/\"}]}<\/script>\n<!-- \/ Yoast SEO plugin. -->","yoast_head_json":{"title":"Ranko Krivokapiq: Mali i Zi dhe Kosova s\u00eb shpejti marr\u00ebdh\u00ebniet diplomatike  - Lajme nga Ulqini","description":"Mali i Zi dhe Kosova s\u00eb shpejti marr\u00ebdh\u00ebniet diplomatike Kryetari i Kuvendit t\u00eb Malit t\u00eb Zi, Ranko Krivokapiq, deklaroi se Podgorica zyrtare e ka marr\u00eb","robots":{"index":"index","follow":"follow","max-snippet":"max-snippet:-1","max-image-preview":"max-image-preview:large","max-video-preview":"max-video-preview:-1"},"canonical":"https:\/\/www.visit-ulcinj.com\/blog\/2009\/11\/26\/ranko-krivokapiq-mali-i-zi-dhe-kosova-se-shpejti-marredheniet-diplomatike\/","og_locale":"en_US","og_type":"article","og_title":"Ranko Krivokapiq: Mali i Zi dhe Kosova s\u00eb shpejti marr\u00ebdh\u00ebniet diplomatike  - Lajme nga Ulqini","og_description":"Mali i Zi dhe Kosova s\u00eb shpejti marr\u00ebdh\u00ebniet diplomatike Kryetari i Kuvendit t\u00eb Malit t\u00eb Zi, Ranko Krivokapiq, deklaroi se Podgorica zyrtare e ka marr\u00eb","og_url":"https:\/\/www.visit-ulcinj.com\/blog\/2009\/11\/26\/ranko-krivokapiq-mali-i-zi-dhe-kosova-se-shpejti-marredheniet-diplomatike\/","og_site_name":"Lajme nga Ulqini","article_published_time":"2009-11-26T15:00:32+00:00","og_image":[{"url":"http:\/\/www.visit-ulcinj.com\/blog\/wp-content\/uploads\/2009\/11\/Ranko-Krivokapiq-234x300.jpg"}],"twitter_misc":{"Written by":"ulqini","Est. reading time":"1 minute"},"schema":{"@context":"https:\/\/schema.org","@graph":[{"@type":"WebSite","@id":"https:\/\/www.visit-ulcinj.com\/blog\/#website","url":"https:\/\/www.visit-ulcinj.com\/blog\/","name":"Lajme nga Ulqini","description":"Lajme,Vijesti,Ulqini,Ulqin,Crna Gora,Mali i Zi","potentialAction":[{"@type":"SearchAction","target":{"@type":"EntryPoint","urlTemplate":"https:\/\/www.visit-ulcinj.com\/blog\/?s={search_term_string}"},"query-input":"required name=search_term_string"}],"inLanguage":"en-US"},{"@type":"ImageObject","inLanguage":"en-US","@id":"https:\/\/www.visit-ulcinj.com\/blog\/2009\/11\/26\/ranko-krivokapiq-mali-i-zi-dhe-kosova-se-shpejti-marredheniet-diplomatike\/#primaryimage","url":"https:\/\/www.visit-ulcinj.com\/blog\/wp-content\/uploads\/2009\/11\/Ranko-Krivokapiq.jpg","contentUrl":"https:\/\/www.visit-ulcinj.com\/blog\/wp-content\/uploads\/2009\/11\/Ranko-Krivokapiq.jpg","width":"278","height":"356"},{"@type":"WebPage","@id":"https:\/\/www.visit-ulcinj.com\/blog\/2009\/11\/26\/ranko-krivokapiq-mali-i-zi-dhe-kosova-se-shpejti-marredheniet-diplomatike\/#webpage","url":"https:\/\/www.visit-ulcinj.com\/blog\/2009\/11\/26\/ranko-krivokapiq-mali-i-zi-dhe-kosova-se-shpejti-marredheniet-diplomatike\/","name":"Ranko Krivokapiq: Mali i Zi dhe Kosova s\u00eb shpejti marr\u00ebdh\u00ebniet diplomatike - Lajme nga Ulqini","isPartOf":{"@id":"https:\/\/www.visit-ulcinj.com\/blog\/#website"},"primaryImageOfPage":{"@id":"https:\/\/www.visit-ulcinj.com\/blog\/2009\/11\/26\/ranko-krivokapiq-mali-i-zi-dhe-kosova-se-shpejti-marredheniet-diplomatike\/#primaryimage"},"datePublished":"2009-11-26T15:00:32+00:00","dateModified":"2009-11-26T15:00:32+00:00","author":{"@id":"https:\/\/www.visit-ulcinj.com\/blog\/#\/schema\/person\/dcab619c614d3038751c63bc2aadc06d"},"description":"Mali i Zi dhe Kosova s\u00eb shpejti marr\u00ebdh\u00ebniet diplomatike Kryetari i Kuvendit t\u00eb Malit t\u00eb Zi, Ranko Krivokapiq, deklaroi se Podgorica zyrtare e ka marr\u00eb","breadcrumb":{"@id":"https:\/\/www.visit-ulcinj.com\/blog\/2009\/11\/26\/ranko-krivokapiq-mali-i-zi-dhe-kosova-se-shpejti-marredheniet-diplomatike\/#breadcrumb"},"inLanguage":"en-US","potentialAction":[{"@type":"ReadAction","target":["https:\/\/www.visit-ulcinj.com\/blog\/2009\/11\/26\/ranko-krivokapiq-mali-i-zi-dhe-kosova-se-shpejti-marredheniet-diplomatike\/"]}]},{"@type":"BreadcrumbList","@id":"https:\/\/www.visit-ulcinj.com\/blog\/2009\/11\/26\/ranko-krivokapiq-mali-i-zi-dhe-kosova-se-shpejti-marredheniet-diplomatike\/#breadcrumb","itemListElement":[{"@type":"ListItem","position":1,"name":"Ranko Krivokapiq: Mali i Zi dhe Kosova s\u00eb shpejti marr\u00ebdh\u00ebniet diplomatike"}]},{"@type":"Person","@id":"https:\/\/www.visit-ulcinj.com\/blog\/#\/schema\/person\/dcab619c614d3038751c63bc2aadc06d","name":"ulqini","sameAs":["http:\/\/www.visit-ulcinj.com"],"url":"https:\/\/www.visit-ulcinj.com\/blog\/author\/admin\/"}]}},"jetpack_featured_media_url":"","jetpack_sharing_enabled":true,"jetpack_shortlink":"https:\/\/wp.me\/pe6lTn-7b6","_links":{"self":[{"href":"https:\/\/www.visit-ulcinj.com\/blog\/wp-json\/wp\/v2\/posts\/27596"}],"collection":[{"href":"https:\/\/www.visit-ulcinj.com\/blog\/wp-json\/wp\/v2\/posts"}],"about":[{"href":"https:\/\/www.visit-ulcinj.com\/blog\/wp-json\/wp\/v2\/types\/post"}],"author":[{"embeddable":true,"href":"https:\/\/www.visit-ulcinj.com\/blog\/wp-json\/wp\/v2\/users\/1"}],"replies":[{"embeddable":true,"href":"https:\/\/www.visit-ulcinj.com\/blog\/wp-json\/wp\/v2\/comments?post=27596"}],"version-history":[{"count":0,"href":"https:\/\/www.visit-ulcinj.com\/blog\/wp-json\/wp\/v2\/posts\/27596\/revisions"}],"wp:attachment":[{"href":"https:\/\/www.visit-ulcinj.com\/blog\/wp-json\/wp\/v2\/media?parent=27596"}],"wp:term":[{"taxonomy":"category","embeddable":true,"href":"https:\/\/www.visit-ulcinj.com\/blog\/wp-json\/wp\/v2\/categories?post=27596"},{"taxonomy":"post_tag","embeddable":true,"href":"https:\/\/www.visit-ulcinj.com\/blog\/wp-json\/wp\/v2\/tags?post=27596"}],"curies":[{"name":"wp","href":"https:\/\/api.w.org\/{rel}","templated":true}]}}