{"id":27600,"date":"2009-11-26T17:22:00","date_gmt":"2009-11-26T15:22:00","guid":{"rendered":"http:\/\/www.visit-ulcinj.com\/blog\/?p=27600"},"modified":"2009-11-26T17:22:36","modified_gmt":"2009-11-26T15:22:36","slug":"pirro-cako-i-dedikon-kenge-inva-mules","status":"publish","type":"post","link":"https:\/\/www.visit-ulcinj.com\/blog\/2009\/11\/26\/pirro-cako-i-dedikon-kenge-inva-mules\/","title":{"rendered":"Pirro \u00c7ako i dedikon k\u00ebng\u00eb Inva Mul\u00ebs?"},"content":{"rendered":"<p><a href=\"http:\/\/www.visit-ulcinj.com\/blog\/wp-content\/uploads\/2009\/11\/Pirro-\u00c7ako-_-Inva-Mula.jpg\"><img loading=\"lazy\" class=\"alignleft size-medium wp-image-27601\" title=\"Pirro \u00c7ako _ Inva Mula\" src=\"http:\/\/www.visit-ulcinj.com\/blog\/wp-content\/uploads\/2009\/11\/Pirro-\u00c7ako-_-Inva-Mula-204x300.jpg\" alt=\"Pirro \u00c7ako _ Inva Mula\" width=\"305\" height=\"450\" \/><\/a>Duket se Pirro \u00c7ako vazhdon t\u00eb mendoj\u00eb p\u00ebr arsyen e v\u00ebrtet\u00eb pse Inva Mula vendosi t&#8217;i jap\u00eb fund martes\u00ebs s\u00eb tyre. K\u00ebng\u00ebtari m\u00eb nj\u00eb far\u00eb m\u00ebnyre ka treguar se ndien ende di\u00e7ka p\u00ebr bashk\u00ebshorten e tij, me t\u00eb cil\u00ebn \u00ebsht\u00eb aktualisht n\u00eb nj\u00eb proces shkurror\u00ebzimi n\u00eb Gjykat\u00ebn e Tiran\u00ebs. Pas shum\u00eb tentativave p\u00ebr t&#8217;u ulur e folur me t\u00eb, dhe refuzimeve q\u00eb ka marr\u00eb nga ajo, Pirro ka vendosur t&#8217;ia b\u00ebj\u00eb pyetjen me k\u00ebng\u00eb, Inva Mul\u00ebs, p\u00ebr t\u00eb kuptuar arsyen e v\u00ebrtet\u00eb pse ajo e la. K\u00ebnga &#8220;Zem\u00ebr e pakurdisur&#8221;, me t\u00eb cil\u00ebn konkurron Soni Malaj n\u00eb festivalin &#8220;K\u00ebnga Magjike&#8221;, \u00ebsht\u00eb shkruar vet\u00ebm p\u00ebr Inv\u00ebn. Autori i tekstit dhe muzik\u00ebs, Pirro \u00c7ako ia ka dedikuar sopranos k\u00ebt\u00eb balad\u00eb t\u00eb ndier\u00eb, nd\u00ebrsa d\u00ebshmon n\u00eb nj\u00eb far\u00eb m\u00ebnyr\u00eb se pavar\u00ebsisht dhembjes dhe trishtimit q\u00eb mban me vete, ai tashm\u00eb \u00ebsht\u00eb m\u00ebsuar dhe e ka pranuar ndarjen, kur thot\u00eb &#8220;gjith\u00e7ka mbaroi tani\u2026&#8221;. Vargu kryesor i refrenit \u00ebsht\u00eb &#8220;Zem\u00ebr pse m\u00eb le\u2026&#8221;, nd\u00ebrsa duke p\u00ebrmendur &#8220;shum\u00eb vite q\u00eb kan\u00eb kaluar&#8221;, duket qart\u00eb q\u00eb flet p\u00ebr martes\u00ebn e tij disavje\u00e7are. \u00c7ako ka vendosur t\u00eb hesht\u00eb n\u00eb media, dhe t\u00eb mos u kund\u00ebrp\u00ebrgjigjet intervistave t\u00eb sopranos, pasi mesa duket ndien ende p\u00ebr t\u00eb.<\/p>\n<!--YouTube Error: bad URL entered-->\n","protected":false},"excerpt":{"rendered":"<p>Duket se Pirro \u00c7ako vazhdon t\u00eb mendoj\u00eb p\u00ebr arsyen e v\u00ebrtet\u00eb pse Inva Mula vendosi t&#8217;i jap\u00eb fund martes\u00ebs s\u00eb tyre. K\u00ebng\u00ebtari m\u00eb nj\u00eb far\u00eb m\u00ebnyre ka treguar se ndien ende di\u00e7ka p\u00ebr bashk\u00ebshorten e tij, me t\u00eb cil\u00ebn \u00ebsht\u00eb aktualisht n\u00eb nj\u00eb proces shkurror\u00ebzimi n\u00eb Gjykat\u00ebn e Tiran\u00ebs. Pas shum\u00eb tentativave p\u00ebr t&#8217;u ulur [&hellip;]<\/p>\n","protected":false},"author":1,"featured_media":0,"comment_status":"open","ping_status":"closed","sticky":false,"template":"","format":"standard","meta":{"spay_email":"","jetpack_publicize_message":"","jetpack_is_tweetstorm":false,"jetpack_publicize_feature_enabled":true},"categories":[1],"tags":[7415,12910,7419],"jetpack_publicize_connections":[],"yoast_head":"<!-- This site is optimized with the Yoast SEO plugin v19.1 - https:\/\/yoast.com\/wordpress\/plugins\/seo\/ -->\n<title>Pirro \u00c7ako i dedikon k\u00ebng\u00eb Inva Mul\u00ebs? - Lajme nga Ulqini<\/title>\n<meta name=\"description\" content=\"Duket se Pirro \u00c7ako vazhdon t\u00eb mendoj\u00eb p\u00ebr arsyen e v\u00ebrtet\u00eb pse Inva Mula vendosi t&#039;i jap\u00eb fund martes\u00ebs s\u00eb tyre. K\u00ebng\u00ebtari m\u00eb nj\u00eb far\u00eb m\u00ebnyre ka treguar\" \/>\n<meta name=\"robots\" content=\"index, follow, max-snippet:-1, max-image-preview:large, max-video-preview:-1\" \/>\n<link rel=\"canonical\" href=\"https:\/\/www.visit-ulcinj.com\/blog\/2009\/11\/26\/pirro-cako-i-dedikon-kenge-inva-mules\/\" \/>\n<meta property=\"og:locale\" content=\"en_US\" \/>\n<meta property=\"og:type\" content=\"article\" \/>\n<meta property=\"og:title\" content=\"Pirro \u00c7ako i dedikon k\u00ebng\u00eb Inva Mul\u00ebs? - Lajme nga Ulqini\" \/>\n<meta property=\"og:description\" content=\"Duket se Pirro \u00c7ako vazhdon t\u00eb mendoj\u00eb p\u00ebr arsyen e v\u00ebrtet\u00eb pse Inva Mula vendosi t&#039;i jap\u00eb fund martes\u00ebs s\u00eb tyre. K\u00ebng\u00ebtari m\u00eb nj\u00eb far\u00eb m\u00ebnyre ka treguar\" \/>\n<meta property=\"og:url\" content=\"https:\/\/www.visit-ulcinj.com\/blog\/2009\/11\/26\/pirro-cako-i-dedikon-kenge-inva-mules\/\" \/>\n<meta property=\"og:site_name\" content=\"Lajme nga Ulqini\" \/>\n<meta property=\"article:published_time\" content=\"2009-11-26T15:22:00+00:00\" \/>\n<meta property=\"article:modified_time\" content=\"2009-11-26T15:22:36+00:00\" \/>\n<meta name=\"twitter:label1\" content=\"Written by\" \/>\n\t<meta name=\"twitter:data1\" content=\"ulqini\" \/>\n\t<meta name=\"twitter:label2\" content=\"Est. reading time\" \/>\n\t<meta name=\"twitter:data2\" content=\"1 minute\" \/>\n<script type=\"application\/ld+json\" class=\"yoast-schema-graph\">{\"@context\":\"https:\/\/schema.org\",\"@graph\":[{\"@type\":\"WebSite\",\"@id\":\"https:\/\/www.visit-ulcinj.com\/blog\/#website\",\"url\":\"https:\/\/www.visit-ulcinj.com\/blog\/\",\"name\":\"Lajme nga Ulqini\",\"description\":\"Lajme,Vijesti,Ulqini,Ulqin,Crna Gora,Mali i Zi\",\"potentialAction\":[{\"@type\":\"SearchAction\",\"target\":{\"@type\":\"EntryPoint\",\"urlTemplate\":\"https:\/\/www.visit-ulcinj.com\/blog\/?s={search_term_string}\"},\"query-input\":\"required name=search_term_string\"}],\"inLanguage\":\"en-US\"},{\"@type\":\"WebPage\",\"@id\":\"https:\/\/www.visit-ulcinj.com\/blog\/2009\/11\/26\/pirro-cako-i-dedikon-kenge-inva-mules\/#webpage\",\"url\":\"https:\/\/www.visit-ulcinj.com\/blog\/2009\/11\/26\/pirro-cako-i-dedikon-kenge-inva-mules\/\",\"name\":\"Pirro \u00c7ako i dedikon k\u00ebng\u00eb Inva Mul\u00ebs? - Lajme nga Ulqini\",\"isPartOf\":{\"@id\":\"https:\/\/www.visit-ulcinj.com\/blog\/#website\"},\"datePublished\":\"2009-11-26T15:22:00+00:00\",\"dateModified\":\"2009-11-26T15:22:36+00:00\",\"author\":{\"@id\":\"https:\/\/www.visit-ulcinj.com\/blog\/#\/schema\/person\/dcab619c614d3038751c63bc2aadc06d\"},\"description\":\"Duket se Pirro \u00c7ako vazhdon t\u00eb mendoj\u00eb p\u00ebr arsyen e v\u00ebrtet\u00eb pse Inva Mula vendosi t'i jap\u00eb fund martes\u00ebs s\u00eb tyre. K\u00ebng\u00ebtari m\u00eb nj\u00eb far\u00eb m\u00ebnyre ka treguar\",\"breadcrumb\":{\"@id\":\"https:\/\/www.visit-ulcinj.com\/blog\/2009\/11\/26\/pirro-cako-i-dedikon-kenge-inva-mules\/#breadcrumb\"},\"inLanguage\":\"en-US\",\"potentialAction\":[{\"@type\":\"ReadAction\",\"target\":[\"https:\/\/www.visit-ulcinj.com\/blog\/2009\/11\/26\/pirro-cako-i-dedikon-kenge-inva-mules\/\"]}]},{\"@type\":\"BreadcrumbList\",\"@id\":\"https:\/\/www.visit-ulcinj.com\/blog\/2009\/11\/26\/pirro-cako-i-dedikon-kenge-inva-mules\/#breadcrumb\",\"itemListElement\":[{\"@type\":\"ListItem\",\"position\":1,\"name\":\"Pirro \u00c7ako i dedikon k\u00ebng\u00eb Inva Mul\u00ebs?\"}]},{\"@type\":\"Person\",\"@id\":\"https:\/\/www.visit-ulcinj.com\/blog\/#\/schema\/person\/dcab619c614d3038751c63bc2aadc06d\",\"name\":\"ulqini\",\"sameAs\":[\"http:\/\/www.visit-ulcinj.com\"],\"url\":\"https:\/\/www.visit-ulcinj.com\/blog\/author\/admin\/\"}]}<\/script>\n<!-- \/ Yoast SEO plugin. -->","yoast_head_json":{"title":"Pirro \u00c7ako i dedikon k\u00ebng\u00eb Inva Mul\u00ebs? - Lajme nga Ulqini","description":"Duket se Pirro \u00c7ako vazhdon t\u00eb mendoj\u00eb p\u00ebr arsyen e v\u00ebrtet\u00eb pse Inva Mula vendosi t'i jap\u00eb fund martes\u00ebs s\u00eb tyre. K\u00ebng\u00ebtari m\u00eb nj\u00eb far\u00eb m\u00ebnyre ka treguar","robots":{"index":"index","follow":"follow","max-snippet":"max-snippet:-1","max-image-preview":"max-image-preview:large","max-video-preview":"max-video-preview:-1"},"canonical":"https:\/\/www.visit-ulcinj.com\/blog\/2009\/11\/26\/pirro-cako-i-dedikon-kenge-inva-mules\/","og_locale":"en_US","og_type":"article","og_title":"Pirro \u00c7ako i dedikon k\u00ebng\u00eb Inva Mul\u00ebs? - Lajme nga Ulqini","og_description":"Duket se Pirro \u00c7ako vazhdon t\u00eb mendoj\u00eb p\u00ebr arsyen e v\u00ebrtet\u00eb pse Inva Mula vendosi t'i jap\u00eb fund martes\u00ebs s\u00eb tyre. K\u00ebng\u00ebtari m\u00eb nj\u00eb far\u00eb m\u00ebnyre ka treguar","og_url":"https:\/\/www.visit-ulcinj.com\/blog\/2009\/11\/26\/pirro-cako-i-dedikon-kenge-inva-mules\/","og_site_name":"Lajme nga Ulqini","article_published_time":"2009-11-26T15:22:00+00:00","article_modified_time":"2009-11-26T15:22:36+00:00","twitter_misc":{"Written by":"ulqini","Est. reading time":"1 minute"},"schema":{"@context":"https:\/\/schema.org","@graph":[{"@type":"WebSite","@id":"https:\/\/www.visit-ulcinj.com\/blog\/#website","url":"https:\/\/www.visit-ulcinj.com\/blog\/","name":"Lajme nga Ulqini","description":"Lajme,Vijesti,Ulqini,Ulqin,Crna Gora,Mali i Zi","potentialAction":[{"@type":"SearchAction","target":{"@type":"EntryPoint","urlTemplate":"https:\/\/www.visit-ulcinj.com\/blog\/?s={search_term_string}"},"query-input":"required name=search_term_string"}],"inLanguage":"en-US"},{"@type":"WebPage","@id":"https:\/\/www.visit-ulcinj.com\/blog\/2009\/11\/26\/pirro-cako-i-dedikon-kenge-inva-mules\/#webpage","url":"https:\/\/www.visit-ulcinj.com\/blog\/2009\/11\/26\/pirro-cako-i-dedikon-kenge-inva-mules\/","name":"Pirro \u00c7ako i dedikon k\u00ebng\u00eb Inva Mul\u00ebs? - Lajme nga Ulqini","isPartOf":{"@id":"https:\/\/www.visit-ulcinj.com\/blog\/#website"},"datePublished":"2009-11-26T15:22:00+00:00","dateModified":"2009-11-26T15:22:36+00:00","author":{"@id":"https:\/\/www.visit-ulcinj.com\/blog\/#\/schema\/person\/dcab619c614d3038751c63bc2aadc06d"},"description":"Duket se Pirro \u00c7ako vazhdon t\u00eb mendoj\u00eb p\u00ebr arsyen e v\u00ebrtet\u00eb pse Inva Mula vendosi t'i jap\u00eb fund martes\u00ebs s\u00eb tyre. K\u00ebng\u00ebtari m\u00eb nj\u00eb far\u00eb m\u00ebnyre ka treguar","breadcrumb":{"@id":"https:\/\/www.visit-ulcinj.com\/blog\/2009\/11\/26\/pirro-cako-i-dedikon-kenge-inva-mules\/#breadcrumb"},"inLanguage":"en-US","potentialAction":[{"@type":"ReadAction","target":["https:\/\/www.visit-ulcinj.com\/blog\/2009\/11\/26\/pirro-cako-i-dedikon-kenge-inva-mules\/"]}]},{"@type":"BreadcrumbList","@id":"https:\/\/www.visit-ulcinj.com\/blog\/2009\/11\/26\/pirro-cako-i-dedikon-kenge-inva-mules\/#breadcrumb","itemListElement":[{"@type":"ListItem","position":1,"name":"Pirro \u00c7ako i dedikon k\u00ebng\u00eb Inva Mul\u00ebs?"}]},{"@type":"Person","@id":"https:\/\/www.visit-ulcinj.com\/blog\/#\/schema\/person\/dcab619c614d3038751c63bc2aadc06d","name":"ulqini","sameAs":["http:\/\/www.visit-ulcinj.com"],"url":"https:\/\/www.visit-ulcinj.com\/blog\/author\/admin\/"}]}},"jetpack_featured_media_url":"","jetpack_sharing_enabled":true,"jetpack_shortlink":"https:\/\/wp.me\/pe6lTn-7ba","_links":{"self":[{"href":"https:\/\/www.visit-ulcinj.com\/blog\/wp-json\/wp\/v2\/posts\/27600"}],"collection":[{"href":"https:\/\/www.visit-ulcinj.com\/blog\/wp-json\/wp\/v2\/posts"}],"about":[{"href":"https:\/\/www.visit-ulcinj.com\/blog\/wp-json\/wp\/v2\/types\/post"}],"author":[{"embeddable":true,"href":"https:\/\/www.visit-ulcinj.com\/blog\/wp-json\/wp\/v2\/users\/1"}],"replies":[{"embeddable":true,"href":"https:\/\/www.visit-ulcinj.com\/blog\/wp-json\/wp\/v2\/comments?post=27600"}],"version-history":[{"count":0,"href":"https:\/\/www.visit-ulcinj.com\/blog\/wp-json\/wp\/v2\/posts\/27600\/revisions"}],"wp:attachment":[{"href":"https:\/\/www.visit-ulcinj.com\/blog\/wp-json\/wp\/v2\/media?parent=27600"}],"wp:term":[{"taxonomy":"category","embeddable":true,"href":"https:\/\/www.visit-ulcinj.com\/blog\/wp-json\/wp\/v2\/categories?post=27600"},{"taxonomy":"post_tag","embeddable":true,"href":"https:\/\/www.visit-ulcinj.com\/blog\/wp-json\/wp\/v2\/tags?post=27600"}],"curies":[{"name":"wp","href":"https:\/\/api.w.org\/{rel}","templated":true}]}}