{"id":27605,"date":"2009-11-27T21:02:41","date_gmt":"2009-11-27T19:02:41","guid":{"rendered":"http:\/\/www.visit-ulcinj.com\/blog\/?p=27605"},"modified":"2009-11-27T21:02:41","modified_gmt":"2009-11-27T19:02:41","slug":"taekwondo-turniri-nderkombetar-%e2%80%9cmostar-open-2009%e2%80%9d","status":"publish","type":"post","link":"https:\/\/www.visit-ulcinj.com\/blog\/2009\/11\/27\/taekwondo-turniri-nderkombetar-%e2%80%9cmostar-open-2009%e2%80%9d\/","title":{"rendered":"Taekwondo turniri nd\u00ebrkomb\u00ebtar \u201cMostar Open 2009\u201d"},"content":{"rendered":"<p><a href=\"http:\/\/www.visit-ulcinj.com\/blog\/wp-content\/uploads\/2009\/11\/Klubi-I-Taekwondo-s\u00eb-Ulqini.1.jpg\"><img loading=\"lazy\" class=\"alignleft size-full wp-image-27607\" title=\"Klubi I Taekwondo-s\u00eb Ulqini.1\" src=\"http:\/\/www.visit-ulcinj.com\/blog\/wp-content\/uploads\/2009\/11\/Klubi-I-Taekwondo-s\u00eb-Ulqini.1.jpg\" alt=\"Klubi I Taekwondo-s\u00eb Ulqini.1\" width=\"570\" height=\"400\" \/><\/a>Klubi I Taekwondo-s\u00eb Ulqini gjat\u00eb k\u00ebsaj fudjave mori pjes\u00eb n\u00eb turnirin nd\u00ebrkomb\u00ebtar \u201cMostar Open\u201d p\u00ebr kategorin shkollore, kadet\u00ebt e rinj\u00eb dhe p\u00ebr kategorin\u00eb e kadet\u00ebve.<br \/>\nKlubi I Taekwondo-s\u00eb Ulqini vijon me suksesin e radh\u00ebs\u00eb n\u00eb rangun nd\u00ebrkomb\u00ebtar duke fituar\u00eb 9 medalje n\u00eb Mostar.<br \/>\nTurniri ishte I nivelit rajonal kryesisht p\u00ebr kategorine e voglush\u00ebve ku karakteristik e k\u00ebtij turniri \u00ebsht\u00eb se n\u00eb secil\u00ebn kategori ka pasur 15 deri n\u00eb 20 garues\u00eb \u00e7ka n\u00ebnkupton se p\u00ebr secil\u00ebn medalje \u00ebsht\u00eb dashur q\u00eb t\u00eb arrin s\u00eb paku dy apo tri fitore.<br \/>\nN\u00eb t\u00eb u paraqiten 5 shtete, 35 klube dhe 430 garues , shtetet pjesmarrse ishin Bosna, Kroacia, Sllovenia, Mali i Zi dhe Serbia.<br \/>\nKlubi I Taekowndo-s\u00eb Ulqini u paraqit me 14 garues dhe p\u00ebr shkaqe sh\u00ebndetsore nuk arrit\u00ebn t\u00eb paraqiten me nj\u00eb num\u00ebr edhe m\u00eb t\u00eb madh\u00eb. Garuesit pjes\u00ebmarr\u00ebs ishin:<br \/>\nMersodin Kurti, Rinor Jahja, Medina Kanaqi, Nuri Kanaqi, Amina Kanaqi, Bojan Vladisavljeviq Esad Kraja, Alldina Zhygjeli, Raif Bilali, Sulejman Murati, Shukri Bakalli, Izedin Kurti, Adelisa Muslijeviq, Artan Zenuni,<\/p>\n<p>Bilanci i medaljeve p\u00ebr KT Ulqinin n\u00eb k\u00ebt\u00eb turnir\u00eb: nj\u00eb medalje e arta, tri medalje t\u00eb argjend\u00ebta, dhe pes\u00eb t\u00eb bronz\u00ebta.<br \/>\nMe medalje t\u00eb art\u00eb u kurorzua.<br \/>\nAlldina Zhygjeli e a cila arrin\u00eb t\u00eb fitoj tri luft\u00ebra.<br \/>\nNd\u00ebrsa me medalje t\u00eb argjend\u00ebta u kurorzuan:<br \/>\nAdelisa Muslijeviq, Medina Kanaqi dhe Artan Zenuni n\u00eb Diciplin\u00ebn e Formave.<br \/>\nDhe me medalje t\u00eb broz\u00ebt u kurorzuan:<br \/>\nEsad Kraja, Sulejman Murati, Mersodin Kurti, Raif Bilali, dhe Izedin Kurti.<\/p>\n<p>P\u00ebr m\u00eb tep\u00ebr kryetrajneri Fikret Dushku shton\u00eb:<br \/>\nEdhe p\u00ebsr shkak v\u00ebshtirsive financiare arrit\u00ebm ta kalojm\u00eb edhe nj\u00eb gare nd\u00ebrkomb\u00ebtare, mirpo ajo cka m\u00eb s\u00eb tep\u00ebrmi na jep vullnet dhe shpres\u00eb \u00ebsht\u00eb suksesi n\u00eb aren\u00ebn nd\u00ebrkomb\u00ebtare e cila vit p\u00ebr vit rritet gradualisht dhe kjo na b\u00ebn krenar\u00eb q\u00eb t\u00eb paraqitemi sa m\u00eb tep\u00ebr n\u00eb k\u00ebto gara.<br \/>\nMe k\u00ebt\u00eb rezultat klubi i KT Ulqinit arrin n\u00eb 63 medalje nd\u00ebrkomb\u00ebtar\u00eb p\u00ebr vitin 2009. Falenderojm\u00eb sponsor\u00ebt q\u00eb kontribuan p\u00ebr klubin tan\u00eb. Tepacir Kurti, Cungo &amp; Co, Primus Electronics, Gradja Commerc.<\/p>\n\n\t\t<style type=\"text\/css\">\n\t\t\t#gallery-1 {\n\t\t\t\tmargin: auto;\n\t\t\t}\n\t\t\t#gallery-1 .gallery-item {\n\t\t\t\tfloat: left;\n\t\t\t\tmargin-top: 10px;\n\t\t\t\ttext-align: center;\n\t\t\t\twidth: 33%;\n\t\t\t}\n\t\t\t#gallery-1 img {\n\t\t\t\tborder: 2px solid #cfcfcf;\n\t\t\t}\n\t\t\t#gallery-1 .gallery-caption {\n\t\t\t\tmargin-left: 0;\n\t\t\t}\n\t\t\t\/* see gallery_shortcode() in wp-includes\/media.php *\/\n\t\t<\/style>\n\t\t<div id='gallery-1' class='gallery galleryid-27605 gallery-columns-3 gallery-size-thumbnail'><dl class='gallery-item'>\n\t\t\t<dt class='gallery-icon landscape'>\n\t\t\t\t<a href='https:\/\/www.visit-ulcinj.com\/blog\/wp-content\/uploads\/2009\/11\/Klubi-i-Taekwondo-se-Ulqini.jpg'><img width=\"150\" height=\"150\" src=\"https:\/\/www.visit-ulcinj.com\/blog\/wp-content\/uploads\/2009\/11\/Klubi-i-Taekwondo-se-Ulqini-150x150.jpg\" class=\"attachment-thumbnail size-thumbnail\" alt=\"\" loading=\"lazy\" \/><\/a>\n\t\t\t<\/dt><\/dl><dl class='gallery-item'>\n\t\t\t<dt class='gallery-icon '>\n\t\t\t\t<a href='https:\/\/www.visit-ulcinj.com\/blog\/wp-content\/uploads\/2009\/11\/Klubi-I-Taekwondo-s\u00c3\u00ab-Ulqini.1.jpg'><img width=\"1\" height=\"1\" src=\"https:\/\/www.visit-ulcinj.com\/blog\/wp-content\/uploads\/2009\/11\/Klubi-I-Taekwondo-s\u00c3\u00ab-Ulqini.1.jpg\" class=\"attachment-thumbnail size-thumbnail\" alt=\"\" loading=\"lazy\" \/><\/a>\n\t\t\t<\/dt><\/dl><dl class='gallery-item'>\n\t\t\t<dt class='gallery-icon '>\n\t\t\t\t<a href='https:\/\/www.visit-ulcinj.com\/blog\/wp-content\/uploads\/2009\/11\/Klubi-I-Taekwondo-s\u00c3\u00ab-Ulqini.2.jpg'><img width=\"1\" height=\"1\" src=\"https:\/\/www.visit-ulcinj.com\/blog\/wp-content\/uploads\/2009\/11\/Klubi-I-Taekwondo-s\u00c3\u00ab-Ulqini.2.jpg\" class=\"attachment-thumbnail size-thumbnail\" alt=\"\" loading=\"lazy\" \/><\/a>\n\t\t\t<\/dt><\/dl><br style=\"clear: both\" \/><dl class='gallery-item'>\n\t\t\t<dt class='gallery-icon '>\n\t\t\t\t<a href='https:\/\/www.visit-ulcinj.com\/blog\/wp-content\/uploads\/2009\/11\/Klubi-I-Taekwondo-s\u00c3\u00ab-Ulqini.3.jpg'><img width=\"1\" height=\"1\" src=\"https:\/\/www.visit-ulcinj.com\/blog\/wp-content\/uploads\/2009\/11\/Klubi-I-Taekwondo-s\u00c3\u00ab-Ulqini.3.jpg\" class=\"attachment-thumbnail size-thumbnail\" alt=\"\" loading=\"lazy\" \/><\/a>\n\t\t\t<\/dt><\/dl><dl class='gallery-item'>\n\t\t\t<dt class='gallery-icon '>\n\t\t\t\t<a href='https:\/\/www.visit-ulcinj.com\/blog\/wp-content\/uploads\/2009\/11\/Klubi-I-Taekwondo-s\u00c3\u00ab-Ulqini.4.jpg'><img width=\"1\" height=\"1\" src=\"https:\/\/www.visit-ulcinj.com\/blog\/wp-content\/uploads\/2009\/11\/Klubi-I-Taekwondo-s\u00c3\u00ab-Ulqini.4.jpg\" class=\"attachment-thumbnail size-thumbnail\" alt=\"\" loading=\"lazy\" \/><\/a>\n\t\t\t<\/dt><\/dl><dl class='gallery-item'>\n\t\t\t<dt class='gallery-icon '>\n\t\t\t\t<a href='https:\/\/www.visit-ulcinj.com\/blog\/wp-content\/uploads\/2009\/11\/Klubi-I-Taekwondo-s\u00c3\u00ab-Ulqini.5.jpg'><img width=\"1\" height=\"1\" src=\"https:\/\/www.visit-ulcinj.com\/blog\/wp-content\/uploads\/2009\/11\/Klubi-I-Taekwondo-s\u00c3\u00ab-Ulqini.5.jpg\" class=\"attachment-thumbnail size-thumbnail\" alt=\"\" loading=\"lazy\" \/><\/a>\n\t\t\t<\/dt><\/dl><br style=\"clear: both\" \/><dl class='gallery-item'>\n\t\t\t<dt class='gallery-icon '>\n\t\t\t\t<a href='https:\/\/www.visit-ulcinj.com\/blog\/wp-content\/uploads\/2009\/11\/Klubi-I-Taekwondo-s\u00c3\u00ab-Ulqini.6.jpg'><img width=\"1\" height=\"1\" src=\"https:\/\/www.visit-ulcinj.com\/blog\/wp-content\/uploads\/2009\/11\/Klubi-I-Taekwondo-s\u00c3\u00ab-Ulqini.6.jpg\" class=\"attachment-thumbnail size-thumbnail\" alt=\"\" loading=\"lazy\" \/><\/a>\n\t\t\t<\/dt><\/dl><dl class='gallery-item'>\n\t\t\t<dt class='gallery-icon '>\n\t\t\t\t<a href='https:\/\/www.visit-ulcinj.com\/blog\/wp-content\/uploads\/2009\/11\/Klubi-I-Taekwondo-s\u00c3\u00ab-Ulqini.7.jpg'><img width=\"1\" height=\"1\" src=\"https:\/\/www.visit-ulcinj.com\/blog\/wp-content\/uploads\/2009\/11\/Klubi-I-Taekwondo-s\u00c3\u00ab-Ulqini.7.jpg\" class=\"attachment-thumbnail size-thumbnail\" alt=\"\" loading=\"lazy\" \/><\/a>\n\t\t\t<\/dt><\/dl><dl class='gallery-item'>\n\t\t\t<dt class='gallery-icon '>\n\t\t\t\t<a href='https:\/\/www.visit-ulcinj.com\/blog\/wp-content\/uploads\/2009\/11\/Klubi-I-Taekwondo-s\u00c3\u00ab-Ulqini.8.jpg'><img width=\"1\" height=\"1\" src=\"https:\/\/www.visit-ulcinj.com\/blog\/wp-content\/uploads\/2009\/11\/Klubi-I-Taekwondo-s\u00c3\u00ab-Ulqini.8.jpg\" class=\"attachment-thumbnail size-thumbnail\" alt=\"\" loading=\"lazy\" \/><\/a>\n\t\t\t<\/dt><\/dl><br style=\"clear: both\" \/><dl class='gallery-item'>\n\t\t\t<dt class='gallery-icon '>\n\t\t\t\t<a href='https:\/\/www.visit-ulcinj.com\/blog\/wp-content\/uploads\/2009\/11\/Klubi-I-Taekwondo-s\u00c3\u00ab-Ulqini.9.jpg'><img width=\"1\" height=\"1\" src=\"https:\/\/www.visit-ulcinj.com\/blog\/wp-content\/uploads\/2009\/11\/Klubi-I-Taekwondo-s\u00c3\u00ab-Ulqini.9.jpg\" class=\"attachment-thumbnail size-thumbnail\" alt=\"\" loading=\"lazy\" \/><\/a>\n\t\t\t<\/dt><\/dl><dl class='gallery-item'>\n\t\t\t<dt class='gallery-icon '>\n\t\t\t\t<a href='https:\/\/www.visit-ulcinj.com\/blog\/wp-content\/uploads\/2009\/11\/Klubi-I-Taekwondo-s\u00c3\u00ab-Ulqini.10.jpg'><img width=\"1\" height=\"1\" src=\"https:\/\/www.visit-ulcinj.com\/blog\/wp-content\/uploads\/2009\/11\/Klubi-I-Taekwondo-s\u00c3\u00ab-Ulqini.10.jpg\" class=\"attachment-thumbnail size-thumbnail\" alt=\"\" loading=\"lazy\" \/><\/a>\n\t\t\t<\/dt><\/dl><dl class='gallery-item'>\n\t\t\t<dt class='gallery-icon '>\n\t\t\t\t<a href='https:\/\/www.visit-ulcinj.com\/blog\/wp-content\/uploads\/2009\/11\/Klubi-I-Taekwondo-s\u00c3\u00ab-Ulqini.11.jpg'><img width=\"1\" height=\"1\" src=\"https:\/\/www.visit-ulcinj.com\/blog\/wp-content\/uploads\/2009\/11\/Klubi-I-Taekwondo-s\u00c3\u00ab-Ulqini.11.jpg\" class=\"attachment-thumbnail size-thumbnail\" alt=\"\" loading=\"lazy\" \/><\/a>\n\t\t\t<\/dt><\/dl><br style=\"clear: both\" \/><dl class='gallery-item'>\n\t\t\t<dt class='gallery-icon '>\n\t\t\t\t<a href='https:\/\/www.visit-ulcinj.com\/blog\/wp-content\/uploads\/2009\/11\/Klubi-I-Taekwondo-s\u00c3\u00ab-Ulqini.12.jpg'><img width=\"1\" height=\"1\" src=\"https:\/\/www.visit-ulcinj.com\/blog\/wp-content\/uploads\/2009\/11\/Klubi-I-Taekwondo-s\u00c3\u00ab-Ulqini.12.jpg\" class=\"attachment-thumbnail size-thumbnail\" alt=\"\" loading=\"lazy\" \/><\/a>\n\t\t\t<\/dt><\/dl><dl class='gallery-item'>\n\t\t\t<dt class='gallery-icon '>\n\t\t\t\t<a href='https:\/\/www.visit-ulcinj.com\/blog\/wp-content\/uploads\/2009\/11\/Klubi-I-Taekwondo-s\u00c3\u00ab-Ulqini.13.jpg'><img width=\"1\" height=\"1\" src=\"https:\/\/www.visit-ulcinj.com\/blog\/wp-content\/uploads\/2009\/11\/Klubi-I-Taekwondo-s\u00c3\u00ab-Ulqini.13.jpg\" class=\"attachment-thumbnail size-thumbnail\" alt=\"\" loading=\"lazy\" \/><\/a>\n\t\t\t<\/dt><\/dl><dl class='gallery-item'>\n\t\t\t<dt class='gallery-icon '>\n\t\t\t\t<a href='https:\/\/www.visit-ulcinj.com\/blog\/wp-content\/uploads\/2009\/11\/Klubi-I-Taekwondo-s\u00c3\u00ab-Ulqini.14.jpg'><img width=\"1\" height=\"1\" src=\"https:\/\/www.visit-ulcinj.com\/blog\/wp-content\/uploads\/2009\/11\/Klubi-I-Taekwondo-s\u00c3\u00ab-Ulqini.14.jpg\" class=\"attachment-thumbnail size-thumbnail\" alt=\"\" loading=\"lazy\" \/><\/a>\n\t\t\t<\/dt><\/dl><br style=\"clear: both\" \/><dl class='gallery-item'>\n\t\t\t<dt class='gallery-icon '>\n\t\t\t\t<a href='https:\/\/www.visit-ulcinj.com\/blog\/wp-content\/uploads\/2009\/11\/Klubi-I-Taekwondo-s\u00c3\u00ab-Ulqini.15.jpg'><img width=\"1\" height=\"1\" src=\"https:\/\/www.visit-ulcinj.com\/blog\/wp-content\/uploads\/2009\/11\/Klubi-I-Taekwondo-s\u00c3\u00ab-Ulqini.15.jpg\" class=\"attachment-thumbnail size-thumbnail\" alt=\"\" loading=\"lazy\" \/><\/a>\n\t\t\t<\/dt><\/dl><dl class='gallery-item'>\n\t\t\t<dt class='gallery-icon '>\n\t\t\t\t<a href='https:\/\/www.visit-ulcinj.com\/blog\/wp-content\/uploads\/2009\/11\/Klubi-I-Taekwondo-s\u00c3\u00ab-Ulqini.16.jpg'><img width=\"1\" height=\"1\" src=\"https:\/\/www.visit-ulcinj.com\/blog\/wp-content\/uploads\/2009\/11\/Klubi-I-Taekwondo-s\u00c3\u00ab-Ulqini.16.jpg\" class=\"attachment-thumbnail size-thumbnail\" alt=\"\" loading=\"lazy\" \/><\/a>\n\t\t\t<\/dt><\/dl><dl class='gallery-item'>\n\t\t\t<dt class='gallery-icon '>\n\t\t\t\t<a href='https:\/\/www.visit-ulcinj.com\/blog\/wp-content\/uploads\/2009\/11\/Klubi-I-Taekwondo-s\u00c3\u00ab-Ulqini.17.jpg'><img width=\"1\" height=\"1\" src=\"https:\/\/www.visit-ulcinj.com\/blog\/wp-content\/uploads\/2009\/11\/Klubi-I-Taekwondo-s\u00c3\u00ab-Ulqini.17.jpg\" class=\"attachment-thumbnail size-thumbnail\" alt=\"\" loading=\"lazy\" \/><\/a>\n\t\t\t<\/dt><\/dl><br style=\"clear: both\" \/>\n\t\t<\/div>\n\n<!--YouTube Error: bad URL entered-->\n","protected":false},"excerpt":{"rendered":"<p>Klubi I Taekwondo-s\u00eb Ulqini gjat\u00eb k\u00ebsaj fudjave mori pjes\u00eb n\u00eb turnirin nd\u00ebrkomb\u00ebtar \u201cMostar Open\u201d p\u00ebr kategorin shkollore, kadet\u00ebt e rinj\u00eb dhe p\u00ebr kategorin\u00eb e kadet\u00ebve. Klubi I Taekwondo-s\u00eb Ulqini vijon me suksesin e radh\u00ebs\u00eb n\u00eb rangun nd\u00ebrkomb\u00ebtar duke fituar\u00eb 9 medalje n\u00eb Mostar. Turniri ishte I nivelit rajonal kryesisht p\u00ebr kategorine e voglush\u00ebve ku karakteristik [&hellip;]<\/p>\n","protected":false},"author":1,"featured_media":0,"comment_status":"open","ping_status":"closed","sticky":false,"template":"","format":"standard","meta":{"spay_email":"","jetpack_publicize_message":"","jetpack_is_tweetstorm":false,"jetpack_publicize_feature_enabled":true},"categories":[3],"tags":[10284,12914,12912,2970,12913,12917,12919,10291,6336,2950,12911,10294,12918,12915,10283,10293,10295,12916],"jetpack_publicize_connections":[],"yoast_head":"<!-- This site is optimized with the Yoast SEO plugin v19.1 - https:\/\/yoast.com\/wordpress\/plugins\/seo\/ -->\n<title>Taekwondo turniri nd\u00ebrkomb\u00ebtar \u201cMostar Open 2009\u201d - Lajme nga Ulqini<\/title>\n<meta name=\"description\" content=\"Klubi I Taekwondo-s\u00eb Ulqini gjat\u00eb k\u00ebsaj fudjave mori pjes\u00eb n\u00eb turnirin nd\u00ebrkomb\u00ebtar \u201cMostar Open\u201d p\u00ebr kategorin shkollore, kadet\u00ebt e rinj\u00eb dhe p\u00ebr\" \/>\n<meta name=\"robots\" content=\"index, follow, max-snippet:-1, max-image-preview:large, max-video-preview:-1\" \/>\n<link rel=\"canonical\" href=\"https:\/\/www.visit-ulcinj.com\/blog\/2009\/11\/27\/taekwondo-turniri-nderkombetar-\u201cmostar-open-2009\u201d\/\" \/>\n<meta property=\"og:locale\" content=\"en_US\" \/>\n<meta property=\"og:type\" content=\"article\" \/>\n<meta property=\"og:title\" content=\"Taekwondo turniri nd\u00ebrkomb\u00ebtar \u201cMostar Open 2009\u201d - Lajme nga Ulqini\" \/>\n<meta property=\"og:description\" content=\"Klubi I Taekwondo-s\u00eb Ulqini gjat\u00eb k\u00ebsaj fudjave mori pjes\u00eb n\u00eb turnirin nd\u00ebrkomb\u00ebtar \u201cMostar Open\u201d p\u00ebr kategorin shkollore, kadet\u00ebt e rinj\u00eb dhe p\u00ebr\" \/>\n<meta property=\"og:url\" content=\"https:\/\/www.visit-ulcinj.com\/blog\/2009\/11\/27\/taekwondo-turniri-nderkombetar-\u201cmostar-open-2009\u201d\/\" \/>\n<meta property=\"og:site_name\" content=\"Lajme nga Ulqini\" \/>\n<meta property=\"article:published_time\" content=\"2009-11-27T19:02:41+00:00\" \/>\n<meta property=\"og:image\" content=\"https:\/\/www.visit-ulcinj.com\/blog\/wp-content\/uploads\/2009\/11\/Klubi-i-Taekwondo-se-Ulqini-150x150.jpg\" \/>\n<meta name=\"twitter:label1\" content=\"Written by\" \/>\n\t<meta name=\"twitter:data1\" content=\"ulqini\" \/>\n\t<meta name=\"twitter:label2\" content=\"Est. reading time\" \/>\n\t<meta name=\"twitter:data2\" content=\"2 minutes\" \/>\n<script type=\"application\/ld+json\" class=\"yoast-schema-graph\">{\"@context\":\"https:\/\/schema.org\",\"@graph\":[{\"@type\":\"WebSite\",\"@id\":\"https:\/\/www.visit-ulcinj.com\/blog\/#website\",\"url\":\"https:\/\/www.visit-ulcinj.com\/blog\/\",\"name\":\"Lajme nga Ulqini\",\"description\":\"Lajme,Vijesti,Ulqini,Ulqin,Crna Gora,Mali i Zi\",\"potentialAction\":[{\"@type\":\"SearchAction\",\"target\":{\"@type\":\"EntryPoint\",\"urlTemplate\":\"https:\/\/www.visit-ulcinj.com\/blog\/?s={search_term_string}\"},\"query-input\":\"required name=search_term_string\"}],\"inLanguage\":\"en-US\"},{\"@type\":\"WebPage\",\"@id\":\"https:\/\/www.visit-ulcinj.com\/blog\/2009\/11\/27\/taekwondo-turniri-nderkombetar-%e2%80%9cmostar-open-2009%e2%80%9d\/#webpage\",\"url\":\"https:\/\/www.visit-ulcinj.com\/blog\/2009\/11\/27\/taekwondo-turniri-nderkombetar-%e2%80%9cmostar-open-2009%e2%80%9d\/\",\"name\":\"Taekwondo turniri nd\u00ebrkomb\u00ebtar \u201cMostar Open 2009\u201d - Lajme nga Ulqini\",\"isPartOf\":{\"@id\":\"https:\/\/www.visit-ulcinj.com\/blog\/#website\"},\"datePublished\":\"2009-11-27T19:02:41+00:00\",\"dateModified\":\"2009-11-27T19:02:41+00:00\",\"author\":{\"@id\":\"https:\/\/www.visit-ulcinj.com\/blog\/#\/schema\/person\/dcab619c614d3038751c63bc2aadc06d\"},\"description\":\"Klubi I Taekwondo-s\u00eb Ulqini gjat\u00eb k\u00ebsaj fudjave mori pjes\u00eb n\u00eb turnirin nd\u00ebrkomb\u00ebtar \u201cMostar Open\u201d p\u00ebr kategorin shkollore, kadet\u00ebt e rinj\u00eb dhe p\u00ebr\",\"breadcrumb\":{\"@id\":\"https:\/\/www.visit-ulcinj.com\/blog\/2009\/11\/27\/taekwondo-turniri-nderkombetar-%e2%80%9cmostar-open-2009%e2%80%9d\/#breadcrumb\"},\"inLanguage\":\"en-US\",\"potentialAction\":[{\"@type\":\"ReadAction\",\"target\":[\"https:\/\/www.visit-ulcinj.com\/blog\/2009\/11\/27\/taekwondo-turniri-nderkombetar-%e2%80%9cmostar-open-2009%e2%80%9d\/\"]}]},{\"@type\":\"BreadcrumbList\",\"@id\":\"https:\/\/www.visit-ulcinj.com\/blog\/2009\/11\/27\/taekwondo-turniri-nderkombetar-%e2%80%9cmostar-open-2009%e2%80%9d\/#breadcrumb\",\"itemListElement\":[{\"@type\":\"ListItem\",\"position\":1,\"name\":\"Taekwondo turniri nd\u00ebrkomb\u00ebtar \u201cMostar Open 2009\u201d\"}]},{\"@type\":\"Person\",\"@id\":\"https:\/\/www.visit-ulcinj.com\/blog\/#\/schema\/person\/dcab619c614d3038751c63bc2aadc06d\",\"name\":\"ulqini\",\"sameAs\":[\"http:\/\/www.visit-ulcinj.com\"],\"url\":\"https:\/\/www.visit-ulcinj.com\/blog\/author\/admin\/\"}]}<\/script>\n<!-- \/ Yoast SEO plugin. -->","yoast_head_json":{"title":"Taekwondo turniri nd\u00ebrkomb\u00ebtar \u201cMostar Open 2009\u201d - Lajme nga Ulqini","description":"Klubi I Taekwondo-s\u00eb Ulqini gjat\u00eb k\u00ebsaj fudjave mori pjes\u00eb n\u00eb turnirin nd\u00ebrkomb\u00ebtar \u201cMostar Open\u201d p\u00ebr kategorin shkollore, kadet\u00ebt e rinj\u00eb dhe p\u00ebr","robots":{"index":"index","follow":"follow","max-snippet":"max-snippet:-1","max-image-preview":"max-image-preview:large","max-video-preview":"max-video-preview:-1"},"canonical":"https:\/\/www.visit-ulcinj.com\/blog\/2009\/11\/27\/taekwondo-turniri-nderkombetar-\u201cmostar-open-2009\u201d\/","og_locale":"en_US","og_type":"article","og_title":"Taekwondo turniri nd\u00ebrkomb\u00ebtar \u201cMostar Open 2009\u201d - Lajme nga Ulqini","og_description":"Klubi I Taekwondo-s\u00eb Ulqini gjat\u00eb k\u00ebsaj fudjave mori pjes\u00eb n\u00eb turnirin nd\u00ebrkomb\u00ebtar \u201cMostar Open\u201d p\u00ebr kategorin shkollore, kadet\u00ebt e rinj\u00eb dhe p\u00ebr","og_url":"https:\/\/www.visit-ulcinj.com\/blog\/2009\/11\/27\/taekwondo-turniri-nderkombetar-\u201cmostar-open-2009\u201d\/","og_site_name":"Lajme nga Ulqini","article_published_time":"2009-11-27T19:02:41+00:00","og_image":[{"url":"https:\/\/www.visit-ulcinj.com\/blog\/wp-content\/uploads\/2009\/11\/Klubi-i-Taekwondo-se-Ulqini-150x150.jpg"}],"twitter_misc":{"Written by":"ulqini","Est. reading time":"2 minutes"},"schema":{"@context":"https:\/\/schema.org","@graph":[{"@type":"WebSite","@id":"https:\/\/www.visit-ulcinj.com\/blog\/#website","url":"https:\/\/www.visit-ulcinj.com\/blog\/","name":"Lajme nga Ulqini","description":"Lajme,Vijesti,Ulqini,Ulqin,Crna Gora,Mali i Zi","potentialAction":[{"@type":"SearchAction","target":{"@type":"EntryPoint","urlTemplate":"https:\/\/www.visit-ulcinj.com\/blog\/?s={search_term_string}"},"query-input":"required name=search_term_string"}],"inLanguage":"en-US"},{"@type":"WebPage","@id":"https:\/\/www.visit-ulcinj.com\/blog\/2009\/11\/27\/taekwondo-turniri-nderkombetar-%e2%80%9cmostar-open-2009%e2%80%9d\/#webpage","url":"https:\/\/www.visit-ulcinj.com\/blog\/2009\/11\/27\/taekwondo-turniri-nderkombetar-%e2%80%9cmostar-open-2009%e2%80%9d\/","name":"Taekwondo turniri nd\u00ebrkomb\u00ebtar \u201cMostar Open 2009\u201d - Lajme nga Ulqini","isPartOf":{"@id":"https:\/\/www.visit-ulcinj.com\/blog\/#website"},"datePublished":"2009-11-27T19:02:41+00:00","dateModified":"2009-11-27T19:02:41+00:00","author":{"@id":"https:\/\/www.visit-ulcinj.com\/blog\/#\/schema\/person\/dcab619c614d3038751c63bc2aadc06d"},"description":"Klubi I Taekwondo-s\u00eb Ulqini gjat\u00eb k\u00ebsaj fudjave mori pjes\u00eb n\u00eb turnirin nd\u00ebrkomb\u00ebtar \u201cMostar Open\u201d p\u00ebr kategorin shkollore, kadet\u00ebt e rinj\u00eb dhe p\u00ebr","breadcrumb":{"@id":"https:\/\/www.visit-ulcinj.com\/blog\/2009\/11\/27\/taekwondo-turniri-nderkombetar-%e2%80%9cmostar-open-2009%e2%80%9d\/#breadcrumb"},"inLanguage":"en-US","potentialAction":[{"@type":"ReadAction","target":["https:\/\/www.visit-ulcinj.com\/blog\/2009\/11\/27\/taekwondo-turniri-nderkombetar-%e2%80%9cmostar-open-2009%e2%80%9d\/"]}]},{"@type":"BreadcrumbList","@id":"https:\/\/www.visit-ulcinj.com\/blog\/2009\/11\/27\/taekwondo-turniri-nderkombetar-%e2%80%9cmostar-open-2009%e2%80%9d\/#breadcrumb","itemListElement":[{"@type":"ListItem","position":1,"name":"Taekwondo turniri nd\u00ebrkomb\u00ebtar \u201cMostar Open 2009\u201d"}]},{"@type":"Person","@id":"https:\/\/www.visit-ulcinj.com\/blog\/#\/schema\/person\/dcab619c614d3038751c63bc2aadc06d","name":"ulqini","sameAs":["http:\/\/www.visit-ulcinj.com"],"url":"https:\/\/www.visit-ulcinj.com\/blog\/author\/admin\/"}]}},"jetpack_featured_media_url":"","jetpack_sharing_enabled":true,"jetpack_shortlink":"https:\/\/wp.me\/pe6lTn-7bf","_links":{"self":[{"href":"https:\/\/www.visit-ulcinj.com\/blog\/wp-json\/wp\/v2\/posts\/27605"}],"collection":[{"href":"https:\/\/www.visit-ulcinj.com\/blog\/wp-json\/wp\/v2\/posts"}],"about":[{"href":"https:\/\/www.visit-ulcinj.com\/blog\/wp-json\/wp\/v2\/types\/post"}],"author":[{"embeddable":true,"href":"https:\/\/www.visit-ulcinj.com\/blog\/wp-json\/wp\/v2\/users\/1"}],"replies":[{"embeddable":true,"href":"https:\/\/www.visit-ulcinj.com\/blog\/wp-json\/wp\/v2\/comments?post=27605"}],"version-history":[{"count":0,"href":"https:\/\/www.visit-ulcinj.com\/blog\/wp-json\/wp\/v2\/posts\/27605\/revisions"}],"wp:attachment":[{"href":"https:\/\/www.visit-ulcinj.com\/blog\/wp-json\/wp\/v2\/media?parent=27605"}],"wp:term":[{"taxonomy":"category","embeddable":true,"href":"https:\/\/www.visit-ulcinj.com\/blog\/wp-json\/wp\/v2\/categories?post=27605"},{"taxonomy":"post_tag","embeddable":true,"href":"https:\/\/www.visit-ulcinj.com\/blog\/wp-json\/wp\/v2\/tags?post=27605"}],"curies":[{"name":"wp","href":"https:\/\/api.w.org\/{rel}","templated":true}]}}