{"id":2761,"date":"2008-08-28T10:23:37","date_gmt":"2008-08-28T15:23:37","guid":{"rendered":"http:\/\/www.visit-ulcinj.com\/blog\/?p=2761"},"modified":"2008-08-28T10:23:37","modified_gmt":"2008-08-28T15:23:37","slug":"oret-letrare-universitare","status":"publish","type":"post","link":"https:\/\/www.visit-ulcinj.com\/blog\/2008\/08\/28\/oret-letrare-universitare\/","title":{"rendered":"Or\u00ebt letrare universitare"},"content":{"rendered":"<p><a href=\"http:\/\/www.visit-ulcinj.com\/blog\/wp-content\/uploads\/2008\/08\/haxhi-shabani.jpg\"><img loading=\"lazy\" class=\"alignleft size-medium wp-image-2763\" title=\"haxhi-shabani\" src=\"http:\/\/www.visit-ulcinj.com\/blog\/wp-content\/uploads\/2008\/08\/haxhi-shabani-300x298.jpg\" alt=\"\" width=\"300\" height=\"298\" srcset=\"https:\/\/www.visit-ulcinj.com\/blog\/wp-content\/uploads\/2008\/08\/haxhi-shabani-300x298.jpg 300w, https:\/\/www.visit-ulcinj.com\/blog\/wp-content\/uploads\/2008\/08\/haxhi-shabani-150x150.jpg 150w, https:\/\/www.visit-ulcinj.com\/blog\/wp-content\/uploads\/2008\/08\/haxhi-shabani.jpg 535w\" sizes=\"(max-width: 300px) 100vw, 300px\" \/><\/a><strong>1. Tradita<\/strong><br \/>\nPak m\u00eb lart se jugu i bregdetit t\u00eb Adriatikut, mbi disa kodra t\u00eb vogla, me nj\u00eb histori disa mij\u00ebra vje\u00e7are, me dy mij\u00eb e pes\u00ebqind vjet civilizim, me nj\u00eb detari historikisht shum\u00eb t\u00eb zhvilluar, me plazhe t\u00eb shumta ranore e shk\u00ebmbore, me det e me lum\u00eb, shtrihet nj\u00eb qytet me emrin Ulqin i cili ka m\u00eb s\u00eb shumti dit\u00eb me diell n\u00eb t\u00ebr\u00eb bregdetin e Adriatikut. Ky qytet gjendet n\u00eb nj\u00eb nga shtetet m\u00eb t\u00eb vogla n\u00eb bot\u00eb, n\u00eb Malin e Zi. Ulqini, n\u00ebp\u00ebr t\u00eb cilin kan\u00eb ardhur, kan\u00eb kaluar e kan\u00eb mbetur kultura, gjuh\u00eb e etnitete t\u00eb ndryshme, shumic\u00ebn dhe vazhdim\u00ebsin\u00eb iliro-arb\u00ebrore-shqiptare e ka pasur dhe ruajtur vazhdimisht n\u00ebp\u00ebr mij\u00ebravje\u00e7ar. Po ky qytet i cili, p\u00ebr at\u00eb q\u00eb i ka falur natyra, mund t\u00eb quhet qytet i cili p\u00ebr nga bukuria mund t\u00eb parafytyrohet vet\u00ebm n\u00eb \u00ebnd\u00ebrr, nuk \u00ebsht\u00eb i njohur vet\u00ebm p\u00ebr zhvillimin e turizmit. Ai \u00ebsht\u00eb i njohur edhe p\u00ebr veprimtarit\u00eb kulturore, t\u00eb cil\u00ebn p\u00ebr nga tradita e shkruar mund t\u00eb shkojn\u00eb deri te origjina e shkruar e gjuh\u00ebs shqipe, nj\u00eb nga gjuh\u00ebt q\u00eb p\u00ebr nga lloji dhe ve\u00e7ant\u00ebsia n\u00eb familjen e madhe t\u00eb gjuh\u00ebve indoevropiane, nuk ka tjet\u00ebr shoqe. Tashm\u00eb albanolog\u00ebt, qofshin shqiptar\u00eb apo t\u00eb tjer\u00eb nuk kan\u00eb m\u00ebdyshje se i pari autor dhe lib\u00ebr i gjuh\u00ebs shqipe, Gjon Buzuku dhe &#8220;Meshari&#8221; i kan\u00eb rr\u00ebnj\u00ebt n\u00eb trek\u00ebnd\u00ebshin e qyteteve Ulqin-Tivar-Shkod\u00ebr. Nga rajoni i Ulqinit \u00ebsht\u00eb edhe p\u00ebrkthyesi i par\u00eb i &#8220;Bibl\u00ebs&#8221; n\u00eb t\u00ebr\u00ebsi n\u00eb gjuh\u00ebn shqipe, dom Simon Filipaj, si dhe m\u00eb par\u00eb autori i nj\u00eb prej librave m\u00eb t\u00eb p\u00ebrdorsh\u00ebm t\u00eb fes\u00eb islame &#8220;Mevludit sherif&#8221;, Hafiz Ali Riza Ulqinaku. Shoqata e par\u00eb e shqiptar\u00ebve n\u00eb Malin e Zi, me emrin Art Club formohet para rreth 20-vjet\u00ebve n\u00eb Ulqin me synimin q\u00eb t\u00eb rikthej\u00eb tradit\u00ebn e shkrimit shqip dhe t\u00eb kultur\u00ebs shqiptare n\u00eb trevat etnike shqiptare n\u00eb Malin e Zi dhe m\u00eb gjer\u00eb.<\/p>\n<p><strong>2. Or\u00ebt e let\u00ebrsis\u00eb<\/strong><br \/>\nArt Club-i u themelua n\u00eb vitin 1990 nga nj\u00eb grup i dalluar i krijuesve dhe intelektual\u00ebve t\u00eb Ulqinit dhe m\u00eb gjer\u00eb. Kjo shoqat\u00eb deri m\u00eb tash ka organizuar takime t\u00eb ndryshme me shkrimtar\u00eb, shkenc\u00ebtar\u00eb, artist\u00eb, piktor\u00eb dhe ka b\u00ebr\u00eb p\u00ebrurimin e shum\u00eb librave t\u00eb autor\u00ebve t\u00eb ndrysh\u00ebm nga fusha e let\u00ebrsis\u00eb, e kultur\u00ebs, e artit, e shkenc\u00ebs, e publicistik\u00ebs etj.<br \/>\nNga themelimi, Art Club-i ka arritur t\u00eb organizoj\u00eb rreth 160 manifestime kulturore q\u00eb nga simpoziumet shkencore, prezantimin e personaliteteve t\u00eb ndryshme nga fushat e p\u00ebrmendura kulturore, pastaj ka realizuar p\u00ebrurime librash, ka zhvilluar takime letrare, ka mbajtur ekspozita n\u00eb artet figurative, ka dh\u00ebn\u00eb shfaqje teatrale etj.<br \/>\nNj\u00eb nga veprimtarit\u00eb m\u00eb t\u00eb dalluara t\u00eb k\u00ebsaj shoqate \u00ebsht\u00eb veprimtaria letrare e kulturore &#8220;Kalimera poetike&#8221; e cila ka 17 vjet q\u00eb organizohet. N\u00eb kuad\u00ebr t\u00eb k\u00ebsaj veprimtarie jan\u00eb zhvilluar takime me shkrimtar\u00ebt shqiptar\u00eb t\u00eb t\u00eb gjitha trevave si me Fatos Arapin, Ali Podrimjen, Drit\u00ebro Agollin, Visar Zhitin, Enver Gjerqekun, Basri \u00c7apriqin, Zuvdija Hoxhiqin, Asllan Bish\u00ebn, Ibrahim Berjashin etj. Pastaj me shkrimtar\u00ebt malazez\u00eb: Jevrem B\u00ebrkoviqin, Mlladen Llomparin etj. N\u00eb k\u00ebt\u00eb m\u00ebnyr\u00eb veprimtarira e Art Club-it &#8220;Kalimera poetike&#8221; \u00ebsht\u00eb cil\u00ebsuar veprimtaria m\u00eb e denj\u00eb letrare jo vet\u00ebm n\u00eb nivel t\u00eb shqiptar\u00ebve n\u00eb Malin e Zi, por edhe m\u00eb gjer\u00eb n\u00eb nivel t\u00eb shqiptar\u00ebve.<br \/>\n&#8220;Kalimera poetike&#8221; mbahet qysh n\u00eb vitin 1993. Gjat\u00eb tri vjet\u00ebve t\u00eb para ajo \u00ebsht\u00eb zhvilluar si takim i poet\u00ebve t\u00eb ftuar dhe t\u00eb atyre q\u00eb kan\u00eb kaluar pushimet n\u00eb Ulqin. \u00cbsht\u00eb quajtur &#8220;Taverna poetike&#8221;. M\u00eb pastaj ajo \u00ebsht\u00eb shnd\u00ebrruar n\u00eb manifestim poetik nd\u00ebrkomb\u00ebtar n\u00eb t\u00eb cilin kan\u00eb marr\u00eb pjes\u00eb rreth 15 poet\u00eb gjat\u00eb nj\u00eb edicioni. N\u00eb k\u00ebto edicione kan\u00eb marr\u00eb pjes\u00eb poet\u00eb nga Mali i Zi, Shqip\u00ebria, Kosova, Maqedonia. Poezit\u00eb m\u00eb t\u00eb mira t\u00eb lexuara t\u00eb veprimtaris\u00eb nga jurit\u00eb p\u00ebrkat\u00ebse kan\u00eb marr\u00eb \u00e7mime nga Art Club-i, Radio Ulqini etj.<br \/>\nQ\u00eb nga viti 2000 e k\u00ebndej &#8220;Kalimera poetike&#8221; \u00ebsht\u00eb transformuar n\u00eb manifestim n\u00eb t\u00eb cilin marrin pjes\u00eb shkrimtar\u00ebt m\u00eb t\u00eb njohur shqiptar\u00eb dhe t\u00eb tjer\u00eb. N\u00eb secilin vit n\u00eb k\u00ebt\u00eb veprimtari letrare kan\u00eb marr\u00eb pjes\u00eb nga dy shkrimtar\u00eb t\u00eb njohur. P\u00ebr shkrimtar\u00ebt me t\u00eb cil\u00ebt jan\u00eb organizuar mbr\u00ebmje autoriale studiues, historian\u00eb dhe kritik\u00eb t\u00eb let\u00ebrsis\u00eb, njoh\u00ebsit m\u00eb t\u00eb mir\u00eb t\u00eb veprave e autor\u00ebve p\u00ebrkat\u00ebs kan\u00eb shkruar paraprakisht studimet p\u00ebr veprat gjegj\u00ebse p\u00ebr t`i kumtuar fjal\u00ebt e tyre n\u00eb mbr\u00ebmjet e &#8220;Kalimer\u00ebs poetike&#8221; para opinonit letrar dhe mediave. N\u00eb k\u00ebt\u00eb m\u00ebnyr\u00eb jan\u00eb p\u00ebrmbushur q\u00ebllimet dhe synimet kryesore t\u00eb k\u00ebsaj veprimtarie.<br \/>\nQ\u00ebllimi themelor i organizimit t\u00eb &#8220;Kalimer\u00ebs poetike&#8221; nga Art Club-i \u00ebsht\u00eb q\u00eb p\u00ebr publikun vend\u00ebs dhe turist\u00ebt e shumt\u00eb t\u00eb p\u00ebrurohet veprimtaria dhe autor\u00ebt m\u00eb t\u00eb mir\u00eb t\u00eb let\u00ebrsis\u00eb shqiptare pa marr\u00eb parasysh se nga jan\u00eb. Po ashtu nj\u00eb nga q\u00ebllimet \u00ebsht\u00eb edhe njohja e let\u00ebrisis\u00eb e cila krijohet n\u00eb Malin e Zi dhe n\u00eb rajon p\u00ebr lexuesit shqiptar\u00eb. Ky manifestim ka p\u00ebr q\u00ebllim q\u00eb p\u00ebrmes komunikimit midis let\u00ebrsive e autor\u00ebve t\u00eb ndrysh\u00ebm n\u00eb gjuh\u00eb e vende t\u00eb llojllojshme t\u00eb p\u00ebruroj\u00eb vlerat univerzale njer\u00ebzore p\u00ebrmes let\u00ebrsis\u00eb.<br \/>\nN\u00eb k\u00ebt\u00eb m\u00ebnyr\u00eb, mund t\u00eb thuhet qysh tash se p\u00ebr nga emrat e shkrimtar\u00ebve dhe studiuesve q\u00eb kan\u00eb marr\u00eb pjes\u00eb, si dhe p\u00ebr m\u00ebnyr\u00ebn e organizimit, gjat\u00eb k\u00ebtyre 16 vjet\u00ebve &#8220;Kalimerat poetike&#8221; jan\u00eb shnd\u00ebrruar n\u00eb or\u00eb letrare p\u00ebr let\u00ebrsin\u00eb shqiptare n\u00eb nivel universitar n\u00eb kuptimin e mir\u00eb t\u00eb fjal\u00ebs.<\/p>\n<p><strong>3. Kalimera poetike-2008<\/strong><br \/>\nMbarimi i korrikut dhe fillimi i gushtit \u00ebsht\u00eb koha kur n\u00eb Ulqin zhvillohen tri veprimtarit\u00eb kulturore: &#8220;Panairi i librit&#8221;, &#8220;Skena verore&#8221; dhe &#8220;Kalimera poetike&#8221;. Gjat\u00eb muajit gusht tashm\u00eb tradicionalisht organizohet &#8220;Kalimera poetike&#8221;, si\u00e7 ndodhi edhe k\u00ebt\u00eb vit. Dy t\u00eb ftuarit e &#8220;Kalimer\u00ebs poetike-2008&#8221;: Xhuzepe Skiro di Maxho, shkrimtari m\u00eb i madh aktual i let\u00ebrsis\u00eb arb\u00ebreshe, trash\u00ebgimtar i denj\u00eb i let\u00ebrsis\u00eb arb\u00ebreshe t\u00eb romantizmit dhe shkrimtari m\u00eb hulumtues i proz\u00ebs bashk\u00ebkohore shqipe, Ridvan Dibra, i cil\u00ebsuar si &#8220;Kafka shqiptar&#8221; jan\u00eb shenja t\u00eb qarta se kjo veprimtari me t\u00eb ftuarit e saj \u00ebsht\u00eb duke kuptuar ritmet dhe dinamik\u00ebn e let\u00ebrsis\u00eb shqiptare s\u00eb cil\u00ebs i ka ardhur dita p\u00ebr t`u njohur n\u00eb bot\u00eb.<br \/>\nI pari, autori i let\u00ebrsis\u00eb arb\u00ebreshe q\u00eb vjen nga Sicilia, Xhuzepe Skiro di Maxho, th\u00ebn\u00eb n\u00eb shqip Zefi yn\u00eb, \u00ebsht\u00eb padyshim pinjolli m\u00eb krenar i gjall\u00eb i Zef Skiroit t\u00eb par\u00eb i cili m\u00eb n\u00eb fund \u00ebsht\u00eb zbuluar nga historian\u00ebt e let\u00ebrsis\u00eb shqiptare, duke u inkuadruar edhe n\u00eb programe shkollore. Krahas autor\u00ebve arb\u00ebresh\u00eb si Voreo Ujko dhe m\u00eb t\u00eb rinjve Kate Xukaro, apo Mario Belici e t\u00eb tjer\u00eb, Xhuzepe Skiro di Maxho vjen n\u00eb &#8220;Kalimer\u00ebn poetike-2008&#8221; t\u00eb organizuar nga Art Club-i p\u00ebr t\u00eb plot\u00ebsuar mozaikun ngjyra-ngjyra, por t\u00eb shp\u00ebrndar\u00eb t\u00eb let\u00ebrsis\u00eb shqiptare. &#8220;Ne e kuptojm\u00eb m\u00eb mir\u00eb nj\u00ebri-tjetrin, sepse si ne arb\u00ebresh\u00ebt n\u00eb Itali ashtu edhe ju shqiptar\u00ebt n\u00eb Malin e Zi, jemi minoritetet&#8221;, shprehet poeti n\u00eb tarrac\u00ebn e hotelit &#8220;Albatros&#8221; n\u00eb Ulqin. Por, vazhdon ai &#8220;ne shteti na mbron&#8221;, gj\u00eb q\u00eb nuk ka ndodhur gjithmon\u00eb me shqiptar\u00ebt n\u00eb Malin e Zi. Sidoqoft\u00eb, kultura e let\u00ebrsia k\u00ebt\u00eb her\u00eb p\u00ebrmes &#8220;Kalimer\u00ebs poetike&#8221; hapi dyert edhe p\u00ebr bashk\u00ebpunime n\u00eb nivele t\u00eb tjera, midis pushteteve vendore t\u00eb Ulqinit dhe Hor\u00ebs s\u00eb Arb\u00ebresheve.<br \/>\nI dyti i ftuar i &#8220;Kalimer\u00ebs poetike&#8221;, Ridvan Dibra, padyshim nj\u00eb nga eksperimentuesit m\u00eb t\u00eb suksessh\u00ebm t\u00eb let\u00ebrsis\u00eb shqiptare n\u00eb proz\u00eb, gjegj\u00ebsisht n\u00eb roman, me pjes\u00ebmarrjen e tij n\u00eb &#8220;Kalimer\u00ebn poetike&#8221;-2008 d\u00ebshmon se kjo veprimtari po fton autor\u00ebt q\u00eb let\u00ebris\u00eb shqipe jan\u00eb duke i dh\u00ebn\u00eb dinamik\u00ebn dhe tonin e let\u00ebrsis\u00eb bot\u00ebrore. Ekobakasi, ky \u00ebsht\u00eb personazhi themelor, apo uni i autorit Ridvan Dibra, ka b\u00ebr\u00eb p\u00ebrpjekje p\u00ebr \u00e7mitizimin e nj\u00eb prej heronjve legjend\u00eb t\u00eb shqiptar\u00ebve, Gjergj Elez Alis\u00eb, me t\u00eb cil\u00ebt heronj &#8220;t\u00eb pamposhtur&#8221; ende jan\u00eb t\u00eb preokupuar shtetet e Ballkanit. Ai b\u00ebn p\u00ebrpjekje p\u00ebr heqjen e nj\u00eb barre t\u00eb r\u00ebnd\u00eb e cila \u00ebsht\u00eb historia e fitoreve dhe lavdive q\u00eb shqiptar\u00ebt e ballkanasit e tjer\u00eb vazhdojn\u00eb ta bartin e q\u00eb n\u00eb thelb nuk ka qen\u00eb gjithnj\u00eb e k\u00ebtill\u00eb. Ridvan Dibra, n\u00eb Fjal\u00ebn e autorit, nj\u00eb risi e edicionit t\u00eb k\u00ebtij viti n\u00eb &#8220;Kalimer\u00ebn poetike&#8221;, shtron edhe nj\u00eb nga problemet m\u00eb aktuale t\u00eb let\u00ebrsis\u00eb shqiptare dhe m\u00eb gjer\u00eb, vler\u00ebsimin e gabuar t\u00eb shkrimtar\u00ebve, jo n\u00eb baz\u00eb t\u00eb tekstit q\u00eb \u00ebsht\u00eb prodhimi themelor i autorit, por n\u00eb baz\u00eb t\u00eb jet\u00ebs private q\u00eb b\u00ebn ai.<br \/>\nVeprimtaria e tret\u00eb e &#8220;Kalimer\u00ebs poetike- 2008&#8221; ishte p\u00ebrurimi i librit &#8220;Autobiografia&#8221;, botuar n\u00eb 16-vjetorin e veprimtaris\u00eb, me p\u00ebrfshirjen e 33 autor\u00ebve t\u00eb zgjedhur q\u00eb kan\u00eb marr\u00eb pjes\u00eb n\u00eb k\u00ebt\u00eb manifestim. E ve\u00e7anta e k\u00ebtij p\u00ebrurimi \u00ebsht\u00eb se ideator\u00ebt e k\u00ebsaj veprimtarie shkrimtar\u00ebt: Basri \u00c7apriqi, Ibrahim Berjashi, Asllan Bisha dhe autori i k\u00ebtyre rreshtave p\u00ebr &#8220;Kalimer\u00ebn poetike&#8221; n\u00eb vite flasin duke lund\u00ebruar n\u00eb nj\u00eb anije, disa mila n\u00eb detin e Ulqinit. N\u00eb shushurim\u00ebn e valeve dhe t\u00eb entuziazmuar p\u00ebr iden\u00eb e realizimit t\u00eb k\u00ebtill\u00eb t\u00eb k\u00ebsaj veprimtarie, lexojn\u00eb krijimet e tyre letrare: Ali Podrimja, Xhuzepe Skrio di Maxho, Ridvan Dibra, Hajro Ulqinaku, Nasho Jorgaqi, Fran Camaj e Anton Goj\u00e7aj. Dhe p\u00ebr fund t\u00eb k\u00ebsaj veprimtarie b\u00ebhet nj\u00eb ankorim i anijes n\u00eb nj\u00eb plazh natyror, n\u00eb t\u00eb cil\u00ebn b\u00ebhet shijimi i peshkut t\u00eb fresk\u00ebt p\u00ebrgatitur dhe ngr\u00ebn\u00eb sipas modelit q\u00eb gjerman\u00ebt e quajn\u00eb &#8220;fisch picnic&#8221;.<br \/>\nPerdja p\u00ebr &#8220;Kalimer\u00ebn poetike-2008&#8221;, k\u00ebtu bie.<br \/>\nKurse e ardhmja e &#8220;Kalimer\u00ebs poetike&#8221;, si veprimtari \u00ebsht\u00eb k\u00ebmb\u00ebngulja p\u00ebr t\u00eb evidentuar vlerat e padiskutueshme q\u00eb po sjell brezi i mes\u00ebm i let\u00ebrsis\u00eb shqiptare, gjegj\u00ebsisht ritmet e dinamika e brezit m\u00eb t\u00eb ri si dhe synimi q\u00eb ky manifestim t\u00eb p\u00ebrmbush\u00eb edhe m\u00eb shum\u00eb karakterin e t\u00eb qenit nd\u00ebrkomb\u00ebtar.<br \/>\n(Autori \u00ebsht\u00eb kryetar i SHAI &#8220;Art Club&#8221;)<br \/>\n<strong>Haxhi Shabani<br \/>\nKoha Javore<\/strong><\/p>\n","protected":false},"excerpt":{"rendered":"<p><img loading=\"lazy\" class=\"alignleft size-medium wp-image-2763\" title=\"haxhi-shabani\" src=\"http:\/\/www.visit-ulcinj.com\/blog\/wp-content\/uploads\/2008\/08\/haxhi-shabani-300x298.jpg\" alt=\"\" width=\"140\" height=\"140\" srcset=\"https:\/\/www.visit-ulcinj.com\/blog\/wp-content\/uploads\/2008\/08\/haxhi-shabani-300x298.jpg 300w, https:\/\/www.visit-ulcinj.com\/blog\/wp-content\/uploads\/2008\/08\/haxhi-shabani-150x150.jpg 150w, https:\/\/www.visit-ulcinj.com\/blog\/wp-content\/uploads\/2008\/08\/haxhi-shabani.jpg 535w\" sizes=\"(max-width: 140px) 100vw, 140px\" \/><\/p>\n","protected":false},"author":1,"featured_media":0,"comment_status":"open","ping_status":"closed","sticky":false,"template":"","format":"standard","meta":{"spay_email":"","jetpack_publicize_message":"","jetpack_is_tweetstorm":false,"jetpack_publicize_feature_enabled":true},"categories":[4,12],"tags":[211,4262,200],"jetpack_publicize_connections":[],"yoast_head":"<!-- This site is optimized with the Yoast SEO plugin v19.1 - https:\/\/yoast.com\/wordpress\/plugins\/seo\/ -->\n<title>Or\u00ebt letrare universitare - Lajme nga Ulqini<\/title>\n<meta name=\"robots\" content=\"index, follow, max-snippet:-1, max-image-preview:large, max-video-preview:-1\" \/>\n<link rel=\"canonical\" href=\"https:\/\/www.visit-ulcinj.com\/blog\/2008\/08\/28\/oret-letrare-universitare\/\" \/>\n<meta property=\"og:locale\" content=\"en_US\" \/>\n<meta property=\"og:type\" content=\"article\" \/>\n<meta property=\"og:title\" content=\"Or\u00ebt letrare universitare - Lajme nga Ulqini\" \/>\n<meta property=\"og:url\" content=\"https:\/\/www.visit-ulcinj.com\/blog\/2008\/08\/28\/oret-letrare-universitare\/\" \/>\n<meta property=\"og:site_name\" content=\"Lajme nga Ulqini\" \/>\n<meta property=\"article:published_time\" content=\"2008-08-28T15:23:37+00:00\" \/>\n<meta property=\"og:image\" content=\"http:\/\/www.visit-ulcinj.com\/blog\/wp-content\/uploads\/2008\/08\/haxhi-shabani-300x298.jpg\" \/>\n<meta name=\"twitter:label1\" content=\"Written by\" \/>\n\t<meta name=\"twitter:data1\" content=\"ulqini\" \/>\n\t<meta name=\"twitter:label2\" content=\"Est. reading time\" \/>\n\t<meta name=\"twitter:data2\" content=\"9 minutes\" \/>\n<script type=\"application\/ld+json\" class=\"yoast-schema-graph\">{\"@context\":\"https:\/\/schema.org\",\"@graph\":[{\"@type\":\"WebSite\",\"@id\":\"https:\/\/www.visit-ulcinj.com\/blog\/#website\",\"url\":\"https:\/\/www.visit-ulcinj.com\/blog\/\",\"name\":\"Lajme nga Ulqini\",\"description\":\"Lajme,Vijesti,Ulqini,Ulqin,Crna Gora,Mali i Zi\",\"potentialAction\":[{\"@type\":\"SearchAction\",\"target\":{\"@type\":\"EntryPoint\",\"urlTemplate\":\"https:\/\/www.visit-ulcinj.com\/blog\/?s={search_term_string}\"},\"query-input\":\"required name=search_term_string\"}],\"inLanguage\":\"en-US\"},{\"@type\":\"ImageObject\",\"inLanguage\":\"en-US\",\"@id\":\"https:\/\/www.visit-ulcinj.com\/blog\/2008\/08\/28\/oret-letrare-universitare\/#primaryimage\",\"url\":\"http:\/\/www.visit-ulcinj.com\/blog\/wp-content\/uploads\/2008\/08\/haxhi-shabani-300x298.jpg\",\"contentUrl\":\"http:\/\/www.visit-ulcinj.com\/blog\/wp-content\/uploads\/2008\/08\/haxhi-shabani-300x298.jpg\"},{\"@type\":\"WebPage\",\"@id\":\"https:\/\/www.visit-ulcinj.com\/blog\/2008\/08\/28\/oret-letrare-universitare\/#webpage\",\"url\":\"https:\/\/www.visit-ulcinj.com\/blog\/2008\/08\/28\/oret-letrare-universitare\/\",\"name\":\"Or\u00ebt letrare universitare - Lajme nga Ulqini\",\"isPartOf\":{\"@id\":\"https:\/\/www.visit-ulcinj.com\/blog\/#website\"},\"primaryImageOfPage\":{\"@id\":\"https:\/\/www.visit-ulcinj.com\/blog\/2008\/08\/28\/oret-letrare-universitare\/#primaryimage\"},\"datePublished\":\"2008-08-28T15:23:37+00:00\",\"dateModified\":\"2008-08-28T15:23:37+00:00\",\"author\":{\"@id\":\"https:\/\/www.visit-ulcinj.com\/blog\/#\/schema\/person\/dcab619c614d3038751c63bc2aadc06d\"},\"breadcrumb\":{\"@id\":\"https:\/\/www.visit-ulcinj.com\/blog\/2008\/08\/28\/oret-letrare-universitare\/#breadcrumb\"},\"inLanguage\":\"en-US\",\"potentialAction\":[{\"@type\":\"ReadAction\",\"target\":[\"https:\/\/www.visit-ulcinj.com\/blog\/2008\/08\/28\/oret-letrare-universitare\/\"]}]},{\"@type\":\"BreadcrumbList\",\"@id\":\"https:\/\/www.visit-ulcinj.com\/blog\/2008\/08\/28\/oret-letrare-universitare\/#breadcrumb\",\"itemListElement\":[{\"@type\":\"ListItem\",\"position\":1,\"name\":\"Or\u00ebt letrare universitare\"}]},{\"@type\":\"Person\",\"@id\":\"https:\/\/www.visit-ulcinj.com\/blog\/#\/schema\/person\/dcab619c614d3038751c63bc2aadc06d\",\"name\":\"ulqini\",\"sameAs\":[\"http:\/\/www.visit-ulcinj.com\"],\"url\":\"https:\/\/www.visit-ulcinj.com\/blog\/author\/admin\/\"}]}<\/script>\n<!-- \/ Yoast SEO plugin. -->","yoast_head_json":{"title":"Or\u00ebt letrare universitare - Lajme nga Ulqini","robots":{"index":"index","follow":"follow","max-snippet":"max-snippet:-1","max-image-preview":"max-image-preview:large","max-video-preview":"max-video-preview:-1"},"canonical":"https:\/\/www.visit-ulcinj.com\/blog\/2008\/08\/28\/oret-letrare-universitare\/","og_locale":"en_US","og_type":"article","og_title":"Or\u00ebt letrare universitare - Lajme nga Ulqini","og_url":"https:\/\/www.visit-ulcinj.com\/blog\/2008\/08\/28\/oret-letrare-universitare\/","og_site_name":"Lajme nga Ulqini","article_published_time":"2008-08-28T15:23:37+00:00","og_image":[{"url":"http:\/\/www.visit-ulcinj.com\/blog\/wp-content\/uploads\/2008\/08\/haxhi-shabani-300x298.jpg"}],"twitter_misc":{"Written by":"ulqini","Est. reading time":"9 minutes"},"schema":{"@context":"https:\/\/schema.org","@graph":[{"@type":"WebSite","@id":"https:\/\/www.visit-ulcinj.com\/blog\/#website","url":"https:\/\/www.visit-ulcinj.com\/blog\/","name":"Lajme nga Ulqini","description":"Lajme,Vijesti,Ulqini,Ulqin,Crna Gora,Mali i Zi","potentialAction":[{"@type":"SearchAction","target":{"@type":"EntryPoint","urlTemplate":"https:\/\/www.visit-ulcinj.com\/blog\/?s={search_term_string}"},"query-input":"required name=search_term_string"}],"inLanguage":"en-US"},{"@type":"ImageObject","inLanguage":"en-US","@id":"https:\/\/www.visit-ulcinj.com\/blog\/2008\/08\/28\/oret-letrare-universitare\/#primaryimage","url":"http:\/\/www.visit-ulcinj.com\/blog\/wp-content\/uploads\/2008\/08\/haxhi-shabani-300x298.jpg","contentUrl":"http:\/\/www.visit-ulcinj.com\/blog\/wp-content\/uploads\/2008\/08\/haxhi-shabani-300x298.jpg"},{"@type":"WebPage","@id":"https:\/\/www.visit-ulcinj.com\/blog\/2008\/08\/28\/oret-letrare-universitare\/#webpage","url":"https:\/\/www.visit-ulcinj.com\/blog\/2008\/08\/28\/oret-letrare-universitare\/","name":"Or\u00ebt letrare universitare - Lajme nga Ulqini","isPartOf":{"@id":"https:\/\/www.visit-ulcinj.com\/blog\/#website"},"primaryImageOfPage":{"@id":"https:\/\/www.visit-ulcinj.com\/blog\/2008\/08\/28\/oret-letrare-universitare\/#primaryimage"},"datePublished":"2008-08-28T15:23:37+00:00","dateModified":"2008-08-28T15:23:37+00:00","author":{"@id":"https:\/\/www.visit-ulcinj.com\/blog\/#\/schema\/person\/dcab619c614d3038751c63bc2aadc06d"},"breadcrumb":{"@id":"https:\/\/www.visit-ulcinj.com\/blog\/2008\/08\/28\/oret-letrare-universitare\/#breadcrumb"},"inLanguage":"en-US","potentialAction":[{"@type":"ReadAction","target":["https:\/\/www.visit-ulcinj.com\/blog\/2008\/08\/28\/oret-letrare-universitare\/"]}]},{"@type":"BreadcrumbList","@id":"https:\/\/www.visit-ulcinj.com\/blog\/2008\/08\/28\/oret-letrare-universitare\/#breadcrumb","itemListElement":[{"@type":"ListItem","position":1,"name":"Or\u00ebt letrare universitare"}]},{"@type":"Person","@id":"https:\/\/www.visit-ulcinj.com\/blog\/#\/schema\/person\/dcab619c614d3038751c63bc2aadc06d","name":"ulqini","sameAs":["http:\/\/www.visit-ulcinj.com"],"url":"https:\/\/www.visit-ulcinj.com\/blog\/author\/admin\/"}]}},"jetpack_featured_media_url":"","jetpack_sharing_enabled":true,"jetpack_shortlink":"https:\/\/wp.me\/pe6lTn-Ix","_links":{"self":[{"href":"https:\/\/www.visit-ulcinj.com\/blog\/wp-json\/wp\/v2\/posts\/2761"}],"collection":[{"href":"https:\/\/www.visit-ulcinj.com\/blog\/wp-json\/wp\/v2\/posts"}],"about":[{"href":"https:\/\/www.visit-ulcinj.com\/blog\/wp-json\/wp\/v2\/types\/post"}],"author":[{"embeddable":true,"href":"https:\/\/www.visit-ulcinj.com\/blog\/wp-json\/wp\/v2\/users\/1"}],"replies":[{"embeddable":true,"href":"https:\/\/www.visit-ulcinj.com\/blog\/wp-json\/wp\/v2\/comments?post=2761"}],"version-history":[{"count":0,"href":"https:\/\/www.visit-ulcinj.com\/blog\/wp-json\/wp\/v2\/posts\/2761\/revisions"}],"wp:attachment":[{"href":"https:\/\/www.visit-ulcinj.com\/blog\/wp-json\/wp\/v2\/media?parent=2761"}],"wp:term":[{"taxonomy":"category","embeddable":true,"href":"https:\/\/www.visit-ulcinj.com\/blog\/wp-json\/wp\/v2\/categories?post=2761"},{"taxonomy":"post_tag","embeddable":true,"href":"https:\/\/www.visit-ulcinj.com\/blog\/wp-json\/wp\/v2\/tags?post=2761"}],"curies":[{"name":"wp","href":"https:\/\/api.w.org\/{rel}","templated":true}]}}