{"id":27634,"date":"2009-11-28T19:24:24","date_gmt":"2009-11-28T17:24:24","guid":{"rendered":"http:\/\/www.visit-ulcinj.com\/blog\/?p=27634"},"modified":"2009-12-07T19:28:51","modified_gmt":"2009-12-07T17:28:51","slug":"mehmet-bardhi-svaka-vlast-ima-svog-albanca","status":"publish","type":"post","link":"https:\/\/www.visit-ulcinj.com\/blog\/2009\/11\/28\/mehmet-bardhi-svaka-vlast-ima-svog-albanca\/","title":{"rendered":"Mehmet Bardhi: Svaka vlast ima svog Albanca"},"content":{"rendered":"<p><strong><a href=\"http:\/\/www.visit-ulcinj.com\/blog\/wp-content\/uploads\/2009\/11\/MEHMET-BARDHI-PREDSJEDNIK-DEMOKRATSKOG-SAVEZA-U-CRNOJ-GORI.jpg\"><img loading=\"lazy\" class=\"alignleft size-full wp-image-27635\" title=\"MEHMET BARDHI, PREDSJEDNIK DEMOKRATSKOG SAVEZA U CRNOJ GORI\" src=\"http:\/\/www.visit-ulcinj.com\/blog\/wp-content\/uploads\/2009\/11\/MEHMET-BARDHI-PREDSJEDNIK-DEMOKRATSKOG-SAVEZA-U-CRNOJ-GORI.jpg\" alt=\"MEHMET BARDHI, PREDSJEDNIK DEMOKRATSKOG SAVEZA U CRNOJ GORI\" width=\"344\" height=\"402\" \/><\/a>MONITOR:<\/strong> Opozicione partije i civilni sektor ovih dana predla\u017eu nekoliko modaliteta za smjenu vlasti. Koji bi bio najefikasniji?<br \/>\n<strong>BARDHI:<\/strong> Nesmjenjive vlasti polako ali sigurno idu i tonu u totalitarizam. Razloge \u0161to je crnogorska vlast nesmjenjiva mo\u017eemo vidjeti golim okom. Po?ev\u0161i od toga \u0161to dobar dio, ne samo iz interesnih sfera, nego i onih koji ne znaju kako ?e sjutra obezbijediti koru hljeba svojoj djeci, bespogovorno ,,povinovanje gospodaru&#8221; smatraju vrlinom, pa do toga gdje 300-400 ,,inteligent drugara&#8221; dr\u017ee sve pod kontrolom&#8230; A kada je sve pod monopolom i kada i za malo ,,intelektualno suptilnije&#8221; javno izno\u0161enje mi\u0161ljenja istrenirane ,,profesionalne&#8221; sudske instance dijele nemilosrdno visoke (to nisu samo nov?ane) kazne, izgleda da je te\u0161ko, ?ak i nemogu?e otka?iti se svijesti dolaska na vlast sa ulice bez nekog odlu?nog demokratskog pritiska, ne samo iznutra.<\/p>\n<p>Da bi opozicija u Crnoj Gori djelovala jedinstveno, mora da defini\u0161e su\u0161tinske koncepcijske razlike i to prevazi?e. Iskustva postoje. Da li je rje\u0161enje u politi?kom bojkotu? U odre?enim situacijama zasigurno je jedan od mogu?ih efikasnih ishoda.<\/p>\n<p><strong>MONITOR:<\/strong> Autenti?na zastupljenost manjinskih zajednica u parlamentu jedno je od najaktuelnijih politi?kih pitanja u Crnoj Gori. Va\u0161 stav je da Albanci ne tra\u017ee da im neko garantuje mandate.<br \/>\n<strong>BARDHI: <\/strong>Ta?no. Ali prvo ako se slo\u017eimo da su Albanci, kao autohtoni na svojim teritorijama, danas u Crnoj Gori, razli?iti po jeziku, istorijskoj homogenosti \u017eivljenja uzdu\u017e granice sa mati?nom dr\u017eavom Albanijom, kulturi itd. od drugih slovenskih naroda, onda je jasno za\u0161to je pitanje politi?ke autenti?ne zastupljenosti Albanaca veoma bitno. Nama je prihvatljivo sada\u0161nje rje\u0161enje da u okviru Crne Gore kao jedne izborne jedinice, op\u0161tine, odnosno bira?ka mjesta, gdje \u017eive Albanci &#8211; opstaju op\u0161tina Ulcinj, op\u0161tina Tuzi, odnosno odre?ena bira?ka mjesta u Podgorici i da se u op\u0161tinama Bar, Plav i Ro\u017eaje bira odre?eni broj poslanika, srazmjerno u?e\u0161?u Albanaca u ukupnom broju stanovni\u0161tva Crne Gore, konkretno pet poslani?kih mandata, primjenjivanjem principa prelivanja glasova, dodavanjem dobijenih glasova izbornih lista sa nacionalnim albanskim predznakom sa drugih bira?kih mjesta, i obrnuto drugim izbornim listama koje su dobile glasove na albanskim bira?kim mjestima.<\/p>\n<p>Podsje?am, na zahjev nas dvojice poslanika albanskih partija, Skup\u0161tina Crne Gore je 1. septembra 1997. usvojila Zaklju?ak o autenti?noj zastupljenosti Albanaca i potpisan je Sporazum o minimumu demokratskih principa za razvoj demokratske infrastrukture u Crnoj Gori, od strane parlamentarnih stranaka i Vlade. Sporazum su potpisali DPS- Milica Pejanovi? &#8211; ?uri\u0161i?, Narodna stranka &#8211; Novak Kilibarda, Liberalni savez &#8211; Slavko Perovi?, Stranka demokratske akcije &#8211; Harun Had\u017ei?, Demokratski savez u Crnoj Gori &#8211; Mehmet Bardhi, Demokratska unija Albanaca &#8211; Bajram Red\u017ea, Socijaldemokratska partija &#8211; \u017darko Rak?evi? i u ime Vlade Milo ?ukanovi?.<\/p>\n<p><strong>MONITOR:<\/strong> ?esto se od predstavnika albanskih partija mo\u017ee ?uti da su Albanci u Crnoj Gori diskriminisani&#8230;<br \/>\n<strong>BARDHI: <\/strong>To je posebna tema, koja tra\u017ei dublju analizu. Ali ta?no je da Albanci u Crnoj Gori, nisu ravnopravni. Diskriminisani su u skoro svim oblastima, negdje manje, negdje vi\u0161e. Albancima nije omogu?eno da sami odlu?uju o svojoj sudbini, o razvoju svojih podru?ja, o rukovo?enju i raspolaganju svojim prirodnim resursima, o lokalnoj i regionalnoj organizaciji.<br \/>\nNa\u017ealost, to ne ka\u017eu sve albanske partije. Poslu\u0161nost vlastima za rad li?nih privilegija je evidentna i za to ?e oni biti odgovorni. Podani?kim odnosom se ne rje\u0161ava albansko pitanje. Demokratski i produktivni odnos mo\u017ee biti jedino partnerski odnos. Svaka crnogorska vlast je imala svog Albanca. Ali time nije rije\u0161ila ni albansko pitanje, ni crnogorsko- albanske odnose. A ,,svoji Albanci&#8221; su na\u0161li pripadaju?e mjesto u istoriji. Na\u017ealost, diskriminacija po?inje tamo gdje bi trebalo da po?inje demokratija, prilikom predlaganja zakonskih tekstova &#8211; u Vladi i prilikom usvajanja tih zakona, koji mnogi imaju diskrimini\u0161u?e norme i rje\u0161enja, a to se radi u parlamentu glasa?kom ma\u0161inerijom.<\/p>\n<p><strong>MONITOR:<\/strong> Optu\u017eili ste vlast da na osnovu nacionalne i politi?ke pripadnosti diskrimini\u0161e pripadnike manjinskih zajednica prilikom zapo\u0161ljavanja.<br \/>\n<strong>BARDHI:<\/strong> Zastupljenost Albanaca u mnogim dr\u017eavnim pa i op\u0161tinskim organima je simboli?na, dok ih u mnogim uop\u0161te nema &#8211; u sudstvu, tu\u017eila\u0161tvu, u policiji, u Vladi itd. Ni iz daleka nije realizovana proporcionalna zastupljenost, koja je sada i ustavna obaveza.<\/p>\n<p><strong>MONITOR:<\/strong> Da li je ta?no da je vladaju?a koalicija Albance isklju?ila iz procesa evropskih integracija?<br \/>\n<strong>BARDHI: <\/strong>Kada bi neko analizirao sastav raznih radnih tijela, koje je formirala Vlada, vidjelo bi se da je to drasti?no na \u0161tetu Albanaca. Evro-atlanske integracije smo podr\u017eali od samih po?etaka, kada su 90-tih godina ovi Evropu posmatrali iz pti?je perspektive. Jedan od parametara za integracije je i ispunjavanje obaveza iz domena manjinskih prava. Nije mi jasno kako ?e biti to mogu?e bez u?e\u0161?a predstavnika abanske manjine.<\/p>\n<p><strong>MONITOR:<\/strong> I dalje je aktuelan zahtjev da Tuzi dobiju status op\u0161tine i da ne budu, kako ste jednom rekli, ,,podgori?ki privezak&#8221;. Kakve su \u0161anse da taj zahtjev ostvarite?<br \/>\n<strong>BARDHI:<\/strong> \u017divotna potreba gra?ana Malesije je da sami odlu?uju o \u017eivotnim interesima. I ovo je ?isto politi?ko pitanje, iako vlast ho?e da manipuli\u0161e kao da je to ekonomsko pitanje. Sve op\u0161tine u Crnoj Gori nastale su kao proizvod politi?kih odluka i za\u0161to bi sada u slu?aju Tuzi bilo druga?ije. Ova vlast nema vi\u0161e nijednog valjanog razloga ni argumenata da to odbije.<\/p>\n<p><strong>MONITOR:<\/strong> Za\u0161to se zala\u017eete za decentralizaciju vlasti, odnosno vra?anje ingerencija op\u0161tinama, konkretno u Ulcinju?<br \/>\n<strong>BARDHI:<\/strong> Bez decentralizacije vlasti nema ni ostvarivanja manjinskih prava. Vra?anjem nadle\u017enosti op\u0161tinama umnogome bi se otvorilo polje da manjine ostvaruju svoja prava. To je jedan o demokratskih evropskih parametara.<\/p>\n<p><strong>Morsko zlo<\/strong><br \/>\n<strong><br \/>\nMONITOR: <\/strong>Vi tra\u017eite i preispitivanje ingerencija Morskog dobra, koje zovete &#8211; morsko zlo.<br \/>\n<strong>BARDHI:<\/strong> Vlasti iz 1992 godine su svim snagama po?ele centralizaciju. Razvlastile su skup\u0161tine i uzele u svoje ruke upravljanje nad svim profitabilnim dru\u0161tvenim preduze?ima, javnim dobrima i vitalnim organima lokalne samouprave. Uzeli su inspekcije, kako bi samo mogli da selektivno, netransparentnim i sumnjivim ne samo namjerama odlu?uju kome dati dozvolu za rad, za gradnju, za otvaranje firmi, za davanje koncesija itd. Preuzeli su vo?enje katastra nepokretnosti, koji je u svim demokratskim zemljama nadle\u017enost lokalne samouprave, preuzeli su \u0161kolstvo, zdravstvo, policiju, tu\u017eila\u0161tvo, sud za prekr\u0161aje, sve fondove&#8230;Preuzeli su i primorje formiranjem preduze?e za upravljanje morskim dobrom. Ja sam ga nazvao Morsko zlo, jer je primorskim op\u0161tinama oduzeta glavna grana opstajanja. Tako je sada Podgorica postala najve?a primorska op\u0161tina i jedina!? Za Albance diskriminacija je ve?a, jer je granicu Morskog dobra zacrtala Vladina komisija prema politi?kim projektima: Oduzeti \u0161to vi\u0161e teritorija i staviti pod svoju upravu, kako bi onemogu?ili da se op\u0161tina razvija, odnosno da vlast imaju opozicione albanske partije. Tako samo na op\u0161tinu Ulcinj otpada 57 odsto teritorije kojom upravlja Morsko dobro, dok u ostalih pet primorskih op\u0161tina ono ima ukupno 43% teritorije!<\/p>\n<p><strong>Kako me osudila Ranka Polovi?<\/strong><\/p>\n<p><strong>MONITOR:<\/strong> U pripremi za ovaj razgovor rekli ste da Vas je svojevremeno osudila sada\u0161nja dr\u017eavna tu\u017eiteljka Ranka ?arapi? i da se u Crnoj Gori ni\u0161ta ne de\u0161ava slu?ajno. Da li biste ukratko ispri?ali za\u0161to ste osu?eni?<br \/>\n<strong>BARDHI:<\/strong> Osamdesetih godina, kada je srpski \u0161ovinizam podigao glavu da realizuje svoje davna\u0161nje ekspanzionisti?ke projekte prema susjedima, lavina napada i progona krenula je prema Kosovu i Albancima. Ta hegemonisti?ka lavina iz Beograda se \u0161irila u formi koncentri?nih krugova i prema Albancima u Makedoniji, Srbiji, Crnoj Gori, a i van tada\u0161nje Jugoslavije, gdje je mogla da stigne duga?ka ruka UDB-e. Po tom famoznom ?lanu 133 KZ SFRJ optu\u017eeno je i osu?eno vi\u0161e hiljada albanskih intelektualaca, profesora, u?enika, studenata, slu\u017ebenika, radnika, pa i seljaka \u0161irom Jugoslavije. ?istka, stigla je i u Crnu Goru protiv albanskih intelektualaca. To je sprovela udba\u0161ka, politi?ko-policijska linija. Naj?e\u0161?e se to zvalo ,,politi?ka diferencijacija od albanskih nacionalista i iredentista&#8221;. Ustvari, to je bila hajka protiv politi?kih protivnika. De\u017eurni profesionalni svjedoci bili su na usluzi tu\u017eiocima. U Ulcinju zvani?no hajku je po?eo Op\u0161tinski komitet Saveza komunista. Ina?e, pritisci nada mnom su po?eli jo\u0161 dok sam bio u?enik, odnosno student. U to vrijeme te\u0161ko da je ostao neki albanski intelektualac koji nije pro\u0161ao kroz obradu slu\u017ebenika DB-a u njihovim kancelarijama, kojima bi najbolje pristajalo ime mu?ili\u0161ta, kafanama ili razgovorima na ulici. Interesantno je ista?i, mene je organizacija SK isklju?ila sa posla iako nikad nisam bio ?lan Saveza komunista! Po?etkom 1984. godine, nakon zavr\u0161etka Zimskih olimpijskih igara u Sarajevu, mene me?u prvima strpa\u0161e u zatvor. Prvo u Kotor, a onda jedno ve?e sprovedo\u0161e me u Jusova?u, u Titogradu, i potom provedoh dvije godine u spu\u0161kom zatvoru.<\/p>\n<p>Da, tu\u017eiteljica mi je bila, tada gospo?ica, Ranka Polovi?, sada gospo?a ?arapi?. Sudnica &#8211; kancelarija Vi\u0161eg suda u Podgorici. Nisu mi dozvolili da su?enje bude javno u velikoj sali, iako sam to izri?ito tra\u017eio. Izgleda, pla\u0161ili su se naroda! Sudija &#8211; Marko Pekovi?, iz Nik\u0161i?a. DB je imala ?etiri rezervisane stolice. Trojica DB-ovaca svakodnevno su stalno bili prisutni tokom mog su?enja, a jednog dana tu je bio i ?etvrti: Nikola Damjanovi?, Avdija Grbovi? i Sreten Glend\u017ea. Dvojica porotnika i zapisni?arka. Povremeno prevodilac &#8211; gospodin Gegaj i moj branjenik, kojeg je anga\u017eovala porodica. Za moju porodicu bile su ostavljene samo tri stolice!<\/p>\n<p>Pa\u017eljivi ?italac ?e primijetiti da su sudija i sudije porotnici, tu\u017eiteljka, DB-ovci, zapisni?arka &#8211; bili pripadnici jedne nacije, a ja okrivljeni, koji sam navodno govorom, verbalno ugrozio dr\u017eavu &#8211; Albanac.<\/p>\n<p>Ni\u0161ta u Crnoj Gori nije slu?ajno. Odmah nakon mog osu?ivanja svi su unaprije?eni. Tu\u017eiteljicu, uva\u017eenu gospo?u Ranku, mogu donekle i da shvatam. Tada je bila mlada i neiskusna, a policijski pritisak, mogao sam da pretpostavim na osnovu pona\u0161anja u ,,sudnici&#8221; i mimike, bio je jak. Ali, ako analiziramo sada optu\u017enicu i presudu, pravna nauka bi s materijalnog, ?injeni?nog stanovi\u0161ta tog predmeta optu\u017eivala njih, a ne mene. Zbog toga, red bi bio, i pravni?ki i pravni, i najvi\u0161e ljudski, da Vrhovna dr\u017eavna tu\u017eiteljica na?e pravni lijek i ispravi tu nepravdu.<\/p>\n<p><strong>Veseljko KOPRIVICA<br \/>\n<a href=\"http:\/\/www.monitorcg.com\/index.php?option=com_content&amp;view=article&amp;id=1225:svaka-vlast-ima-svog-albanca&amp;catid=791:broj-996&amp;Itemid=1037\" target=\"_blank\">Monitor<\/a><\/strong><\/p>\n<p><strong><!--YouTube Error: bad URL entered--><br \/>\n<\/strong><\/p>\n","protected":false},"excerpt":{"rendered":"<p>MONITOR: Opozicione partije i civilni sektor ovih dana predla\u017eu nekoliko modaliteta za smjenu vlasti. Koji bi bio najefikasniji? BARDHI: Nesmjenjive vlasti polako ali sigurno idu i tonu u totalitarizam. Razloge \u0161to je crnogorska vlast nesmjenjiva mo\u017eemo vidjeti golim okom. Po?ev\u0161i od toga \u0161to dobar dio, ne samo iz interesnih sfera, nego i onih koji ne [&hellip;]<\/p>\n","protected":false},"author":1,"featured_media":0,"comment_status":"open","ping_status":"closed","sticky":false,"template":"","format":"standard","meta":{"spay_email":"","jetpack_publicize_message":"","jetpack_is_tweetstorm":false,"jetpack_publicize_feature_enabled":true},"categories":[5],"tags":[12922],"jetpack_publicize_connections":[],"yoast_head":"<!-- This site is optimized with the Yoast SEO plugin v19.1 - https:\/\/yoast.com\/wordpress\/plugins\/seo\/ -->\n<title>Mehmet Bardhi: Svaka vlast ima svog Albanca - Lajme nga Ulqini<\/title>\n<meta name=\"description\" content=\"MONITOR: Opozicione partije i civilni sektor ovih dana predla\u017eu nekoliko modaliteta za smjenu vlasti. Koji bi bio najefikasniji? BARDHI: Nesmjenjive\" \/>\n<meta name=\"robots\" content=\"index, follow, max-snippet:-1, max-image-preview:large, max-video-preview:-1\" \/>\n<link rel=\"canonical\" href=\"https:\/\/www.visit-ulcinj.com\/blog\/2009\/11\/28\/mehmet-bardhi-svaka-vlast-ima-svog-albanca\/\" \/>\n<meta property=\"og:locale\" content=\"en_US\" \/>\n<meta property=\"og:type\" content=\"article\" \/>\n<meta property=\"og:title\" content=\"Mehmet Bardhi: Svaka vlast ima svog Albanca - Lajme nga Ulqini\" \/>\n<meta property=\"og:description\" content=\"MONITOR: Opozicione partije i civilni sektor ovih dana predla\u017eu nekoliko modaliteta za smjenu vlasti. Koji bi bio najefikasniji? BARDHI: Nesmjenjive\" \/>\n<meta property=\"og:url\" content=\"https:\/\/www.visit-ulcinj.com\/blog\/2009\/11\/28\/mehmet-bardhi-svaka-vlast-ima-svog-albanca\/\" \/>\n<meta property=\"og:site_name\" content=\"Lajme nga Ulqini\" \/>\n<meta property=\"article:published_time\" content=\"2009-11-28T17:24:24+00:00\" \/>\n<meta property=\"article:modified_time\" content=\"2009-12-07T17:28:51+00:00\" \/>\n<meta property=\"og:image\" content=\"http:\/\/www.visit-ulcinj.com\/blog\/wp-content\/uploads\/2009\/11\/MEHMET-BARDHI-PREDSJEDNIK-DEMOKRATSKOG-SAVEZA-U-CRNOJ-GORI.jpg\" \/>\n<meta name=\"twitter:label1\" content=\"Written by\" \/>\n\t<meta name=\"twitter:data1\" content=\"ulqini\" \/>\n\t<meta name=\"twitter:label2\" content=\"Est. reading time\" \/>\n\t<meta name=\"twitter:data2\" content=\"9 minutes\" \/>\n<script type=\"application\/ld+json\" class=\"yoast-schema-graph\">{\"@context\":\"https:\/\/schema.org\",\"@graph\":[{\"@type\":\"WebSite\",\"@id\":\"https:\/\/www.visit-ulcinj.com\/blog\/#website\",\"url\":\"https:\/\/www.visit-ulcinj.com\/blog\/\",\"name\":\"Lajme nga Ulqini\",\"description\":\"Lajme,Vijesti,Ulqini,Ulqin,Crna Gora,Mali i Zi\",\"potentialAction\":[{\"@type\":\"SearchAction\",\"target\":{\"@type\":\"EntryPoint\",\"urlTemplate\":\"https:\/\/www.visit-ulcinj.com\/blog\/?s={search_term_string}\"},\"query-input\":\"required name=search_term_string\"}],\"inLanguage\":\"en-US\"},{\"@type\":\"ImageObject\",\"inLanguage\":\"en-US\",\"@id\":\"https:\/\/www.visit-ulcinj.com\/blog\/2009\/11\/28\/mehmet-bardhi-svaka-vlast-ima-svog-albanca\/#primaryimage\",\"url\":\"https:\/\/www.visit-ulcinj.com\/blog\/wp-content\/uploads\/2009\/11\/MEHMET-BARDHI-PREDSJEDNIK-DEMOKRATSKOG-SAVEZA-U-CRNOJ-GORI.jpg\",\"contentUrl\":\"https:\/\/www.visit-ulcinj.com\/blog\/wp-content\/uploads\/2009\/11\/MEHMET-BARDHI-PREDSJEDNIK-DEMOKRATSKOG-SAVEZA-U-CRNOJ-GORI.jpg\",\"width\":\"580\",\"height\":\"580\"},{\"@type\":\"WebPage\",\"@id\":\"https:\/\/www.visit-ulcinj.com\/blog\/2009\/11\/28\/mehmet-bardhi-svaka-vlast-ima-svog-albanca\/#webpage\",\"url\":\"https:\/\/www.visit-ulcinj.com\/blog\/2009\/11\/28\/mehmet-bardhi-svaka-vlast-ima-svog-albanca\/\",\"name\":\"Mehmet Bardhi: Svaka vlast ima svog Albanca - Lajme nga Ulqini\",\"isPartOf\":{\"@id\":\"https:\/\/www.visit-ulcinj.com\/blog\/#website\"},\"primaryImageOfPage\":{\"@id\":\"https:\/\/www.visit-ulcinj.com\/blog\/2009\/11\/28\/mehmet-bardhi-svaka-vlast-ima-svog-albanca\/#primaryimage\"},\"datePublished\":\"2009-11-28T17:24:24+00:00\",\"dateModified\":\"2009-12-07T17:28:51+00:00\",\"author\":{\"@id\":\"https:\/\/www.visit-ulcinj.com\/blog\/#\/schema\/person\/dcab619c614d3038751c63bc2aadc06d\"},\"description\":\"MONITOR: Opozicione partije i civilni sektor ovih dana predla\u017eu nekoliko modaliteta za smjenu vlasti. Koji bi bio najefikasniji? BARDHI: Nesmjenjive\",\"breadcrumb\":{\"@id\":\"https:\/\/www.visit-ulcinj.com\/blog\/2009\/11\/28\/mehmet-bardhi-svaka-vlast-ima-svog-albanca\/#breadcrumb\"},\"inLanguage\":\"en-US\",\"potentialAction\":[{\"@type\":\"ReadAction\",\"target\":[\"https:\/\/www.visit-ulcinj.com\/blog\/2009\/11\/28\/mehmet-bardhi-svaka-vlast-ima-svog-albanca\/\"]}]},{\"@type\":\"BreadcrumbList\",\"@id\":\"https:\/\/www.visit-ulcinj.com\/blog\/2009\/11\/28\/mehmet-bardhi-svaka-vlast-ima-svog-albanca\/#breadcrumb\",\"itemListElement\":[{\"@type\":\"ListItem\",\"position\":1,\"name\":\"Mehmet Bardhi: Svaka vlast ima svog Albanca\"}]},{\"@type\":\"Person\",\"@id\":\"https:\/\/www.visit-ulcinj.com\/blog\/#\/schema\/person\/dcab619c614d3038751c63bc2aadc06d\",\"name\":\"ulqini\",\"sameAs\":[\"http:\/\/www.visit-ulcinj.com\"],\"url\":\"https:\/\/www.visit-ulcinj.com\/blog\/author\/admin\/\"}]}<\/script>\n<!-- \/ Yoast SEO plugin. -->","yoast_head_json":{"title":"Mehmet Bardhi: Svaka vlast ima svog Albanca - Lajme nga Ulqini","description":"MONITOR: Opozicione partije i civilni sektor ovih dana predla\u017eu nekoliko modaliteta za smjenu vlasti. Koji bi bio najefikasniji? BARDHI: Nesmjenjive","robots":{"index":"index","follow":"follow","max-snippet":"max-snippet:-1","max-image-preview":"max-image-preview:large","max-video-preview":"max-video-preview:-1"},"canonical":"https:\/\/www.visit-ulcinj.com\/blog\/2009\/11\/28\/mehmet-bardhi-svaka-vlast-ima-svog-albanca\/","og_locale":"en_US","og_type":"article","og_title":"Mehmet Bardhi: Svaka vlast ima svog Albanca - Lajme nga Ulqini","og_description":"MONITOR: Opozicione partije i civilni sektor ovih dana predla\u017eu nekoliko modaliteta za smjenu vlasti. Koji bi bio najefikasniji? BARDHI: Nesmjenjive","og_url":"https:\/\/www.visit-ulcinj.com\/blog\/2009\/11\/28\/mehmet-bardhi-svaka-vlast-ima-svog-albanca\/","og_site_name":"Lajme nga Ulqini","article_published_time":"2009-11-28T17:24:24+00:00","article_modified_time":"2009-12-07T17:28:51+00:00","og_image":[{"url":"http:\/\/www.visit-ulcinj.com\/blog\/wp-content\/uploads\/2009\/11\/MEHMET-BARDHI-PREDSJEDNIK-DEMOKRATSKOG-SAVEZA-U-CRNOJ-GORI.jpg"}],"twitter_misc":{"Written by":"ulqini","Est. reading time":"9 minutes"},"schema":{"@context":"https:\/\/schema.org","@graph":[{"@type":"WebSite","@id":"https:\/\/www.visit-ulcinj.com\/blog\/#website","url":"https:\/\/www.visit-ulcinj.com\/blog\/","name":"Lajme nga Ulqini","description":"Lajme,Vijesti,Ulqini,Ulqin,Crna Gora,Mali i Zi","potentialAction":[{"@type":"SearchAction","target":{"@type":"EntryPoint","urlTemplate":"https:\/\/www.visit-ulcinj.com\/blog\/?s={search_term_string}"},"query-input":"required name=search_term_string"}],"inLanguage":"en-US"},{"@type":"ImageObject","inLanguage":"en-US","@id":"https:\/\/www.visit-ulcinj.com\/blog\/2009\/11\/28\/mehmet-bardhi-svaka-vlast-ima-svog-albanca\/#primaryimage","url":"https:\/\/www.visit-ulcinj.com\/blog\/wp-content\/uploads\/2009\/11\/MEHMET-BARDHI-PREDSJEDNIK-DEMOKRATSKOG-SAVEZA-U-CRNOJ-GORI.jpg","contentUrl":"https:\/\/www.visit-ulcinj.com\/blog\/wp-content\/uploads\/2009\/11\/MEHMET-BARDHI-PREDSJEDNIK-DEMOKRATSKOG-SAVEZA-U-CRNOJ-GORI.jpg","width":"580","height":"580"},{"@type":"WebPage","@id":"https:\/\/www.visit-ulcinj.com\/blog\/2009\/11\/28\/mehmet-bardhi-svaka-vlast-ima-svog-albanca\/#webpage","url":"https:\/\/www.visit-ulcinj.com\/blog\/2009\/11\/28\/mehmet-bardhi-svaka-vlast-ima-svog-albanca\/","name":"Mehmet Bardhi: Svaka vlast ima svog Albanca - Lajme nga Ulqini","isPartOf":{"@id":"https:\/\/www.visit-ulcinj.com\/blog\/#website"},"primaryImageOfPage":{"@id":"https:\/\/www.visit-ulcinj.com\/blog\/2009\/11\/28\/mehmet-bardhi-svaka-vlast-ima-svog-albanca\/#primaryimage"},"datePublished":"2009-11-28T17:24:24+00:00","dateModified":"2009-12-07T17:28:51+00:00","author":{"@id":"https:\/\/www.visit-ulcinj.com\/blog\/#\/schema\/person\/dcab619c614d3038751c63bc2aadc06d"},"description":"MONITOR: Opozicione partije i civilni sektor ovih dana predla\u017eu nekoliko modaliteta za smjenu vlasti. Koji bi bio najefikasniji? BARDHI: Nesmjenjive","breadcrumb":{"@id":"https:\/\/www.visit-ulcinj.com\/blog\/2009\/11\/28\/mehmet-bardhi-svaka-vlast-ima-svog-albanca\/#breadcrumb"},"inLanguage":"en-US","potentialAction":[{"@type":"ReadAction","target":["https:\/\/www.visit-ulcinj.com\/blog\/2009\/11\/28\/mehmet-bardhi-svaka-vlast-ima-svog-albanca\/"]}]},{"@type":"BreadcrumbList","@id":"https:\/\/www.visit-ulcinj.com\/blog\/2009\/11\/28\/mehmet-bardhi-svaka-vlast-ima-svog-albanca\/#breadcrumb","itemListElement":[{"@type":"ListItem","position":1,"name":"Mehmet Bardhi: Svaka vlast ima svog Albanca"}]},{"@type":"Person","@id":"https:\/\/www.visit-ulcinj.com\/blog\/#\/schema\/person\/dcab619c614d3038751c63bc2aadc06d","name":"ulqini","sameAs":["http:\/\/www.visit-ulcinj.com"],"url":"https:\/\/www.visit-ulcinj.com\/blog\/author\/admin\/"}]}},"jetpack_featured_media_url":"","jetpack_sharing_enabled":true,"jetpack_shortlink":"https:\/\/wp.me\/pe6lTn-7bI","_links":{"self":[{"href":"https:\/\/www.visit-ulcinj.com\/blog\/wp-json\/wp\/v2\/posts\/27634"}],"collection":[{"href":"https:\/\/www.visit-ulcinj.com\/blog\/wp-json\/wp\/v2\/posts"}],"about":[{"href":"https:\/\/www.visit-ulcinj.com\/blog\/wp-json\/wp\/v2\/types\/post"}],"author":[{"embeddable":true,"href":"https:\/\/www.visit-ulcinj.com\/blog\/wp-json\/wp\/v2\/users\/1"}],"replies":[{"embeddable":true,"href":"https:\/\/www.visit-ulcinj.com\/blog\/wp-json\/wp\/v2\/comments?post=27634"}],"version-history":[{"count":0,"href":"https:\/\/www.visit-ulcinj.com\/blog\/wp-json\/wp\/v2\/posts\/27634\/revisions"}],"wp:attachment":[{"href":"https:\/\/www.visit-ulcinj.com\/blog\/wp-json\/wp\/v2\/media?parent=27634"}],"wp:term":[{"taxonomy":"category","embeddable":true,"href":"https:\/\/www.visit-ulcinj.com\/blog\/wp-json\/wp\/v2\/categories?post=27634"},{"taxonomy":"post_tag","embeddable":true,"href":"https:\/\/www.visit-ulcinj.com\/blog\/wp-json\/wp\/v2\/tags?post=27634"}],"curies":[{"name":"wp","href":"https:\/\/api.w.org\/{rel}","templated":true}]}}