{"id":27641,"date":"2009-11-28T20:43:32","date_gmt":"2009-11-28T18:43:32","guid":{"rendered":"http:\/\/www.visit-ulcinj.com\/blog\/?p=27641"},"modified":"2009-11-28T20:43:32","modified_gmt":"2009-11-28T18:43:32","slug":"urimet-e-vujanoviqit-per-kurban-bajramin","status":"publish","type":"post","link":"https:\/\/www.visit-ulcinj.com\/blog\/2009\/11\/28\/urimet-e-vujanoviqit-per-kurban-bajramin\/","title":{"rendered":"Urimet e Vujanoviqit p\u00ebr Kurban bajramin"},"content":{"rendered":"<p><a href=\"http:\/\/www.visit-ulcinj.com\/blog\/wp-content\/uploads\/2009\/11\/Urimet-e-Vujanoviqit-p\u00ebr-Kurban-bajramin.jpg\"><img loading=\"lazy\" class=\"alignleft size-full wp-image-27642\" title=\"Urimet e Vujanoviqit p\u00ebr Kurban bajramin\" src=\"http:\/\/www.visit-ulcinj.com\/blog\/wp-content\/uploads\/2009\/11\/Urimet-e-Vujanoviqit-p\u00ebr-Kurban-bajramin.jpg\" alt=\"Urimet e Vujanoviqit p\u00ebr Kurban bajramin\" width=\"580\" height=\"400\" \/><\/a>Sot besimtar\u00ebt mysliman\u00eb n\u00eb Mal t\u00eb Zi festojn\u00eb Kurban Bajramin .<br \/>\nMe k\u00ebt\u00eb rast presidenti i Malit t\u00eb Zi Filip Vujanoviq ka uruar p\u00ebr k\u00ebt\u00eb fest\u00eb Resisin Rifat Fejziq dhe t\u00eb gjith\u00eb besimtar\u00ebt mysliman\u00eb q\u00eb k\u00ebt\u00eb festa ta kalojn\u00eb n\u00eb diskonim dhe harmoni familjare.<br \/>\nPo ashtu t\u00eb gjith\u00eb besimtar\u00ebve mysliman\u00eb k\u00ebt\u00eb fest\u00eb ua kan\u00eb uruar edhe zyrtar\u00eb t\u00eb lart\u00eb t\u00eb tjer\u00eb shtet\u00ebror\u00eb.<\/p>\n<p><strong>TVCG<\/strong><\/p>\n","protected":false},"excerpt":{"rendered":"<p>Sot besimtar\u00ebt mysliman\u00eb n\u00eb Mal t\u00eb Zi festojn\u00eb Kurban Bajramin . Me k\u00ebt\u00eb rast presidenti i Malit t\u00eb Zi Filip Vujanoviq ka uruar p\u00ebr k\u00ebt\u00eb fest\u00eb Resisin Rifat Fejziq dhe t\u00eb gjith\u00eb besimtar\u00ebt mysliman\u00eb q\u00eb k\u00ebt\u00eb festa ta kalojn\u00eb n\u00eb diskonim dhe harmoni familjare. Po ashtu t\u00eb gjith\u00eb besimtar\u00ebve mysliman\u00eb k\u00ebt\u00eb fest\u00eb ua kan\u00eb uruar [&hellip;]<\/p>\n","protected":false},"author":1,"featured_media":0,"comment_status":"open","ping_status":"closed","sticky":false,"template":"","format":"standard","meta":{"spay_email":"","jetpack_publicize_message":"","jetpack_is_tweetstorm":false,"jetpack_publicize_feature_enabled":true},"categories":[12],"tags":[205,12923],"jetpack_publicize_connections":[],"yoast_head":"<!-- This site is optimized with the Yoast SEO plugin v19.1 - https:\/\/yoast.com\/wordpress\/plugins\/seo\/ -->\n<title>Urimet e Vujanoviqit p\u00ebr Kurban bajramin - Lajme nga Ulqini<\/title>\n<meta name=\"description\" content=\"Sot besimtar\u00ebt mysliman\u00eb n\u00eb Mal t\u00eb Zi festojn\u00eb Kurban Bajramin . Me k\u00ebt\u00eb rast presidenti i Malit t\u00eb Zi Filip Vujanoviq ka uruar p\u00ebr k\u00ebt\u00eb fest\u00eb Resisin\" \/>\n<meta name=\"robots\" content=\"index, follow, max-snippet:-1, max-image-preview:large, max-video-preview:-1\" \/>\n<link rel=\"canonical\" href=\"https:\/\/www.visit-ulcinj.com\/blog\/2009\/11\/28\/urimet-e-vujanoviqit-per-kurban-bajramin\/\" \/>\n<meta property=\"og:locale\" content=\"en_US\" \/>\n<meta property=\"og:type\" content=\"article\" \/>\n<meta property=\"og:title\" content=\"Urimet e Vujanoviqit p\u00ebr Kurban bajramin - Lajme nga Ulqini\" \/>\n<meta property=\"og:description\" content=\"Sot besimtar\u00ebt mysliman\u00eb n\u00eb Mal t\u00eb Zi festojn\u00eb Kurban Bajramin . Me k\u00ebt\u00eb rast presidenti i Malit t\u00eb Zi Filip Vujanoviq ka uruar p\u00ebr k\u00ebt\u00eb fest\u00eb Resisin\" \/>\n<meta property=\"og:url\" content=\"https:\/\/www.visit-ulcinj.com\/blog\/2009\/11\/28\/urimet-e-vujanoviqit-per-kurban-bajramin\/\" \/>\n<meta property=\"og:site_name\" content=\"Lajme nga Ulqini\" \/>\n<meta property=\"article:published_time\" content=\"2009-11-28T18:43:32+00:00\" \/>\n<meta name=\"twitter:label1\" content=\"Written by\" \/>\n\t<meta name=\"twitter:data1\" content=\"ulqini\" \/>\n<script type=\"application\/ld+json\" class=\"yoast-schema-graph\">{\"@context\":\"https:\/\/schema.org\",\"@graph\":[{\"@type\":\"WebSite\",\"@id\":\"https:\/\/www.visit-ulcinj.com\/blog\/#website\",\"url\":\"https:\/\/www.visit-ulcinj.com\/blog\/\",\"name\":\"Lajme nga Ulqini\",\"description\":\"Lajme,Vijesti,Ulqini,Ulqin,Crna Gora,Mali i Zi\",\"potentialAction\":[{\"@type\":\"SearchAction\",\"target\":{\"@type\":\"EntryPoint\",\"urlTemplate\":\"https:\/\/www.visit-ulcinj.com\/blog\/?s={search_term_string}\"},\"query-input\":\"required name=search_term_string\"}],\"inLanguage\":\"en-US\"},{\"@type\":\"WebPage\",\"@id\":\"https:\/\/www.visit-ulcinj.com\/blog\/2009\/11\/28\/urimet-e-vujanoviqit-per-kurban-bajramin\/#webpage\",\"url\":\"https:\/\/www.visit-ulcinj.com\/blog\/2009\/11\/28\/urimet-e-vujanoviqit-per-kurban-bajramin\/\",\"name\":\"Urimet e Vujanoviqit p\u00ebr Kurban bajramin - Lajme nga Ulqini\",\"isPartOf\":{\"@id\":\"https:\/\/www.visit-ulcinj.com\/blog\/#website\"},\"datePublished\":\"2009-11-28T18:43:32+00:00\",\"dateModified\":\"2009-11-28T18:43:32+00:00\",\"author\":{\"@id\":\"https:\/\/www.visit-ulcinj.com\/blog\/#\/schema\/person\/dcab619c614d3038751c63bc2aadc06d\"},\"description\":\"Sot besimtar\u00ebt mysliman\u00eb n\u00eb Mal t\u00eb Zi festojn\u00eb Kurban Bajramin . Me k\u00ebt\u00eb rast presidenti i Malit t\u00eb Zi Filip Vujanoviq ka uruar p\u00ebr k\u00ebt\u00eb fest\u00eb Resisin\",\"breadcrumb\":{\"@id\":\"https:\/\/www.visit-ulcinj.com\/blog\/2009\/11\/28\/urimet-e-vujanoviqit-per-kurban-bajramin\/#breadcrumb\"},\"inLanguage\":\"en-US\",\"potentialAction\":[{\"@type\":\"ReadAction\",\"target\":[\"https:\/\/www.visit-ulcinj.com\/blog\/2009\/11\/28\/urimet-e-vujanoviqit-per-kurban-bajramin\/\"]}]},{\"@type\":\"BreadcrumbList\",\"@id\":\"https:\/\/www.visit-ulcinj.com\/blog\/2009\/11\/28\/urimet-e-vujanoviqit-per-kurban-bajramin\/#breadcrumb\",\"itemListElement\":[{\"@type\":\"ListItem\",\"position\":1,\"name\":\"Urimet e Vujanoviqit p\u00ebr Kurban bajramin\"}]},{\"@type\":\"Person\",\"@id\":\"https:\/\/www.visit-ulcinj.com\/blog\/#\/schema\/person\/dcab619c614d3038751c63bc2aadc06d\",\"name\":\"ulqini\",\"sameAs\":[\"http:\/\/www.visit-ulcinj.com\"],\"url\":\"https:\/\/www.visit-ulcinj.com\/blog\/author\/admin\/\"}]}<\/script>\n<!-- \/ Yoast SEO plugin. -->","yoast_head_json":{"title":"Urimet e Vujanoviqit p\u00ebr Kurban bajramin - Lajme nga Ulqini","description":"Sot besimtar\u00ebt mysliman\u00eb n\u00eb Mal t\u00eb Zi festojn\u00eb Kurban Bajramin . Me k\u00ebt\u00eb rast presidenti i Malit t\u00eb Zi Filip Vujanoviq ka uruar p\u00ebr k\u00ebt\u00eb fest\u00eb Resisin","robots":{"index":"index","follow":"follow","max-snippet":"max-snippet:-1","max-image-preview":"max-image-preview:large","max-video-preview":"max-video-preview:-1"},"canonical":"https:\/\/www.visit-ulcinj.com\/blog\/2009\/11\/28\/urimet-e-vujanoviqit-per-kurban-bajramin\/","og_locale":"en_US","og_type":"article","og_title":"Urimet e Vujanoviqit p\u00ebr Kurban bajramin - Lajme nga Ulqini","og_description":"Sot besimtar\u00ebt mysliman\u00eb n\u00eb Mal t\u00eb Zi festojn\u00eb Kurban Bajramin . Me k\u00ebt\u00eb rast presidenti i Malit t\u00eb Zi Filip Vujanoviq ka uruar p\u00ebr k\u00ebt\u00eb fest\u00eb Resisin","og_url":"https:\/\/www.visit-ulcinj.com\/blog\/2009\/11\/28\/urimet-e-vujanoviqit-per-kurban-bajramin\/","og_site_name":"Lajme nga Ulqini","article_published_time":"2009-11-28T18:43:32+00:00","twitter_misc":{"Written by":"ulqini"},"schema":{"@context":"https:\/\/schema.org","@graph":[{"@type":"WebSite","@id":"https:\/\/www.visit-ulcinj.com\/blog\/#website","url":"https:\/\/www.visit-ulcinj.com\/blog\/","name":"Lajme nga Ulqini","description":"Lajme,Vijesti,Ulqini,Ulqin,Crna Gora,Mali i Zi","potentialAction":[{"@type":"SearchAction","target":{"@type":"EntryPoint","urlTemplate":"https:\/\/www.visit-ulcinj.com\/blog\/?s={search_term_string}"},"query-input":"required name=search_term_string"}],"inLanguage":"en-US"},{"@type":"WebPage","@id":"https:\/\/www.visit-ulcinj.com\/blog\/2009\/11\/28\/urimet-e-vujanoviqit-per-kurban-bajramin\/#webpage","url":"https:\/\/www.visit-ulcinj.com\/blog\/2009\/11\/28\/urimet-e-vujanoviqit-per-kurban-bajramin\/","name":"Urimet e Vujanoviqit p\u00ebr Kurban bajramin - Lajme nga Ulqini","isPartOf":{"@id":"https:\/\/www.visit-ulcinj.com\/blog\/#website"},"datePublished":"2009-11-28T18:43:32+00:00","dateModified":"2009-11-28T18:43:32+00:00","author":{"@id":"https:\/\/www.visit-ulcinj.com\/blog\/#\/schema\/person\/dcab619c614d3038751c63bc2aadc06d"},"description":"Sot besimtar\u00ebt mysliman\u00eb n\u00eb Mal t\u00eb Zi festojn\u00eb Kurban Bajramin . Me k\u00ebt\u00eb rast presidenti i Malit t\u00eb Zi Filip Vujanoviq ka uruar p\u00ebr k\u00ebt\u00eb fest\u00eb Resisin","breadcrumb":{"@id":"https:\/\/www.visit-ulcinj.com\/blog\/2009\/11\/28\/urimet-e-vujanoviqit-per-kurban-bajramin\/#breadcrumb"},"inLanguage":"en-US","potentialAction":[{"@type":"ReadAction","target":["https:\/\/www.visit-ulcinj.com\/blog\/2009\/11\/28\/urimet-e-vujanoviqit-per-kurban-bajramin\/"]}]},{"@type":"BreadcrumbList","@id":"https:\/\/www.visit-ulcinj.com\/blog\/2009\/11\/28\/urimet-e-vujanoviqit-per-kurban-bajramin\/#breadcrumb","itemListElement":[{"@type":"ListItem","position":1,"name":"Urimet e Vujanoviqit p\u00ebr Kurban bajramin"}]},{"@type":"Person","@id":"https:\/\/www.visit-ulcinj.com\/blog\/#\/schema\/person\/dcab619c614d3038751c63bc2aadc06d","name":"ulqini","sameAs":["http:\/\/www.visit-ulcinj.com"],"url":"https:\/\/www.visit-ulcinj.com\/blog\/author\/admin\/"}]}},"jetpack_featured_media_url":"","jetpack_sharing_enabled":true,"jetpack_shortlink":"https:\/\/wp.me\/pe6lTn-7bP","_links":{"self":[{"href":"https:\/\/www.visit-ulcinj.com\/blog\/wp-json\/wp\/v2\/posts\/27641"}],"collection":[{"href":"https:\/\/www.visit-ulcinj.com\/blog\/wp-json\/wp\/v2\/posts"}],"about":[{"href":"https:\/\/www.visit-ulcinj.com\/blog\/wp-json\/wp\/v2\/types\/post"}],"author":[{"embeddable":true,"href":"https:\/\/www.visit-ulcinj.com\/blog\/wp-json\/wp\/v2\/users\/1"}],"replies":[{"embeddable":true,"href":"https:\/\/www.visit-ulcinj.com\/blog\/wp-json\/wp\/v2\/comments?post=27641"}],"version-history":[{"count":0,"href":"https:\/\/www.visit-ulcinj.com\/blog\/wp-json\/wp\/v2\/posts\/27641\/revisions"}],"wp:attachment":[{"href":"https:\/\/www.visit-ulcinj.com\/blog\/wp-json\/wp\/v2\/media?parent=27641"}],"wp:term":[{"taxonomy":"category","embeddable":true,"href":"https:\/\/www.visit-ulcinj.com\/blog\/wp-json\/wp\/v2\/categories?post=27641"},{"taxonomy":"post_tag","embeddable":true,"href":"https:\/\/www.visit-ulcinj.com\/blog\/wp-json\/wp\/v2\/tags?post=27641"}],"curies":[{"name":"wp","href":"https:\/\/api.w.org\/{rel}","templated":true}]}}