{"id":27645,"date":"2009-11-28T21:20:16","date_gmt":"2009-11-28T19:20:16","guid":{"rendered":"http:\/\/www.visit-ulcinj.com\/blog\/?p=27645"},"modified":"2009-11-28T21:20:16","modified_gmt":"2009-11-28T19:20:16","slug":"dafina-dauti-premton-sukses","status":"publish","type":"post","link":"https:\/\/www.visit-ulcinj.com\/blog\/2009\/11\/28\/dafina-dauti-premton-sukses\/","title":{"rendered":"Dafina Dauti premton sukses"},"content":{"rendered":"<p><a href=\"http:\/\/www.visit-ulcinj.com\/blog\/wp-content\/uploads\/2009\/11\/Dafina-Dauti.jpg\"><img loading=\"lazy\" class=\"alignleft size-full wp-image-27646\" title=\"Dafina Dauti\" src=\"http:\/\/www.visit-ulcinj.com\/blog\/wp-content\/uploads\/2009\/11\/Dafina-Dauti.jpg\" alt=\"Dafina Dauti\" width=\"580\" height=\"347\" \/><\/a>\u00cbsht\u00eb nj\u00ebra prej k\u00ebng\u00ebtar\u00ebve q\u00eb nuk b\u00ebn klipe, por ka arritur t\u00eb shes\u00eb shum\u00eb albumet e saj. P\u00ebr momentin do t\u00eb l\u00ebshoj\u00eb nj\u00eb klip n\u00eb televizion, nd\u00ebrkaq paralajm\u00ebron edhe bashk\u00ebpunime me k\u00ebng\u00ebtar\u00eb t\u00eb R&amp;B dhe reper\u00eb. Ajo flet edhe p\u00ebr martes\u00ebn dhe vajz\u00ebn e saj. Nga k\u00ebng\u00ebtaret e huaja i p\u00eblqen shum\u00eb Beyonce. Kjo \u00ebsht\u00eb k\u00ebng\u00ebtarja Dafina Dauti, e cila n\u00eb k\u00ebt\u00eb intervist\u00eb paralajm\u00ebron nj\u00eb \u201cboom\u201d n\u00eb sken\u00ebn e estrad\u00ebs kosovare.<\/p>\n<p>Kur keni filluar m\u00eb s\u00eb pari t\u00eb merreni me muzik\u00eb?<\/p>\n<p>P\u00ebr her\u00eb t\u00eb par\u00eb n\u00eb sken\u00eb jam paraqitur n\u00eb Ferizaj. M\u00eb sa kujtoj kam pasur 15 vjet dhe ka qen\u00eb nj\u00eb moment shum\u00eb i v\u00ebshtir\u00eb p\u00ebr mua. Normal se edhe sot kam trem\u00eb kur dal n\u00eb sken\u00eb.<\/p>\n<p>A keni t\u00eb realizuar ndonj\u00eb album deri m\u00eb tani?<\/p>\n<p>Po kam nj\u00eb album t\u00eb realizuar. P\u00ebr momentin jam duke i incizuar disa k\u00ebng\u00eb. P\u00ebr albumin mund t\u00eb them se ka pasur nj\u00eb shitje t\u00eb konsiderueshme, edhe pse nuk kam realizuar ndonj\u00eb klip t\u00eb albumit t\u00eb ri apo ka pasur ndonj\u00eb reklam\u00eb.<\/p>\n<p>\u00c7far\u00eb jeni duke b\u00ebr\u00eb p\u00ebr momentin. Po realizoni video-klip?<\/p>\n<p>Po! Jam duke ia b\u00ebr\u00eb klipin k\u00ebng\u00ebs \u201cFalje mos k\u00ebrko\u201d, e cila k\u00ebng\u00eb \u00ebsht\u00eb shp\u00ebrblyer n\u00eb festivalin \u201c\u00c7el\u00ebsi muzikor\u201d.<\/p>\n<p>A jeni ftuar n\u00eb ndonj\u00eb koncert t\u00eb Vitit t\u00eb Ri, apo ende po pritni oferta?<\/p>\n<p>Jo, ende jo. Jam duke pritur ofertat q\u00eb do t\u00eb m\u00eb vin\u00eb, por ende di\u00e7ka konkrete nuk ka. Sigurisht q\u00eb p\u00ebr Vitin e Ri tani filloj t\u00eb p\u00ebrgatit\u00ebm m\u00eb mir\u00eb si m\u00eb k\u00ebng\u00eb t\u00eb reja ashtu edhe me karrier\u00eb. Deri m\u00eb tani i kam tri k\u00ebng\u00eb t\u00eb realizuara.<\/p>\n<p>A keni parapar\u00eb t\u00eb bashk\u00ebpunoni me ndonj\u00eb reper n\u00eb k\u00ebng\u00ebt e reja apo keni vazhduar si solo k\u00ebng\u00ebtare?<\/p>\n<p>E kam nj\u00eb k\u00ebng\u00eb t\u00eb stilit R&amp;B, n\u00eb t\u00eb cil\u00ebn k\u00ebndon edhe Blero, k\u00ebshtu q\u00eb n\u00eb k\u00ebt\u00eb k\u00ebng\u00eb pritet t\u00eb ket\u00eb nj\u00eb bashk\u00ebpunim edhe me reper\u00eb. N\u00eb nj\u00ebr\u00ebn prej tyre do t\u00eb jet\u00eb edhe reperi \u00c7ipsi.<\/p>\n<p>Ju jeni e martuar. Keni edhe nj\u00eb vajz\u00eb. Sa \u00ebsht\u00eb v\u00ebshtir\u00eb t\u00eb jesh edhe n\u00ebn\u00eb edhe k\u00ebng\u00ebtare?<\/p>\n<p>\u00cbsht\u00eb nj\u00eb p\u00ebrgjegj\u00ebsi shum\u00eb e madhe. Nuk e di \u00e7far\u00eb t\u00eb them, por mund t\u00eb them se p\u00ebr mua nuk \u00ebsht\u00eb shum\u00eb v\u00ebshtir\u00eb q\u00eb t\u00eb jem edhe prind dhe t\u00eb merrem edhe me muzik\u00eb.<\/p>\n<p>Sa i kushtoni r\u00ebnd\u00ebsi veshjes?<\/p>\n<p>Nuk i kushtoj shum\u00eb r\u00ebnd\u00ebsi dhe kam d\u00ebshir\u00eb t\u00eb vesh ato tesha q\u00eb m\u00eb p\u00eblqejn\u00eb.<\/p>\n<p>A i kushtoni r\u00ebnd\u00ebsi firm\u00ebs s\u00eb teshave dhe trendit?<\/p>\n<p>Po i kushtoj r\u00ebnd\u00ebsi teshave firm\u00eb, por kam edhe prej atyre t\u00eb thjeshta t\u00eb cilat m\u00eb p\u00eblqejn\u00eb dhe i veshi sa her\u00eb kam d\u00ebshir\u00eb.<\/p>\n<p>Po, grimit?<\/p>\n<p>Grimin e b\u00ebj vet dhe nuk p\u00ebrdori grim t\u00eb r\u00ebnd\u00eb, pasi q\u00eb koh\u00ebve t\u00eb fundit po shkon ai m\u00eb i thjesht\u00eb&#8230;<\/p>\n<p>Cila \u00ebsht\u00eb dhurata m\u00eb e mir\u00eb q\u00eb keni n\u00eb sht\u00ebpi?<\/p>\n<p>Kam shum\u00eb dhurata, por nj\u00ebra prej tyre \u00ebsht\u00eb nj\u00eb qafore e firm\u00ebs Svarovski, t\u00eb cil\u00ebn ma ka dhuruar burri.<\/p>\n<p>Si e kaloni koh\u00ebn e lir\u00eb?<\/p>\n<p>M\u00eb shum\u00eb rri m\u00eb vajz\u00ebn. Koh\u00ebve t\u00eb fundit dal m\u00eb pak, por kur dal me shoqe pi ndonj\u00eb kafe dhe nuk zgjedh lokale t\u00eb preferuara.<br \/>\n<strong><br \/>\nGazeta Express<\/strong><\/p>\n<!--YouTube Error: bad URL entered-->\n","protected":false},"excerpt":{"rendered":"<p>\u00cbsht\u00eb nj\u00ebra prej k\u00ebng\u00ebtar\u00ebve q\u00eb nuk b\u00ebn klipe, por ka arritur t\u00eb shes\u00eb shum\u00eb albumet e saj. P\u00ebr momentin do t\u00eb l\u00ebshoj\u00eb nj\u00eb klip n\u00eb televizion, nd\u00ebrkaq paralajm\u00ebron edhe bashk\u00ebpunime me k\u00ebng\u00ebtar\u00eb t\u00eb R&amp;B dhe reper\u00eb. Ajo flet edhe p\u00ebr martes\u00ebn dhe vajz\u00ebn e saj. Nga k\u00ebng\u00ebtaret e huaja i p\u00eblqen shum\u00eb Beyonce. Kjo \u00ebsht\u00eb [&hellip;]<\/p>\n","protected":false},"author":1,"featured_media":0,"comment_status":"open","ping_status":"closed","sticky":false,"template":"","format":"standard","meta":{"spay_email":"","jetpack_publicize_message":"","jetpack_is_tweetstorm":false,"jetpack_publicize_feature_enabled":true},"categories":[1],"tags":[12924],"jetpack_publicize_connections":[],"yoast_head":"<!-- This site is optimized with the Yoast SEO plugin v19.1 - https:\/\/yoast.com\/wordpress\/plugins\/seo\/ -->\n<title>Dafina Dauti premton sukses - Lajme nga Ulqini<\/title>\n<meta name=\"description\" content=\"\u00cbsht\u00eb nj\u00ebra prej k\u00ebng\u00ebtar\u00ebve q\u00eb nuk b\u00ebn klipe, por ka arritur t\u00eb shes\u00eb shum\u00eb albumet e saj. P\u00ebr momentin do t\u00eb l\u00ebshoj\u00eb nj\u00eb klip n\u00eb televizion, nd\u00ebrkaq\" \/>\n<meta name=\"robots\" content=\"index, follow, max-snippet:-1, max-image-preview:large, max-video-preview:-1\" \/>\n<link rel=\"canonical\" href=\"https:\/\/www.visit-ulcinj.com\/blog\/2009\/11\/28\/dafina-dauti-premton-sukses\/\" \/>\n<meta property=\"og:locale\" content=\"en_US\" \/>\n<meta property=\"og:type\" content=\"article\" \/>\n<meta property=\"og:title\" content=\"Dafina Dauti premton sukses - Lajme nga Ulqini\" \/>\n<meta property=\"og:description\" content=\"\u00cbsht\u00eb nj\u00ebra prej k\u00ebng\u00ebtar\u00ebve q\u00eb nuk b\u00ebn klipe, por ka arritur t\u00eb shes\u00eb shum\u00eb albumet e saj. P\u00ebr momentin do t\u00eb l\u00ebshoj\u00eb nj\u00eb klip n\u00eb televizion, nd\u00ebrkaq\" \/>\n<meta property=\"og:url\" content=\"https:\/\/www.visit-ulcinj.com\/blog\/2009\/11\/28\/dafina-dauti-premton-sukses\/\" \/>\n<meta property=\"og:site_name\" content=\"Lajme nga Ulqini\" \/>\n<meta property=\"article:published_time\" content=\"2009-11-28T19:20:16+00:00\" \/>\n<meta property=\"og:image\" content=\"http:\/\/www.visit-ulcinj.com\/blog\/wp-content\/uploads\/2009\/11\/Dafina-Dauti.jpg\" \/>\n<meta name=\"twitter:label1\" content=\"Written by\" \/>\n\t<meta name=\"twitter:data1\" content=\"ulqini\" \/>\n\t<meta name=\"twitter:label2\" content=\"Est. reading time\" \/>\n\t<meta name=\"twitter:data2\" content=\"3 minutes\" \/>\n<script type=\"application\/ld+json\" class=\"yoast-schema-graph\">{\"@context\":\"https:\/\/schema.org\",\"@graph\":[{\"@type\":\"WebSite\",\"@id\":\"https:\/\/www.visit-ulcinj.com\/blog\/#website\",\"url\":\"https:\/\/www.visit-ulcinj.com\/blog\/\",\"name\":\"Lajme nga Ulqini\",\"description\":\"Lajme,Vijesti,Ulqini,Ulqin,Crna Gora,Mali i Zi\",\"potentialAction\":[{\"@type\":\"SearchAction\",\"target\":{\"@type\":\"EntryPoint\",\"urlTemplate\":\"https:\/\/www.visit-ulcinj.com\/blog\/?s={search_term_string}\"},\"query-input\":\"required name=search_term_string\"}],\"inLanguage\":\"en-US\"},{\"@type\":\"ImageObject\",\"inLanguage\":\"en-US\",\"@id\":\"https:\/\/www.visit-ulcinj.com\/blog\/2009\/11\/28\/dafina-dauti-premton-sukses\/#primaryimage\",\"url\":\"http:\/\/www.visit-ulcinj.com\/blog\/wp-content\/uploads\/2009\/11\/Dafina-Dauti.jpg\",\"contentUrl\":\"http:\/\/www.visit-ulcinj.com\/blog\/wp-content\/uploads\/2009\/11\/Dafina-Dauti.jpg\"},{\"@type\":\"WebPage\",\"@id\":\"https:\/\/www.visit-ulcinj.com\/blog\/2009\/11\/28\/dafina-dauti-premton-sukses\/#webpage\",\"url\":\"https:\/\/www.visit-ulcinj.com\/blog\/2009\/11\/28\/dafina-dauti-premton-sukses\/\",\"name\":\"Dafina Dauti premton sukses - Lajme nga Ulqini\",\"isPartOf\":{\"@id\":\"https:\/\/www.visit-ulcinj.com\/blog\/#website\"},\"primaryImageOfPage\":{\"@id\":\"https:\/\/www.visit-ulcinj.com\/blog\/2009\/11\/28\/dafina-dauti-premton-sukses\/#primaryimage\"},\"datePublished\":\"2009-11-28T19:20:16+00:00\",\"dateModified\":\"2009-11-28T19:20:16+00:00\",\"author\":{\"@id\":\"https:\/\/www.visit-ulcinj.com\/blog\/#\/schema\/person\/dcab619c614d3038751c63bc2aadc06d\"},\"description\":\"\u00cbsht\u00eb nj\u00ebra prej k\u00ebng\u00ebtar\u00ebve q\u00eb nuk b\u00ebn klipe, por ka arritur t\u00eb shes\u00eb shum\u00eb albumet e saj. P\u00ebr momentin do t\u00eb l\u00ebshoj\u00eb nj\u00eb klip n\u00eb televizion, nd\u00ebrkaq\",\"breadcrumb\":{\"@id\":\"https:\/\/www.visit-ulcinj.com\/blog\/2009\/11\/28\/dafina-dauti-premton-sukses\/#breadcrumb\"},\"inLanguage\":\"en-US\",\"potentialAction\":[{\"@type\":\"ReadAction\",\"target\":[\"https:\/\/www.visit-ulcinj.com\/blog\/2009\/11\/28\/dafina-dauti-premton-sukses\/\"]}]},{\"@type\":\"BreadcrumbList\",\"@id\":\"https:\/\/www.visit-ulcinj.com\/blog\/2009\/11\/28\/dafina-dauti-premton-sukses\/#breadcrumb\",\"itemListElement\":[{\"@type\":\"ListItem\",\"position\":1,\"name\":\"Dafina Dauti premton sukses\"}]},{\"@type\":\"Person\",\"@id\":\"https:\/\/www.visit-ulcinj.com\/blog\/#\/schema\/person\/dcab619c614d3038751c63bc2aadc06d\",\"name\":\"ulqini\",\"sameAs\":[\"http:\/\/www.visit-ulcinj.com\"],\"url\":\"https:\/\/www.visit-ulcinj.com\/blog\/author\/admin\/\"}]}<\/script>\n<!-- \/ Yoast SEO plugin. -->","yoast_head_json":{"title":"Dafina Dauti premton sukses - Lajme nga Ulqini","description":"\u00cbsht\u00eb nj\u00ebra prej k\u00ebng\u00ebtar\u00ebve q\u00eb nuk b\u00ebn klipe, por ka arritur t\u00eb shes\u00eb shum\u00eb albumet e saj. P\u00ebr momentin do t\u00eb l\u00ebshoj\u00eb nj\u00eb klip n\u00eb televizion, nd\u00ebrkaq","robots":{"index":"index","follow":"follow","max-snippet":"max-snippet:-1","max-image-preview":"max-image-preview:large","max-video-preview":"max-video-preview:-1"},"canonical":"https:\/\/www.visit-ulcinj.com\/blog\/2009\/11\/28\/dafina-dauti-premton-sukses\/","og_locale":"en_US","og_type":"article","og_title":"Dafina Dauti premton sukses - Lajme nga Ulqini","og_description":"\u00cbsht\u00eb nj\u00ebra prej k\u00ebng\u00ebtar\u00ebve q\u00eb nuk b\u00ebn klipe, por ka arritur t\u00eb shes\u00eb shum\u00eb albumet e saj. P\u00ebr momentin do t\u00eb l\u00ebshoj\u00eb nj\u00eb klip n\u00eb televizion, nd\u00ebrkaq","og_url":"https:\/\/www.visit-ulcinj.com\/blog\/2009\/11\/28\/dafina-dauti-premton-sukses\/","og_site_name":"Lajme nga Ulqini","article_published_time":"2009-11-28T19:20:16+00:00","og_image":[{"url":"http:\/\/www.visit-ulcinj.com\/blog\/wp-content\/uploads\/2009\/11\/Dafina-Dauti.jpg"}],"twitter_misc":{"Written by":"ulqini","Est. reading time":"3 minutes"},"schema":{"@context":"https:\/\/schema.org","@graph":[{"@type":"WebSite","@id":"https:\/\/www.visit-ulcinj.com\/blog\/#website","url":"https:\/\/www.visit-ulcinj.com\/blog\/","name":"Lajme nga Ulqini","description":"Lajme,Vijesti,Ulqini,Ulqin,Crna Gora,Mali i Zi","potentialAction":[{"@type":"SearchAction","target":{"@type":"EntryPoint","urlTemplate":"https:\/\/www.visit-ulcinj.com\/blog\/?s={search_term_string}"},"query-input":"required name=search_term_string"}],"inLanguage":"en-US"},{"@type":"ImageObject","inLanguage":"en-US","@id":"https:\/\/www.visit-ulcinj.com\/blog\/2009\/11\/28\/dafina-dauti-premton-sukses\/#primaryimage","url":"http:\/\/www.visit-ulcinj.com\/blog\/wp-content\/uploads\/2009\/11\/Dafina-Dauti.jpg","contentUrl":"http:\/\/www.visit-ulcinj.com\/blog\/wp-content\/uploads\/2009\/11\/Dafina-Dauti.jpg"},{"@type":"WebPage","@id":"https:\/\/www.visit-ulcinj.com\/blog\/2009\/11\/28\/dafina-dauti-premton-sukses\/#webpage","url":"https:\/\/www.visit-ulcinj.com\/blog\/2009\/11\/28\/dafina-dauti-premton-sukses\/","name":"Dafina Dauti premton sukses - Lajme nga Ulqini","isPartOf":{"@id":"https:\/\/www.visit-ulcinj.com\/blog\/#website"},"primaryImageOfPage":{"@id":"https:\/\/www.visit-ulcinj.com\/blog\/2009\/11\/28\/dafina-dauti-premton-sukses\/#primaryimage"},"datePublished":"2009-11-28T19:20:16+00:00","dateModified":"2009-11-28T19:20:16+00:00","author":{"@id":"https:\/\/www.visit-ulcinj.com\/blog\/#\/schema\/person\/dcab619c614d3038751c63bc2aadc06d"},"description":"\u00cbsht\u00eb nj\u00ebra prej k\u00ebng\u00ebtar\u00ebve q\u00eb nuk b\u00ebn klipe, por ka arritur t\u00eb shes\u00eb shum\u00eb albumet e saj. P\u00ebr momentin do t\u00eb l\u00ebshoj\u00eb nj\u00eb klip n\u00eb televizion, nd\u00ebrkaq","breadcrumb":{"@id":"https:\/\/www.visit-ulcinj.com\/blog\/2009\/11\/28\/dafina-dauti-premton-sukses\/#breadcrumb"},"inLanguage":"en-US","potentialAction":[{"@type":"ReadAction","target":["https:\/\/www.visit-ulcinj.com\/blog\/2009\/11\/28\/dafina-dauti-premton-sukses\/"]}]},{"@type":"BreadcrumbList","@id":"https:\/\/www.visit-ulcinj.com\/blog\/2009\/11\/28\/dafina-dauti-premton-sukses\/#breadcrumb","itemListElement":[{"@type":"ListItem","position":1,"name":"Dafina Dauti premton sukses"}]},{"@type":"Person","@id":"https:\/\/www.visit-ulcinj.com\/blog\/#\/schema\/person\/dcab619c614d3038751c63bc2aadc06d","name":"ulqini","sameAs":["http:\/\/www.visit-ulcinj.com"],"url":"https:\/\/www.visit-ulcinj.com\/blog\/author\/admin\/"}]}},"jetpack_featured_media_url":"","jetpack_sharing_enabled":true,"jetpack_shortlink":"https:\/\/wp.me\/pe6lTn-7bT","_links":{"self":[{"href":"https:\/\/www.visit-ulcinj.com\/blog\/wp-json\/wp\/v2\/posts\/27645"}],"collection":[{"href":"https:\/\/www.visit-ulcinj.com\/blog\/wp-json\/wp\/v2\/posts"}],"about":[{"href":"https:\/\/www.visit-ulcinj.com\/blog\/wp-json\/wp\/v2\/types\/post"}],"author":[{"embeddable":true,"href":"https:\/\/www.visit-ulcinj.com\/blog\/wp-json\/wp\/v2\/users\/1"}],"replies":[{"embeddable":true,"href":"https:\/\/www.visit-ulcinj.com\/blog\/wp-json\/wp\/v2\/comments?post=27645"}],"version-history":[{"count":0,"href":"https:\/\/www.visit-ulcinj.com\/blog\/wp-json\/wp\/v2\/posts\/27645\/revisions"}],"wp:attachment":[{"href":"https:\/\/www.visit-ulcinj.com\/blog\/wp-json\/wp\/v2\/media?parent=27645"}],"wp:term":[{"taxonomy":"category","embeddable":true,"href":"https:\/\/www.visit-ulcinj.com\/blog\/wp-json\/wp\/v2\/categories?post=27645"},{"taxonomy":"post_tag","embeddable":true,"href":"https:\/\/www.visit-ulcinj.com\/blog\/wp-json\/wp\/v2\/tags?post=27645"}],"curies":[{"name":"wp","href":"https:\/\/api.w.org\/{rel}","templated":true}]}}