{"id":2768,"date":"2008-08-29T10:53:38","date_gmt":"2008-08-29T15:53:38","guid":{"rendered":"http:\/\/www.visit-ulcinj.com\/blog\/?p=2768"},"modified":"2008-08-29T13:35:50","modified_gmt":"2008-08-29T18:35:50","slug":"vujanoviq-njohja-e-kosoves-ka-tri-dimensione-per-malin-e-zi","status":"publish","type":"post","link":"https:\/\/www.visit-ulcinj.com\/blog\/2008\/08\/29\/vujanoviq-njohja-e-kosoves-ka-tri-dimensione-per-malin-e-zi\/","title":{"rendered":"Vujanoviq: Njohja e Kosov\u00ebs ka tri dimensione p\u00ebr Malin e Zi"},"content":{"rendered":"<p><a href=\"http:\/\/www.danas.co.yu\/20071110\/img\/region1_1.jpg\"><img loading=\"lazy\" class=\"alignleft\" title=\"Filip Vujanoviq\" src=\"http:\/\/www.danas.co.yu\/20071110\/img\/region1_1.jpg\" alt=\"\" width=\"119\" height=\"167\" \/><\/a>Podgoric\u00eb, 29 gusht &#8211; Presidenti malazez Filip Vujanoviq ka vler\u00ebsuar se Mali i Zi edhe m\u00eb tej do t\u00eb ket\u00eb nj\u00eb q\u00ebndrim t\u00eb vemendsh\u00ebm ndaj njohjes s\u00eb Kosov\u00ebs, posa\u00e7\u00ebrisht duke pasur parasysh synimet evropiane dhe evroatlantike t\u00eb Podgoric\u00ebs. Ai ka sakt\u00ebsuar se sa i p\u00ebrket deklarimit mbi Kosov\u00ebn, p\u00ebr Malin e Zi jan\u00eb thelb\u00ebsore tri dimensione: &#8220;Rrethanat n\u00eb Mal t\u00eb Zi, detyrimet e ruajtjes s\u00eb marr\u00ebdh\u00ebnieve t\u00eb mira me Beogradin dhe Prishtin\u00ebn dhe, natyrisht vler\u00ebsimi i asaj q\u00eb jan\u00eb integrime evropiane dhe evroatlantike t\u00eb Mali t\u00eb Zi&#8221;, \u00ebsht\u00eb shprehur Vujanoviq. Sipas mediave malazeze, Vujanoviq gjithashtu thot\u00eb se \u00ebsht\u00eb qeveria ajo q\u00eb merr vendimin p\u00ebr njohjen e Koso\u00ebvs, por gjithsesi p\u00ebr k\u00ebt\u00eb \u00e7\u00ebshtje do t\u00eb shprehet edhe parlamenti i Malit t\u00eb Zi.<br \/>\n<strong>Burimi \/ QIK<\/strong><\/p>\n<!-- vimeo error: not a vimeo video -->\n<p style=\"text-align: center;\"><a href=\"http:\/\/www.visit-ulcinj.com\/blog\/wp-content\/uploads\/2008\/08\/gimotaxi.jpg\"><img loading=\"lazy\" class=\"aligncenter size-medium wp-image-2781\" title=\"gimotaxi\" src=\"http:\/\/www.visit-ulcinj.com\/blog\/wp-content\/uploads\/2008\/08\/gimotaxi-300x140.jpg\" alt=\"\" width=\"300\" height=\"140\" srcset=\"https:\/\/www.visit-ulcinj.com\/blog\/wp-content\/uploads\/2008\/08\/gimotaxi-300x140.jpg 300w, https:\/\/www.visit-ulcinj.com\/blog\/wp-content\/uploads\/2008\/08\/gimotaxi.jpg 320w\" sizes=\"(max-width: 300px) 100vw, 300px\" \/><\/a><\/p>\n","protected":false},"excerpt":{"rendered":"<p><img loading=\"lazy\" class=\"alignleft\" title=\"Filip Vujanoviq\" src=\"http:\/\/www.danas.co.yu\/20071110\/img\/region1_1.jpg\" alt=\"\" width=\"140\" height=\"140\" \/><\/p>\n","protected":false},"author":1,"featured_media":0,"comment_status":"open","ping_status":"closed","sticky":false,"template":"","format":"standard","meta":{"spay_email":"","jetpack_publicize_message":"","jetpack_is_tweetstorm":false,"jetpack_publicize_feature_enabled":true},"categories":[6,14,12],"tags":[1768,4432],"jetpack_publicize_connections":[],"yoast_head":"<!-- This site is optimized with the Yoast SEO plugin v19.1 - https:\/\/yoast.com\/wordpress\/plugins\/seo\/ -->\n<title>Vujanoviq: Njohja e Kosov\u00ebs ka tri dimensione p\u00ebr Malin e Zi - Lajme nga Ulqini<\/title>\n<meta name=\"robots\" content=\"index, follow, max-snippet:-1, max-image-preview:large, max-video-preview:-1\" \/>\n<link rel=\"canonical\" href=\"https:\/\/www.visit-ulcinj.com\/blog\/2008\/08\/29\/vujanoviq-njohja-e-kosoves-ka-tri-dimensione-per-malin-e-zi\/\" \/>\n<meta property=\"og:locale\" content=\"en_US\" \/>\n<meta property=\"og:type\" content=\"article\" \/>\n<meta property=\"og:title\" content=\"Vujanoviq: Njohja e Kosov\u00ebs ka tri dimensione p\u00ebr Malin e Zi - Lajme nga Ulqini\" \/>\n<meta property=\"og:url\" content=\"https:\/\/www.visit-ulcinj.com\/blog\/2008\/08\/29\/vujanoviq-njohja-e-kosoves-ka-tri-dimensione-per-malin-e-zi\/\" \/>\n<meta property=\"og:site_name\" content=\"Lajme nga Ulqini\" \/>\n<meta property=\"article:published_time\" content=\"2008-08-29T15:53:38+00:00\" \/>\n<meta property=\"article:modified_time\" content=\"2008-08-29T18:35:50+00:00\" \/>\n<meta property=\"og:image\" content=\"http:\/\/www.danas.co.yu\/20071110\/img\/region1_1.jpg\" \/>\n<meta name=\"twitter:label1\" content=\"Written by\" \/>\n\t<meta name=\"twitter:data1\" content=\"ulqini\" \/>\n\t<meta name=\"twitter:label2\" content=\"Est. reading time\" \/>\n\t<meta name=\"twitter:data2\" content=\"1 minute\" \/>\n<script type=\"application\/ld+json\" class=\"yoast-schema-graph\">{\"@context\":\"https:\/\/schema.org\",\"@graph\":[{\"@type\":\"WebSite\",\"@id\":\"https:\/\/www.visit-ulcinj.com\/blog\/#website\",\"url\":\"https:\/\/www.visit-ulcinj.com\/blog\/\",\"name\":\"Lajme nga Ulqini\",\"description\":\"Lajme,Vijesti,Ulqini,Ulqin,Crna Gora,Mali i Zi\",\"potentialAction\":[{\"@type\":\"SearchAction\",\"target\":{\"@type\":\"EntryPoint\",\"urlTemplate\":\"https:\/\/www.visit-ulcinj.com\/blog\/?s={search_term_string}\"},\"query-input\":\"required name=search_term_string\"}],\"inLanguage\":\"en-US\"},{\"@type\":\"ImageObject\",\"inLanguage\":\"en-US\",\"@id\":\"https:\/\/www.visit-ulcinj.com\/blog\/2008\/08\/29\/vujanoviq-njohja-e-kosoves-ka-tri-dimensione-per-malin-e-zi\/#primaryimage\",\"url\":\"http:\/\/www.danas.co.yu\/20071110\/img\/region1_1.jpg\",\"contentUrl\":\"http:\/\/www.danas.co.yu\/20071110\/img\/region1_1.jpg\"},{\"@type\":\"WebPage\",\"@id\":\"https:\/\/www.visit-ulcinj.com\/blog\/2008\/08\/29\/vujanoviq-njohja-e-kosoves-ka-tri-dimensione-per-malin-e-zi\/#webpage\",\"url\":\"https:\/\/www.visit-ulcinj.com\/blog\/2008\/08\/29\/vujanoviq-njohja-e-kosoves-ka-tri-dimensione-per-malin-e-zi\/\",\"name\":\"Vujanoviq: Njohja e Kosov\u00ebs ka tri dimensione p\u00ebr Malin e Zi - Lajme nga Ulqini\",\"isPartOf\":{\"@id\":\"https:\/\/www.visit-ulcinj.com\/blog\/#website\"},\"primaryImageOfPage\":{\"@id\":\"https:\/\/www.visit-ulcinj.com\/blog\/2008\/08\/29\/vujanoviq-njohja-e-kosoves-ka-tri-dimensione-per-malin-e-zi\/#primaryimage\"},\"datePublished\":\"2008-08-29T15:53:38+00:00\",\"dateModified\":\"2008-08-29T18:35:50+00:00\",\"author\":{\"@id\":\"https:\/\/www.visit-ulcinj.com\/blog\/#\/schema\/person\/dcab619c614d3038751c63bc2aadc06d\"},\"breadcrumb\":{\"@id\":\"https:\/\/www.visit-ulcinj.com\/blog\/2008\/08\/29\/vujanoviq-njohja-e-kosoves-ka-tri-dimensione-per-malin-e-zi\/#breadcrumb\"},\"inLanguage\":\"en-US\",\"potentialAction\":[{\"@type\":\"ReadAction\",\"target\":[\"https:\/\/www.visit-ulcinj.com\/blog\/2008\/08\/29\/vujanoviq-njohja-e-kosoves-ka-tri-dimensione-per-malin-e-zi\/\"]}]},{\"@type\":\"BreadcrumbList\",\"@id\":\"https:\/\/www.visit-ulcinj.com\/blog\/2008\/08\/29\/vujanoviq-njohja-e-kosoves-ka-tri-dimensione-per-malin-e-zi\/#breadcrumb\",\"itemListElement\":[{\"@type\":\"ListItem\",\"position\":1,\"name\":\"Vujanoviq: Njohja e Kosov\u00ebs ka tri dimensione p\u00ebr Malin e Zi\"}]},{\"@type\":\"Person\",\"@id\":\"https:\/\/www.visit-ulcinj.com\/blog\/#\/schema\/person\/dcab619c614d3038751c63bc2aadc06d\",\"name\":\"ulqini\",\"sameAs\":[\"http:\/\/www.visit-ulcinj.com\"],\"url\":\"https:\/\/www.visit-ulcinj.com\/blog\/author\/admin\/\"}]}<\/script>\n<!-- \/ Yoast SEO plugin. -->","yoast_head_json":{"title":"Vujanoviq: Njohja e Kosov\u00ebs ka tri dimensione p\u00ebr Malin e Zi - Lajme nga Ulqini","robots":{"index":"index","follow":"follow","max-snippet":"max-snippet:-1","max-image-preview":"max-image-preview:large","max-video-preview":"max-video-preview:-1"},"canonical":"https:\/\/www.visit-ulcinj.com\/blog\/2008\/08\/29\/vujanoviq-njohja-e-kosoves-ka-tri-dimensione-per-malin-e-zi\/","og_locale":"en_US","og_type":"article","og_title":"Vujanoviq: Njohja e Kosov\u00ebs ka tri dimensione p\u00ebr Malin e Zi - Lajme nga Ulqini","og_url":"https:\/\/www.visit-ulcinj.com\/blog\/2008\/08\/29\/vujanoviq-njohja-e-kosoves-ka-tri-dimensione-per-malin-e-zi\/","og_site_name":"Lajme nga Ulqini","article_published_time":"2008-08-29T15:53:38+00:00","article_modified_time":"2008-08-29T18:35:50+00:00","og_image":[{"url":"http:\/\/www.danas.co.yu\/20071110\/img\/region1_1.jpg"}],"twitter_misc":{"Written by":"ulqini","Est. reading time":"1 minute"},"schema":{"@context":"https:\/\/schema.org","@graph":[{"@type":"WebSite","@id":"https:\/\/www.visit-ulcinj.com\/blog\/#website","url":"https:\/\/www.visit-ulcinj.com\/blog\/","name":"Lajme nga Ulqini","description":"Lajme,Vijesti,Ulqini,Ulqin,Crna Gora,Mali i Zi","potentialAction":[{"@type":"SearchAction","target":{"@type":"EntryPoint","urlTemplate":"https:\/\/www.visit-ulcinj.com\/blog\/?s={search_term_string}"},"query-input":"required name=search_term_string"}],"inLanguage":"en-US"},{"@type":"ImageObject","inLanguage":"en-US","@id":"https:\/\/www.visit-ulcinj.com\/blog\/2008\/08\/29\/vujanoviq-njohja-e-kosoves-ka-tri-dimensione-per-malin-e-zi\/#primaryimage","url":"http:\/\/www.danas.co.yu\/20071110\/img\/region1_1.jpg","contentUrl":"http:\/\/www.danas.co.yu\/20071110\/img\/region1_1.jpg"},{"@type":"WebPage","@id":"https:\/\/www.visit-ulcinj.com\/blog\/2008\/08\/29\/vujanoviq-njohja-e-kosoves-ka-tri-dimensione-per-malin-e-zi\/#webpage","url":"https:\/\/www.visit-ulcinj.com\/blog\/2008\/08\/29\/vujanoviq-njohja-e-kosoves-ka-tri-dimensione-per-malin-e-zi\/","name":"Vujanoviq: Njohja e Kosov\u00ebs ka tri dimensione p\u00ebr Malin e Zi - Lajme nga Ulqini","isPartOf":{"@id":"https:\/\/www.visit-ulcinj.com\/blog\/#website"},"primaryImageOfPage":{"@id":"https:\/\/www.visit-ulcinj.com\/blog\/2008\/08\/29\/vujanoviq-njohja-e-kosoves-ka-tri-dimensione-per-malin-e-zi\/#primaryimage"},"datePublished":"2008-08-29T15:53:38+00:00","dateModified":"2008-08-29T18:35:50+00:00","author":{"@id":"https:\/\/www.visit-ulcinj.com\/blog\/#\/schema\/person\/dcab619c614d3038751c63bc2aadc06d"},"breadcrumb":{"@id":"https:\/\/www.visit-ulcinj.com\/blog\/2008\/08\/29\/vujanoviq-njohja-e-kosoves-ka-tri-dimensione-per-malin-e-zi\/#breadcrumb"},"inLanguage":"en-US","potentialAction":[{"@type":"ReadAction","target":["https:\/\/www.visit-ulcinj.com\/blog\/2008\/08\/29\/vujanoviq-njohja-e-kosoves-ka-tri-dimensione-per-malin-e-zi\/"]}]},{"@type":"BreadcrumbList","@id":"https:\/\/www.visit-ulcinj.com\/blog\/2008\/08\/29\/vujanoviq-njohja-e-kosoves-ka-tri-dimensione-per-malin-e-zi\/#breadcrumb","itemListElement":[{"@type":"ListItem","position":1,"name":"Vujanoviq: Njohja e Kosov\u00ebs ka tri dimensione p\u00ebr Malin e Zi"}]},{"@type":"Person","@id":"https:\/\/www.visit-ulcinj.com\/blog\/#\/schema\/person\/dcab619c614d3038751c63bc2aadc06d","name":"ulqini","sameAs":["http:\/\/www.visit-ulcinj.com"],"url":"https:\/\/www.visit-ulcinj.com\/blog\/author\/admin\/"}]}},"jetpack_featured_media_url":"","jetpack_sharing_enabled":true,"jetpack_shortlink":"https:\/\/wp.me\/pe6lTn-IE","_links":{"self":[{"href":"https:\/\/www.visit-ulcinj.com\/blog\/wp-json\/wp\/v2\/posts\/2768"}],"collection":[{"href":"https:\/\/www.visit-ulcinj.com\/blog\/wp-json\/wp\/v2\/posts"}],"about":[{"href":"https:\/\/www.visit-ulcinj.com\/blog\/wp-json\/wp\/v2\/types\/post"}],"author":[{"embeddable":true,"href":"https:\/\/www.visit-ulcinj.com\/blog\/wp-json\/wp\/v2\/users\/1"}],"replies":[{"embeddable":true,"href":"https:\/\/www.visit-ulcinj.com\/blog\/wp-json\/wp\/v2\/comments?post=2768"}],"version-history":[{"count":0,"href":"https:\/\/www.visit-ulcinj.com\/blog\/wp-json\/wp\/v2\/posts\/2768\/revisions"}],"wp:attachment":[{"href":"https:\/\/www.visit-ulcinj.com\/blog\/wp-json\/wp\/v2\/media?parent=2768"}],"wp:term":[{"taxonomy":"category","embeddable":true,"href":"https:\/\/www.visit-ulcinj.com\/blog\/wp-json\/wp\/v2\/categories?post=2768"},{"taxonomy":"post_tag","embeddable":true,"href":"https:\/\/www.visit-ulcinj.com\/blog\/wp-json\/wp\/v2\/tags?post=2768"}],"curies":[{"name":"wp","href":"https:\/\/api.w.org\/{rel}","templated":true}]}}