{"id":27681,"date":"2009-11-30T19:28:59","date_gmt":"2009-11-30T17:28:59","guid":{"rendered":"http:\/\/www.visit-ulcinj.com\/blog\/?p=27681"},"modified":"2009-12-06T23:06:37","modified_gmt":"2009-12-06T21:06:37","slug":"dinosha-ndryshimet-per-permiresimin-e-punes-se-keshillave","status":"publish","type":"post","link":"https:\/\/www.visit-ulcinj.com\/blog\/2009\/11\/30\/dinosha-ndryshimet-per-permiresimin-e-punes-se-keshillave\/","title":{"rendered":"Dinosha: Ndryshimet p\u00ebr p\u00ebrmir\u00ebsimin e pun\u00ebs s\u00eb k\u00ebshillave &#8211; Video"},"content":{"rendered":"<p><a href=\"http:\/\/www.visit-ulcinj.com\/blog\/wp-content\/uploads\/2009\/11\/Ferhat-Dinosha.jpg\"><img loading=\"lazy\" class=\"alignleft size-full wp-image-27680\" title=\"Ferhat Dinosha\" src=\"http:\/\/www.visit-ulcinj.com\/blog\/wp-content\/uploads\/2009\/11\/Ferhat-Dinosha.jpg\" alt=\"Ferhat Dinosha\" width=\"580\" height=\"340\" srcset=\"https:\/\/www.visit-ulcinj.com\/blog\/wp-content\/uploads\/2009\/11\/Ferhat-Dinosha.jpg 580w, https:\/\/www.visit-ulcinj.com\/blog\/wp-content\/uploads\/2009\/11\/Ferhat-Dinosha-300x175.jpg 300w\" sizes=\"(max-width: 580px) 100vw, 580px\" \/><\/a>Podgoric\u00eb \u2013 Ndryshimet e Ligjit mbi t\u00eb drejtat dhe lirit\u00eb e pakicave jan\u00eb t\u00eb orientuara para s\u00eb gjithash n\u00eb p\u00ebrmir\u00ebsimin e pun\u00ebs s\u00eb k\u00ebshillave nacionale, ka th\u00ebn\u00eb ministri p\u00ebr t\u00eb Drejtat e Njeriut dhe Pakicave, Ferhat Dinosha.<br \/>\nAi ka then\u00eb se nuk b\u00ebhet fjal\u00eb p\u00ebr q\u00ebllimin e Ministris\u00eb q\u00eb t\u00eb p\u00ebrzihet n\u00eb pun\u00ebn e k\u00ebshillave nacionale, por q\u00eb ajo \u00ebsht\u00eb \u201ce obliguar t\u00eb siguroj\u00eb logjistik\u00ebn m\u00eb t\u00eb mir\u00eb p\u00ebr pun\u00eb t\u00eb suksesshme t\u00eb k\u00ebtyre trupave\u201d.<br \/>\n\u201cSi minist\u00ebr kam pasur intenc\u00ebn dhe kam p\u00ebrfunduar di\u00e7ka q\u00eb, sipas meje, p\u00ebrmir\u00ebson disa dob\u00ebsi t\u00eb cilat jan\u00eb shfaqur n\u00eb praktik\u00eb kur b\u00ebhet fjal\u00eb p\u00ebr Ligjin mbi t\u00eb drejtat dhe lirit\u00eb e pakicave\u201d, ka sqaruar ai.<br \/>\nDinosha ka precizuar se me ligjin e ri \u00ebsht\u00eb parashikuar q\u00eb bart\u00ebsit e funksioneve politike n\u00eb p\u00ebrb\u00ebrjen e k\u00ebshillave t\u00eb hyjn\u00eb sipas parimit t\u00eb automatizmit, gj\u00eb q\u00eb n\u00ebnkupton se Kuvendi i elektor\u00ebve duhet t\u00eb shfryt\u00ebzohet p\u00ebr zgjedhjen e an\u00ebtar\u00ebve t\u00eb rinj t\u00eb cil\u00ebt do t\u00eb p\u00ebrfaq\u00ebsonin sektorin civil apo intelektual\u00ebt e njohur, t\u00eb cil\u00ebt jan\u00eb t\u00eb dobish\u00ebm p\u00ebr pun\u00ebn e k\u00ebtij trupi.<br \/>\n\u201cKjo nuk ka qen\u00eb mjaft e qart\u00eb n\u00eb rastin e zgjedhjeve t\u00eb para, dhe tani kam dashur q\u00eb kjo t\u00eb sqarohet p\u00ebrmes ligjit dhe kam th\u00ebn\u00eb se n\u00eb Kuvendin e elektor\u00ebve mund t\u00eb marrin pjes\u00eb vet\u00ebm p\u00ebrfaq\u00ebsuesit e sektorit civil\u201d, ka th\u00ebn\u00eb ai.<br \/>\nDinosha ka th\u00ebn\u00eb se ka pasur raste q\u00eb edhe n\u00eb kuvendin e elektor\u00ebve t\u00eb marrin pjes\u00eb p\u00ebrfaq\u00ebsues t\u00eb partive politike dhe faktikisht t\u00eb z\u00ebn\u00eb hap\u00ebsir\u00ebn e sektorit civil.<br \/>\n\u201cP\u00ebr k\u00ebt\u00eb arsye, ta z\u00ebm\u00eb, K\u00ebshilli Nacional Shqiptar nuk ka sot apo ka shum\u00eb pak p\u00ebrfaq\u00ebsues t\u00eb organizatave joqeveritare dhe intelektual\u00eb t\u00eb njohur\u201d, ka th\u00ebn\u00eb ai.<br \/>\n\u201cKjo p\u00ebrb\u00ebn ndryshimin e par\u00eb q\u00eb \u00ebsht\u00eb propozuar dhe q\u00eb, shpresoj, do t\u00eb marr\u00eb mb\u00ebshtetjen, nd\u00ebrsa ndryshimi i dyt\u00eb ka t\u00eb b\u00ebj\u00eb me mjetet financiare t\u00eb cilat i disponojn\u00eb k\u00ebshillat nacionale dhe t\u00eb cilat i jep shteti\u201d, ka th\u00ebn\u00eb Dinosha.<br \/>\nSipas tij, shteti \u201cjep megjithat\u00eb nj\u00eb shum\u00eb parash e cila, n\u00eb k\u00ebt\u00eb faz\u00eb, nuk \u00ebsht\u00eb aq e madhe, por e cila, mund t\u00eb jet\u00eb nes\u00ebr m\u00eb e madhe dhe \u00ebsht\u00eb mir\u00eb q\u00eb t\u00eb dihet se si shpenzohen ato\u201d.<br \/>\nKryetar\u00ebt e k\u00ebshillave nacionale t\u00eb pakicave kan\u00eb k\u00ebrkuar nga institucionet kompetente q\u00eb t\u00eb ndalojn\u00eb procedur\u00ebn e miratimit t\u00eb ndryshimeve n\u00eb fjal\u00eb, duke theksuar se propozimi i Ministris\u00eb p\u00ebr t\u00eb Drejtat e Njeriut dhe Pakicave \u00ebsht\u00eb \u201cjoligjor, n\u00eb konflikt me Ligjin ekzistues dhe normat nd\u00ebrkomb\u00ebtare, si dhe kund\u00ebr interesave t\u00eb popujve pakic\u00eb dhe bashk\u00ebsive t\u00eb tjera nacionale n\u00eb Mal t\u00eb Zi\u201d.<br \/>\nPas takimit t\u00eb zhvilluar t\u00eb enjten n\u00eb Podgoric\u00eb, kryetar\u00ebt e KNSH-s\u00eb Tahir Tahiri, K\u00ebshillit Nacional Boshnjak, Sherbo Rastoder, K\u00ebshillit Nacional Musliman Sabrija Vuliq, atij Rom Isen Gashi dhe K\u00ebshillit Nacional Serb Mom\u00e7illo Vuksanoviq i jan\u00eb drejtuar me k\u00ebt\u00eb k\u00ebrkes\u00eb institucioneve kompetente dhe kan\u00eb th\u00ebn\u00eb se jan\u00eb t\u00eb befasuar p\u00ebr t\u00eb keq me iniciativ\u00ebn e ministrit Dinosha p\u00ebr miratimin e k\u00ebtyre ndryshimeve.<br \/>\nN\u00eb kumtes\u00ebn p\u00ebr opinion t\u00eb l\u00ebshuar pas k\u00ebtij takimi thuhet se kryetar\u00ebt e k\u00ebshillave nacionale i shohin k\u00ebto aktivitete t\u00eb ministrit Dinosha \u201csi kontinuitet i refuzimit t\u00eb tij q\u00eb k\u00ebshillat nacionale, n\u00eb pajtim me Ligjin ekzistues, t\u2019i pranoj\u00eb si p\u00ebrfaq\u00ebsuesit m\u00eb t\u00eb lart\u00eb dhe t\u00eb vet\u00ebm t\u00eb popujve pakic\u00eb dhe bashk\u00ebsive nacionale dhe refuzimit k\u00ebmb\u00ebngul\u00ebs q\u00eb, n\u00eb pajtim me Ligjin, t\u00eb kryej\u00eb konsultimet e domosdoshme me ta\u201d.<br \/>\n\u201cE gjith\u00eb kjo na \u00e7on n\u00eb p\u00ebrfundimin se q\u00ebllimi i ministrit aktual nuk \u00ebsht\u00eb p\u00ebrmir\u00ebsimi i statusit t\u00eb popujve pakic\u00eb, por p\u00ebrpjekje q\u00eb k\u00ebshillat nacionale t\u00eb vihen n\u00ebn kontrollin e partis\u00eb s\u00eb tij dhe shtetit\u201d, thuhet n\u00eb deklarat\u00ebn p\u00ebr shtyp.<br \/>\nN\u00eb k\u00ebt\u00eb debat jan\u00eb p\u00ebrfshir\u00eb edhe p\u00ebrfaq\u00ebsuesit e institucioneve m\u00eb t\u00eb larta shtet\u00ebrore t\u00eb Malit t\u00eb Zi.<br \/>\nPresidenti i Malit t\u00eb Zi, Filip Vujanoviq, ka th\u00ebn\u00eb se Mali i Zi, kur b\u00ebhet fjal\u00eb p\u00ebr t\u00eb drejtat e pakicave, edhe n\u00eb legjislacionin e ardhsh\u00ebm do t\u00eb respektoj\u00eb standardet m\u00eb t\u00eb larta t\u00eb bashk\u00ebsis\u00eb nd\u00ebrkomb\u00ebtare.<br \/>\n\u201cJam i bindur se edhe m\u00eb tej do t\u00eb vazhdojm\u00eb t\u00eb jemi shembull i nj\u00eb normative t\u00eb till\u00eb dhe i zbatimit t\u00eb ligjeve t\u00eb tilla, dhe se Mali i Zi do t\u00eb mund t\u00eb lavd\u00ebrohet v\u00ebrtet, dhe mendoj se kjo do t\u00eb jet\u00eb vler\u00eb e shtetit ton\u00eb\u201d, ka th\u00ebn\u00eb ai.<\/p>\n<p><strong>Kohapress<br \/>\n<\/strong><!--YouTube Error: bad URL entered--><strong><\/strong><\/p>\n","protected":false},"excerpt":{"rendered":"<p>Podgoric\u00eb \u2013 Ndryshimet e Ligjit mbi t\u00eb drejtat dhe lirit\u00eb e pakicave jan\u00eb t\u00eb orientuara para s\u00eb gjithash n\u00eb p\u00ebrmir\u00ebsimin e pun\u00ebs s\u00eb k\u00ebshillave nacionale, ka th\u00ebn\u00eb ministri p\u00ebr t\u00eb Drejtat e Njeriut dhe Pakicave, Ferhat Dinosha. Ai ka then\u00eb se nuk b\u00ebhet fjal\u00eb p\u00ebr q\u00ebllimin e Ministris\u00eb q\u00eb t\u00eb p\u00ebrzihet n\u00eb pun\u00ebn e k\u00ebshillave [&hellip;]<\/p>\n","protected":false},"author":1,"featured_media":0,"comment_status":"open","ping_status":"closed","sticky":false,"template":"","format":"standard","meta":{"spay_email":"","jetpack_publicize_message":"","jetpack_is_tweetstorm":false,"jetpack_publicize_feature_enabled":true},"categories":[6],"tags":[97,12641],"jetpack_publicize_connections":[],"yoast_head":"<!-- This site is optimized with the Yoast SEO plugin v19.1 - https:\/\/yoast.com\/wordpress\/plugins\/seo\/ -->\n<title>Dinosha: Ndryshimet p\u00ebr p\u00ebrmir\u00ebsimin e pun\u00ebs s\u00eb k\u00ebshillave - Video - Lajme nga Ulqini<\/title>\n<meta name=\"description\" content=\"Podgoric\u00eb \u2013 Ndryshimet e Ligjit mbi t\u00eb drejtat dhe lirit\u00eb e pakicave jan\u00eb t\u00eb orientuara para s\u00eb gjithash n\u00eb p\u00ebrmir\u00ebsimin e pun\u00ebs s\u00eb k\u00ebshillave nacionale,\" \/>\n<meta name=\"robots\" content=\"index, follow, max-snippet:-1, max-image-preview:large, max-video-preview:-1\" \/>\n<link rel=\"canonical\" href=\"https:\/\/www.visit-ulcinj.com\/blog\/2009\/11\/30\/dinosha-ndryshimet-per-permiresimin-e-punes-se-keshillave\/\" \/>\n<meta property=\"og:locale\" content=\"en_US\" \/>\n<meta property=\"og:type\" content=\"article\" \/>\n<meta property=\"og:title\" content=\"Dinosha: Ndryshimet p\u00ebr p\u00ebrmir\u00ebsimin e pun\u00ebs s\u00eb k\u00ebshillave - Video - Lajme nga Ulqini\" \/>\n<meta property=\"og:description\" content=\"Podgoric\u00eb \u2013 Ndryshimet e Ligjit mbi t\u00eb drejtat dhe lirit\u00eb e pakicave jan\u00eb t\u00eb orientuara para s\u00eb gjithash n\u00eb p\u00ebrmir\u00ebsimin e pun\u00ebs s\u00eb k\u00ebshillave nacionale,\" \/>\n<meta property=\"og:url\" content=\"https:\/\/www.visit-ulcinj.com\/blog\/2009\/11\/30\/dinosha-ndryshimet-per-permiresimin-e-punes-se-keshillave\/\" \/>\n<meta property=\"og:site_name\" content=\"Lajme nga Ulqini\" \/>\n<meta property=\"article:published_time\" content=\"2009-11-30T17:28:59+00:00\" \/>\n<meta property=\"article:modified_time\" content=\"2009-12-06T21:06:37+00:00\" \/>\n<meta property=\"og:image\" content=\"http:\/\/www.visit-ulcinj.com\/blog\/wp-content\/uploads\/2009\/11\/Ferhat-Dinosha.jpg\" \/>\n<meta name=\"twitter:label1\" content=\"Written by\" \/>\n\t<meta name=\"twitter:data1\" content=\"ulqini\" \/>\n\t<meta name=\"twitter:label2\" content=\"Est. reading time\" \/>\n\t<meta name=\"twitter:data2\" content=\"4 minutes\" \/>\n<script type=\"application\/ld+json\" class=\"yoast-schema-graph\">{\"@context\":\"https:\/\/schema.org\",\"@graph\":[{\"@type\":\"WebSite\",\"@id\":\"https:\/\/www.visit-ulcinj.com\/blog\/#website\",\"url\":\"https:\/\/www.visit-ulcinj.com\/blog\/\",\"name\":\"Lajme nga Ulqini\",\"description\":\"Lajme,Vijesti,Ulqini,Ulqin,Crna Gora,Mali i Zi\",\"potentialAction\":[{\"@type\":\"SearchAction\",\"target\":{\"@type\":\"EntryPoint\",\"urlTemplate\":\"https:\/\/www.visit-ulcinj.com\/blog\/?s={search_term_string}\"},\"query-input\":\"required name=search_term_string\"}],\"inLanguage\":\"en-US\"},{\"@type\":\"ImageObject\",\"inLanguage\":\"en-US\",\"@id\":\"https:\/\/www.visit-ulcinj.com\/blog\/2009\/11\/30\/dinosha-ndryshimet-per-permiresimin-e-punes-se-keshillave\/#primaryimage\",\"url\":\"https:\/\/www.visit-ulcinj.com\/blog\/wp-content\/uploads\/2009\/11\/Ferhat-Dinosha.jpg\",\"contentUrl\":\"https:\/\/www.visit-ulcinj.com\/blog\/wp-content\/uploads\/2009\/11\/Ferhat-Dinosha.jpg\",\"width\":\"580\",\"height\":\"340\"},{\"@type\":\"WebPage\",\"@id\":\"https:\/\/www.visit-ulcinj.com\/blog\/2009\/11\/30\/dinosha-ndryshimet-per-permiresimin-e-punes-se-keshillave\/#webpage\",\"url\":\"https:\/\/www.visit-ulcinj.com\/blog\/2009\/11\/30\/dinosha-ndryshimet-per-permiresimin-e-punes-se-keshillave\/\",\"name\":\"Dinosha: Ndryshimet p\u00ebr p\u00ebrmir\u00ebsimin e pun\u00ebs s\u00eb k\u00ebshillave - Video - Lajme nga Ulqini\",\"isPartOf\":{\"@id\":\"https:\/\/www.visit-ulcinj.com\/blog\/#website\"},\"primaryImageOfPage\":{\"@id\":\"https:\/\/www.visit-ulcinj.com\/blog\/2009\/11\/30\/dinosha-ndryshimet-per-permiresimin-e-punes-se-keshillave\/#primaryimage\"},\"datePublished\":\"2009-11-30T17:28:59+00:00\",\"dateModified\":\"2009-12-06T21:06:37+00:00\",\"author\":{\"@id\":\"https:\/\/www.visit-ulcinj.com\/blog\/#\/schema\/person\/dcab619c614d3038751c63bc2aadc06d\"},\"description\":\"Podgoric\u00eb \u2013 Ndryshimet e Ligjit mbi t\u00eb drejtat dhe lirit\u00eb e pakicave jan\u00eb t\u00eb orientuara para s\u00eb gjithash n\u00eb p\u00ebrmir\u00ebsimin e pun\u00ebs s\u00eb k\u00ebshillave nacionale,\",\"breadcrumb\":{\"@id\":\"https:\/\/www.visit-ulcinj.com\/blog\/2009\/11\/30\/dinosha-ndryshimet-per-permiresimin-e-punes-se-keshillave\/#breadcrumb\"},\"inLanguage\":\"en-US\",\"potentialAction\":[{\"@type\":\"ReadAction\",\"target\":[\"https:\/\/www.visit-ulcinj.com\/blog\/2009\/11\/30\/dinosha-ndryshimet-per-permiresimin-e-punes-se-keshillave\/\"]}]},{\"@type\":\"BreadcrumbList\",\"@id\":\"https:\/\/www.visit-ulcinj.com\/blog\/2009\/11\/30\/dinosha-ndryshimet-per-permiresimin-e-punes-se-keshillave\/#breadcrumb\",\"itemListElement\":[{\"@type\":\"ListItem\",\"position\":1,\"name\":\"Dinosha: Ndryshimet p\u00ebr p\u00ebrmir\u00ebsimin e pun\u00ebs s\u00eb k\u00ebshillave &#8211; Video\"}]},{\"@type\":\"Person\",\"@id\":\"https:\/\/www.visit-ulcinj.com\/blog\/#\/schema\/person\/dcab619c614d3038751c63bc2aadc06d\",\"name\":\"ulqini\",\"sameAs\":[\"http:\/\/www.visit-ulcinj.com\"],\"url\":\"https:\/\/www.visit-ulcinj.com\/blog\/author\/admin\/\"}]}<\/script>\n<!-- \/ Yoast SEO plugin. -->","yoast_head_json":{"title":"Dinosha: Ndryshimet p\u00ebr p\u00ebrmir\u00ebsimin e pun\u00ebs s\u00eb k\u00ebshillave - Video - Lajme nga Ulqini","description":"Podgoric\u00eb \u2013 Ndryshimet e Ligjit mbi t\u00eb drejtat dhe lirit\u00eb e pakicave jan\u00eb t\u00eb orientuara para s\u00eb gjithash n\u00eb p\u00ebrmir\u00ebsimin e pun\u00ebs s\u00eb k\u00ebshillave nacionale,","robots":{"index":"index","follow":"follow","max-snippet":"max-snippet:-1","max-image-preview":"max-image-preview:large","max-video-preview":"max-video-preview:-1"},"canonical":"https:\/\/www.visit-ulcinj.com\/blog\/2009\/11\/30\/dinosha-ndryshimet-per-permiresimin-e-punes-se-keshillave\/","og_locale":"en_US","og_type":"article","og_title":"Dinosha: Ndryshimet p\u00ebr p\u00ebrmir\u00ebsimin e pun\u00ebs s\u00eb k\u00ebshillave - Video - Lajme nga Ulqini","og_description":"Podgoric\u00eb \u2013 Ndryshimet e Ligjit mbi t\u00eb drejtat dhe lirit\u00eb e pakicave jan\u00eb t\u00eb orientuara para s\u00eb gjithash n\u00eb p\u00ebrmir\u00ebsimin e pun\u00ebs s\u00eb k\u00ebshillave nacionale,","og_url":"https:\/\/www.visit-ulcinj.com\/blog\/2009\/11\/30\/dinosha-ndryshimet-per-permiresimin-e-punes-se-keshillave\/","og_site_name":"Lajme nga Ulqini","article_published_time":"2009-11-30T17:28:59+00:00","article_modified_time":"2009-12-06T21:06:37+00:00","og_image":[{"url":"http:\/\/www.visit-ulcinj.com\/blog\/wp-content\/uploads\/2009\/11\/Ferhat-Dinosha.jpg"}],"twitter_misc":{"Written by":"ulqini","Est. reading time":"4 minutes"},"schema":{"@context":"https:\/\/schema.org","@graph":[{"@type":"WebSite","@id":"https:\/\/www.visit-ulcinj.com\/blog\/#website","url":"https:\/\/www.visit-ulcinj.com\/blog\/","name":"Lajme nga Ulqini","description":"Lajme,Vijesti,Ulqini,Ulqin,Crna Gora,Mali i Zi","potentialAction":[{"@type":"SearchAction","target":{"@type":"EntryPoint","urlTemplate":"https:\/\/www.visit-ulcinj.com\/blog\/?s={search_term_string}"},"query-input":"required name=search_term_string"}],"inLanguage":"en-US"},{"@type":"ImageObject","inLanguage":"en-US","@id":"https:\/\/www.visit-ulcinj.com\/blog\/2009\/11\/30\/dinosha-ndryshimet-per-permiresimin-e-punes-se-keshillave\/#primaryimage","url":"https:\/\/www.visit-ulcinj.com\/blog\/wp-content\/uploads\/2009\/11\/Ferhat-Dinosha.jpg","contentUrl":"https:\/\/www.visit-ulcinj.com\/blog\/wp-content\/uploads\/2009\/11\/Ferhat-Dinosha.jpg","width":"580","height":"340"},{"@type":"WebPage","@id":"https:\/\/www.visit-ulcinj.com\/blog\/2009\/11\/30\/dinosha-ndryshimet-per-permiresimin-e-punes-se-keshillave\/#webpage","url":"https:\/\/www.visit-ulcinj.com\/blog\/2009\/11\/30\/dinosha-ndryshimet-per-permiresimin-e-punes-se-keshillave\/","name":"Dinosha: Ndryshimet p\u00ebr p\u00ebrmir\u00ebsimin e pun\u00ebs s\u00eb k\u00ebshillave - Video - Lajme nga Ulqini","isPartOf":{"@id":"https:\/\/www.visit-ulcinj.com\/blog\/#website"},"primaryImageOfPage":{"@id":"https:\/\/www.visit-ulcinj.com\/blog\/2009\/11\/30\/dinosha-ndryshimet-per-permiresimin-e-punes-se-keshillave\/#primaryimage"},"datePublished":"2009-11-30T17:28:59+00:00","dateModified":"2009-12-06T21:06:37+00:00","author":{"@id":"https:\/\/www.visit-ulcinj.com\/blog\/#\/schema\/person\/dcab619c614d3038751c63bc2aadc06d"},"description":"Podgoric\u00eb \u2013 Ndryshimet e Ligjit mbi t\u00eb drejtat dhe lirit\u00eb e pakicave jan\u00eb t\u00eb orientuara para s\u00eb gjithash n\u00eb p\u00ebrmir\u00ebsimin e pun\u00ebs s\u00eb k\u00ebshillave nacionale,","breadcrumb":{"@id":"https:\/\/www.visit-ulcinj.com\/blog\/2009\/11\/30\/dinosha-ndryshimet-per-permiresimin-e-punes-se-keshillave\/#breadcrumb"},"inLanguage":"en-US","potentialAction":[{"@type":"ReadAction","target":["https:\/\/www.visit-ulcinj.com\/blog\/2009\/11\/30\/dinosha-ndryshimet-per-permiresimin-e-punes-se-keshillave\/"]}]},{"@type":"BreadcrumbList","@id":"https:\/\/www.visit-ulcinj.com\/blog\/2009\/11\/30\/dinosha-ndryshimet-per-permiresimin-e-punes-se-keshillave\/#breadcrumb","itemListElement":[{"@type":"ListItem","position":1,"name":"Dinosha: Ndryshimet p\u00ebr p\u00ebrmir\u00ebsimin e pun\u00ebs s\u00eb k\u00ebshillave &#8211; Video"}]},{"@type":"Person","@id":"https:\/\/www.visit-ulcinj.com\/blog\/#\/schema\/person\/dcab619c614d3038751c63bc2aadc06d","name":"ulqini","sameAs":["http:\/\/www.visit-ulcinj.com"],"url":"https:\/\/www.visit-ulcinj.com\/blog\/author\/admin\/"}]}},"jetpack_featured_media_url":"","jetpack_sharing_enabled":true,"jetpack_shortlink":"https:\/\/wp.me\/pe6lTn-7ct","_links":{"self":[{"href":"https:\/\/www.visit-ulcinj.com\/blog\/wp-json\/wp\/v2\/posts\/27681"}],"collection":[{"href":"https:\/\/www.visit-ulcinj.com\/blog\/wp-json\/wp\/v2\/posts"}],"about":[{"href":"https:\/\/www.visit-ulcinj.com\/blog\/wp-json\/wp\/v2\/types\/post"}],"author":[{"embeddable":true,"href":"https:\/\/www.visit-ulcinj.com\/blog\/wp-json\/wp\/v2\/users\/1"}],"replies":[{"embeddable":true,"href":"https:\/\/www.visit-ulcinj.com\/blog\/wp-json\/wp\/v2\/comments?post=27681"}],"version-history":[{"count":0,"href":"https:\/\/www.visit-ulcinj.com\/blog\/wp-json\/wp\/v2\/posts\/27681\/revisions"}],"wp:attachment":[{"href":"https:\/\/www.visit-ulcinj.com\/blog\/wp-json\/wp\/v2\/media?parent=27681"}],"wp:term":[{"taxonomy":"category","embeddable":true,"href":"https:\/\/www.visit-ulcinj.com\/blog\/wp-json\/wp\/v2\/categories?post=27681"},{"taxonomy":"post_tag","embeddable":true,"href":"https:\/\/www.visit-ulcinj.com\/blog\/wp-json\/wp\/v2\/tags?post=27681"}],"curies":[{"name":"wp","href":"https:\/\/api.w.org\/{rel}","templated":true}]}}