{"id":27684,"date":"2009-11-30T19:47:15","date_gmt":"2009-11-30T17:47:15","guid":{"rendered":"http:\/\/www.visit-ulcinj.com\/blog\/?p=27684"},"modified":"2009-11-30T19:51:43","modified_gmt":"2009-11-30T17:51:43","slug":"tonin-beciambasadori-i-i-shqiperise-ne-mal-te-zi-mbajti-ne-ulqin-ligjeraten-me-teme","status":"publish","type":"post","link":"https:\/\/www.visit-ulcinj.com\/blog\/2009\/11\/30\/tonin-beciambasadori-i-i-shqiperise-ne-mal-te-zi-mbajti-ne-ulqin-ligjeraten-me-teme\/","title":{"rendered":"Tonin Beci,Ambasadori i i Shqip\u00ebris\u00eb n\u00eb Mal t\u00eb Zi, mbajti n\u00eb Ulqin ligj\u00ebrat\u00ebn me tem\u00eb"},"content":{"rendered":"<p><strong><a href=\"http:\/\/www.visit-ulcinj.com\/blog\/wp-content\/uploads\/2009\/11\/Tonin-BeciAmbasadori-i-i-Shqiperis-ne-Mal-te-Zi-mbajti-ne-Ulqin-ligjerat-mbi-Nato.1.jpg\"><img loading=\"lazy\" class=\"alignleft size-full wp-image-27685\" title=\"Tonin Beci,Ambasadori i i Shqiperis ne Mal te Zi, mbajti ne Ulqin ligjerat mbi Nato.1\" src=\"http:\/\/www.visit-ulcinj.com\/blog\/wp-content\/uploads\/2009\/11\/Tonin-BeciAmbasadori-i-i-Shqiperis-ne-Mal-te-Zi-mbajti-ne-Ulqin-ligjerat-mbi-Nato.1.jpg\" alt=\"Tonin Beci,Ambasadori i i Shqiperis ne Mal te Zi, mbajti ne Ulqin ligjerat mbi Nato.1\" width=\"580\" height=\"400\" \/><\/a>An\u00ebtar\u00ebsimi i Malit t\u00eb Zi do t\u00eb ndikoj\u00eb pozitivisht n\u00eb stabilitetin e rajonit<\/strong><br \/>\nUlqin \u2013 Secili shtet duhet t\u00eb nd\u00ebrtoj\u00eb raportin e vet dhe qasjen ndaj NATO-s duke respektuar specifikat e veta, \u00ebsht\u00eb vler\u00ebsuar t\u00eb enjten n\u00eb ligj\u00ebrat\u00ebn t\u00eb cil\u00ebn e ka organizuar n\u00eb Ulqin koalicioni i organizatave joqeveritare Rrjeti Alfa.<br \/>\nLigj\u00ebrata u organizua n\u00eb kuad\u00ebr t\u00eb projektit \u201cN\u00eb mesin e t\u00eb barabart\u00ebve\u201d, nd\u00ebrsa ligj\u00ebruesi kryesor ka qen\u00eb ambasadori i Republik\u00ebs s\u00eb Shqip\u00ebris\u00eb n\u00eb Mal t\u00eb Zi, Tonin Beci, i cili ka ligj\u00ebruar n\u00eb tem\u00ebn \u201cAn\u00ebtar\u00ebsimi i Shqip\u00ebris\u00eb n\u00eb NATO dhe implikimet n\u00eb rajon\u201d.<br \/>\n\u201cQ\u00eb nga nd\u00ebrrimi i regjimit totalitar n\u00eb Shqip\u00ebri prirja kryesore ka qen\u00eb shoq\u00ebria dhe arritja e standardeve t\u00eb vendeve per\u00ebndimore. Kjo \u00ebsht\u00eb edhe arsyeja e mb\u00ebshtetjes s\u00eb madhe dhe t\u00eb parezerv\u00eb ndaj an\u00ebtar\u00ebsimit n\u00eb NATO n\u00eb mesin e qytetar\u00ebve shqiptar\u00eb\u201d, ka theksuar Beci.<br \/>\nAi ka th\u00ebn\u00eb se \u00ebsht\u00eb i bindur se an\u00ebtar\u00ebsimi eventual i Malit t\u00eb Zi n\u00eb k\u00ebt\u00eb aleanc\u00eb do t\u00eb ndikoj\u00eb pozitivisht n\u00eb stabilitetin e rajonit.<br \/>\nKoordinatori i Rrjetit Alfa, Aleksandar Dedoviq, ka th\u00ebn\u00eb se p\u00ebrkund\u00ebr orientimit t\u00eb qart\u00eb p\u00ebr an\u00ebtar\u00ebsim n\u00eb Bashkimin Evropian, vendet e rajonit, si dhe qytetar\u00ebt, kan\u00eb percepcione t\u00eb ndryshme sa i p\u00ebrket an\u00ebtar\u00ebsimit n\u00eb Aleanc\u00ebn NATO.<br \/>\n\u201cKjo varet n\u00eb mas\u00eb t\u00eb madhe nga ngjarjet q\u00eb kan\u00eb ndodhur gjat\u00eb dy decenieve t\u00eb kaluara dhe tranzicionit t\u00eb vendeve t\u00eb rajonit\u201d, ka vler\u00ebsuar ai.<br \/>\nN\u00eb ligj\u00ebrat\u00ebn e mbajtur n\u00eb Bibliotek\u00ebn e Qytetit n\u00eb Ulqin kan\u00eb marr\u00eb pjes\u00eb p\u00ebrfaq\u00ebsues t\u00eb partive politike, institucioneve, organizatave joqeveritare, si dhe maturant\u00eb t\u00eb Gjimnazit Privat \u201cDrita\u201d.<br \/>\nPartner lokal i Rrjetit Alfa n\u00eb projektin \u201cN\u00eb mesin e t\u00eb barabart\u00ebve\u201d \u00ebsht\u00eb Qendra p\u00ebr Marr\u00ebdh\u00ebnie Nd\u00ebretnike dhe t\u00eb Drejtat e Njeriut \u201cPax\u201d.<\/p>\n<p><strong>Kohapress<br \/>\n\n\t\t<style type=\"text\/css\">\n\t\t\t#gallery-1 {\n\t\t\t\tmargin: auto;\n\t\t\t}\n\t\t\t#gallery-1 .gallery-item {\n\t\t\t\tfloat: left;\n\t\t\t\tmargin-top: 10px;\n\t\t\t\ttext-align: center;\n\t\t\t\twidth: 33%;\n\t\t\t}\n\t\t\t#gallery-1 img {\n\t\t\t\tborder: 2px solid #cfcfcf;\n\t\t\t}\n\t\t\t#gallery-1 .gallery-caption {\n\t\t\t\tmargin-left: 0;\n\t\t\t}\n\t\t\t\/* see gallery_shortcode() in wp-includes\/media.php *\/\n\t\t<\/style>\n\t\t<div id='gallery-1' class='gallery galleryid-27684 gallery-columns-3 gallery-size-thumbnail'><dl class='gallery-item'>\n\t\t\t<dt class='gallery-icon landscape'>\n\t\t\t\t<a href='https:\/\/www.visit-ulcinj.com\/blog\/wp-content\/uploads\/2009\/11\/Tonin-BeciAmbasadori-i-i-Shqiperis-ne-Mal-te-Zi-mbajti-ne-Ulqin-ligjerat-mbi-Nato.1.jpg'><img width=\"150\" height=\"150\" src=\"https:\/\/www.visit-ulcinj.com\/blog\/wp-content\/uploads\/2009\/11\/Tonin-BeciAmbasadori-i-i-Shqiperis-ne-Mal-te-Zi-mbajti-ne-Ulqin-ligjerat-mbi-Nato.1-150x150.jpg\" class=\"attachment-thumbnail size-thumbnail\" alt=\"\" loading=\"lazy\" \/><\/a>\n\t\t\t<\/dt><\/dl><dl class='gallery-item'>\n\t\t\t<dt class='gallery-icon landscape'>\n\t\t\t\t<a href='https:\/\/www.visit-ulcinj.com\/blog\/wp-content\/uploads\/2009\/11\/Tonin-BeciAmbasadori-i-i-Shqiperis-ne-Mal-te-Zi-mbajti-ne-Ulqin-ligjerat-mbi-Nato.2.jpg'><img width=\"150\" height=\"150\" src=\"https:\/\/www.visit-ulcinj.com\/blog\/wp-content\/uploads\/2009\/11\/Tonin-BeciAmbasadori-i-i-Shqiperis-ne-Mal-te-Zi-mbajti-ne-Ulqin-ligjerat-mbi-Nato.2-150x150.jpg\" class=\"attachment-thumbnail size-thumbnail\" alt=\"\" loading=\"lazy\" \/><\/a>\n\t\t\t<\/dt><\/dl><dl class='gallery-item'>\n\t\t\t<dt class='gallery-icon landscape'>\n\t\t\t\t<a href='https:\/\/www.visit-ulcinj.com\/blog\/wp-content\/uploads\/2009\/11\/Tonin-BeciAmbasadori-i-i-Shqiperis-ne-Mal-te-Zi-mbajti-ne-Ulqin-ligjerat-mbi-Nato.3.jpg'><img width=\"150\" height=\"150\" src=\"https:\/\/www.visit-ulcinj.com\/blog\/wp-content\/uploads\/2009\/11\/Tonin-BeciAmbasadori-i-i-Shqiperis-ne-Mal-te-Zi-mbajti-ne-Ulqin-ligjerat-mbi-Nato.3-150x150.jpg\" class=\"attachment-thumbnail size-thumbnail\" alt=\"\" loading=\"lazy\" \/><\/a>\n\t\t\t<\/dt><\/dl><br style=\"clear: both\" \/><dl class='gallery-item'>\n\t\t\t<dt class='gallery-icon landscape'>\n\t\t\t\t<a href='https:\/\/www.visit-ulcinj.com\/blog\/wp-content\/uploads\/2009\/11\/Tonin-BeciAmbasadori-i-i-Shqiperis-ne-Mal-te-Zi-mbajti-ne-Ulqin-ligjerat-mbi-Nato.4.jpg'><img width=\"150\" height=\"150\" src=\"https:\/\/www.visit-ulcinj.com\/blog\/wp-content\/uploads\/2009\/11\/Tonin-BeciAmbasadori-i-i-Shqiperis-ne-Mal-te-Zi-mbajti-ne-Ulqin-ligjerat-mbi-Nato.4-150x150.jpg\" class=\"attachment-thumbnail size-thumbnail\" alt=\"\" loading=\"lazy\" \/><\/a>\n\t\t\t<\/dt><\/dl><dl class='gallery-item'>\n\t\t\t<dt class='gallery-icon landscape'>\n\t\t\t\t<a href='https:\/\/www.visit-ulcinj.com\/blog\/wp-content\/uploads\/2009\/11\/Tonin-BeciAmbasadori-i-i-Shqiperis-ne-Mal-te-Zi-mbajti-ne-Ulqin-ligjerat-mbi-Nato.5.jpg'><img width=\"150\" height=\"150\" src=\"https:\/\/www.visit-ulcinj.com\/blog\/wp-content\/uploads\/2009\/11\/Tonin-BeciAmbasadori-i-i-Shqiperis-ne-Mal-te-Zi-mbajti-ne-Ulqin-ligjerat-mbi-Nato.5-150x150.jpg\" class=\"attachment-thumbnail size-thumbnail\" alt=\"\" loading=\"lazy\" \/><\/a>\n\t\t\t<\/dt><\/dl><dl class='gallery-item'>\n\t\t\t<dt class='gallery-icon landscape'>\n\t\t\t\t<a href='https:\/\/www.visit-ulcinj.com\/blog\/wp-content\/uploads\/2009\/11\/Tonin-BeciAmbasadori-i-i-Shqiperis-ne-Mal-te-Zi-mbajti-ne-Ulqin-ligjerat-mbi-Nato.6.jpg'><img width=\"150\" height=\"150\" src=\"https:\/\/www.visit-ulcinj.com\/blog\/wp-content\/uploads\/2009\/11\/Tonin-BeciAmbasadori-i-i-Shqiperis-ne-Mal-te-Zi-mbajti-ne-Ulqin-ligjerat-mbi-Nato.6-150x150.jpg\" class=\"attachment-thumbnail size-thumbnail\" alt=\"\" loading=\"lazy\" \/><\/a>\n\t\t\t<\/dt><\/dl><br style=\"clear: both\" \/><dl class='gallery-item'>\n\t\t\t<dt class='gallery-icon landscape'>\n\t\t\t\t<a href='https:\/\/www.visit-ulcinj.com\/blog\/wp-content\/uploads\/2009\/11\/Tonin-BeciAmbasadori-i-i-Shqiperis-ne-Mal-te-Zi-mbajti-ne-Ulqin-ligjerat-mbi-Nato.7.jpg'><img width=\"150\" height=\"150\" src=\"https:\/\/www.visit-ulcinj.com\/blog\/wp-content\/uploads\/2009\/11\/Tonin-BeciAmbasadori-i-i-Shqiperis-ne-Mal-te-Zi-mbajti-ne-Ulqin-ligjerat-mbi-Nato.7-150x150.jpg\" class=\"attachment-thumbnail size-thumbnail\" alt=\"\" loading=\"lazy\" \/><\/a>\n\t\t\t<\/dt><\/dl><dl class='gallery-item'>\n\t\t\t<dt class='gallery-icon landscape'>\n\t\t\t\t<a href='https:\/\/www.visit-ulcinj.com\/blog\/wp-content\/uploads\/2009\/11\/Tonin-BeciAmbasadori-i-i-Shqiperis-ne-Mal-te-Zi-mbajti-ne-Ulqin-ligjerat-mbi-Nato.8.jpg'><img width=\"150\" height=\"150\" src=\"https:\/\/www.visit-ulcinj.com\/blog\/wp-content\/uploads\/2009\/11\/Tonin-BeciAmbasadori-i-i-Shqiperis-ne-Mal-te-Zi-mbajti-ne-Ulqin-ligjerat-mbi-Nato.8-150x150.jpg\" class=\"attachment-thumbnail size-thumbnail\" alt=\"\" loading=\"lazy\" \/><\/a>\n\t\t\t<\/dt><\/dl><dl class='gallery-item'>\n\t\t\t<dt class='gallery-icon landscape'>\n\t\t\t\t<a href='https:\/\/www.visit-ulcinj.com\/blog\/wp-content\/uploads\/2009\/11\/Tonin-BeciAmbasadori-i-i-Shqiperis-ne-Mal-te-Zi-mbajti-ne-Ulqin-ligjerat-mbi-Nato.9.jpg'><img width=\"150\" height=\"150\" src=\"https:\/\/www.visit-ulcinj.com\/blog\/wp-content\/uploads\/2009\/11\/Tonin-BeciAmbasadori-i-i-Shqiperis-ne-Mal-te-Zi-mbajti-ne-Ulqin-ligjerat-mbi-Nato.9-150x150.jpg\" class=\"attachment-thumbnail size-thumbnail\" alt=\"\" loading=\"lazy\" \/><\/a>\n\t\t\t<\/dt><\/dl><br style=\"clear: both\" \/><dl class='gallery-item'>\n\t\t\t<dt class='gallery-icon landscape'>\n\t\t\t\t<a href='https:\/\/www.visit-ulcinj.com\/blog\/wp-content\/uploads\/2009\/11\/Tonin-BeciAmbasadori-i-i-Shqiperis-ne-Mal-te-Zi-mbajti-ne-Ulqin-ligjerat-mbi-Nato.10.jpg'><img width=\"150\" height=\"150\" src=\"https:\/\/www.visit-ulcinj.com\/blog\/wp-content\/uploads\/2009\/11\/Tonin-BeciAmbasadori-i-i-Shqiperis-ne-Mal-te-Zi-mbajti-ne-Ulqin-ligjerat-mbi-Nato.10-150x150.jpg\" class=\"attachment-thumbnail size-thumbnail\" alt=\"\" loading=\"lazy\" \/><\/a>\n\t\t\t<\/dt><\/dl><dl class='gallery-item'>\n\t\t\t<dt class='gallery-icon landscape'>\n\t\t\t\t<a href='https:\/\/www.visit-ulcinj.com\/blog\/wp-content\/uploads\/2009\/11\/Tonin-BeciAmbasadori-i-i-Shqiperis-ne-Mal-te-Zi-mbajti-ne-Ulqin-ligjerat-mbi-Nato.11.jpg'><img width=\"150\" height=\"150\" src=\"https:\/\/www.visit-ulcinj.com\/blog\/wp-content\/uploads\/2009\/11\/Tonin-BeciAmbasadori-i-i-Shqiperis-ne-Mal-te-Zi-mbajti-ne-Ulqin-ligjerat-mbi-Nato.11-150x150.jpg\" class=\"attachment-thumbnail size-thumbnail\" alt=\"\" loading=\"lazy\" \/><\/a>\n\t\t\t<\/dt><\/dl><dl class='gallery-item'>\n\t\t\t<dt class='gallery-icon landscape'>\n\t\t\t\t<a href='https:\/\/www.visit-ulcinj.com\/blog\/wp-content\/uploads\/2009\/11\/Tonin-BeciAmbasadori-i-i-Shqiperis-ne-Mal-te-Zi-mbajti-ne-Ulqin-ligjerat-mbi-Nato.12.jpg'><img width=\"150\" height=\"150\" src=\"https:\/\/www.visit-ulcinj.com\/blog\/wp-content\/uploads\/2009\/11\/Tonin-BeciAmbasadori-i-i-Shqiperis-ne-Mal-te-Zi-mbajti-ne-Ulqin-ligjerat-mbi-Nato.12-150x150.jpg\" class=\"attachment-thumbnail size-thumbnail\" alt=\"\" loading=\"lazy\" \/><\/a>\n\t\t\t<\/dt><\/dl><br style=\"clear: both\" \/><dl class='gallery-item'>\n\t\t\t<dt class='gallery-icon landscape'>\n\t\t\t\t<a href='https:\/\/www.visit-ulcinj.com\/blog\/wp-content\/uploads\/2009\/11\/Tonin-BeciAmbasadori-i-i-Shqiperis-ne-Mal-te-Zi-mbajti-ne-Ulqin-ligjerat-mbi-Nato.13.jpg'><img width=\"150\" height=\"150\" src=\"https:\/\/www.visit-ulcinj.com\/blog\/wp-content\/uploads\/2009\/11\/Tonin-BeciAmbasadori-i-i-Shqiperis-ne-Mal-te-Zi-mbajti-ne-Ulqin-ligjerat-mbi-Nato.13-150x150.jpg\" class=\"attachment-thumbnail size-thumbnail\" alt=\"\" loading=\"lazy\" \/><\/a>\n\t\t\t<\/dt><\/dl><dl class='gallery-item'>\n\t\t\t<dt class='gallery-icon landscape'>\n\t\t\t\t<a href='https:\/\/www.visit-ulcinj.com\/blog\/wp-content\/uploads\/2009\/11\/Tonin-BeciAmbasadori-i-i-Shqiperis-ne-Mal-te-Zi-mbajti-ne-Ulqin-ligjerat-mbi-Nato.14.jpg'><img width=\"150\" height=\"150\" src=\"https:\/\/www.visit-ulcinj.com\/blog\/wp-content\/uploads\/2009\/11\/Tonin-BeciAmbasadori-i-i-Shqiperis-ne-Mal-te-Zi-mbajti-ne-Ulqin-ligjerat-mbi-Nato.14-150x150.jpg\" class=\"attachment-thumbnail size-thumbnail\" alt=\"\" loading=\"lazy\" \/><\/a>\n\t\t\t<\/dt><\/dl><dl class='gallery-item'>\n\t\t\t<dt class='gallery-icon landscape'>\n\t\t\t\t<a href='https:\/\/www.visit-ulcinj.com\/blog\/wp-content\/uploads\/2009\/11\/Tonin-BeciAmbasadori-i-i-Shqiperis-ne-Mal-te-Zi-mbajti-ne-Ulqin-ligjerat-mbi-Nato.jpg'><img width=\"150\" height=\"150\" src=\"https:\/\/www.visit-ulcinj.com\/blog\/wp-content\/uploads\/2009\/11\/Tonin-BeciAmbasadori-i-i-Shqiperis-ne-Mal-te-Zi-mbajti-ne-Ulqin-ligjerat-mbi-Nato-150x150.jpg\" class=\"attachment-thumbnail size-thumbnail\" alt=\"\" loading=\"lazy\" \/><\/a>\n\t\t\t<\/dt><\/dl><br style=\"clear: both\" \/>\n\t\t<\/div>\n<\/p>\n<p><\/strong><\/p>\n<p><strong><br \/>\n<\/strong><\/p>\n","protected":false},"excerpt":{"rendered":"<p>An\u00ebtar\u00ebsimi i Malit t\u00eb Zi do t\u00eb ndikoj\u00eb pozitivisht n\u00eb stabilitetin e rajonit Ulqin \u2013 Secili shtet duhet t\u00eb nd\u00ebrtoj\u00eb raportin e vet dhe qasjen ndaj NATO-s duke respektuar specifikat e veta, \u00ebsht\u00eb vler\u00ebsuar t\u00eb enjten n\u00eb ligj\u00ebrat\u00ebn t\u00eb cil\u00ebn e ka organizuar n\u00eb Ulqin koalicioni i organizatave joqeveritare Rrjeti Alfa. Ligj\u00ebrata u organizua n\u00eb [&hellip;]<\/p>\n","protected":false},"author":1,"featured_media":0,"comment_status":"open","ping_status":"closed","sticky":false,"template":"","format":"standard","meta":{"spay_email":"","jetpack_publicize_message":"","jetpack_is_tweetstorm":false,"jetpack_publicize_feature_enabled":true},"categories":[11],"tags":[9136,12929,1753,9654,12930,12931,4261],"jetpack_publicize_connections":[],"yoast_head":"<!-- This site is optimized with the Yoast SEO plugin v19.1 - https:\/\/yoast.com\/wordpress\/plugins\/seo\/ -->\n<title>Tonin Beci,Ambasadori i i Shqip\u00ebris\u00eb n\u00eb Mal t\u00eb Zi, mbajti n\u00eb Ulqin ligj\u00ebrat\u00ebn me tem\u00eb - Lajme nga Ulqini<\/title>\n<meta name=\"description\" content=\"An\u00ebtar\u00ebsimi i Malit t\u00eb Zi do t\u00eb ndikoj\u00eb pozitivisht n\u00eb stabilitetin e rajonit Ulqin \u2013 Secili shtet duhet t\u00eb nd\u00ebrtoj\u00eb raportin e vet dhe qasjen ndaj NATO-s\" \/>\n<meta name=\"robots\" content=\"index, follow, max-snippet:-1, max-image-preview:large, max-video-preview:-1\" \/>\n<link rel=\"canonical\" href=\"https:\/\/www.visit-ulcinj.com\/blog\/2009\/11\/30\/tonin-beciambasadori-i-i-shqiperise-ne-mal-te-zi-mbajti-ne-ulqin-ligjeraten-me-teme\/\" \/>\n<meta property=\"og:locale\" content=\"en_US\" \/>\n<meta property=\"og:type\" content=\"article\" \/>\n<meta property=\"og:title\" content=\"Tonin Beci,Ambasadori i i Shqip\u00ebris\u00eb n\u00eb Mal t\u00eb Zi, mbajti n\u00eb Ulqin ligj\u00ebrat\u00ebn me tem\u00eb - Lajme nga Ulqini\" \/>\n<meta property=\"og:description\" content=\"An\u00ebtar\u00ebsimi i Malit t\u00eb Zi do t\u00eb ndikoj\u00eb pozitivisht n\u00eb stabilitetin e rajonit Ulqin \u2013 Secili shtet duhet t\u00eb nd\u00ebrtoj\u00eb raportin e vet dhe qasjen ndaj NATO-s\" \/>\n<meta property=\"og:url\" content=\"https:\/\/www.visit-ulcinj.com\/blog\/2009\/11\/30\/tonin-beciambasadori-i-i-shqiperise-ne-mal-te-zi-mbajti-ne-ulqin-ligjeraten-me-teme\/\" \/>\n<meta property=\"og:site_name\" content=\"Lajme nga Ulqini\" \/>\n<meta property=\"article:published_time\" content=\"2009-11-30T17:47:15+00:00\" \/>\n<meta property=\"article:modified_time\" content=\"2009-11-30T17:51:43+00:00\" \/>\n<meta property=\"og:image\" content=\"https:\/\/www.visit-ulcinj.com\/blog\/wp-content\/uploads\/2009\/11\/Tonin-BeciAmbasadori-i-i-Shqiperis-ne-Mal-te-Zi-mbajti-ne-Ulqin-ligjerat-mbi-Nato.1-150x150.jpg\" \/>\n<meta name=\"twitter:label1\" content=\"Written by\" \/>\n\t<meta name=\"twitter:data1\" content=\"ulqini\" \/>\n\t<meta name=\"twitter:label2\" content=\"Est. reading time\" \/>\n\t<meta name=\"twitter:data2\" content=\"2 minutes\" \/>\n<script type=\"application\/ld+json\" class=\"yoast-schema-graph\">{\"@context\":\"https:\/\/schema.org\",\"@graph\":[{\"@type\":\"WebSite\",\"@id\":\"https:\/\/www.visit-ulcinj.com\/blog\/#website\",\"url\":\"https:\/\/www.visit-ulcinj.com\/blog\/\",\"name\":\"Lajme nga Ulqini\",\"description\":\"Lajme,Vijesti,Ulqini,Ulqin,Crna Gora,Mali i Zi\",\"potentialAction\":[{\"@type\":\"SearchAction\",\"target\":{\"@type\":\"EntryPoint\",\"urlTemplate\":\"https:\/\/www.visit-ulcinj.com\/blog\/?s={search_term_string}\"},\"query-input\":\"required name=search_term_string\"}],\"inLanguage\":\"en-US\"},{\"@type\":\"ImageObject\",\"inLanguage\":\"en-US\",\"@id\":\"https:\/\/www.visit-ulcinj.com\/blog\/2009\/11\/30\/tonin-beciambasadori-i-i-shqiperise-ne-mal-te-zi-mbajti-ne-ulqin-ligjeraten-me-teme\/#primaryimage\",\"url\":\"https:\/\/www.visit-ulcinj.com\/blog\/wp-content\/uploads\/2009\/11\/Tonin-BeciAmbasadori-i-i-Shqiperis-ne-Mal-te-Zi-mbajti-ne-Ulqin-ligjerat-mbi-Nato.1.jpg\",\"contentUrl\":\"https:\/\/www.visit-ulcinj.com\/blog\/wp-content\/uploads\/2009\/11\/Tonin-BeciAmbasadori-i-i-Shqiperis-ne-Mal-te-Zi-mbajti-ne-Ulqin-ligjerat-mbi-Nato.1.jpg\",\"width\":\"604\",\"height\":\"453\"},{\"@type\":\"WebPage\",\"@id\":\"https:\/\/www.visit-ulcinj.com\/blog\/2009\/11\/30\/tonin-beciambasadori-i-i-shqiperise-ne-mal-te-zi-mbajti-ne-ulqin-ligjeraten-me-teme\/#webpage\",\"url\":\"https:\/\/www.visit-ulcinj.com\/blog\/2009\/11\/30\/tonin-beciambasadori-i-i-shqiperise-ne-mal-te-zi-mbajti-ne-ulqin-ligjeraten-me-teme\/\",\"name\":\"Tonin Beci,Ambasadori i i Shqip\u00ebris\u00eb n\u00eb Mal t\u00eb Zi, mbajti n\u00eb Ulqin ligj\u00ebrat\u00ebn me tem\u00eb - Lajme nga Ulqini\",\"isPartOf\":{\"@id\":\"https:\/\/www.visit-ulcinj.com\/blog\/#website\"},\"primaryImageOfPage\":{\"@id\":\"https:\/\/www.visit-ulcinj.com\/blog\/2009\/11\/30\/tonin-beciambasadori-i-i-shqiperise-ne-mal-te-zi-mbajti-ne-ulqin-ligjeraten-me-teme\/#primaryimage\"},\"datePublished\":\"2009-11-30T17:47:15+00:00\",\"dateModified\":\"2009-11-30T17:51:43+00:00\",\"author\":{\"@id\":\"https:\/\/www.visit-ulcinj.com\/blog\/#\/schema\/person\/dcab619c614d3038751c63bc2aadc06d\"},\"description\":\"An\u00ebtar\u00ebsimi i Malit t\u00eb Zi do t\u00eb ndikoj\u00eb pozitivisht n\u00eb stabilitetin e rajonit Ulqin \u2013 Secili shtet duhet t\u00eb nd\u00ebrtoj\u00eb raportin e vet dhe qasjen ndaj NATO-s\",\"breadcrumb\":{\"@id\":\"https:\/\/www.visit-ulcinj.com\/blog\/2009\/11\/30\/tonin-beciambasadori-i-i-shqiperise-ne-mal-te-zi-mbajti-ne-ulqin-ligjeraten-me-teme\/#breadcrumb\"},\"inLanguage\":\"en-US\",\"potentialAction\":[{\"@type\":\"ReadAction\",\"target\":[\"https:\/\/www.visit-ulcinj.com\/blog\/2009\/11\/30\/tonin-beciambasadori-i-i-shqiperise-ne-mal-te-zi-mbajti-ne-ulqin-ligjeraten-me-teme\/\"]}]},{\"@type\":\"BreadcrumbList\",\"@id\":\"https:\/\/www.visit-ulcinj.com\/blog\/2009\/11\/30\/tonin-beciambasadori-i-i-shqiperise-ne-mal-te-zi-mbajti-ne-ulqin-ligjeraten-me-teme\/#breadcrumb\",\"itemListElement\":[{\"@type\":\"ListItem\",\"position\":1,\"name\":\"Tonin Beci,Ambasadori i i Shqip\u00ebris\u00eb n\u00eb Mal t\u00eb Zi, mbajti n\u00eb Ulqin ligj\u00ebrat\u00ebn me tem\u00eb\"}]},{\"@type\":\"Person\",\"@id\":\"https:\/\/www.visit-ulcinj.com\/blog\/#\/schema\/person\/dcab619c614d3038751c63bc2aadc06d\",\"name\":\"ulqini\",\"sameAs\":[\"http:\/\/www.visit-ulcinj.com\"],\"url\":\"https:\/\/www.visit-ulcinj.com\/blog\/author\/admin\/\"}]}<\/script>\n<!-- \/ Yoast SEO plugin. -->","yoast_head_json":{"title":"Tonin Beci,Ambasadori i i Shqip\u00ebris\u00eb n\u00eb Mal t\u00eb Zi, mbajti n\u00eb Ulqin ligj\u00ebrat\u00ebn me tem\u00eb - Lajme nga Ulqini","description":"An\u00ebtar\u00ebsimi i Malit t\u00eb Zi do t\u00eb ndikoj\u00eb pozitivisht n\u00eb stabilitetin e rajonit Ulqin \u2013 Secili shtet duhet t\u00eb nd\u00ebrtoj\u00eb raportin e vet dhe qasjen ndaj NATO-s","robots":{"index":"index","follow":"follow","max-snippet":"max-snippet:-1","max-image-preview":"max-image-preview:large","max-video-preview":"max-video-preview:-1"},"canonical":"https:\/\/www.visit-ulcinj.com\/blog\/2009\/11\/30\/tonin-beciambasadori-i-i-shqiperise-ne-mal-te-zi-mbajti-ne-ulqin-ligjeraten-me-teme\/","og_locale":"en_US","og_type":"article","og_title":"Tonin Beci,Ambasadori i i Shqip\u00ebris\u00eb n\u00eb Mal t\u00eb Zi, mbajti n\u00eb Ulqin ligj\u00ebrat\u00ebn me tem\u00eb - Lajme nga Ulqini","og_description":"An\u00ebtar\u00ebsimi i Malit t\u00eb Zi do t\u00eb ndikoj\u00eb pozitivisht n\u00eb stabilitetin e rajonit Ulqin \u2013 Secili shtet duhet t\u00eb nd\u00ebrtoj\u00eb raportin e vet dhe qasjen ndaj NATO-s","og_url":"https:\/\/www.visit-ulcinj.com\/blog\/2009\/11\/30\/tonin-beciambasadori-i-i-shqiperise-ne-mal-te-zi-mbajti-ne-ulqin-ligjeraten-me-teme\/","og_site_name":"Lajme nga Ulqini","article_published_time":"2009-11-30T17:47:15+00:00","article_modified_time":"2009-11-30T17:51:43+00:00","og_image":[{"url":"https:\/\/www.visit-ulcinj.com\/blog\/wp-content\/uploads\/2009\/11\/Tonin-BeciAmbasadori-i-i-Shqiperis-ne-Mal-te-Zi-mbajti-ne-Ulqin-ligjerat-mbi-Nato.1-150x150.jpg"}],"twitter_misc":{"Written by":"ulqini","Est. reading time":"2 minutes"},"schema":{"@context":"https:\/\/schema.org","@graph":[{"@type":"WebSite","@id":"https:\/\/www.visit-ulcinj.com\/blog\/#website","url":"https:\/\/www.visit-ulcinj.com\/blog\/","name":"Lajme nga Ulqini","description":"Lajme,Vijesti,Ulqini,Ulqin,Crna Gora,Mali i Zi","potentialAction":[{"@type":"SearchAction","target":{"@type":"EntryPoint","urlTemplate":"https:\/\/www.visit-ulcinj.com\/blog\/?s={search_term_string}"},"query-input":"required name=search_term_string"}],"inLanguage":"en-US"},{"@type":"ImageObject","inLanguage":"en-US","@id":"https:\/\/www.visit-ulcinj.com\/blog\/2009\/11\/30\/tonin-beciambasadori-i-i-shqiperise-ne-mal-te-zi-mbajti-ne-ulqin-ligjeraten-me-teme\/#primaryimage","url":"https:\/\/www.visit-ulcinj.com\/blog\/wp-content\/uploads\/2009\/11\/Tonin-BeciAmbasadori-i-i-Shqiperis-ne-Mal-te-Zi-mbajti-ne-Ulqin-ligjerat-mbi-Nato.1.jpg","contentUrl":"https:\/\/www.visit-ulcinj.com\/blog\/wp-content\/uploads\/2009\/11\/Tonin-BeciAmbasadori-i-i-Shqiperis-ne-Mal-te-Zi-mbajti-ne-Ulqin-ligjerat-mbi-Nato.1.jpg","width":"604","height":"453"},{"@type":"WebPage","@id":"https:\/\/www.visit-ulcinj.com\/blog\/2009\/11\/30\/tonin-beciambasadori-i-i-shqiperise-ne-mal-te-zi-mbajti-ne-ulqin-ligjeraten-me-teme\/#webpage","url":"https:\/\/www.visit-ulcinj.com\/blog\/2009\/11\/30\/tonin-beciambasadori-i-i-shqiperise-ne-mal-te-zi-mbajti-ne-ulqin-ligjeraten-me-teme\/","name":"Tonin Beci,Ambasadori i i Shqip\u00ebris\u00eb n\u00eb Mal t\u00eb Zi, mbajti n\u00eb Ulqin ligj\u00ebrat\u00ebn me tem\u00eb - Lajme nga Ulqini","isPartOf":{"@id":"https:\/\/www.visit-ulcinj.com\/blog\/#website"},"primaryImageOfPage":{"@id":"https:\/\/www.visit-ulcinj.com\/blog\/2009\/11\/30\/tonin-beciambasadori-i-i-shqiperise-ne-mal-te-zi-mbajti-ne-ulqin-ligjeraten-me-teme\/#primaryimage"},"datePublished":"2009-11-30T17:47:15+00:00","dateModified":"2009-11-30T17:51:43+00:00","author":{"@id":"https:\/\/www.visit-ulcinj.com\/blog\/#\/schema\/person\/dcab619c614d3038751c63bc2aadc06d"},"description":"An\u00ebtar\u00ebsimi i Malit t\u00eb Zi do t\u00eb ndikoj\u00eb pozitivisht n\u00eb stabilitetin e rajonit Ulqin \u2013 Secili shtet duhet t\u00eb nd\u00ebrtoj\u00eb raportin e vet dhe qasjen ndaj NATO-s","breadcrumb":{"@id":"https:\/\/www.visit-ulcinj.com\/blog\/2009\/11\/30\/tonin-beciambasadori-i-i-shqiperise-ne-mal-te-zi-mbajti-ne-ulqin-ligjeraten-me-teme\/#breadcrumb"},"inLanguage":"en-US","potentialAction":[{"@type":"ReadAction","target":["https:\/\/www.visit-ulcinj.com\/blog\/2009\/11\/30\/tonin-beciambasadori-i-i-shqiperise-ne-mal-te-zi-mbajti-ne-ulqin-ligjeraten-me-teme\/"]}]},{"@type":"BreadcrumbList","@id":"https:\/\/www.visit-ulcinj.com\/blog\/2009\/11\/30\/tonin-beciambasadori-i-i-shqiperise-ne-mal-te-zi-mbajti-ne-ulqin-ligjeraten-me-teme\/#breadcrumb","itemListElement":[{"@type":"ListItem","position":1,"name":"Tonin Beci,Ambasadori i i Shqip\u00ebris\u00eb n\u00eb Mal t\u00eb Zi, mbajti n\u00eb Ulqin ligj\u00ebrat\u00ebn me tem\u00eb"}]},{"@type":"Person","@id":"https:\/\/www.visit-ulcinj.com\/blog\/#\/schema\/person\/dcab619c614d3038751c63bc2aadc06d","name":"ulqini","sameAs":["http:\/\/www.visit-ulcinj.com"],"url":"https:\/\/www.visit-ulcinj.com\/blog\/author\/admin\/"}]}},"jetpack_featured_media_url":"","jetpack_sharing_enabled":true,"jetpack_shortlink":"https:\/\/wp.me\/pe6lTn-7cw","_links":{"self":[{"href":"https:\/\/www.visit-ulcinj.com\/blog\/wp-json\/wp\/v2\/posts\/27684"}],"collection":[{"href":"https:\/\/www.visit-ulcinj.com\/blog\/wp-json\/wp\/v2\/posts"}],"about":[{"href":"https:\/\/www.visit-ulcinj.com\/blog\/wp-json\/wp\/v2\/types\/post"}],"author":[{"embeddable":true,"href":"https:\/\/www.visit-ulcinj.com\/blog\/wp-json\/wp\/v2\/users\/1"}],"replies":[{"embeddable":true,"href":"https:\/\/www.visit-ulcinj.com\/blog\/wp-json\/wp\/v2\/comments?post=27684"}],"version-history":[{"count":0,"href":"https:\/\/www.visit-ulcinj.com\/blog\/wp-json\/wp\/v2\/posts\/27684\/revisions"}],"wp:attachment":[{"href":"https:\/\/www.visit-ulcinj.com\/blog\/wp-json\/wp\/v2\/media?parent=27684"}],"wp:term":[{"taxonomy":"category","embeddable":true,"href":"https:\/\/www.visit-ulcinj.com\/blog\/wp-json\/wp\/v2\/categories?post=27684"},{"taxonomy":"post_tag","embeddable":true,"href":"https:\/\/www.visit-ulcinj.com\/blog\/wp-json\/wp\/v2\/tags?post=27684"}],"curies":[{"name":"wp","href":"https:\/\/api.w.org\/{rel}","templated":true}]}}