{"id":27708,"date":"2009-11-30T21:08:16","date_gmt":"2009-11-30T19:08:16","guid":{"rendered":"http:\/\/www.visit-ulcinj.com\/blog\/?p=27708"},"modified":"2009-11-30T21:08:16","modified_gmt":"2009-11-30T19:08:16","slug":"deti-eshte-fati-yne","status":"publish","type":"post","link":"https:\/\/www.visit-ulcinj.com\/blog\/2009\/11\/30\/deti-eshte-fati-yne\/","title":{"rendered":"Deti \u00ebsht\u00eb fati yn\u00eb"},"content":{"rendered":"<p><strong><a href=\"http:\/\/www.visit-ulcinj.com\/blog\/wp-content\/uploads\/2009\/11\/Pushimet-ne-Ulqin1.jpg\"><img loading=\"lazy\" class=\"alignleft size-full wp-image-27709\" title=\"Pushimet-ne-Ulqin\" src=\"http:\/\/www.visit-ulcinj.com\/blog\/wp-content\/uploads\/2009\/11\/Pushimet-ne-Ulqin1.jpg\" alt=\"Pushimet-ne-Ulqin\" width=\"580\" height=\"370\" \/><\/a>Apel p\u00ebr t\u2019iu kthyer detit <\/strong><br \/>\nNe ende nuk jemi mjaft t\u00eb vet\u00ebdijsh\u00ebm p\u00ebr r\u00ebnd\u00ebsin\u00eb e ar\u00ebs q\u00eb quhet det. Deti \u00ebsht\u00eb ar\u00eb e cila mund t\u00eb jap\u00eb tri korrje turistike, por k\u00ebt\u00eb ar\u00eb, sikurse \u00e7do ar\u00eb tjet\u00ebr, duhet ruajtur, kultivuar dhe punuar<br \/>\nShum\u00eb njer\u00ebz konsiderojn\u00eb se nj\u00ebri nga shkaqet kryesore t\u00eb ngecjes s\u00eb Ulqinit q\u00ebndron n\u00eb faktin se banor\u00ebt e tij aktual\u00eb ia kan\u00eb kthyer shpin\u00ebn detit. E t\u00ebr\u00eb jeta, sidomos jasht\u00eb sezonit, zhvillohet n\u00eb prapavij\u00eb, ose si\u00e7 do t\u00eb thonin gjerman\u00ebt, n\u00eb hinterland. Madje edhe pran\u00eb detit apo n\u00eb Pyllin e Pishave, si dhe n\u00eb Ullishta shetitet fare pak. T\u00eb gjith\u00eb ulqinak\u00ebt do t\u2019u thon\u00eb mysafir\u00ebve se kjo \u00ebsht\u00eb nj\u00eb gj\u00eb e mir\u00eb dhe e dobishme, edhe pse ata vet\u00eb rrall\u00ebher\u00eb e b\u00ebjn\u00eb nj\u00eb gj\u00eb t\u00eb till\u00eb.<br \/>\nN\u00ebse do t\u00eb k\u00ebrkohej arsyeja e k\u00ebsaj dukurie t\u00eb pakuptueshme, at\u00ebher\u00eb s\u00eb pari t\u00eb shkon mendja n\u00eb gjeografin\u00eb e qytetit. Edhe at\u00ebher\u00eb kur vini n\u00eb Ulqin, nuk keni p\u00ebrshtypjen se po shkoni n\u00eb nj\u00eb qytet bregdetar. N\u00eb qytetin q\u00eb ka 33 kilometra breg t\u00eb mrekulluesh\u00ebm.<br \/>\nPor, n\u00eb kaud\u00ebr t\u00eb gjith\u00eb k\u00ebsaj gjith\u00ebsesi ekziston nj\u00ebfar\u00eb sistemi: nuk ka qen\u00eb e rast\u00ebsishme q\u00eb dajaku gjith\u00ebher\u00eb ka qen\u00eb i lidhur me tok\u00ebn, kurse autonomia me detin. Deti duron kapiten\u00eb t\u00eb panum\u00ebrt, e megjithat\u00eb ka t\u00eb nj\u00ebjtat rregulla t\u00eb loj\u00ebs. Mendoj se ky \u00ebsht\u00eb ideal i bot\u00ebs bashk\u00ebkohore: pajise anijen t\u00ebnde, ngarko \u00e7ka t\u00eb duash, lundro atje ku ta ket\u00eb qejfi \u2013 por l\u00ebri t\u00eb qet\u00eb t\u00eb tjer\u00ebt. Dhe pa\u00e7 detin e qet\u00eb!<br \/>\nDhe natyrisht nuk \u00ebsht\u00eb e rast\u00ebsishme q\u00eb gjith\u00ebher\u00eb gjat\u00eb historis\u00eb arenat e \u00e7udirave dhe n\u00ebnat e civilizimit kan\u00eb qen\u00eb shtetet bregdetare. Sepse, shtetet pa det dhe qytetet pa lumenj jan\u00eb t\u00eb mbyllur n\u00eb m\u00ebnyr\u00eb paranoike dhe p\u00ebr k\u00ebt\u00eb arsye mjaft shpesh jan\u00eb potencialisht t\u00eb rreziksh\u00ebm.<br \/>\nKurse, mesdhetar\u00ebt gjith\u00ebher\u00eb i kan\u00eb takuar m\u00eb shum\u00eb qytetetit sesa shtetit apo kombit. Qytetet p\u00ebr ta kan\u00eb qen\u00eb edhe shteti edhe kombi dhe akoma di\u00e7 m\u00eb tep\u00ebr.<br \/>\nHistoria gjithashtu \u00ebsht\u00eb d\u00ebshmitare se n\u00eb Ulqin gjith\u00ebher\u00eb ka qen\u00eb k\u00ebnaq\u00ebsi p\u00ebr t\u00eb jetuar kur \u00ebsht\u00eb lundruar, kur \u00ebsht\u00eb zhvilluar tregti me bot\u00ebn, kur \u00ebsht\u00eb thithur ajri t\u00eb cilin e ka sjell\u00eb maestrali, punenati apo shroku. P\u00ebr k\u00ebt\u00eb arsye turizmi dhe hoteleria kan\u00eb qen\u00eb vazhdimi i natyrsh\u00ebm i detaris\u00eb dhe tregtis\u00eb.<br \/>\nKonstanta e vetme ka qen\u00eb peshkataria. Duket se ajo ka qen\u00eb pothuajse e vetmja hallk\u00eb lidh\u00ebse me koh\u00ebt e shkuara. Sepse, peshkatar\u00ebt e v\u00ebrtet\u00eb edhe tutje cakulitin dhe shajn\u00eb, por nuk vjedhin. Zem\u00ebrohen dhe shamatohen, por nuk v\u00ebrsulen mbi nj\u00ebri tjetrin: nuk rrahen ashtu si\u00e7 b\u00ebjn\u00eb nganj\u00ebher\u00eb pun\u00ebtor\u00ebt e limaneve apo fshatar\u00ebt e thjesht\u00eb. Ka edhe nd\u00ebr ta konflikte (kush n\u00eb cil\u00ebn an\u00eb do ta hedh\u00eb rrjetin, e tani mbase edhe dinamitin), por nuk ka as p\u00ebraf\u00ebrsisht aq ngat\u00ebrresa sa ka rreth pron\u00ebsis\u00eb s\u00eb tok\u00ebs. M\u00eb leht\u00eb \u00ebsht\u00eb t\u00eb ndash tok\u00ebn sesa detin, por \u00ebsht\u00eb m\u00eb e v\u00ebshtir\u00eb ta posedosh.<br \/>\nSido q\u00eb t\u00eb jet\u00eb, deti dhe gjith\u00e7ka n\u00eb lidhje me detin \u00ebsht\u00eb fati yn\u00eb.<br \/>\nMbase ka ardhur koha q\u00eb t\u00eb kthehemi p\u00ebrs\u00ebri n\u00eb k\u00ebt\u00eb rrug\u00eb, t\u00eb cil\u00ebn e kemi l\u00ebn\u00eb kaher\u00eb n\u00eb d\u00ebmin ton\u00eb, tani me breng\u00eb n\u00eb zem\u00ebr dhe me plag\u00eb n\u00eb shpirt, si dhe me xhepa t\u00eb zbraz\u00ebt. T\u2019i rikthehemi tradit\u00ebs son\u00eb, bukuris\u00eb, zhvillimit, me nj\u00eb fjal\u00eb, t\u2019i rikthehemi vetvetes.<br \/>\n<strong><br \/>\nMustafa Canka<br \/>\nKoha Javore<\/strong><\/p>\n<p><strong><!--YouTube Error: bad URL entered--><br \/>\n<\/strong><\/p>\n","protected":false},"excerpt":{"rendered":"<p>Apel p\u00ebr t\u2019iu kthyer detit Ne ende nuk jemi mjaft t\u00eb vet\u00ebdijsh\u00ebm p\u00ebr r\u00ebnd\u00ebsin\u00eb e ar\u00ebs q\u00eb quhet det. Deti \u00ebsht\u00eb ar\u00eb e cila mund t\u00eb jap\u00eb tri korrje turistike, por k\u00ebt\u00eb ar\u00eb, sikurse \u00e7do ar\u00eb tjet\u00ebr, duhet ruajtur, kultivuar dhe punuar Shum\u00eb njer\u00ebz konsiderojn\u00eb se nj\u00ebri nga shkaqet kryesore t\u00eb ngecjes s\u00eb Ulqinit q\u00ebndron [&hellip;]<\/p>\n","protected":false},"author":1,"featured_media":0,"comment_status":"open","ping_status":"closed","sticky":false,"template":"","format":"standard","meta":{"spay_email":"","jetpack_publicize_message":"","jetpack_is_tweetstorm":false,"jetpack_publicize_feature_enabled":true},"categories":[10],"tags":[12933],"jetpack_publicize_connections":[],"yoast_head":"<!-- This site is optimized with the Yoast SEO plugin v19.1 - https:\/\/yoast.com\/wordpress\/plugins\/seo\/ -->\n<title>Deti \u00ebsht\u00eb fati yn\u00eb - Lajme nga Ulqini<\/title>\n<meta name=\"description\" content=\"Apel p\u00ebr t\u2019iu kthyer detit Ne ende nuk jemi mjaft t\u00eb vet\u00ebdijsh\u00ebm p\u00ebr r\u00ebnd\u00ebsin\u00eb e ar\u00ebs q\u00eb quhet det. Deti \u00ebsht\u00eb ar\u00eb e cila mund t\u00eb jap\u00eb tri korrje\" \/>\n<meta name=\"robots\" content=\"index, follow, max-snippet:-1, max-image-preview:large, max-video-preview:-1\" \/>\n<link rel=\"canonical\" href=\"https:\/\/www.visit-ulcinj.com\/blog\/2009\/11\/30\/deti-eshte-fati-yne\/\" \/>\n<meta property=\"og:locale\" content=\"en_US\" \/>\n<meta property=\"og:type\" content=\"article\" \/>\n<meta property=\"og:title\" content=\"Deti \u00ebsht\u00eb fati yn\u00eb - Lajme nga Ulqini\" \/>\n<meta property=\"og:description\" content=\"Apel p\u00ebr t\u2019iu kthyer detit Ne ende nuk jemi mjaft t\u00eb vet\u00ebdijsh\u00ebm p\u00ebr r\u00ebnd\u00ebsin\u00eb e ar\u00ebs q\u00eb quhet det. Deti \u00ebsht\u00eb ar\u00eb e cila mund t\u00eb jap\u00eb tri korrje\" \/>\n<meta property=\"og:url\" content=\"https:\/\/www.visit-ulcinj.com\/blog\/2009\/11\/30\/deti-eshte-fati-yne\/\" \/>\n<meta property=\"og:site_name\" content=\"Lajme nga Ulqini\" \/>\n<meta property=\"article:published_time\" content=\"2009-11-30T19:08:16+00:00\" \/>\n<meta property=\"og:image\" content=\"http:\/\/www.visit-ulcinj.com\/blog\/wp-content\/uploads\/2009\/11\/Pushimet-ne-Ulqin1.jpg\" \/>\n<meta name=\"twitter:label1\" content=\"Written by\" \/>\n\t<meta name=\"twitter:data1\" content=\"ulqini\" \/>\n\t<meta name=\"twitter:label2\" content=\"Est. reading time\" \/>\n\t<meta name=\"twitter:data2\" content=\"3 minutes\" \/>\n<script type=\"application\/ld+json\" class=\"yoast-schema-graph\">{\"@context\":\"https:\/\/schema.org\",\"@graph\":[{\"@type\":\"WebSite\",\"@id\":\"https:\/\/www.visit-ulcinj.com\/blog\/#website\",\"url\":\"https:\/\/www.visit-ulcinj.com\/blog\/\",\"name\":\"Lajme nga Ulqini\",\"description\":\"Lajme,Vijesti,Ulqini,Ulqin,Crna Gora,Mali i Zi\",\"potentialAction\":[{\"@type\":\"SearchAction\",\"target\":{\"@type\":\"EntryPoint\",\"urlTemplate\":\"https:\/\/www.visit-ulcinj.com\/blog\/?s={search_term_string}\"},\"query-input\":\"required name=search_term_string\"}],\"inLanguage\":\"en-US\"},{\"@type\":\"ImageObject\",\"inLanguage\":\"en-US\",\"@id\":\"https:\/\/www.visit-ulcinj.com\/blog\/2009\/11\/30\/deti-eshte-fati-yne\/#primaryimage\",\"url\":\"https:\/\/www.visit-ulcinj.com\/blog\/wp-content\/uploads\/2009\/11\/Pushimet-ne-Ulqin1.jpg\",\"contentUrl\":\"https:\/\/www.visit-ulcinj.com\/blog\/wp-content\/uploads\/2009\/11\/Pushimet-ne-Ulqin1.jpg\",\"width\":\"758\",\"height\":\"370\"},{\"@type\":\"WebPage\",\"@id\":\"https:\/\/www.visit-ulcinj.com\/blog\/2009\/11\/30\/deti-eshte-fati-yne\/#webpage\",\"url\":\"https:\/\/www.visit-ulcinj.com\/blog\/2009\/11\/30\/deti-eshte-fati-yne\/\",\"name\":\"Deti \u00ebsht\u00eb fati yn\u00eb - Lajme nga Ulqini\",\"isPartOf\":{\"@id\":\"https:\/\/www.visit-ulcinj.com\/blog\/#website\"},\"primaryImageOfPage\":{\"@id\":\"https:\/\/www.visit-ulcinj.com\/blog\/2009\/11\/30\/deti-eshte-fati-yne\/#primaryimage\"},\"datePublished\":\"2009-11-30T19:08:16+00:00\",\"dateModified\":\"2009-11-30T19:08:16+00:00\",\"author\":{\"@id\":\"https:\/\/www.visit-ulcinj.com\/blog\/#\/schema\/person\/dcab619c614d3038751c63bc2aadc06d\"},\"description\":\"Apel p\u00ebr t\u2019iu kthyer detit Ne ende nuk jemi mjaft t\u00eb vet\u00ebdijsh\u00ebm p\u00ebr r\u00ebnd\u00ebsin\u00eb e ar\u00ebs q\u00eb quhet det. Deti \u00ebsht\u00eb ar\u00eb e cila mund t\u00eb jap\u00eb tri korrje\",\"breadcrumb\":{\"@id\":\"https:\/\/www.visit-ulcinj.com\/blog\/2009\/11\/30\/deti-eshte-fati-yne\/#breadcrumb\"},\"inLanguage\":\"en-US\",\"potentialAction\":[{\"@type\":\"ReadAction\",\"target\":[\"https:\/\/www.visit-ulcinj.com\/blog\/2009\/11\/30\/deti-eshte-fati-yne\/\"]}]},{\"@type\":\"BreadcrumbList\",\"@id\":\"https:\/\/www.visit-ulcinj.com\/blog\/2009\/11\/30\/deti-eshte-fati-yne\/#breadcrumb\",\"itemListElement\":[{\"@type\":\"ListItem\",\"position\":1,\"name\":\"Deti \u00ebsht\u00eb fati yn\u00eb\"}]},{\"@type\":\"Person\",\"@id\":\"https:\/\/www.visit-ulcinj.com\/blog\/#\/schema\/person\/dcab619c614d3038751c63bc2aadc06d\",\"name\":\"ulqini\",\"sameAs\":[\"http:\/\/www.visit-ulcinj.com\"],\"url\":\"https:\/\/www.visit-ulcinj.com\/blog\/author\/admin\/\"}]}<\/script>\n<!-- \/ Yoast SEO plugin. -->","yoast_head_json":{"title":"Deti \u00ebsht\u00eb fati yn\u00eb - Lajme nga Ulqini","description":"Apel p\u00ebr t\u2019iu kthyer detit Ne ende nuk jemi mjaft t\u00eb vet\u00ebdijsh\u00ebm p\u00ebr r\u00ebnd\u00ebsin\u00eb e ar\u00ebs q\u00eb quhet det. Deti \u00ebsht\u00eb ar\u00eb e cila mund t\u00eb jap\u00eb tri korrje","robots":{"index":"index","follow":"follow","max-snippet":"max-snippet:-1","max-image-preview":"max-image-preview:large","max-video-preview":"max-video-preview:-1"},"canonical":"https:\/\/www.visit-ulcinj.com\/blog\/2009\/11\/30\/deti-eshte-fati-yne\/","og_locale":"en_US","og_type":"article","og_title":"Deti \u00ebsht\u00eb fati yn\u00eb - Lajme nga Ulqini","og_description":"Apel p\u00ebr t\u2019iu kthyer detit Ne ende nuk jemi mjaft t\u00eb vet\u00ebdijsh\u00ebm p\u00ebr r\u00ebnd\u00ebsin\u00eb e ar\u00ebs q\u00eb quhet det. Deti \u00ebsht\u00eb ar\u00eb e cila mund t\u00eb jap\u00eb tri korrje","og_url":"https:\/\/www.visit-ulcinj.com\/blog\/2009\/11\/30\/deti-eshte-fati-yne\/","og_site_name":"Lajme nga Ulqini","article_published_time":"2009-11-30T19:08:16+00:00","og_image":[{"url":"http:\/\/www.visit-ulcinj.com\/blog\/wp-content\/uploads\/2009\/11\/Pushimet-ne-Ulqin1.jpg"}],"twitter_misc":{"Written by":"ulqini","Est. reading time":"3 minutes"},"schema":{"@context":"https:\/\/schema.org","@graph":[{"@type":"WebSite","@id":"https:\/\/www.visit-ulcinj.com\/blog\/#website","url":"https:\/\/www.visit-ulcinj.com\/blog\/","name":"Lajme nga Ulqini","description":"Lajme,Vijesti,Ulqini,Ulqin,Crna Gora,Mali i Zi","potentialAction":[{"@type":"SearchAction","target":{"@type":"EntryPoint","urlTemplate":"https:\/\/www.visit-ulcinj.com\/blog\/?s={search_term_string}"},"query-input":"required name=search_term_string"}],"inLanguage":"en-US"},{"@type":"ImageObject","inLanguage":"en-US","@id":"https:\/\/www.visit-ulcinj.com\/blog\/2009\/11\/30\/deti-eshte-fati-yne\/#primaryimage","url":"https:\/\/www.visit-ulcinj.com\/blog\/wp-content\/uploads\/2009\/11\/Pushimet-ne-Ulqin1.jpg","contentUrl":"https:\/\/www.visit-ulcinj.com\/blog\/wp-content\/uploads\/2009\/11\/Pushimet-ne-Ulqin1.jpg","width":"758","height":"370"},{"@type":"WebPage","@id":"https:\/\/www.visit-ulcinj.com\/blog\/2009\/11\/30\/deti-eshte-fati-yne\/#webpage","url":"https:\/\/www.visit-ulcinj.com\/blog\/2009\/11\/30\/deti-eshte-fati-yne\/","name":"Deti \u00ebsht\u00eb fati yn\u00eb - Lajme nga Ulqini","isPartOf":{"@id":"https:\/\/www.visit-ulcinj.com\/blog\/#website"},"primaryImageOfPage":{"@id":"https:\/\/www.visit-ulcinj.com\/blog\/2009\/11\/30\/deti-eshte-fati-yne\/#primaryimage"},"datePublished":"2009-11-30T19:08:16+00:00","dateModified":"2009-11-30T19:08:16+00:00","author":{"@id":"https:\/\/www.visit-ulcinj.com\/blog\/#\/schema\/person\/dcab619c614d3038751c63bc2aadc06d"},"description":"Apel p\u00ebr t\u2019iu kthyer detit Ne ende nuk jemi mjaft t\u00eb vet\u00ebdijsh\u00ebm p\u00ebr r\u00ebnd\u00ebsin\u00eb e ar\u00ebs q\u00eb quhet det. Deti \u00ebsht\u00eb ar\u00eb e cila mund t\u00eb jap\u00eb tri korrje","breadcrumb":{"@id":"https:\/\/www.visit-ulcinj.com\/blog\/2009\/11\/30\/deti-eshte-fati-yne\/#breadcrumb"},"inLanguage":"en-US","potentialAction":[{"@type":"ReadAction","target":["https:\/\/www.visit-ulcinj.com\/blog\/2009\/11\/30\/deti-eshte-fati-yne\/"]}]},{"@type":"BreadcrumbList","@id":"https:\/\/www.visit-ulcinj.com\/blog\/2009\/11\/30\/deti-eshte-fati-yne\/#breadcrumb","itemListElement":[{"@type":"ListItem","position":1,"name":"Deti \u00ebsht\u00eb fati yn\u00eb"}]},{"@type":"Person","@id":"https:\/\/www.visit-ulcinj.com\/blog\/#\/schema\/person\/dcab619c614d3038751c63bc2aadc06d","name":"ulqini","sameAs":["http:\/\/www.visit-ulcinj.com"],"url":"https:\/\/www.visit-ulcinj.com\/blog\/author\/admin\/"}]}},"jetpack_featured_media_url":"","jetpack_sharing_enabled":true,"jetpack_shortlink":"https:\/\/wp.me\/pe6lTn-7cU","_links":{"self":[{"href":"https:\/\/www.visit-ulcinj.com\/blog\/wp-json\/wp\/v2\/posts\/27708"}],"collection":[{"href":"https:\/\/www.visit-ulcinj.com\/blog\/wp-json\/wp\/v2\/posts"}],"about":[{"href":"https:\/\/www.visit-ulcinj.com\/blog\/wp-json\/wp\/v2\/types\/post"}],"author":[{"embeddable":true,"href":"https:\/\/www.visit-ulcinj.com\/blog\/wp-json\/wp\/v2\/users\/1"}],"replies":[{"embeddable":true,"href":"https:\/\/www.visit-ulcinj.com\/blog\/wp-json\/wp\/v2\/comments?post=27708"}],"version-history":[{"count":0,"href":"https:\/\/www.visit-ulcinj.com\/blog\/wp-json\/wp\/v2\/posts\/27708\/revisions"}],"wp:attachment":[{"href":"https:\/\/www.visit-ulcinj.com\/blog\/wp-json\/wp\/v2\/media?parent=27708"}],"wp:term":[{"taxonomy":"category","embeddable":true,"href":"https:\/\/www.visit-ulcinj.com\/blog\/wp-json\/wp\/v2\/categories?post=27708"},{"taxonomy":"post_tag","embeddable":true,"href":"https:\/\/www.visit-ulcinj.com\/blog\/wp-json\/wp\/v2\/tags?post=27708"}],"curies":[{"name":"wp","href":"https:\/\/api.w.org\/{rel}","templated":true}]}}