{"id":27718,"date":"2009-12-01T00:30:34","date_gmt":"2009-11-30T22:30:34","guid":{"rendered":"http:\/\/www.visit-ulcinj.com\/blog\/?p=27718"},"modified":"2009-12-01T00:30:34","modified_gmt":"2009-11-30T22:30:34","slug":"simi-karamanaga-odgovara-svetlani-manojlovic","status":"publish","type":"post","link":"https:\/\/www.visit-ulcinj.com\/blog\/2009\/12\/01\/simi-karamanaga-odgovara-svetlani-manojlovic\/","title":{"rendered":"Simi Karamanaga odgovara Svetlani Manojlovi?"},"content":{"rendered":"<p><strong><a href=\"http:\/\/www.visit-ulcinj.com\/blog\/wp-content\/uploads\/2009\/12\/Organizator-borbe-ovnova-u-Ulcinju-Simi-Karamanaga.jpg\"><img loading=\"lazy\" class=\"alignleft size-full wp-image-27719\" title=\"Organizator borbe ovnova u Ulcinju, Simi Karamanaga \" src=\"http:\/\/www.visit-ulcinj.com\/blog\/wp-content\/uploads\/2009\/12\/Organizator-borbe-ovnova-u-Ulcinju-Simi-Karamanaga.jpg\" alt=\"Organizator borbe ovnova u Ulcinju, Simi Karamanaga \" width=\"580\" height=\"341\" \/><\/a>?utite kada psi ubijaju ovnove <\/strong><br \/>\nUlcinj &#8211; Organizator borbe ovnova u Ulcinju, Simi Karamanaga pozvao je predsjednicu Dru\u0161tva za za\u0161titu \u017eivotinja Podgorice Svetlanu Manojlovi? da naredne godine prisustvuje toj tradicionalnoj manifestaciji i nakon toga \u201csmogne snage da prizna da je sve vrijeme bila u zabludi\u201d.<br \/>\n&#8211; Pozivam predsjednicu te nevladine organizacije da do?e i li?no se uvjeri u kakvim uslovima \u017eive na\u0161i ovnovi i kako se hrane. Moji ovnovi se biju jednom godi\u0161nje i svi koji prisustvuju borbama, potvrdi?e da strogo vodim ra?una da ne do?e do povre?ivanja. Ostali dio godine, ovnovi \u017eive u savr\u0161enim uslovima. Zato ne pri?ajte na pamet gospo?o Manojlovi?, ve? do?ite i uvjerite se &#8211; poru?io je Karamanaga u reagovanju na tekst \u201cKazniti organizatore\u201d, objavljenom u \u201cVijestima\u201d pro\u0161log petka, u kojem je Manojlovi? optu\u017eila organizatora borbi \u201cza nehumanost, kr\u0161enje zakona i sticanje koristi putem kla?enja i li?ne promocije, a sve pod pla\u0161tom tradicije\u201d.<br \/>\n&#8211; Borbe ovnova nijesam izmislio ja. To je naslje?e i tradicija koja traje vjekovima &#8211; kazao je Karamanaga.<br \/>\nOn je odbacio tvrdnje da se prije ili tokom borbi organizuje kla?enje.<br \/>\n&#8211; Nema kla?enja, samo vite\u0161tvo i presti\u017e, kako i dolikuje na\u0161oj tradiciji. Ne iznena?uje va\u0161a brza reakcija i poziv na lin? organizatora tradicionalne manifestacije pod maskom brige za \u017eivotinje. Previdjeli ste da je va\u0161a hitra reakcija izostala u dva navrata, kada mi je ?opor pasa lutalica napao i smrtno ranio ovnove &#8211; pi\u0161e Karamanaga i dodaje da je \u201cspreman sam na svaku vrstu komunikacije\u201d.<br \/>\n&#8211; Po\u0161tujem zakon i nemam potrebe da dokazujem svoju humanost. To Ulcinjani, ali i moji prijatelji \u0161irom Crne Gore, dobro znaju. Vi va\u0161u humanost doka\u017eite tako \u0161to ?ete za po?etak prestati da plasirate neistine i blatite na\u0161u tradiciju &#8211; zaklju?uje se u reagovanju.<\/p>\n<p><strong><br \/>\nS. A.<br \/>\n<a href=\"http:\/\/www.vijesti.me\/index.php?id=323536\" target=\"_blank\">Vijesti<\/p>\n\n\t\t<style type=\"text\/css\">\n\t\t\t#gallery-1 {\n\t\t\t\tmargin: auto;\n\t\t\t}\n\t\t\t#gallery-1 .gallery-item {\n\t\t\t\tfloat: left;\n\t\t\t\tmargin-top: 10px;\n\t\t\t\ttext-align: center;\n\t\t\t\twidth: 33%;\n\t\t\t}\n\t\t\t#gallery-1 img {\n\t\t\t\tborder: 2px solid #cfcfcf;\n\t\t\t}\n\t\t\t#gallery-1 .gallery-caption {\n\t\t\t\tmargin-left: 0;\n\t\t\t}\n\t\t\t\/* see gallery_shortcode() in wp-includes\/media.php *\/\n\t\t<\/style>\n\t\t<div id='gallery-1' class='gallery galleryid-27718 gallery-columns-3 gallery-size-thumbnail'><dl class='gallery-item'>\n\t\t\t<dt class='gallery-icon landscape'>\n\t\t\t\t<a href='https:\/\/www.visit-ulcinj.com\/blog\/wp-content\/uploads\/2009\/12\/Organizator-borbe-ovnova-u-Ulcinju-Simi-Karamanaga.jpg'><img width=\"150\" height=\"150\" src=\"https:\/\/www.visit-ulcinj.com\/blog\/wp-content\/uploads\/2009\/12\/Organizator-borbe-ovnova-u-Ulcinju-Simi-Karamanaga-150x150.jpg\" class=\"attachment-thumbnail size-thumbnail\" alt=\"\" loading=\"lazy\" \/><\/a>\n\t\t\t<\/dt><\/dl><dl class='gallery-item'>\n\t\t\t<dt class='gallery-icon landscape'>\n\t\t\t\t<a href='https:\/\/www.visit-ulcinj.com\/blog\/wp-content\/uploads\/2009\/12\/Organizator-borbe-ovnova-u-Ulcinju-Simi-Karamanaga.1.jpg'><img width=\"150\" height=\"150\" src=\"https:\/\/www.visit-ulcinj.com\/blog\/wp-content\/uploads\/2009\/12\/Organizator-borbe-ovnova-u-Ulcinju-Simi-Karamanaga.1-150x150.jpg\" class=\"attachment-thumbnail size-thumbnail\" alt=\"\" loading=\"lazy\" \/><\/a>\n\t\t\t<\/dt><\/dl><dl class='gallery-item'>\n\t\t\t<dt class='gallery-icon landscape'>\n\t\t\t\t<a href='https:\/\/www.visit-ulcinj.com\/blog\/wp-content\/uploads\/2009\/12\/festival-of-kurban-bayrami-ulcinj_ulqin4.jpg'><img width=\"150\" height=\"150\" src=\"https:\/\/www.visit-ulcinj.com\/blog\/wp-content\/uploads\/2009\/12\/festival-of-kurban-bayrami-ulcinj_ulqin4-150x150.jpg\" class=\"attachment-thumbnail size-thumbnail\" alt=\"\" loading=\"lazy\" \/><\/a>\n\t\t\t<\/dt><\/dl><br style=\"clear: both\" \/>\n\t\t<\/div>\n\n<p><\/a><br \/>\n<\/strong><\/p>\n","protected":false},"excerpt":{"rendered":"<p>?utite kada psi ubijaju ovnove Ulcinj &#8211; Organizator borbe ovnova u Ulcinju, Simi Karamanaga pozvao je predsjednicu Dru\u0161tva za za\u0161titu \u017eivotinja Podgorice Svetlanu Manojlovi? da naredne godine prisustvuje toj tradicionalnoj manifestaciji i nakon toga \u201csmogne snage da prizna da je sve vrijeme bila u zabludi\u201d. &#8211; Pozivam predsjednicu te nevladine organizacije da do?e i li?no [&hellip;]<\/p>\n","protected":false},"author":1,"featured_media":0,"comment_status":"open","ping_status":"closed","sticky":false,"template":"","format":"standard","meta":{"spay_email":"","jetpack_publicize_message":"","jetpack_is_tweetstorm":false,"jetpack_publicize_feature_enabled":true},"categories":[8337],"tags":[12936,12938,12937,12935],"jetpack_publicize_connections":[],"yoast_head":"<!-- This site is optimized with the Yoast SEO plugin v19.1 - https:\/\/yoast.com\/wordpress\/plugins\/seo\/ -->\n<title>Simi Karamanaga odgovara Svetlani Manojlovi? - Lajme nga Ulqini<\/title>\n<meta name=\"description\" content=\"?utite kada psi ubijaju ovnove Ulcinj - Organizator borbe ovnova u Ulcinju, Simi Karamanaga pozvao je predsjednicu Dru\u0161tva za za\u0161titu \u017eivotinja Podgorice\" \/>\n<meta name=\"robots\" content=\"index, follow, max-snippet:-1, max-image-preview:large, max-video-preview:-1\" \/>\n<link rel=\"canonical\" href=\"https:\/\/www.visit-ulcinj.com\/blog\/2009\/12\/01\/simi-karamanaga-odgovara-svetlani-manojlovic\/\" \/>\n<meta property=\"og:locale\" content=\"en_US\" \/>\n<meta property=\"og:type\" content=\"article\" \/>\n<meta property=\"og:title\" content=\"Simi Karamanaga odgovara Svetlani Manojlovi? - Lajme nga Ulqini\" \/>\n<meta property=\"og:description\" content=\"?utite kada psi ubijaju ovnove Ulcinj - Organizator borbe ovnova u Ulcinju, Simi Karamanaga pozvao je predsjednicu Dru\u0161tva za za\u0161titu \u017eivotinja Podgorice\" \/>\n<meta property=\"og:url\" content=\"https:\/\/www.visit-ulcinj.com\/blog\/2009\/12\/01\/simi-karamanaga-odgovara-svetlani-manojlovic\/\" \/>\n<meta property=\"og:site_name\" content=\"Lajme nga Ulqini\" \/>\n<meta property=\"article:published_time\" content=\"2009-11-30T22:30:34+00:00\" \/>\n<meta property=\"og:image\" content=\"https:\/\/www.visit-ulcinj.com\/blog\/wp-content\/uploads\/2009\/12\/Organizator-borbe-ovnova-u-Ulcinju-Simi-Karamanaga-150x150.jpg\" \/>\n<meta name=\"twitter:label1\" content=\"Written by\" \/>\n\t<meta name=\"twitter:data1\" content=\"ulqini\" \/>\n\t<meta name=\"twitter:label2\" content=\"Est. reading time\" \/>\n\t<meta name=\"twitter:data2\" content=\"2 minutes\" \/>\n<script type=\"application\/ld+json\" class=\"yoast-schema-graph\">{\"@context\":\"https:\/\/schema.org\",\"@graph\":[{\"@type\":\"WebSite\",\"@id\":\"https:\/\/www.visit-ulcinj.com\/blog\/#website\",\"url\":\"https:\/\/www.visit-ulcinj.com\/blog\/\",\"name\":\"Lajme nga Ulqini\",\"description\":\"Lajme,Vijesti,Ulqini,Ulqin,Crna Gora,Mali i Zi\",\"potentialAction\":[{\"@type\":\"SearchAction\",\"target\":{\"@type\":\"EntryPoint\",\"urlTemplate\":\"https:\/\/www.visit-ulcinj.com\/blog\/?s={search_term_string}\"},\"query-input\":\"required name=search_term_string\"}],\"inLanguage\":\"en-US\"},{\"@type\":\"ImageObject\",\"inLanguage\":\"en-US\",\"@id\":\"https:\/\/www.visit-ulcinj.com\/blog\/2009\/12\/01\/simi-karamanaga-odgovara-svetlani-manojlovic\/#primaryimage\",\"url\":\"https:\/\/www.visit-ulcinj.com\/blog\/wp-content\/uploads\/2009\/12\/Organizator-borbe-ovnova-u-Ulcinju-Simi-Karamanaga.jpg\",\"contentUrl\":\"https:\/\/www.visit-ulcinj.com\/blog\/wp-content\/uploads\/2009\/12\/Organizator-borbe-ovnova-u-Ulcinju-Simi-Karamanaga.jpg\",\"width\":\"610\",\"height\":\"341\"},{\"@type\":\"WebPage\",\"@id\":\"https:\/\/www.visit-ulcinj.com\/blog\/2009\/12\/01\/simi-karamanaga-odgovara-svetlani-manojlovic\/#webpage\",\"url\":\"https:\/\/www.visit-ulcinj.com\/blog\/2009\/12\/01\/simi-karamanaga-odgovara-svetlani-manojlovic\/\",\"name\":\"Simi Karamanaga odgovara Svetlani Manojlovi? - Lajme nga Ulqini\",\"isPartOf\":{\"@id\":\"https:\/\/www.visit-ulcinj.com\/blog\/#website\"},\"primaryImageOfPage\":{\"@id\":\"https:\/\/www.visit-ulcinj.com\/blog\/2009\/12\/01\/simi-karamanaga-odgovara-svetlani-manojlovic\/#primaryimage\"},\"datePublished\":\"2009-11-30T22:30:34+00:00\",\"dateModified\":\"2009-11-30T22:30:34+00:00\",\"author\":{\"@id\":\"https:\/\/www.visit-ulcinj.com\/blog\/#\/schema\/person\/dcab619c614d3038751c63bc2aadc06d\"},\"description\":\"?utite kada psi ubijaju ovnove Ulcinj - Organizator borbe ovnova u Ulcinju, Simi Karamanaga pozvao je predsjednicu Dru\u0161tva za za\u0161titu \u017eivotinja Podgorice\",\"breadcrumb\":{\"@id\":\"https:\/\/www.visit-ulcinj.com\/blog\/2009\/12\/01\/simi-karamanaga-odgovara-svetlani-manojlovic\/#breadcrumb\"},\"inLanguage\":\"en-US\",\"potentialAction\":[{\"@type\":\"ReadAction\",\"target\":[\"https:\/\/www.visit-ulcinj.com\/blog\/2009\/12\/01\/simi-karamanaga-odgovara-svetlani-manojlovic\/\"]}]},{\"@type\":\"BreadcrumbList\",\"@id\":\"https:\/\/www.visit-ulcinj.com\/blog\/2009\/12\/01\/simi-karamanaga-odgovara-svetlani-manojlovic\/#breadcrumb\",\"itemListElement\":[{\"@type\":\"ListItem\",\"position\":1,\"name\":\"Simi Karamanaga odgovara Svetlani Manojlovi?\"}]},{\"@type\":\"Person\",\"@id\":\"https:\/\/www.visit-ulcinj.com\/blog\/#\/schema\/person\/dcab619c614d3038751c63bc2aadc06d\",\"name\":\"ulqini\",\"sameAs\":[\"http:\/\/www.visit-ulcinj.com\"],\"url\":\"https:\/\/www.visit-ulcinj.com\/blog\/author\/admin\/\"}]}<\/script>\n<!-- \/ Yoast SEO plugin. -->","yoast_head_json":{"title":"Simi Karamanaga odgovara Svetlani Manojlovi? - Lajme nga Ulqini","description":"?utite kada psi ubijaju ovnove Ulcinj - Organizator borbe ovnova u Ulcinju, Simi Karamanaga pozvao je predsjednicu Dru\u0161tva za za\u0161titu \u017eivotinja Podgorice","robots":{"index":"index","follow":"follow","max-snippet":"max-snippet:-1","max-image-preview":"max-image-preview:large","max-video-preview":"max-video-preview:-1"},"canonical":"https:\/\/www.visit-ulcinj.com\/blog\/2009\/12\/01\/simi-karamanaga-odgovara-svetlani-manojlovic\/","og_locale":"en_US","og_type":"article","og_title":"Simi Karamanaga odgovara Svetlani Manojlovi? - Lajme nga Ulqini","og_description":"?utite kada psi ubijaju ovnove Ulcinj - Organizator borbe ovnova u Ulcinju, Simi Karamanaga pozvao je predsjednicu Dru\u0161tva za za\u0161titu \u017eivotinja Podgorice","og_url":"https:\/\/www.visit-ulcinj.com\/blog\/2009\/12\/01\/simi-karamanaga-odgovara-svetlani-manojlovic\/","og_site_name":"Lajme nga Ulqini","article_published_time":"2009-11-30T22:30:34+00:00","og_image":[{"url":"https:\/\/www.visit-ulcinj.com\/blog\/wp-content\/uploads\/2009\/12\/Organizator-borbe-ovnova-u-Ulcinju-Simi-Karamanaga-150x150.jpg"}],"twitter_misc":{"Written by":"ulqini","Est. reading time":"2 minutes"},"schema":{"@context":"https:\/\/schema.org","@graph":[{"@type":"WebSite","@id":"https:\/\/www.visit-ulcinj.com\/blog\/#website","url":"https:\/\/www.visit-ulcinj.com\/blog\/","name":"Lajme nga Ulqini","description":"Lajme,Vijesti,Ulqini,Ulqin,Crna Gora,Mali i Zi","potentialAction":[{"@type":"SearchAction","target":{"@type":"EntryPoint","urlTemplate":"https:\/\/www.visit-ulcinj.com\/blog\/?s={search_term_string}"},"query-input":"required name=search_term_string"}],"inLanguage":"en-US"},{"@type":"ImageObject","inLanguage":"en-US","@id":"https:\/\/www.visit-ulcinj.com\/blog\/2009\/12\/01\/simi-karamanaga-odgovara-svetlani-manojlovic\/#primaryimage","url":"https:\/\/www.visit-ulcinj.com\/blog\/wp-content\/uploads\/2009\/12\/Organizator-borbe-ovnova-u-Ulcinju-Simi-Karamanaga.jpg","contentUrl":"https:\/\/www.visit-ulcinj.com\/blog\/wp-content\/uploads\/2009\/12\/Organizator-borbe-ovnova-u-Ulcinju-Simi-Karamanaga.jpg","width":"610","height":"341"},{"@type":"WebPage","@id":"https:\/\/www.visit-ulcinj.com\/blog\/2009\/12\/01\/simi-karamanaga-odgovara-svetlani-manojlovic\/#webpage","url":"https:\/\/www.visit-ulcinj.com\/blog\/2009\/12\/01\/simi-karamanaga-odgovara-svetlani-manojlovic\/","name":"Simi Karamanaga odgovara Svetlani Manojlovi? - Lajme nga Ulqini","isPartOf":{"@id":"https:\/\/www.visit-ulcinj.com\/blog\/#website"},"primaryImageOfPage":{"@id":"https:\/\/www.visit-ulcinj.com\/blog\/2009\/12\/01\/simi-karamanaga-odgovara-svetlani-manojlovic\/#primaryimage"},"datePublished":"2009-11-30T22:30:34+00:00","dateModified":"2009-11-30T22:30:34+00:00","author":{"@id":"https:\/\/www.visit-ulcinj.com\/blog\/#\/schema\/person\/dcab619c614d3038751c63bc2aadc06d"},"description":"?utite kada psi ubijaju ovnove Ulcinj - Organizator borbe ovnova u Ulcinju, Simi Karamanaga pozvao je predsjednicu Dru\u0161tva za za\u0161titu \u017eivotinja Podgorice","breadcrumb":{"@id":"https:\/\/www.visit-ulcinj.com\/blog\/2009\/12\/01\/simi-karamanaga-odgovara-svetlani-manojlovic\/#breadcrumb"},"inLanguage":"en-US","potentialAction":[{"@type":"ReadAction","target":["https:\/\/www.visit-ulcinj.com\/blog\/2009\/12\/01\/simi-karamanaga-odgovara-svetlani-manojlovic\/"]}]},{"@type":"BreadcrumbList","@id":"https:\/\/www.visit-ulcinj.com\/blog\/2009\/12\/01\/simi-karamanaga-odgovara-svetlani-manojlovic\/#breadcrumb","itemListElement":[{"@type":"ListItem","position":1,"name":"Simi Karamanaga odgovara Svetlani Manojlovi?"}]},{"@type":"Person","@id":"https:\/\/www.visit-ulcinj.com\/blog\/#\/schema\/person\/dcab619c614d3038751c63bc2aadc06d","name":"ulqini","sameAs":["http:\/\/www.visit-ulcinj.com"],"url":"https:\/\/www.visit-ulcinj.com\/blog\/author\/admin\/"}]}},"jetpack_featured_media_url":"","jetpack_sharing_enabled":true,"jetpack_shortlink":"https:\/\/wp.me\/pe6lTn-7d4","_links":{"self":[{"href":"https:\/\/www.visit-ulcinj.com\/blog\/wp-json\/wp\/v2\/posts\/27718"}],"collection":[{"href":"https:\/\/www.visit-ulcinj.com\/blog\/wp-json\/wp\/v2\/posts"}],"about":[{"href":"https:\/\/www.visit-ulcinj.com\/blog\/wp-json\/wp\/v2\/types\/post"}],"author":[{"embeddable":true,"href":"https:\/\/www.visit-ulcinj.com\/blog\/wp-json\/wp\/v2\/users\/1"}],"replies":[{"embeddable":true,"href":"https:\/\/www.visit-ulcinj.com\/blog\/wp-json\/wp\/v2\/comments?post=27718"}],"version-history":[{"count":0,"href":"https:\/\/www.visit-ulcinj.com\/blog\/wp-json\/wp\/v2\/posts\/27718\/revisions"}],"wp:attachment":[{"href":"https:\/\/www.visit-ulcinj.com\/blog\/wp-json\/wp\/v2\/media?parent=27718"}],"wp:term":[{"taxonomy":"category","embeddable":true,"href":"https:\/\/www.visit-ulcinj.com\/blog\/wp-json\/wp\/v2\/categories?post=27718"},{"taxonomy":"post_tag","embeddable":true,"href":"https:\/\/www.visit-ulcinj.com\/blog\/wp-json\/wp\/v2\/tags?post=27718"}],"curies":[{"name":"wp","href":"https:\/\/api.w.org\/{rel}","templated":true}]}}