{"id":2774,"date":"2008-08-29T12:34:36","date_gmt":"2008-08-29T17:34:36","guid":{"rendered":"http:\/\/www.visit-ulcinj.com\/blog\/?p=2774"},"modified":"2008-08-29T13:37:33","modified_gmt":"2008-08-29T18:37:33","slug":"mali-i-zi-do-te-propozoje-marreveshjen-e-shtetesise-se-dyfishte","status":"publish","type":"post","link":"https:\/\/www.visit-ulcinj.com\/blog\/2008\/08\/29\/mali-i-zi-do-te-propozoje-marreveshjen-e-shtetesise-se-dyfishte\/","title":{"rendered":"Mali i Zi do t\u00eb propozoj\u00eb marr\u00ebveshjen e shtet\u00ebsis\u00eb s\u00eb dyfisht\u00eb"},"content":{"rendered":"<p><a href=\"http:\/\/www.vlada.cg.yu\/img\/1217253684.jpg\"><img loading=\"lazy\" class=\"alignleft\" title=\"Ministri i brendsh\u00ebm Jusuf Kalamperoviq \" src=\"http:\/\/www.vlada.cg.yu\/img\/1217253684.jpg\" alt=\"\" width=\"279\" height=\"176\" \/><\/a>PODGORIC\u00cb, Mali i Zi &#8212; Ministri i brendsh\u00ebm Jusuf Kalamperovi\u00e7 tha t\u00eb m\u00ebrkur\u00ebn ( 27 gusht) se Mali i Zi ka p\u00ebrgatitur nj\u00eb projekt-marr\u00ebveshje mbi shtet\u00ebsin\u00eb e dyfisht\u00eb me vendet e ish Jugosllavis\u00eb. Sipas propozimit, shtet\u00ebsia e dyfisht\u00eb do t\u00eb jet\u00eb nj\u00eb p\u00ebrjashtim: vet\u00ebm ata q\u00eb e pat\u00ebn at\u00eb p\u00ebrpara 3 qershorit 2006, kur Mali i Zi shpalli pavar\u00ebsin\u00eb, mund ta mbajn\u00eb at\u00eb. Shtet\u00ebsia e dyfisht\u00eb do t\u00eb jet\u00eb e p\u00ebrfitueshme p\u00ebr ata me nj\u00eb prind q\u00eb ishte nj\u00eb shtetas i nj\u00eb vendi tjet\u00ebr, shtoi Kalamperovi\u00e7.<br \/>\nBeogradi do t\u00eb ofroj\u00eb gjithashtu nj\u00eb marr\u00ebveshje t\u00eb shtet\u00ebsis\u00eb s\u00eb dyfisht\u00eb n\u00eb muajt e ardhsh\u00ebm, sipas ministrit t\u00eb brendsh\u00ebm serb Ivica Da\u00e7i\u00e7. Ai tha se Serbia \u00ebsht\u00eb gati t\u00eb mbaj\u00eb bisedime me Malin e Zi mbi \u00e7\u00ebshtjen, ndon\u00ebse ai vuri n\u00eb dukje se Serbia ka nj\u00eb pik\u00ebpamje krejt t\u00eb ndryshme mbi gjendjen.<br \/>\n<strong> Izvor \/ RTCG, Tanjug, B92<\/strong><\/p>\n<!-- vimeo error: not a vimeo video -->\n<p style=\"text-align: center;\"><a href=\"http:\/\/www.visit-ulcinj.com\/?rub=taxicobi\"><img loading=\"lazy\" class=\"size-medium wp-image-2781 aligncenter\" title=\"gimotaxi\" src=\"http:\/\/www.visit-ulcinj.com\/blog\/wp-content\/uploads\/2008\/08\/gimotaxi-300x140.jpg\" alt=\"\" width=\"300\" height=\"140\" srcset=\"https:\/\/www.visit-ulcinj.com\/blog\/wp-content\/uploads\/2008\/08\/gimotaxi-300x140.jpg 300w, https:\/\/www.visit-ulcinj.com\/blog\/wp-content\/uploads\/2008\/08\/gimotaxi.jpg 320w\" sizes=\"(max-width: 300px) 100vw, 300px\" \/><\/a><\/p>\n","protected":false},"excerpt":{"rendered":"<p><img loading=\"lazy\" class=\"alignleft\" title=\"Ministri i brendsh\u00ebm Jusuf Kalamperoviq \" src=\"http:\/\/www.vlada.cg.yu\/img\/1217253684.jpg\" alt=\"\" width=\"140\" height=\"140\" \/><\/p>\n","protected":false},"author":1,"featured_media":0,"comment_status":"open","ping_status":"closed","sticky":false,"template":"","format":"standard","meta":{"spay_email":"","jetpack_publicize_message":"","jetpack_is_tweetstorm":false,"jetpack_publicize_feature_enabled":true},"categories":[6,14,12],"tags":[1622],"jetpack_publicize_connections":[],"yoast_head":"<!-- This site is optimized with the Yoast SEO plugin v19.1 - https:\/\/yoast.com\/wordpress\/plugins\/seo\/ -->\n<title>Mali i Zi do t\u00eb propozoj\u00eb marr\u00ebveshjen e shtet\u00ebsis\u00eb s\u00eb dyfisht\u00eb - Lajme nga Ulqini<\/title>\n<meta name=\"robots\" content=\"index, follow, max-snippet:-1, max-image-preview:large, max-video-preview:-1\" \/>\n<link rel=\"canonical\" href=\"https:\/\/www.visit-ulcinj.com\/blog\/2008\/08\/29\/mali-i-zi-do-te-propozoje-marreveshjen-e-shtetesise-se-dyfishte\/\" \/>\n<meta property=\"og:locale\" content=\"en_US\" \/>\n<meta property=\"og:type\" content=\"article\" \/>\n<meta property=\"og:title\" content=\"Mali i Zi do t\u00eb propozoj\u00eb marr\u00ebveshjen e shtet\u00ebsis\u00eb s\u00eb dyfisht\u00eb - Lajme nga Ulqini\" \/>\n<meta property=\"og:url\" content=\"https:\/\/www.visit-ulcinj.com\/blog\/2008\/08\/29\/mali-i-zi-do-te-propozoje-marreveshjen-e-shtetesise-se-dyfishte\/\" \/>\n<meta property=\"og:site_name\" content=\"Lajme nga Ulqini\" \/>\n<meta property=\"article:published_time\" content=\"2008-08-29T17:34:36+00:00\" \/>\n<meta property=\"article:modified_time\" content=\"2008-08-29T18:37:33+00:00\" \/>\n<meta property=\"og:image\" content=\"http:\/\/www.vlada.cg.yu\/img\/1217253684.jpg\" \/>\n<meta name=\"twitter:label1\" content=\"Written by\" \/>\n\t<meta name=\"twitter:data1\" content=\"ulqini\" \/>\n\t<meta name=\"twitter:label2\" content=\"Est. reading time\" \/>\n\t<meta name=\"twitter:data2\" content=\"1 minute\" \/>\n<script type=\"application\/ld+json\" class=\"yoast-schema-graph\">{\"@context\":\"https:\/\/schema.org\",\"@graph\":[{\"@type\":\"WebSite\",\"@id\":\"https:\/\/www.visit-ulcinj.com\/blog\/#website\",\"url\":\"https:\/\/www.visit-ulcinj.com\/blog\/\",\"name\":\"Lajme nga Ulqini\",\"description\":\"Lajme,Vijesti,Ulqini,Ulqin,Crna Gora,Mali i Zi\",\"potentialAction\":[{\"@type\":\"SearchAction\",\"target\":{\"@type\":\"EntryPoint\",\"urlTemplate\":\"https:\/\/www.visit-ulcinj.com\/blog\/?s={search_term_string}\"},\"query-input\":\"required name=search_term_string\"}],\"inLanguage\":\"en-US\"},{\"@type\":\"ImageObject\",\"inLanguage\":\"en-US\",\"@id\":\"https:\/\/www.visit-ulcinj.com\/blog\/2008\/08\/29\/mali-i-zi-do-te-propozoje-marreveshjen-e-shtetesise-se-dyfishte\/#primaryimage\",\"url\":\"http:\/\/www.vlada.cg.yu\/img\/1217253684.jpg\",\"contentUrl\":\"http:\/\/www.vlada.cg.yu\/img\/1217253684.jpg\"},{\"@type\":\"WebPage\",\"@id\":\"https:\/\/www.visit-ulcinj.com\/blog\/2008\/08\/29\/mali-i-zi-do-te-propozoje-marreveshjen-e-shtetesise-se-dyfishte\/#webpage\",\"url\":\"https:\/\/www.visit-ulcinj.com\/blog\/2008\/08\/29\/mali-i-zi-do-te-propozoje-marreveshjen-e-shtetesise-se-dyfishte\/\",\"name\":\"Mali i Zi do t\u00eb propozoj\u00eb marr\u00ebveshjen e shtet\u00ebsis\u00eb s\u00eb dyfisht\u00eb - Lajme nga Ulqini\",\"isPartOf\":{\"@id\":\"https:\/\/www.visit-ulcinj.com\/blog\/#website\"},\"primaryImageOfPage\":{\"@id\":\"https:\/\/www.visit-ulcinj.com\/blog\/2008\/08\/29\/mali-i-zi-do-te-propozoje-marreveshjen-e-shtetesise-se-dyfishte\/#primaryimage\"},\"datePublished\":\"2008-08-29T17:34:36+00:00\",\"dateModified\":\"2008-08-29T18:37:33+00:00\",\"author\":{\"@id\":\"https:\/\/www.visit-ulcinj.com\/blog\/#\/schema\/person\/dcab619c614d3038751c63bc2aadc06d\"},\"breadcrumb\":{\"@id\":\"https:\/\/www.visit-ulcinj.com\/blog\/2008\/08\/29\/mali-i-zi-do-te-propozoje-marreveshjen-e-shtetesise-se-dyfishte\/#breadcrumb\"},\"inLanguage\":\"en-US\",\"potentialAction\":[{\"@type\":\"ReadAction\",\"target\":[\"https:\/\/www.visit-ulcinj.com\/blog\/2008\/08\/29\/mali-i-zi-do-te-propozoje-marreveshjen-e-shtetesise-se-dyfishte\/\"]}]},{\"@type\":\"BreadcrumbList\",\"@id\":\"https:\/\/www.visit-ulcinj.com\/blog\/2008\/08\/29\/mali-i-zi-do-te-propozoje-marreveshjen-e-shtetesise-se-dyfishte\/#breadcrumb\",\"itemListElement\":[{\"@type\":\"ListItem\",\"position\":1,\"name\":\"Mali i Zi do t\u00eb propozoj\u00eb marr\u00ebveshjen e shtet\u00ebsis\u00eb s\u00eb dyfisht\u00eb\"}]},{\"@type\":\"Person\",\"@id\":\"https:\/\/www.visit-ulcinj.com\/blog\/#\/schema\/person\/dcab619c614d3038751c63bc2aadc06d\",\"name\":\"ulqini\",\"sameAs\":[\"http:\/\/www.visit-ulcinj.com\"],\"url\":\"https:\/\/www.visit-ulcinj.com\/blog\/author\/admin\/\"}]}<\/script>\n<!-- \/ Yoast SEO plugin. -->","yoast_head_json":{"title":"Mali i Zi do t\u00eb propozoj\u00eb marr\u00ebveshjen e shtet\u00ebsis\u00eb s\u00eb dyfisht\u00eb - Lajme nga Ulqini","robots":{"index":"index","follow":"follow","max-snippet":"max-snippet:-1","max-image-preview":"max-image-preview:large","max-video-preview":"max-video-preview:-1"},"canonical":"https:\/\/www.visit-ulcinj.com\/blog\/2008\/08\/29\/mali-i-zi-do-te-propozoje-marreveshjen-e-shtetesise-se-dyfishte\/","og_locale":"en_US","og_type":"article","og_title":"Mali i Zi do t\u00eb propozoj\u00eb marr\u00ebveshjen e shtet\u00ebsis\u00eb s\u00eb dyfisht\u00eb - Lajme nga Ulqini","og_url":"https:\/\/www.visit-ulcinj.com\/blog\/2008\/08\/29\/mali-i-zi-do-te-propozoje-marreveshjen-e-shtetesise-se-dyfishte\/","og_site_name":"Lajme nga Ulqini","article_published_time":"2008-08-29T17:34:36+00:00","article_modified_time":"2008-08-29T18:37:33+00:00","og_image":[{"url":"http:\/\/www.vlada.cg.yu\/img\/1217253684.jpg"}],"twitter_misc":{"Written by":"ulqini","Est. reading time":"1 minute"},"schema":{"@context":"https:\/\/schema.org","@graph":[{"@type":"WebSite","@id":"https:\/\/www.visit-ulcinj.com\/blog\/#website","url":"https:\/\/www.visit-ulcinj.com\/blog\/","name":"Lajme nga Ulqini","description":"Lajme,Vijesti,Ulqini,Ulqin,Crna Gora,Mali i Zi","potentialAction":[{"@type":"SearchAction","target":{"@type":"EntryPoint","urlTemplate":"https:\/\/www.visit-ulcinj.com\/blog\/?s={search_term_string}"},"query-input":"required name=search_term_string"}],"inLanguage":"en-US"},{"@type":"ImageObject","inLanguage":"en-US","@id":"https:\/\/www.visit-ulcinj.com\/blog\/2008\/08\/29\/mali-i-zi-do-te-propozoje-marreveshjen-e-shtetesise-se-dyfishte\/#primaryimage","url":"http:\/\/www.vlada.cg.yu\/img\/1217253684.jpg","contentUrl":"http:\/\/www.vlada.cg.yu\/img\/1217253684.jpg"},{"@type":"WebPage","@id":"https:\/\/www.visit-ulcinj.com\/blog\/2008\/08\/29\/mali-i-zi-do-te-propozoje-marreveshjen-e-shtetesise-se-dyfishte\/#webpage","url":"https:\/\/www.visit-ulcinj.com\/blog\/2008\/08\/29\/mali-i-zi-do-te-propozoje-marreveshjen-e-shtetesise-se-dyfishte\/","name":"Mali i Zi do t\u00eb propozoj\u00eb marr\u00ebveshjen e shtet\u00ebsis\u00eb s\u00eb dyfisht\u00eb - Lajme nga Ulqini","isPartOf":{"@id":"https:\/\/www.visit-ulcinj.com\/blog\/#website"},"primaryImageOfPage":{"@id":"https:\/\/www.visit-ulcinj.com\/blog\/2008\/08\/29\/mali-i-zi-do-te-propozoje-marreveshjen-e-shtetesise-se-dyfishte\/#primaryimage"},"datePublished":"2008-08-29T17:34:36+00:00","dateModified":"2008-08-29T18:37:33+00:00","author":{"@id":"https:\/\/www.visit-ulcinj.com\/blog\/#\/schema\/person\/dcab619c614d3038751c63bc2aadc06d"},"breadcrumb":{"@id":"https:\/\/www.visit-ulcinj.com\/blog\/2008\/08\/29\/mali-i-zi-do-te-propozoje-marreveshjen-e-shtetesise-se-dyfishte\/#breadcrumb"},"inLanguage":"en-US","potentialAction":[{"@type":"ReadAction","target":["https:\/\/www.visit-ulcinj.com\/blog\/2008\/08\/29\/mali-i-zi-do-te-propozoje-marreveshjen-e-shtetesise-se-dyfishte\/"]}]},{"@type":"BreadcrumbList","@id":"https:\/\/www.visit-ulcinj.com\/blog\/2008\/08\/29\/mali-i-zi-do-te-propozoje-marreveshjen-e-shtetesise-se-dyfishte\/#breadcrumb","itemListElement":[{"@type":"ListItem","position":1,"name":"Mali i Zi do t\u00eb propozoj\u00eb marr\u00ebveshjen e shtet\u00ebsis\u00eb s\u00eb dyfisht\u00eb"}]},{"@type":"Person","@id":"https:\/\/www.visit-ulcinj.com\/blog\/#\/schema\/person\/dcab619c614d3038751c63bc2aadc06d","name":"ulqini","sameAs":["http:\/\/www.visit-ulcinj.com"],"url":"https:\/\/www.visit-ulcinj.com\/blog\/author\/admin\/"}]}},"jetpack_featured_media_url":"","jetpack_sharing_enabled":true,"jetpack_shortlink":"https:\/\/wp.me\/pe6lTn-IK","_links":{"self":[{"href":"https:\/\/www.visit-ulcinj.com\/blog\/wp-json\/wp\/v2\/posts\/2774"}],"collection":[{"href":"https:\/\/www.visit-ulcinj.com\/blog\/wp-json\/wp\/v2\/posts"}],"about":[{"href":"https:\/\/www.visit-ulcinj.com\/blog\/wp-json\/wp\/v2\/types\/post"}],"author":[{"embeddable":true,"href":"https:\/\/www.visit-ulcinj.com\/blog\/wp-json\/wp\/v2\/users\/1"}],"replies":[{"embeddable":true,"href":"https:\/\/www.visit-ulcinj.com\/blog\/wp-json\/wp\/v2\/comments?post=2774"}],"version-history":[{"count":0,"href":"https:\/\/www.visit-ulcinj.com\/blog\/wp-json\/wp\/v2\/posts\/2774\/revisions"}],"wp:attachment":[{"href":"https:\/\/www.visit-ulcinj.com\/blog\/wp-json\/wp\/v2\/media?parent=2774"}],"wp:term":[{"taxonomy":"category","embeddable":true,"href":"https:\/\/www.visit-ulcinj.com\/blog\/wp-json\/wp\/v2\/categories?post=2774"},{"taxonomy":"post_tag","embeddable":true,"href":"https:\/\/www.visit-ulcinj.com\/blog\/wp-json\/wp\/v2\/tags?post=2774"}],"curies":[{"name":"wp","href":"https:\/\/api.w.org\/{rel}","templated":true}]}}