{"id":27745,"date":"2009-12-01T13:26:51","date_gmt":"2009-12-01T11:26:51","guid":{"rendered":"http:\/\/www.visit-ulcinj.com\/blog\/?p=27745"},"modified":"2009-12-01T13:26:51","modified_gmt":"2009-12-01T11:26:51","slug":"aida-shtino-padi-per-divorc-ne-gjykate-ndaj-bashkeshortit","status":"publish","type":"post","link":"https:\/\/www.visit-ulcinj.com\/blog\/2009\/12\/01\/aida-shtino-padi-per-divorc-ne-gjykate-ndaj-bashkeshortit\/","title":{"rendered":"Aida Shtino, padi per divorc ne gjykate ndaj bashkeshortit"},"content":{"rendered":"<p><a href=\"http:\/\/www.visit-ulcinj.com\/blog\/wp-content\/uploads\/2009\/12\/Aida-Shtino.jpg\"><img loading=\"lazy\" class=\"alignleft size-full wp-image-27746\" title=\"Aida Shtino\" src=\"http:\/\/www.visit-ulcinj.com\/blog\/wp-content\/uploads\/2009\/12\/Aida-Shtino.jpg\" alt=\"Aida Shtino\" width=\"382\" height=\"579\" \/><\/a>Gazetarja dhe prezantuesja e njohur e emisionit \u201cNjer\u00ebz t\u00eb humbur\u201d n\u00eb \u201cTv Klan\u201d i ka dh\u00ebn\u00eb fund parimisht martes\u00ebs s\u00eb saj disavje\u00e7are, nd\u00ebrsa ka depozituar m\u00eb 20 n\u00ebntor pran\u00eb Gjykat\u00ebs s\u00eb Tiran\u00ebs, k\u00ebrkes\u00ebpadin\u00eb p\u00ebr divorc ndaj bashk\u00ebshortit t\u00eb saj Albano Ahmeti. Padia \u00ebsht\u00eb depozituar nga Aida me dat\u00eb 20 n\u00ebntor n\u00eb gjykat\u00eb, nd\u00ebrkoh\u00eb q\u00eb \u00ebsht\u00eb hedhur shorti dhe seanca e par\u00eb \u00ebsht\u00eb caktuar t\u00eb zhvillohet n\u00eb dat\u00eb 15 dhjetor 2009. N\u00eb padin\u00eb e gazetares \u00ebsht\u00eb specifikuar, q\u00eb nuk duhet t\u00eb sqarohet faj\u00ebsia, dhe se kujdestarin\u00eb p\u00ebr djalin ka k\u00ebrkuar ta marr\u00eb vet\u00eb ajo. Thuhet se gazetarja dhe bashk\u00ebshorti i saj jetojn\u00eb t\u00eb ve\u00e7uar prej disa muajsh, nd\u00ebrsa n\u00eb padi nuk \u00ebsht\u00eb sakt\u00ebsuar arsyeja p\u00ebrse k\u00ebrkohet ky divorc. Aida dhe bashk\u00ebshorti Albano (me profesion fotograf) jan\u00eb njohur q\u00eb kur Aida vazhdonte studimet e larta n\u00eb deg\u00ebn Gjuh\u00eb-Let\u00ebrsi n\u00eb Universitetin e Tiran\u00ebs. M\u00eb pas kan\u00eb emigruar bashk\u00eb drejt Athin\u00ebs, ku dhe jan\u00eb martuar dhe kan\u00eb lindur djalin e tyre Brandon. Thuhet se ka qen\u00eb pik\u00ebrisht Albano, i cili nd\u00ebrhyri n\u00eb sigurimin e patent\u00ebs n\u00eb nj\u00eb nga televizionet greke, me t\u00eb cilin Aida filloi emisionin \u201cKu je\u201d, n\u00eb ekranin e Telenorba Shqiptare n\u00eb Tiran\u00eb. Aida dhe Albano jan\u00eb moshtar\u00eb, t\u00eb dy t\u00eb dat\u00eblindjes 1969. Ajo ka lindur n\u00eb Gjirokast\u00ebr dhe pasi p\u00ebrfundoi shkollimin e mes\u00ebm, u diplomua p\u00ebr Gjuh\u00eb &#8211; Let\u00ebrsi n\u00eb Universitetin e Tiran\u00ebs.<br \/>\nKarriera e saj n\u00eb media filloi n\u00eb Tiran\u00eb me disa bashk\u00ebpunime me media lokale dhe TVSH dhe m\u00eb pas si gazetare n\u00eb Athin\u00eb n\u00eb kanalin \u201cALTER\u201d. Tek ky stacion punoi si gazetare investigative n\u00eb emisionin \u201cFos sto tounel\u201d, q\u00eb merret me k\u00ebrkimin e njer\u00ebzve t\u00eb humbur dhe t\u00eb zhdukur. Pas 13 vitesh n\u00eb Greqi ajo u rikthye p\u00ebr t\u00eb nisur emisionin \u201cKu Je\u201d n\u00eb \u201cTelenorba\u201d i cili p\u00ebr her\u00eb t\u00eb par\u00eb u transmetua n\u00eb prill 2005. Si nj\u00eb format i pashfaqur m\u00eb par\u00eb n\u00eb Shqip\u00ebri, ai pati nj\u00eb sukses t\u00eb jasht\u00ebzakonsh\u00ebm, popullaritet t\u00eb cilin vazhdon ta ruaj\u00eb edhe tani. Pas disa koh\u00ebsh themeloi Fondacionin \u201cNjer\u00ebz t\u00eb Humbur\u201d i cili i parapriu bashk\u00ebpunimit me kanalin \u201cVizion Plus\u201d.<br \/>\nAty ajo zhvilloi emisionin me t\u00eb nj\u00ebjtin em\u00ebr \u201cNjer\u00ebz t\u00eb humbur\u201d p\u00ebr dy vite. Ky emision merret me k\u00ebrkimin e shqiptar\u00ebve t\u00eb humbur dhe t\u00eb zhdukur nd\u00ebr vite n\u00eb rrethana t\u00eb ndryshme. Q\u00eb prej Gushtit 2008, Aida Shtino e b\u00ebn k\u00ebt\u00eb emision n\u00eb TV \u201cKlan\u201d.<br \/>\n<strong><br \/>\n<\/strong><\/p>\n<p><strong> Panorama Plus<\/strong><\/p>\n<!--YouTube Error: bad URL entered-->\n","protected":false},"excerpt":{"rendered":"<p>Gazetarja dhe prezantuesja e njohur e emisionit \u201cNjer\u00ebz t\u00eb humbur\u201d n\u00eb \u201cTv Klan\u201d i ka dh\u00ebn\u00eb fund parimisht martes\u00ebs s\u00eb saj disavje\u00e7are, nd\u00ebrsa ka depozituar m\u00eb 20 n\u00ebntor pran\u00eb Gjykat\u00ebs s\u00eb Tiran\u00ebs, k\u00ebrkes\u00ebpadin\u00eb p\u00ebr divorc ndaj bashk\u00ebshortit t\u00eb saj Albano Ahmeti. Padia \u00ebsht\u00eb depozituar nga Aida me dat\u00eb 20 n\u00ebntor n\u00eb gjykat\u00eb, nd\u00ebrkoh\u00eb q\u00eb \u00ebsht\u00eb [&hellip;]<\/p>\n","protected":false},"author":1,"featured_media":0,"comment_status":"open","ping_status":"closed","sticky":false,"template":"","format":"standard","meta":{"spay_email":"","jetpack_publicize_message":"","jetpack_is_tweetstorm":false,"jetpack_publicize_feature_enabled":true},"categories":[1],"tags":[12943,12942,12944],"jetpack_publicize_connections":[],"yoast_head":"<!-- This site is optimized with the Yoast SEO plugin v19.1 - https:\/\/yoast.com\/wordpress\/plugins\/seo\/ -->\n<title>Aida Shtino, padi per divorc ne gjykate ndaj bashkeshortit - Lajme nga Ulqini<\/title>\n<meta name=\"description\" content=\"Gazetarja dhe prezantuesja e njohur e emisionit \u201cNjer\u00ebz t\u00eb humbur\u201d n\u00eb \u201cTv Klan\u201d i ka dh\u00ebn\u00eb fund parimisht martes\u00ebs s\u00eb saj disavje\u00e7are, nd\u00ebrsa ka\" \/>\n<meta name=\"robots\" content=\"index, follow, max-snippet:-1, max-image-preview:large, max-video-preview:-1\" \/>\n<link rel=\"canonical\" href=\"https:\/\/www.visit-ulcinj.com\/blog\/2009\/12\/01\/aida-shtino-padi-per-divorc-ne-gjykate-ndaj-bashkeshortit\/\" \/>\n<meta property=\"og:locale\" content=\"en_US\" \/>\n<meta property=\"og:type\" content=\"article\" \/>\n<meta property=\"og:title\" content=\"Aida Shtino, padi per divorc ne gjykate ndaj bashkeshortit - Lajme nga Ulqini\" \/>\n<meta property=\"og:description\" content=\"Gazetarja dhe prezantuesja e njohur e emisionit \u201cNjer\u00ebz t\u00eb humbur\u201d n\u00eb \u201cTv Klan\u201d i ka dh\u00ebn\u00eb fund parimisht martes\u00ebs s\u00eb saj disavje\u00e7are, nd\u00ebrsa ka\" \/>\n<meta property=\"og:url\" content=\"https:\/\/www.visit-ulcinj.com\/blog\/2009\/12\/01\/aida-shtino-padi-per-divorc-ne-gjykate-ndaj-bashkeshortit\/\" \/>\n<meta property=\"og:site_name\" content=\"Lajme nga Ulqini\" \/>\n<meta property=\"article:published_time\" content=\"2009-12-01T11:26:51+00:00\" \/>\n<meta property=\"og:image\" content=\"http:\/\/www.visit-ulcinj.com\/blog\/wp-content\/uploads\/2009\/12\/Aida-Shtino.jpg\" \/>\n<meta name=\"twitter:label1\" content=\"Written by\" \/>\n\t<meta name=\"twitter:data1\" content=\"ulqini\" \/>\n\t<meta name=\"twitter:label2\" content=\"Est. reading time\" \/>\n\t<meta name=\"twitter:data2\" content=\"2 minutes\" \/>\n<script type=\"application\/ld+json\" class=\"yoast-schema-graph\">{\"@context\":\"https:\/\/schema.org\",\"@graph\":[{\"@type\":\"WebSite\",\"@id\":\"https:\/\/www.visit-ulcinj.com\/blog\/#website\",\"url\":\"https:\/\/www.visit-ulcinj.com\/blog\/\",\"name\":\"Lajme nga Ulqini\",\"description\":\"Lajme,Vijesti,Ulqini,Ulqin,Crna Gora,Mali i Zi\",\"potentialAction\":[{\"@type\":\"SearchAction\",\"target\":{\"@type\":\"EntryPoint\",\"urlTemplate\":\"https:\/\/www.visit-ulcinj.com\/blog\/?s={search_term_string}\"},\"query-input\":\"required name=search_term_string\"}],\"inLanguage\":\"en-US\"},{\"@type\":\"ImageObject\",\"inLanguage\":\"en-US\",\"@id\":\"https:\/\/www.visit-ulcinj.com\/blog\/2009\/12\/01\/aida-shtino-padi-per-divorc-ne-gjykate-ndaj-bashkeshortit\/#primaryimage\",\"url\":\"http:\/\/www.visit-ulcinj.com\/blog\/wp-content\/uploads\/2009\/12\/Aida-Shtino.jpg\",\"contentUrl\":\"http:\/\/www.visit-ulcinj.com\/blog\/wp-content\/uploads\/2009\/12\/Aida-Shtino.jpg\"},{\"@type\":\"WebPage\",\"@id\":\"https:\/\/www.visit-ulcinj.com\/blog\/2009\/12\/01\/aida-shtino-padi-per-divorc-ne-gjykate-ndaj-bashkeshortit\/#webpage\",\"url\":\"https:\/\/www.visit-ulcinj.com\/blog\/2009\/12\/01\/aida-shtino-padi-per-divorc-ne-gjykate-ndaj-bashkeshortit\/\",\"name\":\"Aida Shtino, padi per divorc ne gjykate ndaj bashkeshortit - Lajme nga Ulqini\",\"isPartOf\":{\"@id\":\"https:\/\/www.visit-ulcinj.com\/blog\/#website\"},\"primaryImageOfPage\":{\"@id\":\"https:\/\/www.visit-ulcinj.com\/blog\/2009\/12\/01\/aida-shtino-padi-per-divorc-ne-gjykate-ndaj-bashkeshortit\/#primaryimage\"},\"datePublished\":\"2009-12-01T11:26:51+00:00\",\"dateModified\":\"2009-12-01T11:26:51+00:00\",\"author\":{\"@id\":\"https:\/\/www.visit-ulcinj.com\/blog\/#\/schema\/person\/dcab619c614d3038751c63bc2aadc06d\"},\"description\":\"Gazetarja dhe prezantuesja e njohur e emisionit \u201cNjer\u00ebz t\u00eb humbur\u201d n\u00eb \u201cTv Klan\u201d i ka dh\u00ebn\u00eb fund parimisht martes\u00ebs s\u00eb saj disavje\u00e7are, nd\u00ebrsa ka\",\"breadcrumb\":{\"@id\":\"https:\/\/www.visit-ulcinj.com\/blog\/2009\/12\/01\/aida-shtino-padi-per-divorc-ne-gjykate-ndaj-bashkeshortit\/#breadcrumb\"},\"inLanguage\":\"en-US\",\"potentialAction\":[{\"@type\":\"ReadAction\",\"target\":[\"https:\/\/www.visit-ulcinj.com\/blog\/2009\/12\/01\/aida-shtino-padi-per-divorc-ne-gjykate-ndaj-bashkeshortit\/\"]}]},{\"@type\":\"BreadcrumbList\",\"@id\":\"https:\/\/www.visit-ulcinj.com\/blog\/2009\/12\/01\/aida-shtino-padi-per-divorc-ne-gjykate-ndaj-bashkeshortit\/#breadcrumb\",\"itemListElement\":[{\"@type\":\"ListItem\",\"position\":1,\"name\":\"Aida Shtino, padi per divorc ne gjykate ndaj bashkeshortit\"}]},{\"@type\":\"Person\",\"@id\":\"https:\/\/www.visit-ulcinj.com\/blog\/#\/schema\/person\/dcab619c614d3038751c63bc2aadc06d\",\"name\":\"ulqini\",\"sameAs\":[\"http:\/\/www.visit-ulcinj.com\"],\"url\":\"https:\/\/www.visit-ulcinj.com\/blog\/author\/admin\/\"}]}<\/script>\n<!-- \/ Yoast SEO plugin. -->","yoast_head_json":{"title":"Aida Shtino, padi per divorc ne gjykate ndaj bashkeshortit - Lajme nga Ulqini","description":"Gazetarja dhe prezantuesja e njohur e emisionit \u201cNjer\u00ebz t\u00eb humbur\u201d n\u00eb \u201cTv Klan\u201d i ka dh\u00ebn\u00eb fund parimisht martes\u00ebs s\u00eb saj disavje\u00e7are, nd\u00ebrsa ka","robots":{"index":"index","follow":"follow","max-snippet":"max-snippet:-1","max-image-preview":"max-image-preview:large","max-video-preview":"max-video-preview:-1"},"canonical":"https:\/\/www.visit-ulcinj.com\/blog\/2009\/12\/01\/aida-shtino-padi-per-divorc-ne-gjykate-ndaj-bashkeshortit\/","og_locale":"en_US","og_type":"article","og_title":"Aida Shtino, padi per divorc ne gjykate ndaj bashkeshortit - Lajme nga Ulqini","og_description":"Gazetarja dhe prezantuesja e njohur e emisionit \u201cNjer\u00ebz t\u00eb humbur\u201d n\u00eb \u201cTv Klan\u201d i ka dh\u00ebn\u00eb fund parimisht martes\u00ebs s\u00eb saj disavje\u00e7are, nd\u00ebrsa ka","og_url":"https:\/\/www.visit-ulcinj.com\/blog\/2009\/12\/01\/aida-shtino-padi-per-divorc-ne-gjykate-ndaj-bashkeshortit\/","og_site_name":"Lajme nga Ulqini","article_published_time":"2009-12-01T11:26:51+00:00","og_image":[{"url":"http:\/\/www.visit-ulcinj.com\/blog\/wp-content\/uploads\/2009\/12\/Aida-Shtino.jpg"}],"twitter_misc":{"Written by":"ulqini","Est. reading time":"2 minutes"},"schema":{"@context":"https:\/\/schema.org","@graph":[{"@type":"WebSite","@id":"https:\/\/www.visit-ulcinj.com\/blog\/#website","url":"https:\/\/www.visit-ulcinj.com\/blog\/","name":"Lajme nga Ulqini","description":"Lajme,Vijesti,Ulqini,Ulqin,Crna Gora,Mali i Zi","potentialAction":[{"@type":"SearchAction","target":{"@type":"EntryPoint","urlTemplate":"https:\/\/www.visit-ulcinj.com\/blog\/?s={search_term_string}"},"query-input":"required name=search_term_string"}],"inLanguage":"en-US"},{"@type":"ImageObject","inLanguage":"en-US","@id":"https:\/\/www.visit-ulcinj.com\/blog\/2009\/12\/01\/aida-shtino-padi-per-divorc-ne-gjykate-ndaj-bashkeshortit\/#primaryimage","url":"http:\/\/www.visit-ulcinj.com\/blog\/wp-content\/uploads\/2009\/12\/Aida-Shtino.jpg","contentUrl":"http:\/\/www.visit-ulcinj.com\/blog\/wp-content\/uploads\/2009\/12\/Aida-Shtino.jpg"},{"@type":"WebPage","@id":"https:\/\/www.visit-ulcinj.com\/blog\/2009\/12\/01\/aida-shtino-padi-per-divorc-ne-gjykate-ndaj-bashkeshortit\/#webpage","url":"https:\/\/www.visit-ulcinj.com\/blog\/2009\/12\/01\/aida-shtino-padi-per-divorc-ne-gjykate-ndaj-bashkeshortit\/","name":"Aida Shtino, padi per divorc ne gjykate ndaj bashkeshortit - Lajme nga Ulqini","isPartOf":{"@id":"https:\/\/www.visit-ulcinj.com\/blog\/#website"},"primaryImageOfPage":{"@id":"https:\/\/www.visit-ulcinj.com\/blog\/2009\/12\/01\/aida-shtino-padi-per-divorc-ne-gjykate-ndaj-bashkeshortit\/#primaryimage"},"datePublished":"2009-12-01T11:26:51+00:00","dateModified":"2009-12-01T11:26:51+00:00","author":{"@id":"https:\/\/www.visit-ulcinj.com\/blog\/#\/schema\/person\/dcab619c614d3038751c63bc2aadc06d"},"description":"Gazetarja dhe prezantuesja e njohur e emisionit \u201cNjer\u00ebz t\u00eb humbur\u201d n\u00eb \u201cTv Klan\u201d i ka dh\u00ebn\u00eb fund parimisht martes\u00ebs s\u00eb saj disavje\u00e7are, nd\u00ebrsa ka","breadcrumb":{"@id":"https:\/\/www.visit-ulcinj.com\/blog\/2009\/12\/01\/aida-shtino-padi-per-divorc-ne-gjykate-ndaj-bashkeshortit\/#breadcrumb"},"inLanguage":"en-US","potentialAction":[{"@type":"ReadAction","target":["https:\/\/www.visit-ulcinj.com\/blog\/2009\/12\/01\/aida-shtino-padi-per-divorc-ne-gjykate-ndaj-bashkeshortit\/"]}]},{"@type":"BreadcrumbList","@id":"https:\/\/www.visit-ulcinj.com\/blog\/2009\/12\/01\/aida-shtino-padi-per-divorc-ne-gjykate-ndaj-bashkeshortit\/#breadcrumb","itemListElement":[{"@type":"ListItem","position":1,"name":"Aida Shtino, padi per divorc ne gjykate ndaj bashkeshortit"}]},{"@type":"Person","@id":"https:\/\/www.visit-ulcinj.com\/blog\/#\/schema\/person\/dcab619c614d3038751c63bc2aadc06d","name":"ulqini","sameAs":["http:\/\/www.visit-ulcinj.com"],"url":"https:\/\/www.visit-ulcinj.com\/blog\/author\/admin\/"}]}},"jetpack_featured_media_url":"","jetpack_sharing_enabled":true,"jetpack_shortlink":"https:\/\/wp.me\/pe6lTn-7dv","_links":{"self":[{"href":"https:\/\/www.visit-ulcinj.com\/blog\/wp-json\/wp\/v2\/posts\/27745"}],"collection":[{"href":"https:\/\/www.visit-ulcinj.com\/blog\/wp-json\/wp\/v2\/posts"}],"about":[{"href":"https:\/\/www.visit-ulcinj.com\/blog\/wp-json\/wp\/v2\/types\/post"}],"author":[{"embeddable":true,"href":"https:\/\/www.visit-ulcinj.com\/blog\/wp-json\/wp\/v2\/users\/1"}],"replies":[{"embeddable":true,"href":"https:\/\/www.visit-ulcinj.com\/blog\/wp-json\/wp\/v2\/comments?post=27745"}],"version-history":[{"count":0,"href":"https:\/\/www.visit-ulcinj.com\/blog\/wp-json\/wp\/v2\/posts\/27745\/revisions"}],"wp:attachment":[{"href":"https:\/\/www.visit-ulcinj.com\/blog\/wp-json\/wp\/v2\/media?parent=27745"}],"wp:term":[{"taxonomy":"category","embeddable":true,"href":"https:\/\/www.visit-ulcinj.com\/blog\/wp-json\/wp\/v2\/categories?post=27745"},{"taxonomy":"post_tag","embeddable":true,"href":"https:\/\/www.visit-ulcinj.com\/blog\/wp-json\/wp\/v2\/tags?post=27745"}],"curies":[{"name":"wp","href":"https:\/\/api.w.org\/{rel}","templated":true}]}}