{"id":27749,"date":"2009-12-01T14:13:36","date_gmt":"2009-12-01T12:13:36","guid":{"rendered":"http:\/\/www.visit-ulcinj.com\/blog\/?p=27749"},"modified":"2009-12-01T14:20:53","modified_gmt":"2009-12-01T12:20:53","slug":"anjeza-shahini-nuk-kam-kuriozitet-per-eurosong-un","status":"publish","type":"post","link":"https:\/\/www.visit-ulcinj.com\/blog\/2009\/12\/01\/anjeza-shahini-nuk-kam-kuriozitet-per-eurosong-un\/","title":{"rendered":"Anjeza Shahini: Nuk kam kuriozitet p\u00ebr Eurosong-un"},"content":{"rendered":"<p><a href=\"http:\/\/www.visit-ulcinj.com\/blog\/wp-content\/uploads\/2009\/12\/Anjeza-Shahini-2.jpg\"><img loading=\"lazy\" class=\"alignleft size-full wp-image-27754\" title=\"Anjeza Shahini (2)\" src=\"http:\/\/www.visit-ulcinj.com\/blog\/wp-content\/uploads\/2009\/12\/Anjeza-Shahini-2.jpg\" alt=\"Anjeza Shahini (2)\" width=\"580\" height=\"345\" \/><\/a><\/p>\n<p style=\"text-align: justify;\"><strong><span style=\"font-weight: normal;\">Pas 4 vitesh, k\u00ebng\u00ebtarja prezantohet n\u00eb Festivalin e K\u00ebng\u00ebs n\u00eb RTSH me krijimin e kompozitorit Sokol Marsi. Hera e fundit q\u00eb k\u00ebng\u00ebtarja <a style=\"color: blue;\" href=\"http:\/\/vip.shqiperia.com\/artist\/122\/Anjeza-Shahini.html\"><strong> <\/strong><\/a><\/span><\/strong>Anjeza Shahini<strong><span style=\"font-weight: normal;\"> ka marr\u00eb pjes\u00eb n\u00eb Festivalin e K\u00ebng\u00ebs n\u00eb RTSH ka qen\u00eb n\u00eb vitin 2005, me nj\u00eb bashk\u00ebpunim me kompozitorin Harold Hanich n\u00eb k\u00ebng\u00ebn &#8220;Pse ndal&#8221;.Pyetjes se p\u00ebrse ka munguar p\u00ebr kat\u00ebr vite, ajo i p\u00ebrgjigjet: &#8220;I jap shum\u00eb r\u00ebnd\u00ebsi festivalit, publikut q\u00eb m\u00eb mb\u00ebshtet dhe para tij dua t\u00eb jem e bindur p\u00ebr at\u00eb q\u00eb sjell&#8221;.Bindjen p\u00ebr t\u00eb qen\u00eb n\u00eb sken\u00eb k\u00ebt\u00eb vit, ia ka dh\u00ebn\u00eb krijimi i kompozitorit Sokol Marsi, nj\u00eb k\u00ebng\u00eb q\u00eb i p\u00ebrshtatet vokalit, ndjesive dhe i ngjall emocione, tep\u00ebr t\u00eb \u00e7muara p\u00ebr t\u00eb.Gjat\u00eb nj\u00eb bisede t\u00eb b\u00ebr\u00eb n\u00eb nj\u00eb nga baret e Universitetit Evropian t\u00eb Tiran\u00ebs, ku ajo vazhdon studimet n\u00eb vitin e tret\u00eb p\u00ebr Marr\u00ebdh\u00ebnie Nd\u00ebrkomb\u00ebtare, Anjeza tregon p\u00ebr festivalin, k\u00ebng\u00ebn, muzik\u00ebn dhe &#8220;Eurosong&#8221;-un, n\u00eb sken\u00ebn e t\u00eb cilit \u00ebsht\u00eb prezantuar me k\u00ebng\u00ebn &#8220;Imazhi yt&#8221;, n\u00eb vitin 2004. <\/span><br \/>\n<\/strong><\/p>\n<p style=\"text-align: justify;\"><strong>Anjeza, hera e fundit n\u00eb sken\u00ebn e festivalit ishte para 4 vitesh. P\u00ebrse ke munguar?<\/strong><\/p>\n<p style=\"text-align: justify; font-style: italic;\">Kjo koh\u00eb m\u00eb \u00ebsht\u00eb dashur p\u00ebr t\u00eb qen\u00eb gati p\u00ebr t\u00eb marr\u00eb pjes\u00eb n\u00eb festival. P\u00ebr arsye se i jap shum\u00eb r\u00ebnd\u00ebsi Festivalit t\u00eb K\u00ebng\u00ebs, publikut q\u00eb m\u00eb mb\u00ebshtet dhe para tij dua t\u00eb jem e bindur p\u00ebr at\u00eb q\u00eb sjell. Koha q\u00eb nuk kam marr\u00eb pjes\u00eb m\u00eb ka sh\u00ebrbyer p\u00ebr t\u00eb qen\u00eb m\u00eb pran\u00eb publikut me k\u00ebng\u00eb t\u00eb reja, album, apo videoklipe.Albumi &#8220;Erdhi Momenti&#8221;, publikuar vjet n\u00eb ver\u00eb, si dhe dy k\u00ebng\u00ebt q\u00eb e p\u00ebrfaq\u00ebsuan at\u00eb &#8220;Erdhi Momenti&#8221; dhe &#8220;Lot Pendimi&#8221; q\u00eb jan\u00eb edhe videoklipe, jan\u00eb rezultat i asaj kohe pushimi q\u00eb kam b\u00ebr\u00eb, nd\u00ebrsa festivalet i lash\u00eb pak pas dore. Nuk kam vendosur ndonj\u00ebher\u00eb n\u00ebse do t\u00eb marr ose jo pjes\u00eb n\u00eb festivale, k\u00ebsaj nuk i dihet asnj\u00ebher\u00eb. Jam gjithmon\u00eb e mendimit q\u00eb kurr\u00eb t\u00eb mos thuash kurr\u00eb. Erdhi nj\u00eb k\u00ebng\u00eb e mir\u00eb, q\u00eb un\u00eb e ndjeva dhe pranova t\u00eb merrja pjes\u00eb k\u00ebt\u00eb vit.<\/p>\n<p style=\"text-align: justify;\"><strong>Me k\u00ebng\u00eb t\u00eb mir\u00eb \u00e7far\u00eb do kuptojm\u00eb? <\/strong><\/p>\n<p style=\"text-align: justify; font-style: italic;\">Do t\u00eb thot\u00eb q\u00eb un\u00eb ndihem gati p\u00ebr ta k\u00ebnduar at\u00eb. \u00cbsht\u00eb e p\u00ebrshtatshme p\u00ebr vokalin tim, p\u00ebr ndjesit\u00eb e mia, nj\u00eb emocion q\u00eb t\u00eb vjen. \u00cbsht\u00eb nj\u00eb k\u00ebng\u00eb q\u00eb m\u00eb b\u00ebn t\u00eb ndihem komfort n\u00eb sken\u00eb.Kam at\u00eb emocionin q\u00eb sa her\u00eb e k\u00ebndoj, jap \u00e7far\u00eb mundem nga vetja. Nj\u00eb emocion q\u00eb gjithmon\u00eb dua ta kem kur dua t\u00eb k\u00ebndoj nj\u00eb k\u00ebng\u00eb, sidomos kur b\u00ebhet fjala p\u00ebr konkurse, festivale, p\u00ebrndryshe nuk i jap r\u00ebnd\u00ebsin\u00eb e duhur dhe nuk m\u00eb jep k\u00ebnaq\u00ebsi.<\/p>\n<p style=\"text-align: justify;\"><strong>Po kompozitori Sokol Marsi p\u00ebrse ta besoi ty k\u00ebt\u00eb krijim? <\/strong><\/p>\n<p style=\"text-align: justify;\"><span style=\"font-style: italic;\">Di q\u00eb \u00ebsht\u00eb nisur t\u00eb b\u00ebj nj\u00eb k\u00ebng\u00eb t\u00eb bukur p\u00ebr festival dhe n\u00eb momentet e para q\u00eb ka nisur t\u00eb krijoj\u00eb muzik\u00ebn ka menduar q\u00eb k\u00ebto nota mund t\u00eb m\u00eb shkonin mua p\u00ebr shtat.Fjal\u00ebt e tij ishin: &#8220;Kjo k\u00ebng\u00eb mund t\u00eb marr\u00eb at\u00eb zhvillim q\u00eb un\u00eb mendoj vet\u00ebm duke qen\u00eb e p\u00ebrshtatshme p\u00ebr ty&#8221;. K\u00ebshtu nisi bashk\u00ebpunimi, filluam me notat e para dhe \u00e7do gj\u00eb \u00ebsht\u00eb duke u b\u00ebr\u00eb bashk\u00eb, n\u00eb grup. <\/span><\/p>\n<p style=\"text-align: justify;\"><strong>Nj\u00eb mendim i par\u00eb p\u00ebr titullin e k\u00ebng\u00ebs \u00ebsht\u00eb &#8220;Pasqyr\u00eb e vetvetes&#8221;. Si shihet Anjeza n\u00eb k\u00ebt\u00eb pasqyr\u00eb? <\/strong><\/p>\n<p style=\"text-align: justify;\"><span style=\"font-style: italic;\">\u00cbsht\u00eb e lidhur shum\u00eb me gjendjen shpirt\u00ebrore t\u00eb momentit. N\u00eb momentin q\u00eb ndihem mir\u00eb, edhe me pak fare &#8220;make up&#8221; m\u00eb duket vetja mir\u00eb, por kur nuk jam n\u00eb gjendje t\u00eb mir\u00eb shpirt\u00ebrore, nuk b\u00ebn asgj\u00eb pasqyra p\u00ebr ta rregulluar at\u00eb. <\/span><\/p>\n<p style=\"text-align: justify;\"><strong>Nd\u00ebrsa po flasim p\u00ebr festivalin, je n\u00eb or\u00ebn e lir\u00eb t\u00eb pushimit. A mjafton koha p\u00ebr t\u00eb qen\u00eb n\u00eb rregull me t\u00eb dyja? <\/strong><\/p>\n<p style=\"text-align: justify;\"><span style=\"font-style: italic;\">Nuk do ta quaja nj\u00eb v\u00ebshtir\u00ebsi shum\u00eb e madhe sepse q\u00eb kur kam muzik\u00ebn, kam qen\u00eb gjithmon\u00eb n\u00eb shkoll\u00eb, q\u00eb n\u00eb gjimnaz.Dita i \u00ebsht\u00eb kushtuar gjithmon\u00eb shkoll\u00ebs, kurse pasditja, ose net\u00ebt speciale i kushtohen muzik\u00ebs. N\u00eb momentet q\u00eb nuk jam n\u00eb shkoll\u00eb, ose nuk kam ndonj\u00eb aktivitet gjat\u00eb dit\u00ebs, ndjej munges\u00eb, nuk organizohem dot. Shkolla m\u00eb organizon m\u00eb tep\u00ebr momentin, nes\u00ebr do t\u00eb jet\u00eb puna, nuk i dihet. Nuk m\u00eb krijon v\u00ebshtir\u00ebsi, p\u00ebrkundrazi m\u00eb jep nj\u00eb rregull n\u00eb dit\u00ebn time.<\/span><strong><br \/>\n<\/strong><\/p>\n<p style=\"text-align: justify;\"><strong>Gjendet gjithmon\u00eb koh\u00eb p\u00ebr prova?<\/strong><\/p>\n<p style=\"text-align: justify;\"><span style=\"font-style: italic;\">Gjithmon\u00eb koh\u00eb nuk gjendet, madje ajo \u00ebsht\u00eb shum\u00eb e shkurt\u00ebr, por mundohem t\u00eb mos humb asnj\u00ebr\u00ebn nga t\u00eb dyja. Sikur t\u00eb ishin aktivitetet muzikore m\u00eb t\u00eb ngjeshura sesa kaq, sigurisht q\u00eb do t\u00eb kishte qen\u00eb m\u00eb e v\u00ebshtir\u00eb.Muzika n\u00eb Shqip\u00ebri akoma nuk \u00ebsht\u00eb n\u00eb stadin q\u00eb t\u00eb punohet \u00e7do dit\u00eb dhe ka \u00e7do dit\u00eb aktivitete t\u00eb programuara nga m\u00eb par\u00eb. \u00c7do gj\u00eb vjen surpriz\u00eb. Nuk ka nj\u00eb program muzikor t\u00eb caktuar dhe un\u00eb mendoj q\u00eb ky \u00ebsht\u00eb ai \u00e7engeli ku ka mbetur varur pjesa menaxhuese artistike. <\/span><\/p>\n<p style=\"text-align: justify;\"><strong>\u00c7far\u00eb hap\u00ebsire i ofrohet artistit t\u00eb ri? <\/strong><\/p>\n<p style=\"text-align: justify;\"><span style=\"font-style: italic;\">Hap\u00ebsirat e vetme, p\u00ebrve\u00e7 festivaleve q\u00eb dihet se ku jan\u00eb, p\u00ebrve\u00e7 b\u00ebrjes privatisht t\u00eb ndonj\u00eb albumi, koncertet jan\u00eb gjithmon\u00eb n\u00eb var\u00ebsi t\u00eb organizator\u00ebve. Ne jemi akoma t\u00eb paorganizuar. <\/span><\/p>\n<p style=\"text-align: justify;\"><strong>E ke synim Eurosongun k\u00ebt\u00eb vit?<\/strong><\/p>\n<p style=\"text-align: justify; font-style: italic;\">\u00cbsht\u00eb shum\u00eb her\u00ebt p\u00ebr t\u00eb folur. Pjes\u00ebmarrja ime k\u00ebt\u00eb vit, vjen si pasoj\u00eb e asaj q\u00eb un\u00eb dua t\u00eb jem n\u00eb sken\u00ebn shqiptare p\u00ebrpara atij publiku q\u00eb m\u00eb pyet shpesh dhe dua t\u00eb sjell nj\u00eb emocion t\u00eb ri.Hera-her\u00ebs e ndjej d\u00ebshir\u00ebn p\u00ebr t\u00eb k\u00ebnduar n\u00eb at\u00eb sken\u00eb. Kjo \u00ebsht\u00eb arsyeja m\u00eb e madhe dhe ambicia ime kryesore: q\u00eb t\u00eb dal sa m\u00eb mir\u00eb n\u00eb festival dhe t\u00eb k\u00ebnaq at\u00eb publik i cili m\u00eb pret.Nd\u00ebrsa &#8220;Eurosong&#8221;-u p\u00ebr mua nuk \u00ebsht\u00eb m\u00eb nj\u00eb kuriozitet sepse p\u00ebr fat t\u00eb mir\u00eb e kam kaluar, por maksimumi do t\u00eb ishte nj\u00eb ambicie m\u00eb tep\u00ebr, n\u00ebse do ta meritoja plot\u00ebsisht, por fare plot\u00ebsisht, sigurisht q\u00eb do ta kisha d\u00ebshir\u00eb. Por vet\u00ebm n\u00eb at\u00eb pik\u00eb.<\/p>\n<p style=\"text-align: justify;\"><strong>P\u00ebrse ka r\u00ebnd\u00ebsi pjes\u00ebmarrja n\u00eb Festivalin e Dhjetorit? <\/strong><\/p>\n<p style=\"text-align: justify; font-style: italic;\">B\u00ebhet fjal\u00eb p\u00ebr Festivalin Komb\u00ebtar t\u00eb Muzik\u00ebs s\u00eb leht\u00eb dhe kjo \u00ebsht\u00eb arsyeja kryesore pse un\u00eb nuk kam asnj\u00ebher\u00eb d\u00ebshir\u00eb ta braktis at\u00eb, derisa t&#8217;i p\u00ebrmbahet k\u00ebsaj formule t\u00eb pakt\u00ebn.\u00cbsht\u00eb nj\u00eb aktivitet q\u00eb ne e kemi tradit\u00eb prej shum\u00eb vitesh, \u00ebsht\u00eb p\u00ebr t&#8217;u vler\u00ebsuar dhe me sa mund\u00ebsi t\u00eb kemi t\u00eb kontribuojm\u00eb me k\u00ebng\u00eb t\u00eb muzik\u00ebs s\u00eb leht\u00eb shqiptare, m\u00eb mir\u00eb do t\u00eb ishte.<\/p>\n<p style=\"text-align: justify; font-style: italic;\">\n<p><span style=\"font-weight: bold;\">Gazeta Shekulli<br \/>\n<\/p>\n<p><\/span><\/p>\n<!--YouTube Error: bad URL entered-->\n","protected":false},"excerpt":{"rendered":"<p>Pas 4 vitesh, k\u00ebng\u00ebtarja prezantohet n\u00eb Festivalin e K\u00ebng\u00ebs n\u00eb RTSH me krijimin e kompozitorit Sokol Marsi. Hera e fundit q\u00eb k\u00ebng\u00ebtarja Anjeza Shahini ka marr\u00eb pjes\u00eb n\u00eb Festivalin e K\u00ebng\u00ebs n\u00eb RTSH ka qen\u00eb n\u00eb vitin 2005, me nj\u00eb bashk\u00ebpunim me kompozitorin Harold Hanich n\u00eb k\u00ebng\u00ebn &#8220;Pse ndal&#8221;.Pyetjes se p\u00ebrse ka munguar p\u00ebr kat\u00ebr [&hellip;]<\/p>\n","protected":false},"author":1,"featured_media":0,"comment_status":"open","ping_status":"closed","sticky":false,"template":"","format":"standard","meta":{"spay_email":"","jetpack_publicize_message":"","jetpack_is_tweetstorm":false,"jetpack_publicize_feature_enabled":true},"categories":[1],"tags":[5014,12945],"jetpack_publicize_connections":[],"yoast_head":"<!-- This site is optimized with the Yoast SEO plugin v19.1 - https:\/\/yoast.com\/wordpress\/plugins\/seo\/ -->\n<title>Anjeza Shahini: Nuk kam kuriozitet p\u00ebr Eurosong-un - Lajme nga Ulqini<\/title>\n<meta name=\"description\" content=\"Pas 4 vitesh, k\u00ebng\u00ebtarja prezantohet n\u00eb Festivalin e K\u00ebng\u00ebs n\u00eb RTSH me krijimin e kompozitorit Sokol Marsi. Hera e fundit q\u00eb k\u00ebng\u00ebtarja Anjeza Shahini ka\" \/>\n<meta name=\"robots\" content=\"index, follow, max-snippet:-1, max-image-preview:large, max-video-preview:-1\" \/>\n<link rel=\"canonical\" href=\"https:\/\/www.visit-ulcinj.com\/blog\/2009\/12\/01\/anjeza-shahini-nuk-kam-kuriozitet-per-eurosong-un\/\" \/>\n<meta property=\"og:locale\" content=\"en_US\" \/>\n<meta property=\"og:type\" content=\"article\" \/>\n<meta property=\"og:title\" content=\"Anjeza Shahini: Nuk kam kuriozitet p\u00ebr Eurosong-un - Lajme nga Ulqini\" \/>\n<meta property=\"og:description\" content=\"Pas 4 vitesh, k\u00ebng\u00ebtarja prezantohet n\u00eb Festivalin e K\u00ebng\u00ebs n\u00eb RTSH me krijimin e kompozitorit Sokol Marsi. Hera e fundit q\u00eb k\u00ebng\u00ebtarja Anjeza Shahini ka\" \/>\n<meta property=\"og:url\" content=\"https:\/\/www.visit-ulcinj.com\/blog\/2009\/12\/01\/anjeza-shahini-nuk-kam-kuriozitet-per-eurosong-un\/\" \/>\n<meta property=\"og:site_name\" content=\"Lajme nga Ulqini\" \/>\n<meta property=\"article:published_time\" content=\"2009-12-01T12:13:36+00:00\" \/>\n<meta property=\"article:modified_time\" content=\"2009-12-01T12:20:53+00:00\" \/>\n<meta property=\"og:image\" content=\"https:\/\/www.visit-ulcinj.com\/blog\/wp-content\/uploads\/2009\/12\/Anjeza-Shahini-2-150x150.jpg\" \/>\n<meta name=\"twitter:label1\" content=\"Written by\" \/>\n\t<meta name=\"twitter:data1\" content=\"ulqini\" \/>\n\t<meta name=\"twitter:label2\" content=\"Est. reading time\" \/>\n\t<meta name=\"twitter:data2\" content=\"6 minutes\" \/>\n<script type=\"application\/ld+json\" class=\"yoast-schema-graph\">{\"@context\":\"https:\/\/schema.org\",\"@graph\":[{\"@type\":\"WebSite\",\"@id\":\"https:\/\/www.visit-ulcinj.com\/blog\/#website\",\"url\":\"https:\/\/www.visit-ulcinj.com\/blog\/\",\"name\":\"Lajme nga Ulqini\",\"description\":\"Lajme,Vijesti,Ulqini,Ulqin,Crna Gora,Mali i Zi\",\"potentialAction\":[{\"@type\":\"SearchAction\",\"target\":{\"@type\":\"EntryPoint\",\"urlTemplate\":\"https:\/\/www.visit-ulcinj.com\/blog\/?s={search_term_string}\"},\"query-input\":\"required name=search_term_string\"}],\"inLanguage\":\"en-US\"},{\"@type\":\"ImageObject\",\"inLanguage\":\"en-US\",\"@id\":\"https:\/\/www.visit-ulcinj.com\/blog\/2009\/12\/01\/anjeza-shahini-nuk-kam-kuriozitet-per-eurosong-un\/#primaryimage\",\"url\":\"http:\/\/www.visit-ulcinj.com\/blog\/wp-content\/uploads\/2009\/12\/Anjeza-Shahini-2.jpg\",\"contentUrl\":\"http:\/\/www.visit-ulcinj.com\/blog\/wp-content\/uploads\/2009\/12\/Anjeza-Shahini-2.jpg\"},{\"@type\":\"WebPage\",\"@id\":\"https:\/\/www.visit-ulcinj.com\/blog\/2009\/12\/01\/anjeza-shahini-nuk-kam-kuriozitet-per-eurosong-un\/#webpage\",\"url\":\"https:\/\/www.visit-ulcinj.com\/blog\/2009\/12\/01\/anjeza-shahini-nuk-kam-kuriozitet-per-eurosong-un\/\",\"name\":\"Anjeza Shahini: Nuk kam kuriozitet p\u00ebr Eurosong-un - Lajme nga Ulqini\",\"isPartOf\":{\"@id\":\"https:\/\/www.visit-ulcinj.com\/blog\/#website\"},\"primaryImageOfPage\":{\"@id\":\"https:\/\/www.visit-ulcinj.com\/blog\/2009\/12\/01\/anjeza-shahini-nuk-kam-kuriozitet-per-eurosong-un\/#primaryimage\"},\"datePublished\":\"2009-12-01T12:13:36+00:00\",\"dateModified\":\"2009-12-01T12:20:53+00:00\",\"author\":{\"@id\":\"https:\/\/www.visit-ulcinj.com\/blog\/#\/schema\/person\/dcab619c614d3038751c63bc2aadc06d\"},\"description\":\"Pas 4 vitesh, k\u00ebng\u00ebtarja prezantohet n\u00eb Festivalin e K\u00ebng\u00ebs n\u00eb RTSH me krijimin e kompozitorit Sokol Marsi. Hera e fundit q\u00eb k\u00ebng\u00ebtarja Anjeza Shahini ka\",\"breadcrumb\":{\"@id\":\"https:\/\/www.visit-ulcinj.com\/blog\/2009\/12\/01\/anjeza-shahini-nuk-kam-kuriozitet-per-eurosong-un\/#breadcrumb\"},\"inLanguage\":\"en-US\",\"potentialAction\":[{\"@type\":\"ReadAction\",\"target\":[\"https:\/\/www.visit-ulcinj.com\/blog\/2009\/12\/01\/anjeza-shahini-nuk-kam-kuriozitet-per-eurosong-un\/\"]}]},{\"@type\":\"BreadcrumbList\",\"@id\":\"https:\/\/www.visit-ulcinj.com\/blog\/2009\/12\/01\/anjeza-shahini-nuk-kam-kuriozitet-per-eurosong-un\/#breadcrumb\",\"itemListElement\":[{\"@type\":\"ListItem\",\"position\":1,\"name\":\"Anjeza Shahini: Nuk kam kuriozitet p\u00ebr Eurosong-un\"}]},{\"@type\":\"Person\",\"@id\":\"https:\/\/www.visit-ulcinj.com\/blog\/#\/schema\/person\/dcab619c614d3038751c63bc2aadc06d\",\"name\":\"ulqini\",\"sameAs\":[\"http:\/\/www.visit-ulcinj.com\"],\"url\":\"https:\/\/www.visit-ulcinj.com\/blog\/author\/admin\/\"}]}<\/script>\n<!-- \/ Yoast SEO plugin. -->","yoast_head_json":{"title":"Anjeza Shahini: Nuk kam kuriozitet p\u00ebr Eurosong-un - Lajme nga Ulqini","description":"Pas 4 vitesh, k\u00ebng\u00ebtarja prezantohet n\u00eb Festivalin e K\u00ebng\u00ebs n\u00eb RTSH me krijimin e kompozitorit Sokol Marsi. Hera e fundit q\u00eb k\u00ebng\u00ebtarja Anjeza Shahini ka","robots":{"index":"index","follow":"follow","max-snippet":"max-snippet:-1","max-image-preview":"max-image-preview:large","max-video-preview":"max-video-preview:-1"},"canonical":"https:\/\/www.visit-ulcinj.com\/blog\/2009\/12\/01\/anjeza-shahini-nuk-kam-kuriozitet-per-eurosong-un\/","og_locale":"en_US","og_type":"article","og_title":"Anjeza Shahini: Nuk kam kuriozitet p\u00ebr Eurosong-un - Lajme nga Ulqini","og_description":"Pas 4 vitesh, k\u00ebng\u00ebtarja prezantohet n\u00eb Festivalin e K\u00ebng\u00ebs n\u00eb RTSH me krijimin e kompozitorit Sokol Marsi. Hera e fundit q\u00eb k\u00ebng\u00ebtarja Anjeza Shahini ka","og_url":"https:\/\/www.visit-ulcinj.com\/blog\/2009\/12\/01\/anjeza-shahini-nuk-kam-kuriozitet-per-eurosong-un\/","og_site_name":"Lajme nga Ulqini","article_published_time":"2009-12-01T12:13:36+00:00","article_modified_time":"2009-12-01T12:20:53+00:00","og_image":[{"url":"https:\/\/www.visit-ulcinj.com\/blog\/wp-content\/uploads\/2009\/12\/Anjeza-Shahini-2-150x150.jpg"}],"twitter_misc":{"Written by":"ulqini","Est. reading time":"6 minutes"},"schema":{"@context":"https:\/\/schema.org","@graph":[{"@type":"WebSite","@id":"https:\/\/www.visit-ulcinj.com\/blog\/#website","url":"https:\/\/www.visit-ulcinj.com\/blog\/","name":"Lajme nga Ulqini","description":"Lajme,Vijesti,Ulqini,Ulqin,Crna Gora,Mali i Zi","potentialAction":[{"@type":"SearchAction","target":{"@type":"EntryPoint","urlTemplate":"https:\/\/www.visit-ulcinj.com\/blog\/?s={search_term_string}"},"query-input":"required name=search_term_string"}],"inLanguage":"en-US"},{"@type":"ImageObject","inLanguage":"en-US","@id":"https:\/\/www.visit-ulcinj.com\/blog\/2009\/12\/01\/anjeza-shahini-nuk-kam-kuriozitet-per-eurosong-un\/#primaryimage","url":"http:\/\/www.visit-ulcinj.com\/blog\/wp-content\/uploads\/2009\/12\/Anjeza-Shahini-2.jpg","contentUrl":"http:\/\/www.visit-ulcinj.com\/blog\/wp-content\/uploads\/2009\/12\/Anjeza-Shahini-2.jpg"},{"@type":"WebPage","@id":"https:\/\/www.visit-ulcinj.com\/blog\/2009\/12\/01\/anjeza-shahini-nuk-kam-kuriozitet-per-eurosong-un\/#webpage","url":"https:\/\/www.visit-ulcinj.com\/blog\/2009\/12\/01\/anjeza-shahini-nuk-kam-kuriozitet-per-eurosong-un\/","name":"Anjeza Shahini: Nuk kam kuriozitet p\u00ebr Eurosong-un - Lajme nga Ulqini","isPartOf":{"@id":"https:\/\/www.visit-ulcinj.com\/blog\/#website"},"primaryImageOfPage":{"@id":"https:\/\/www.visit-ulcinj.com\/blog\/2009\/12\/01\/anjeza-shahini-nuk-kam-kuriozitet-per-eurosong-un\/#primaryimage"},"datePublished":"2009-12-01T12:13:36+00:00","dateModified":"2009-12-01T12:20:53+00:00","author":{"@id":"https:\/\/www.visit-ulcinj.com\/blog\/#\/schema\/person\/dcab619c614d3038751c63bc2aadc06d"},"description":"Pas 4 vitesh, k\u00ebng\u00ebtarja prezantohet n\u00eb Festivalin e K\u00ebng\u00ebs n\u00eb RTSH me krijimin e kompozitorit Sokol Marsi. Hera e fundit q\u00eb k\u00ebng\u00ebtarja Anjeza Shahini ka","breadcrumb":{"@id":"https:\/\/www.visit-ulcinj.com\/blog\/2009\/12\/01\/anjeza-shahini-nuk-kam-kuriozitet-per-eurosong-un\/#breadcrumb"},"inLanguage":"en-US","potentialAction":[{"@type":"ReadAction","target":["https:\/\/www.visit-ulcinj.com\/blog\/2009\/12\/01\/anjeza-shahini-nuk-kam-kuriozitet-per-eurosong-un\/"]}]},{"@type":"BreadcrumbList","@id":"https:\/\/www.visit-ulcinj.com\/blog\/2009\/12\/01\/anjeza-shahini-nuk-kam-kuriozitet-per-eurosong-un\/#breadcrumb","itemListElement":[{"@type":"ListItem","position":1,"name":"Anjeza Shahini: Nuk kam kuriozitet p\u00ebr Eurosong-un"}]},{"@type":"Person","@id":"https:\/\/www.visit-ulcinj.com\/blog\/#\/schema\/person\/dcab619c614d3038751c63bc2aadc06d","name":"ulqini","sameAs":["http:\/\/www.visit-ulcinj.com"],"url":"https:\/\/www.visit-ulcinj.com\/blog\/author\/admin\/"}]}},"jetpack_featured_media_url":"","jetpack_sharing_enabled":true,"jetpack_shortlink":"https:\/\/wp.me\/pe6lTn-7dz","_links":{"self":[{"href":"https:\/\/www.visit-ulcinj.com\/blog\/wp-json\/wp\/v2\/posts\/27749"}],"collection":[{"href":"https:\/\/www.visit-ulcinj.com\/blog\/wp-json\/wp\/v2\/posts"}],"about":[{"href":"https:\/\/www.visit-ulcinj.com\/blog\/wp-json\/wp\/v2\/types\/post"}],"author":[{"embeddable":true,"href":"https:\/\/www.visit-ulcinj.com\/blog\/wp-json\/wp\/v2\/users\/1"}],"replies":[{"embeddable":true,"href":"https:\/\/www.visit-ulcinj.com\/blog\/wp-json\/wp\/v2\/comments?post=27749"}],"version-history":[{"count":0,"href":"https:\/\/www.visit-ulcinj.com\/blog\/wp-json\/wp\/v2\/posts\/27749\/revisions"}],"wp:attachment":[{"href":"https:\/\/www.visit-ulcinj.com\/blog\/wp-json\/wp\/v2\/media?parent=27749"}],"wp:term":[{"taxonomy":"category","embeddable":true,"href":"https:\/\/www.visit-ulcinj.com\/blog\/wp-json\/wp\/v2\/categories?post=27749"},{"taxonomy":"post_tag","embeddable":true,"href":"https:\/\/www.visit-ulcinj.com\/blog\/wp-json\/wp\/v2\/tags?post=27749"}],"curies":[{"name":"wp","href":"https:\/\/api.w.org\/{rel}","templated":true}]}}