{"id":27764,"date":"2009-12-01T19:15:10","date_gmt":"2009-12-01T17:15:10","guid":{"rendered":"http:\/\/www.visit-ulcinj.com\/blog\/?p=27764"},"modified":"2009-12-09T20:52:09","modified_gmt":"2009-12-09T18:52:09","slug":"kumtese-mosaangazhimi-dhe-mashtrimet-e-ketij-pushteti-lokal-te-ulqinit-do-te-mbahen-ne-mend-nje-periudhe-te-gjate","status":"publish","type":"post","link":"https:\/\/www.visit-ulcinj.com\/blog\/2009\/12\/01\/kumtese-mosaangazhimi-dhe-mashtrimet-e-ketij-pushteti-lokal-te-ulqinit-do-te-mbahen-ne-mend-nje-periudhe-te-gjate\/","title":{"rendered":"KUMTES\u00cb &#8211; Mosaangazhimi dhe mashtrimet e k\u00ebtij pushteti lokal t\u00eb Ulqinit do t\u00eb mbahen n\u00eb mend nj\u00eb periudh\u00eb t\u00eb gjat\u00eb"},"content":{"rendered":"<p><a href=\"http:\/\/www.visit-ulcinj.com\/blog\/wp-content\/uploads\/2009\/12\/Genci-Nimanbegu_ulqin.jpg\"><img loading=\"lazy\" class=\"alignleft size-full wp-image-27765\" title=\"Genci Nimanbegu_ulqin\" src=\"http:\/\/www.visit-ulcinj.com\/blog\/wp-content\/uploads\/2009\/12\/Genci-Nimanbegu_ulqin.jpg\" alt=\"Genci Nimanbegu_ulqin\" width=\"330\" height=\"536\" srcset=\"https:\/\/www.visit-ulcinj.com\/blog\/wp-content\/uploads\/2009\/12\/Genci-Nimanbegu_ulqin.jpg 330w, https:\/\/www.visit-ulcinj.com\/blog\/wp-content\/uploads\/2009\/12\/Genci-Nimanbegu_ulqin-184x300.jpg 184w\" sizes=\"(max-width: 330px) 100vw, 330px\" \/><\/a>Mbledhja e fundit e Kuvendit t\u00eb Komun\u00ebs s\u00eb Ulqinit \u00ebsht\u00eb thirrur me dat\u00ebn 29 maj dhe ka p\u00ebrfunduar me dat\u00ebn 8 tetor ku prej 14 pikave q\u00eb jan\u00eb propozuar p\u00ebr rendin e dit\u00ebs, jan\u00eb miratuar gjithsejt\u00eb vet\u00ebm 6 pika. Ndoshta p\u00ebr k\u00ebt\u00eb pushtet edhe ky vit p\u00ebrs\u00ebri p\u00ebrfundoi me sukses dhe nuk kan\u00eb nevoj\u00eb q\u00eb t\u00eb mbajn\u00eb mbledhje t\u00eb reja.<\/p>\n<p>Alarmues \u00ebsht\u00eb edhe realizimi i buxhetit p\u00ebr n\u00ebnt\u00eb muajt e par\u00eb, shuma e t\u00eb cilit \u00ebsht\u00eb rreth 3.300.00 ose 20 % nga totali i 16.200.000, q\u00eb \u00ebsht\u00eb parapar\u00eb p\u00ebr t\u00ebr\u00eb vitin.<br \/>\nPushteti ekzekutiv mendon se ka gjetur zbrasti n\u00eb ligjin dhe nuk e ka p\u00ebr detyr\u00eb q\u00eb t\u00eb b\u00ebj\u00eb rebalancin.<br \/>\nBorxhet e Komun\u00ebs rriten p\u00ebr \u00e7do dit\u00eb.<\/p>\n<p>Realizimi i investimeve t\u00eb planifikuara n\u00eb n\u00ebnt\u00eb muajt e par\u00eb jan\u00eb realizuar n\u00eb shum\u00eb prej 220.000 euro ose 2,50% nga totali i parapar prej 9.200.000 EUR<br \/>\n.<br \/>\nMe an\u00eb t\u00eb k\u00ebsaj kumtese ve\u00e7an\u00ebrisht theksojm\u00eb grumbullimin e paligjsh\u00ebm t\u00eb taks\u00eb banimit n\u00eb Komun\u00ebn e Ulqinit, ku edhe kan\u00eb reaguar organet shtet\u00ebrore.<\/p>\n<p>N\u00eb baz\u00eb t\u00eb dh\u00ebnave t\u00eb fituara p\u00ebr pages\u00ebn e taks\u00eb banimit p\u00ebr n\u00ebnt\u00eb muajt e par\u00eb, vijm\u00eb deri tek p\u00ebrfundimi qe sezoni ka qen\u00eb m\u00eb i dob\u00ebt p\u00ebr 53.00% n\u00eb krahasim me vitin e kaluar sepse \u00ebsht\u00eb realizuar vet\u00ebm 116.000 euro nga totali prej 250.000 euro sa \u00ebsht\u00eb e parapar\u00eb me buxhet.<\/p>\n<p>K\u00ebto t\u00eb dh\u00ebna demantojn\u00eb kryetarin e Komun\u00ebs, Gzim Hajdinag\u00ebn, i cili ka deklaruar para disa dit\u00ebsh, q\u00eb sezoni turistik ka qen\u00eb shum\u00eb i suksessh\u00ebm, ose dokumentohet q\u00eb disa individ\u00eb kane p\u00ebrfituar personalisht nga pagimi i taksave n\u00eb m\u00ebnyr\u00eb t\u00eb paligjshme, ose t\u00eb hollat &#8211; kesh i kan\u00eb mshehur n\u00eb ndonj\u00eb vend t\u00eb sigurte q\u00eb t\u00eb ruhen p\u00ebr dit\u00eb e kriz\u00ebs , gjegj\u00ebsisht q\u00eb t\u00eb parandalojn\u00eb bllokimin\u00eb e xhirollogaris\u00eb s\u00eb Komun\u00ebs p\u00ebr shkak t\u00eb borxheve.<\/p>\n<p>Forca e re demokratike FORCA i b\u00ebn thirrje organeve kompetente n\u00eb Komun\u00ebn e Ulqinit q\u00eb ti kthejn\u00eb popullit mjetet q\u00eb i kan\u00eb mbledhur n\u00eb m\u00ebnyr\u00eb paushale,joligjore p\u00ebr vitin 2009 dhe 2008 dhe t\u00eb i sqarojn popullit ku i kan\u00eb mjetet nga taks\u00eb banimi.<\/p>\n<p>Seancat e Kuvendit duhet q\u00eb t\u00eb mbahen sepse jan\u00eb te parapara me Kushtetut\u00ebn e Malit t\u00eb Zi, me Ligjin mbi vet\u00ebqeverisjen lokale dhe me Statutin e Komun\u00ebs dhe mosmbajtja e tyre ia ka hek mund\u00ebsin k\u00ebshilltar\u00ebve t\u00eb drejt\u00ebn p\u00ebr t\u00eb kontrolluar ekzekutivin nd\u00ebrsa qytetar\u00ebve mbrojtjen q\u00eb i takon n\u00eb t\u00eb gjith\u00eb shoq\u00ebrit\u00eb demokratike.<\/p>\n<p>Mosaangazhimi dhe mashtrimet e k\u00ebtij pushteti lokal t\u00eb Ulqinit do t\u00eb mbahen n\u00eb mend nj\u00eb periudh\u00eb t\u00eb gjat\u00eb.<\/p>\n<p>Ulqin, 01.12.09<br \/>\n<strong>Genci Nimanbegu<\/strong><\/p>\n","protected":false},"excerpt":{"rendered":"<p>Mbledhja e fundit e Kuvendit t\u00eb Komun\u00ebs s\u00eb Ulqinit \u00ebsht\u00eb thirrur me dat\u00ebn 29 maj dhe ka p\u00ebrfunduar me dat\u00ebn 8 tetor ku prej 14 pikave q\u00eb jan\u00eb propozuar p\u00ebr rendin e dit\u00ebs, jan\u00eb miratuar gjithsejt\u00eb vet\u00ebm 6 pika. Ndoshta p\u00ebr k\u00ebt\u00eb pushtet edhe ky vit p\u00ebrs\u00ebri p\u00ebrfundoi me sukses dhe nuk kan\u00eb nevoj\u00eb q\u00eb [&hellip;]<\/p>\n","protected":false},"author":1,"featured_media":0,"comment_status":"open","ping_status":"closed","sticky":false,"template":"","format":"standard","meta":{"spay_email":"","jetpack_publicize_message":"","jetpack_is_tweetstorm":false,"jetpack_publicize_feature_enabled":true},"categories":[10],"tags":[874,1073,200],"jetpack_publicize_connections":[],"yoast_head":"<!-- This site is optimized with the Yoast SEO plugin v19.1 - https:\/\/yoast.com\/wordpress\/plugins\/seo\/ -->\n<title>KUMTES\u00cb - Mosaangazhimi dhe mashtrimet e k\u00ebtij pushteti lokal t\u00eb Ulqinit do t\u00eb mbahen n\u00eb mend nj\u00eb periudh\u00eb t\u00eb gjat\u00eb - Lajme nga Ulqini<\/title>\n<meta name=\"description\" content=\"Mbledhja e fundit e Kuvendit t\u00eb Komun\u00ebs s\u00eb Ulqinit \u00ebsht\u00eb thirrur me dat\u00ebn 29 maj dhe ka p\u00ebrfunduar me dat\u00ebn 8 tetor ku prej 14 pikave q\u00eb jan\u00eb propozuar\" \/>\n<meta name=\"robots\" content=\"index, follow, max-snippet:-1, max-image-preview:large, max-video-preview:-1\" \/>\n<link rel=\"canonical\" href=\"https:\/\/www.visit-ulcinj.com\/blog\/2009\/12\/01\/kumtese-mosaangazhimi-dhe-mashtrimet-e-ketij-pushteti-lokal-te-ulqinit-do-te-mbahen-ne-mend-nje-periudhe-te-gjate\/\" \/>\n<meta property=\"og:locale\" content=\"en_US\" \/>\n<meta property=\"og:type\" content=\"article\" \/>\n<meta property=\"og:title\" content=\"KUMTES\u00cb - Mosaangazhimi dhe mashtrimet e k\u00ebtij pushteti lokal t\u00eb Ulqinit do t\u00eb mbahen n\u00eb mend nj\u00eb periudh\u00eb t\u00eb gjat\u00eb - Lajme nga Ulqini\" \/>\n<meta property=\"og:description\" content=\"Mbledhja e fundit e Kuvendit t\u00eb Komun\u00ebs s\u00eb Ulqinit \u00ebsht\u00eb thirrur me dat\u00ebn 29 maj dhe ka p\u00ebrfunduar me dat\u00ebn 8 tetor ku prej 14 pikave q\u00eb jan\u00eb propozuar\" \/>\n<meta property=\"og:url\" content=\"https:\/\/www.visit-ulcinj.com\/blog\/2009\/12\/01\/kumtese-mosaangazhimi-dhe-mashtrimet-e-ketij-pushteti-lokal-te-ulqinit-do-te-mbahen-ne-mend-nje-periudhe-te-gjate\/\" \/>\n<meta property=\"og:site_name\" content=\"Lajme nga Ulqini\" \/>\n<meta property=\"article:published_time\" content=\"2009-12-01T17:15:10+00:00\" \/>\n<meta property=\"article:modified_time\" content=\"2009-12-09T18:52:09+00:00\" \/>\n<meta property=\"og:image\" content=\"http:\/\/www.visit-ulcinj.com\/blog\/wp-content\/uploads\/2009\/12\/Genci-Nimanbegu_ulqin.jpg\" \/>\n<meta name=\"twitter:label1\" content=\"Written by\" \/>\n\t<meta name=\"twitter:data1\" content=\"ulqini\" \/>\n\t<meta name=\"twitter:label2\" content=\"Est. reading time\" \/>\n\t<meta name=\"twitter:data2\" content=\"2 minutes\" \/>\n<script type=\"application\/ld+json\" class=\"yoast-schema-graph\">{\"@context\":\"https:\/\/schema.org\",\"@graph\":[{\"@type\":\"WebSite\",\"@id\":\"https:\/\/www.visit-ulcinj.com\/blog\/#website\",\"url\":\"https:\/\/www.visit-ulcinj.com\/blog\/\",\"name\":\"Lajme nga Ulqini\",\"description\":\"Lajme,Vijesti,Ulqini,Ulqin,Crna Gora,Mali i Zi\",\"potentialAction\":[{\"@type\":\"SearchAction\",\"target\":{\"@type\":\"EntryPoint\",\"urlTemplate\":\"https:\/\/www.visit-ulcinj.com\/blog\/?s={search_term_string}\"},\"query-input\":\"required name=search_term_string\"}],\"inLanguage\":\"en-US\"},{\"@type\":\"ImageObject\",\"inLanguage\":\"en-US\",\"@id\":\"https:\/\/www.visit-ulcinj.com\/blog\/2009\/12\/01\/kumtese-mosaangazhimi-dhe-mashtrimet-e-ketij-pushteti-lokal-te-ulqinit-do-te-mbahen-ne-mend-nje-periudhe-te-gjate\/#primaryimage\",\"url\":\"https:\/\/www.visit-ulcinj.com\/blog\/wp-content\/uploads\/2009\/12\/Genci-Nimanbegu_ulqin.jpg\",\"contentUrl\":\"https:\/\/www.visit-ulcinj.com\/blog\/wp-content\/uploads\/2009\/12\/Genci-Nimanbegu_ulqin.jpg\",\"width\":\"330\",\"height\":\"536\"},{\"@type\":\"WebPage\",\"@id\":\"https:\/\/www.visit-ulcinj.com\/blog\/2009\/12\/01\/kumtese-mosaangazhimi-dhe-mashtrimet-e-ketij-pushteti-lokal-te-ulqinit-do-te-mbahen-ne-mend-nje-periudhe-te-gjate\/#webpage\",\"url\":\"https:\/\/www.visit-ulcinj.com\/blog\/2009\/12\/01\/kumtese-mosaangazhimi-dhe-mashtrimet-e-ketij-pushteti-lokal-te-ulqinit-do-te-mbahen-ne-mend-nje-periudhe-te-gjate\/\",\"name\":\"KUMTES\u00cb - Mosaangazhimi dhe mashtrimet e k\u00ebtij pushteti lokal t\u00eb Ulqinit do t\u00eb mbahen n\u00eb mend nj\u00eb periudh\u00eb t\u00eb gjat\u00eb - Lajme nga Ulqini\",\"isPartOf\":{\"@id\":\"https:\/\/www.visit-ulcinj.com\/blog\/#website\"},\"primaryImageOfPage\":{\"@id\":\"https:\/\/www.visit-ulcinj.com\/blog\/2009\/12\/01\/kumtese-mosaangazhimi-dhe-mashtrimet-e-ketij-pushteti-lokal-te-ulqinit-do-te-mbahen-ne-mend-nje-periudhe-te-gjate\/#primaryimage\"},\"datePublished\":\"2009-12-01T17:15:10+00:00\",\"dateModified\":\"2009-12-09T18:52:09+00:00\",\"author\":{\"@id\":\"https:\/\/www.visit-ulcinj.com\/blog\/#\/schema\/person\/dcab619c614d3038751c63bc2aadc06d\"},\"description\":\"Mbledhja e fundit e Kuvendit t\u00eb Komun\u00ebs s\u00eb Ulqinit \u00ebsht\u00eb thirrur me dat\u00ebn 29 maj dhe ka p\u00ebrfunduar me dat\u00ebn 8 tetor ku prej 14 pikave q\u00eb jan\u00eb propozuar\",\"breadcrumb\":{\"@id\":\"https:\/\/www.visit-ulcinj.com\/blog\/2009\/12\/01\/kumtese-mosaangazhimi-dhe-mashtrimet-e-ketij-pushteti-lokal-te-ulqinit-do-te-mbahen-ne-mend-nje-periudhe-te-gjate\/#breadcrumb\"},\"inLanguage\":\"en-US\",\"potentialAction\":[{\"@type\":\"ReadAction\",\"target\":[\"https:\/\/www.visit-ulcinj.com\/blog\/2009\/12\/01\/kumtese-mosaangazhimi-dhe-mashtrimet-e-ketij-pushteti-lokal-te-ulqinit-do-te-mbahen-ne-mend-nje-periudhe-te-gjate\/\"]}]},{\"@type\":\"BreadcrumbList\",\"@id\":\"https:\/\/www.visit-ulcinj.com\/blog\/2009\/12\/01\/kumtese-mosaangazhimi-dhe-mashtrimet-e-ketij-pushteti-lokal-te-ulqinit-do-te-mbahen-ne-mend-nje-periudhe-te-gjate\/#breadcrumb\",\"itemListElement\":[{\"@type\":\"ListItem\",\"position\":1,\"name\":\"KUMTES\u00cb &#8211; Mosaangazhimi dhe mashtrimet e k\u00ebtij pushteti lokal t\u00eb Ulqinit do t\u00eb mbahen n\u00eb mend nj\u00eb periudh\u00eb t\u00eb gjat\u00eb\"}]},{\"@type\":\"Person\",\"@id\":\"https:\/\/www.visit-ulcinj.com\/blog\/#\/schema\/person\/dcab619c614d3038751c63bc2aadc06d\",\"name\":\"ulqini\",\"sameAs\":[\"http:\/\/www.visit-ulcinj.com\"],\"url\":\"https:\/\/www.visit-ulcinj.com\/blog\/author\/admin\/\"}]}<\/script>\n<!-- \/ Yoast SEO plugin. -->","yoast_head_json":{"title":"KUMTES\u00cb - Mosaangazhimi dhe mashtrimet e k\u00ebtij pushteti lokal t\u00eb Ulqinit do t\u00eb mbahen n\u00eb mend nj\u00eb periudh\u00eb t\u00eb gjat\u00eb - Lajme nga Ulqini","description":"Mbledhja e fundit e Kuvendit t\u00eb Komun\u00ebs s\u00eb Ulqinit \u00ebsht\u00eb thirrur me dat\u00ebn 29 maj dhe ka p\u00ebrfunduar me dat\u00ebn 8 tetor ku prej 14 pikave q\u00eb jan\u00eb propozuar","robots":{"index":"index","follow":"follow","max-snippet":"max-snippet:-1","max-image-preview":"max-image-preview:large","max-video-preview":"max-video-preview:-1"},"canonical":"https:\/\/www.visit-ulcinj.com\/blog\/2009\/12\/01\/kumtese-mosaangazhimi-dhe-mashtrimet-e-ketij-pushteti-lokal-te-ulqinit-do-te-mbahen-ne-mend-nje-periudhe-te-gjate\/","og_locale":"en_US","og_type":"article","og_title":"KUMTES\u00cb - Mosaangazhimi dhe mashtrimet e k\u00ebtij pushteti lokal t\u00eb Ulqinit do t\u00eb mbahen n\u00eb mend nj\u00eb periudh\u00eb t\u00eb gjat\u00eb - Lajme nga Ulqini","og_description":"Mbledhja e fundit e Kuvendit t\u00eb Komun\u00ebs s\u00eb Ulqinit \u00ebsht\u00eb thirrur me dat\u00ebn 29 maj dhe ka p\u00ebrfunduar me dat\u00ebn 8 tetor ku prej 14 pikave q\u00eb jan\u00eb propozuar","og_url":"https:\/\/www.visit-ulcinj.com\/blog\/2009\/12\/01\/kumtese-mosaangazhimi-dhe-mashtrimet-e-ketij-pushteti-lokal-te-ulqinit-do-te-mbahen-ne-mend-nje-periudhe-te-gjate\/","og_site_name":"Lajme nga Ulqini","article_published_time":"2009-12-01T17:15:10+00:00","article_modified_time":"2009-12-09T18:52:09+00:00","og_image":[{"url":"http:\/\/www.visit-ulcinj.com\/blog\/wp-content\/uploads\/2009\/12\/Genci-Nimanbegu_ulqin.jpg"}],"twitter_misc":{"Written by":"ulqini","Est. reading time":"2 minutes"},"schema":{"@context":"https:\/\/schema.org","@graph":[{"@type":"WebSite","@id":"https:\/\/www.visit-ulcinj.com\/blog\/#website","url":"https:\/\/www.visit-ulcinj.com\/blog\/","name":"Lajme nga Ulqini","description":"Lajme,Vijesti,Ulqini,Ulqin,Crna Gora,Mali i Zi","potentialAction":[{"@type":"SearchAction","target":{"@type":"EntryPoint","urlTemplate":"https:\/\/www.visit-ulcinj.com\/blog\/?s={search_term_string}"},"query-input":"required name=search_term_string"}],"inLanguage":"en-US"},{"@type":"ImageObject","inLanguage":"en-US","@id":"https:\/\/www.visit-ulcinj.com\/blog\/2009\/12\/01\/kumtese-mosaangazhimi-dhe-mashtrimet-e-ketij-pushteti-lokal-te-ulqinit-do-te-mbahen-ne-mend-nje-periudhe-te-gjate\/#primaryimage","url":"https:\/\/www.visit-ulcinj.com\/blog\/wp-content\/uploads\/2009\/12\/Genci-Nimanbegu_ulqin.jpg","contentUrl":"https:\/\/www.visit-ulcinj.com\/blog\/wp-content\/uploads\/2009\/12\/Genci-Nimanbegu_ulqin.jpg","width":"330","height":"536"},{"@type":"WebPage","@id":"https:\/\/www.visit-ulcinj.com\/blog\/2009\/12\/01\/kumtese-mosaangazhimi-dhe-mashtrimet-e-ketij-pushteti-lokal-te-ulqinit-do-te-mbahen-ne-mend-nje-periudhe-te-gjate\/#webpage","url":"https:\/\/www.visit-ulcinj.com\/blog\/2009\/12\/01\/kumtese-mosaangazhimi-dhe-mashtrimet-e-ketij-pushteti-lokal-te-ulqinit-do-te-mbahen-ne-mend-nje-periudhe-te-gjate\/","name":"KUMTES\u00cb - Mosaangazhimi dhe mashtrimet e k\u00ebtij pushteti lokal t\u00eb Ulqinit do t\u00eb mbahen n\u00eb mend nj\u00eb periudh\u00eb t\u00eb gjat\u00eb - Lajme nga Ulqini","isPartOf":{"@id":"https:\/\/www.visit-ulcinj.com\/blog\/#website"},"primaryImageOfPage":{"@id":"https:\/\/www.visit-ulcinj.com\/blog\/2009\/12\/01\/kumtese-mosaangazhimi-dhe-mashtrimet-e-ketij-pushteti-lokal-te-ulqinit-do-te-mbahen-ne-mend-nje-periudhe-te-gjate\/#primaryimage"},"datePublished":"2009-12-01T17:15:10+00:00","dateModified":"2009-12-09T18:52:09+00:00","author":{"@id":"https:\/\/www.visit-ulcinj.com\/blog\/#\/schema\/person\/dcab619c614d3038751c63bc2aadc06d"},"description":"Mbledhja e fundit e Kuvendit t\u00eb Komun\u00ebs s\u00eb Ulqinit \u00ebsht\u00eb thirrur me dat\u00ebn 29 maj dhe ka p\u00ebrfunduar me dat\u00ebn 8 tetor ku prej 14 pikave q\u00eb jan\u00eb propozuar","breadcrumb":{"@id":"https:\/\/www.visit-ulcinj.com\/blog\/2009\/12\/01\/kumtese-mosaangazhimi-dhe-mashtrimet-e-ketij-pushteti-lokal-te-ulqinit-do-te-mbahen-ne-mend-nje-periudhe-te-gjate\/#breadcrumb"},"inLanguage":"en-US","potentialAction":[{"@type":"ReadAction","target":["https:\/\/www.visit-ulcinj.com\/blog\/2009\/12\/01\/kumtese-mosaangazhimi-dhe-mashtrimet-e-ketij-pushteti-lokal-te-ulqinit-do-te-mbahen-ne-mend-nje-periudhe-te-gjate\/"]}]},{"@type":"BreadcrumbList","@id":"https:\/\/www.visit-ulcinj.com\/blog\/2009\/12\/01\/kumtese-mosaangazhimi-dhe-mashtrimet-e-ketij-pushteti-lokal-te-ulqinit-do-te-mbahen-ne-mend-nje-periudhe-te-gjate\/#breadcrumb","itemListElement":[{"@type":"ListItem","position":1,"name":"KUMTES\u00cb &#8211; Mosaangazhimi dhe mashtrimet e k\u00ebtij pushteti lokal t\u00eb Ulqinit do t\u00eb mbahen n\u00eb mend nj\u00eb periudh\u00eb t\u00eb gjat\u00eb"}]},{"@type":"Person","@id":"https:\/\/www.visit-ulcinj.com\/blog\/#\/schema\/person\/dcab619c614d3038751c63bc2aadc06d","name":"ulqini","sameAs":["http:\/\/www.visit-ulcinj.com"],"url":"https:\/\/www.visit-ulcinj.com\/blog\/author\/admin\/"}]}},"jetpack_featured_media_url":"","jetpack_sharing_enabled":true,"jetpack_shortlink":"https:\/\/wp.me\/pe6lTn-7dO","_links":{"self":[{"href":"https:\/\/www.visit-ulcinj.com\/blog\/wp-json\/wp\/v2\/posts\/27764"}],"collection":[{"href":"https:\/\/www.visit-ulcinj.com\/blog\/wp-json\/wp\/v2\/posts"}],"about":[{"href":"https:\/\/www.visit-ulcinj.com\/blog\/wp-json\/wp\/v2\/types\/post"}],"author":[{"embeddable":true,"href":"https:\/\/www.visit-ulcinj.com\/blog\/wp-json\/wp\/v2\/users\/1"}],"replies":[{"embeddable":true,"href":"https:\/\/www.visit-ulcinj.com\/blog\/wp-json\/wp\/v2\/comments?post=27764"}],"version-history":[{"count":0,"href":"https:\/\/www.visit-ulcinj.com\/blog\/wp-json\/wp\/v2\/posts\/27764\/revisions"}],"wp:attachment":[{"href":"https:\/\/www.visit-ulcinj.com\/blog\/wp-json\/wp\/v2\/media?parent=27764"}],"wp:term":[{"taxonomy":"category","embeddable":true,"href":"https:\/\/www.visit-ulcinj.com\/blog\/wp-json\/wp\/v2\/categories?post=27764"},{"taxonomy":"post_tag","embeddable":true,"href":"https:\/\/www.visit-ulcinj.com\/blog\/wp-json\/wp\/v2\/tags?post=27764"}],"curies":[{"name":"wp","href":"https:\/\/api.w.org\/{rel}","templated":true}]}}