{"id":27768,"date":"2009-12-01T19:21:42","date_gmt":"2009-12-01T17:21:42","guid":{"rendered":"http:\/\/www.visit-ulcinj.com\/blog\/?p=27768"},"modified":"2009-12-05T16:43:10","modified_gmt":"2009-12-05T14:43:10","slug":"saopstenje-nerad-javasluk-i-prevare-izvrsne-vlasti-u-ulcinju-pamtice-se-dugo","status":"publish","type":"post","link":"https:\/\/www.visit-ulcinj.com\/blog\/2009\/12\/01\/saopstenje-nerad-javasluk-i-prevare-izvrsne-vlasti-u-ulcinju-pamtice-se-dugo\/","title":{"rendered":"SAOPSTENJE &#8211; Nerad, java\u0161luk i prevare izvr\u0161ne vlasti u Ulcinju pamti?e se dugo"},"content":{"rendered":"<p><a href=\"http:\/\/www.visit-ulcinj.com\/blog\/wp-content\/uploads\/2009\/12\/Genci-Nimanbegu_ulcinj.jpg\"><img loading=\"lazy\" class=\"alignleft size-full wp-image-27769\" title=\"Genci Nimanbegu_ulcinj\" src=\"http:\/\/www.visit-ulcinj.com\/blog\/wp-content\/uploads\/2009\/12\/Genci-Nimanbegu_ulcinj.jpg\" alt=\"Genci Nimanbegu_ulcinj\" width=\"580\" height=\"400\" \/><\/a>Zadnja sjednica Skup\u0161tine Op\u0161tine Ulcinj je sazvana 29. maja i okon?ana 08. oktobra 2009.god. i od 14 predlo\u017eenih ta?aka dnevnog reda usvojeno je svega 6. Vjerovatno je ova godina za ovu vlast ponovo uspje\u0161no okon?ana i nemaju potrebe da odr\u017eavaju nove sjednice.<\/p>\n<p>Alarmantna je realizacija Bud\u017eeta za 9 mjeseci koji iznosi oko 3.300.000 EUR ili 20 % od ukupno 16.200.000 EUR koliko je predvi?eno za ?itavu godinu.<\/p>\n<p>Izvr\u0161na vlast misli da je na\u0161la rupu u zakonu i da nije u obavezi da izvr\u0161i rebalans.<br \/>\nDugovi Op\u0161tine svakog dana rastu.<\/p>\n<p>Ralizacija predvi?enih investicija u prvih devet mjeseci iznose 220.000 EUR ili 2,50 % od ukupno predvi?enih 9.200.000 EUR.<\/p>\n<p>Ovim saop\u0161tenjem posebno isti?emo nezakonito ubiranje sredstava od boravi\u0161ne takse u Op\u0161tini Ulcinj na \u0161to su reagovali i nadle\u017eni dr\u017eavni organi.<\/p>\n<p>Na osnovu dobijenih podataka o naplati boravi\u0161ne takse za prvih 9 mjeseci, dolazimo do zaklju?ka da je sezona bila lo\u0161ija za 53,00 % u odnosu na pro\u0161lu godinu jer je ostvareno svega 116.000 EUR od 250.000 EUR koliko je predvi?eno bud\u017eetom. Dakle, ovi podatci ili demantuju predsjednika op\u0161tine,Gzima Hajdinagu, koji je nedavno izjavio da je turisti?ka sezona bila veoma uspje\u0161na ili su pojedinci li?no profitirali od nezakonito napla?ene takse ili je ke\u0161 sklonjen na sigurno da bi ga sa?uvali za crne dane odnosno sprije?ili odlivanje sredstava zbog novih blokada ra?una op\u0161tine.<\/p>\n<p>Nova demokratska snaga FORCA poziva nadle\u017ene u Op\u0161tini Ulcinj da vrate gra?anima nezakonito pau\u0161alno napla?ena sredstva od boravi\u0161ne takse za 2009 i 2008. god. i drugo da objasne gra?anima gdje su sredstva od boravi\u0161ne takse.<\/p>\n<p>I pored ?injenice da se sjednice Skup\u0161tine moraju odr\u017eavati jer je predvi?eno Ustavom Crne Gore, Zakonom o lokalnoj samoupravi i Statutom Op\u0161tine, sjednice se ne odr\u017eavaju i time su odbornici izgubili pravo na kontrolu izvr\u0161ne vlasti a gra?ani za\u0161titu koja im pripada u svim demokratskim dru\u0161tvima.<\/p>\n<p>Ovakav nerad, java\u0161luk i prevare izvr\u0161ne vlasti u Ulcinju pamti?e se dugo.<\/p>\n<p><strong>Ulcinj, 01.12.09<br \/>\nGenci Nimanbegu<\/strong><\/p>\n<p><strong><!--YouTube Error: bad URL entered--><br \/>\n<\/strong><\/p>\n","protected":false},"excerpt":{"rendered":"<p>Zadnja sjednica Skup\u0161tine Op\u0161tine Ulcinj je sazvana 29. maja i okon?ana 08. oktobra 2009.god. i od 14 predlo\u017eenih ta?aka dnevnog reda usvojeno je svega 6. Vjerovatno je ova godina za ovu vlast ponovo uspje\u0161no okon?ana i nemaju potrebe da odr\u017eavaju nove sjednice. Alarmantna je realizacija Bud\u017eeta za 9 mjeseci koji iznosi oko 3.300.000 EUR ili [&hellip;]<\/p>\n","protected":false},"author":1,"featured_media":0,"comment_status":"open","ping_status":"closed","sticky":false,"template":"","format":"standard","meta":{"spay_email":"","jetpack_publicize_message":"","jetpack_is_tweetstorm":false,"jetpack_publicize_feature_enabled":true},"categories":[8337],"tags":[117,1073,5391,19],"jetpack_publicize_connections":[],"yoast_head":"<!-- This site is optimized with the Yoast SEO plugin v19.1 - https:\/\/yoast.com\/wordpress\/plugins\/seo\/ -->\n<title>SAOPSTENJE - Nerad, java\u0161luk i prevare izvr\u0161ne vlasti u Ulcinju pamti?e se dugo - Lajme nga Ulqini<\/title>\n<meta name=\"description\" content=\"Zadnja sjednica Skup\u0161tine Op\u0161tine Ulcinj je sazvana 29. maja i okon?ana 08. oktobra 2009.god. i od 14 predlo\u017eenih ta?aka dnevnog reda usvojeno je svega 6.\" \/>\n<meta name=\"robots\" content=\"index, follow, max-snippet:-1, max-image-preview:large, max-video-preview:-1\" \/>\n<link rel=\"canonical\" href=\"https:\/\/www.visit-ulcinj.com\/blog\/2009\/12\/01\/saopstenje-nerad-javasluk-i-prevare-izvrsne-vlasti-u-ulcinju-pamtice-se-dugo\/\" \/>\n<meta property=\"og:locale\" content=\"en_US\" \/>\n<meta property=\"og:type\" content=\"article\" \/>\n<meta property=\"og:title\" content=\"SAOPSTENJE - Nerad, java\u0161luk i prevare izvr\u0161ne vlasti u Ulcinju pamti?e se dugo - Lajme nga Ulqini\" \/>\n<meta property=\"og:description\" content=\"Zadnja sjednica Skup\u0161tine Op\u0161tine Ulcinj je sazvana 29. maja i okon?ana 08. oktobra 2009.god. i od 14 predlo\u017eenih ta?aka dnevnog reda usvojeno je svega 6.\" \/>\n<meta property=\"og:url\" content=\"https:\/\/www.visit-ulcinj.com\/blog\/2009\/12\/01\/saopstenje-nerad-javasluk-i-prevare-izvrsne-vlasti-u-ulcinju-pamtice-se-dugo\/\" \/>\n<meta property=\"og:site_name\" content=\"Lajme nga Ulqini\" \/>\n<meta property=\"article:published_time\" content=\"2009-12-01T17:21:42+00:00\" \/>\n<meta property=\"article:modified_time\" content=\"2009-12-05T14:43:10+00:00\" \/>\n<meta property=\"og:image\" content=\"http:\/\/www.visit-ulcinj.com\/blog\/wp-content\/uploads\/2009\/12\/Genci-Nimanbegu_ulcinj.jpg\" \/>\n<meta name=\"twitter:label1\" content=\"Written by\" \/>\n\t<meta name=\"twitter:data1\" content=\"ulqini\" \/>\n\t<meta name=\"twitter:label2\" content=\"Est. reading time\" \/>\n\t<meta name=\"twitter:data2\" content=\"2 minutes\" \/>\n<script type=\"application\/ld+json\" class=\"yoast-schema-graph\">{\"@context\":\"https:\/\/schema.org\",\"@graph\":[{\"@type\":\"WebSite\",\"@id\":\"https:\/\/www.visit-ulcinj.com\/blog\/#website\",\"url\":\"https:\/\/www.visit-ulcinj.com\/blog\/\",\"name\":\"Lajme nga Ulqini\",\"description\":\"Lajme,Vijesti,Ulqini,Ulqin,Crna Gora,Mali i Zi\",\"potentialAction\":[{\"@type\":\"SearchAction\",\"target\":{\"@type\":\"EntryPoint\",\"urlTemplate\":\"https:\/\/www.visit-ulcinj.com\/blog\/?s={search_term_string}\"},\"query-input\":\"required name=search_term_string\"}],\"inLanguage\":\"en-US\"},{\"@type\":\"ImageObject\",\"inLanguage\":\"en-US\",\"@id\":\"https:\/\/www.visit-ulcinj.com\/blog\/2009\/12\/01\/saopstenje-nerad-javasluk-i-prevare-izvrsne-vlasti-u-ulcinju-pamtice-se-dugo\/#primaryimage\",\"url\":\"https:\/\/www.visit-ulcinj.com\/blog\/wp-content\/uploads\/2009\/12\/Genci-Nimanbegu_ulcinj.jpg\",\"contentUrl\":\"https:\/\/www.visit-ulcinj.com\/blog\/wp-content\/uploads\/2009\/12\/Genci-Nimanbegu_ulcinj.jpg\",\"width\":\"604\",\"height\":\"400\"},{\"@type\":\"WebPage\",\"@id\":\"https:\/\/www.visit-ulcinj.com\/blog\/2009\/12\/01\/saopstenje-nerad-javasluk-i-prevare-izvrsne-vlasti-u-ulcinju-pamtice-se-dugo\/#webpage\",\"url\":\"https:\/\/www.visit-ulcinj.com\/blog\/2009\/12\/01\/saopstenje-nerad-javasluk-i-prevare-izvrsne-vlasti-u-ulcinju-pamtice-se-dugo\/\",\"name\":\"SAOPSTENJE - Nerad, java\u0161luk i prevare izvr\u0161ne vlasti u Ulcinju pamti?e se dugo - Lajme nga Ulqini\",\"isPartOf\":{\"@id\":\"https:\/\/www.visit-ulcinj.com\/blog\/#website\"},\"primaryImageOfPage\":{\"@id\":\"https:\/\/www.visit-ulcinj.com\/blog\/2009\/12\/01\/saopstenje-nerad-javasluk-i-prevare-izvrsne-vlasti-u-ulcinju-pamtice-se-dugo\/#primaryimage\"},\"datePublished\":\"2009-12-01T17:21:42+00:00\",\"dateModified\":\"2009-12-05T14:43:10+00:00\",\"author\":{\"@id\":\"https:\/\/www.visit-ulcinj.com\/blog\/#\/schema\/person\/dcab619c614d3038751c63bc2aadc06d\"},\"description\":\"Zadnja sjednica Skup\u0161tine Op\u0161tine Ulcinj je sazvana 29. maja i okon?ana 08. oktobra 2009.god. i od 14 predlo\u017eenih ta?aka dnevnog reda usvojeno je svega 6.\",\"breadcrumb\":{\"@id\":\"https:\/\/www.visit-ulcinj.com\/blog\/2009\/12\/01\/saopstenje-nerad-javasluk-i-prevare-izvrsne-vlasti-u-ulcinju-pamtice-se-dugo\/#breadcrumb\"},\"inLanguage\":\"en-US\",\"potentialAction\":[{\"@type\":\"ReadAction\",\"target\":[\"https:\/\/www.visit-ulcinj.com\/blog\/2009\/12\/01\/saopstenje-nerad-javasluk-i-prevare-izvrsne-vlasti-u-ulcinju-pamtice-se-dugo\/\"]}]},{\"@type\":\"BreadcrumbList\",\"@id\":\"https:\/\/www.visit-ulcinj.com\/blog\/2009\/12\/01\/saopstenje-nerad-javasluk-i-prevare-izvrsne-vlasti-u-ulcinju-pamtice-se-dugo\/#breadcrumb\",\"itemListElement\":[{\"@type\":\"ListItem\",\"position\":1,\"name\":\"SAOPSTENJE &#8211; Nerad, java\u0161luk i prevare izvr\u0161ne vlasti u Ulcinju pamti?e se dugo\"}]},{\"@type\":\"Person\",\"@id\":\"https:\/\/www.visit-ulcinj.com\/blog\/#\/schema\/person\/dcab619c614d3038751c63bc2aadc06d\",\"name\":\"ulqini\",\"sameAs\":[\"http:\/\/www.visit-ulcinj.com\"],\"url\":\"https:\/\/www.visit-ulcinj.com\/blog\/author\/admin\/\"}]}<\/script>\n<!-- \/ Yoast SEO plugin. -->","yoast_head_json":{"title":"SAOPSTENJE - Nerad, java\u0161luk i prevare izvr\u0161ne vlasti u Ulcinju pamti?e se dugo - Lajme nga Ulqini","description":"Zadnja sjednica Skup\u0161tine Op\u0161tine Ulcinj je sazvana 29. maja i okon?ana 08. oktobra 2009.god. i od 14 predlo\u017eenih ta?aka dnevnog reda usvojeno je svega 6.","robots":{"index":"index","follow":"follow","max-snippet":"max-snippet:-1","max-image-preview":"max-image-preview:large","max-video-preview":"max-video-preview:-1"},"canonical":"https:\/\/www.visit-ulcinj.com\/blog\/2009\/12\/01\/saopstenje-nerad-javasluk-i-prevare-izvrsne-vlasti-u-ulcinju-pamtice-se-dugo\/","og_locale":"en_US","og_type":"article","og_title":"SAOPSTENJE - Nerad, java\u0161luk i prevare izvr\u0161ne vlasti u Ulcinju pamti?e se dugo - Lajme nga Ulqini","og_description":"Zadnja sjednica Skup\u0161tine Op\u0161tine Ulcinj je sazvana 29. maja i okon?ana 08. oktobra 2009.god. i od 14 predlo\u017eenih ta?aka dnevnog reda usvojeno je svega 6.","og_url":"https:\/\/www.visit-ulcinj.com\/blog\/2009\/12\/01\/saopstenje-nerad-javasluk-i-prevare-izvrsne-vlasti-u-ulcinju-pamtice-se-dugo\/","og_site_name":"Lajme nga Ulqini","article_published_time":"2009-12-01T17:21:42+00:00","article_modified_time":"2009-12-05T14:43:10+00:00","og_image":[{"url":"http:\/\/www.visit-ulcinj.com\/blog\/wp-content\/uploads\/2009\/12\/Genci-Nimanbegu_ulcinj.jpg"}],"twitter_misc":{"Written by":"ulqini","Est. reading time":"2 minutes"},"schema":{"@context":"https:\/\/schema.org","@graph":[{"@type":"WebSite","@id":"https:\/\/www.visit-ulcinj.com\/blog\/#website","url":"https:\/\/www.visit-ulcinj.com\/blog\/","name":"Lajme nga Ulqini","description":"Lajme,Vijesti,Ulqini,Ulqin,Crna Gora,Mali i Zi","potentialAction":[{"@type":"SearchAction","target":{"@type":"EntryPoint","urlTemplate":"https:\/\/www.visit-ulcinj.com\/blog\/?s={search_term_string}"},"query-input":"required name=search_term_string"}],"inLanguage":"en-US"},{"@type":"ImageObject","inLanguage":"en-US","@id":"https:\/\/www.visit-ulcinj.com\/blog\/2009\/12\/01\/saopstenje-nerad-javasluk-i-prevare-izvrsne-vlasti-u-ulcinju-pamtice-se-dugo\/#primaryimage","url":"https:\/\/www.visit-ulcinj.com\/blog\/wp-content\/uploads\/2009\/12\/Genci-Nimanbegu_ulcinj.jpg","contentUrl":"https:\/\/www.visit-ulcinj.com\/blog\/wp-content\/uploads\/2009\/12\/Genci-Nimanbegu_ulcinj.jpg","width":"604","height":"400"},{"@type":"WebPage","@id":"https:\/\/www.visit-ulcinj.com\/blog\/2009\/12\/01\/saopstenje-nerad-javasluk-i-prevare-izvrsne-vlasti-u-ulcinju-pamtice-se-dugo\/#webpage","url":"https:\/\/www.visit-ulcinj.com\/blog\/2009\/12\/01\/saopstenje-nerad-javasluk-i-prevare-izvrsne-vlasti-u-ulcinju-pamtice-se-dugo\/","name":"SAOPSTENJE - Nerad, java\u0161luk i prevare izvr\u0161ne vlasti u Ulcinju pamti?e se dugo - Lajme nga Ulqini","isPartOf":{"@id":"https:\/\/www.visit-ulcinj.com\/blog\/#website"},"primaryImageOfPage":{"@id":"https:\/\/www.visit-ulcinj.com\/blog\/2009\/12\/01\/saopstenje-nerad-javasluk-i-prevare-izvrsne-vlasti-u-ulcinju-pamtice-se-dugo\/#primaryimage"},"datePublished":"2009-12-01T17:21:42+00:00","dateModified":"2009-12-05T14:43:10+00:00","author":{"@id":"https:\/\/www.visit-ulcinj.com\/blog\/#\/schema\/person\/dcab619c614d3038751c63bc2aadc06d"},"description":"Zadnja sjednica Skup\u0161tine Op\u0161tine Ulcinj je sazvana 29. maja i okon?ana 08. oktobra 2009.god. i od 14 predlo\u017eenih ta?aka dnevnog reda usvojeno je svega 6.","breadcrumb":{"@id":"https:\/\/www.visit-ulcinj.com\/blog\/2009\/12\/01\/saopstenje-nerad-javasluk-i-prevare-izvrsne-vlasti-u-ulcinju-pamtice-se-dugo\/#breadcrumb"},"inLanguage":"en-US","potentialAction":[{"@type":"ReadAction","target":["https:\/\/www.visit-ulcinj.com\/blog\/2009\/12\/01\/saopstenje-nerad-javasluk-i-prevare-izvrsne-vlasti-u-ulcinju-pamtice-se-dugo\/"]}]},{"@type":"BreadcrumbList","@id":"https:\/\/www.visit-ulcinj.com\/blog\/2009\/12\/01\/saopstenje-nerad-javasluk-i-prevare-izvrsne-vlasti-u-ulcinju-pamtice-se-dugo\/#breadcrumb","itemListElement":[{"@type":"ListItem","position":1,"name":"SAOPSTENJE &#8211; Nerad, java\u0161luk i prevare izvr\u0161ne vlasti u Ulcinju pamti?e se dugo"}]},{"@type":"Person","@id":"https:\/\/www.visit-ulcinj.com\/blog\/#\/schema\/person\/dcab619c614d3038751c63bc2aadc06d","name":"ulqini","sameAs":["http:\/\/www.visit-ulcinj.com"],"url":"https:\/\/www.visit-ulcinj.com\/blog\/author\/admin\/"}]}},"jetpack_featured_media_url":"","jetpack_sharing_enabled":true,"jetpack_shortlink":"https:\/\/wp.me\/pe6lTn-7dS","_links":{"self":[{"href":"https:\/\/www.visit-ulcinj.com\/blog\/wp-json\/wp\/v2\/posts\/27768"}],"collection":[{"href":"https:\/\/www.visit-ulcinj.com\/blog\/wp-json\/wp\/v2\/posts"}],"about":[{"href":"https:\/\/www.visit-ulcinj.com\/blog\/wp-json\/wp\/v2\/types\/post"}],"author":[{"embeddable":true,"href":"https:\/\/www.visit-ulcinj.com\/blog\/wp-json\/wp\/v2\/users\/1"}],"replies":[{"embeddable":true,"href":"https:\/\/www.visit-ulcinj.com\/blog\/wp-json\/wp\/v2\/comments?post=27768"}],"version-history":[{"count":0,"href":"https:\/\/www.visit-ulcinj.com\/blog\/wp-json\/wp\/v2\/posts\/27768\/revisions"}],"wp:attachment":[{"href":"https:\/\/www.visit-ulcinj.com\/blog\/wp-json\/wp\/v2\/media?parent=27768"}],"wp:term":[{"taxonomy":"category","embeddable":true,"href":"https:\/\/www.visit-ulcinj.com\/blog\/wp-json\/wp\/v2\/categories?post=27768"},{"taxonomy":"post_tag","embeddable":true,"href":"https:\/\/www.visit-ulcinj.com\/blog\/wp-json\/wp\/v2\/tags?post=27768"}],"curies":[{"name":"wp","href":"https:\/\/api.w.org\/{rel}","templated":true}]}}