{"id":2779,"date":"2008-08-29T13:23:37","date_gmt":"2008-08-29T18:23:37","guid":{"rendered":"http:\/\/www.visit-ulcinj.com\/blog\/?p=2779"},"modified":"2008-08-29T13:23:37","modified_gmt":"2008-08-29T18:23:37","slug":"mali-i-zi-evrope-ose-%e2%80%9cofshore%e2%80%9d-parajse","status":"publish","type":"post","link":"https:\/\/www.visit-ulcinj.com\/blog\/2008\/08\/29\/mali-i-zi-evrope-ose-%e2%80%9cofshore%e2%80%9d-parajse\/","title":{"rendered":"Mali i Zi &#8211; Evrop\u00eb ose \u201cofshore\u201d parajs\u00eb?"},"content":{"rendered":"<p><a href=\"http:\/\/www.acidfonts.com\/graphics\/offshore.gif\"><img loading=\"lazy\" class=\"alignleft\" title=\"OFSHORE BANKING\" src=\"http:\/\/www.acidfonts.com\/graphics\/offshore.gif\" alt=\"\" width=\"208\" height=\"156\" \/><\/a>Udh\u00ebheq\u00ebsit e opozit\u00ebs n\u00eb Mal \u00ebt Zi thon\u00eb se qeveria i kushton v\u00ebmendje tep\u00ebr sip\u00ebrfaq\u00ebsore an\u00ebtar\u00ebsimit n\u00eb BE, p\u00ebrderisa q\u00ebllimi i v\u00ebrtet\u00eb i Millo Gjukanoviqit \u00ebsht\u00eb q\u00eb t\u00eb mbetet jasht\u00eb klubit dhe ta shnd\u00ebrroj\u00eb vendin n\u00eb \u201cofshore\u201d qend\u00ebr bankiere.<br \/>\nAgjencioni privat p\u00ebr zbulim nga Teksasi Stratfor poashtu vler\u00ebson se Mali i Zi preferon t\u00eb mbetet p\u00ebrgjithmon\u00eb aspirant p\u00ebr n\u00eb BE sepse hyrja n\u00eb klub do ta reduktoj\u00eb hyrjen e parave kesh n\u00eb vend q\u00eb vjen nga ata q\u00eb e shohin si \u201cofshore\u201d destinacion t\u00eb ri bankar.<br \/>\nQeveria i refuzon k\u00ebto akuza duke th\u00ebn\u00eb se mbetet e p\u00ebrcaktuar p\u00ebr hyrje n\u00eb BE dhe paralajm\u00ebron se zyrtarisht do t\u00eb aplikoj\u00eb p\u00ebr an\u00ebtar\u00ebsim deri n\u00eb fund t\u00eb k\u00ebtij viti.<br \/>\nNebojsha Medojeviq, lider i partis\u00eb opozitare L\u00ebvizja p\u00ebr Ndryshime (PZP), thot\u00eb se Podgorica nuk posedon d\u00ebshir\u00eb t\u00eb sinqert\u00eb p\u00ebr n\u00eb BE, sepse me k\u00ebt\u00eb rrezikohen interesat dhe pozita e saj\u00eb.<br \/>\n\u201cMali i Zi udh\u00ebhiqet nga grup i vog\u00ebl njer\u00ebzish t\u00eb cil\u00ebt frikohen nga ndryshimet t\u00eb cilat i sjell afrimi me BE-n\u00eb\u201d, thot\u00eb Medojeviq. Ai shton se n\u00eb Mal t\u00eb Zi ekziston lobi i fuqish\u00ebm anti BE q\u00eb \u00ebsht\u00eb paraqitur n\u00eb koh\u00ebn e tranzicionit, luft\u00ebrave, kontraband\u00ebs dhe kriminalitetit. Ata jan\u00eb njer\u00ebz t\u00eb cil\u00ebt nuk d\u00ebshirojn\u00eb q\u00eb BE t\u2019i mbik\u00ebqyr\u00eb prej m\u00eb s\u00eb af\u00ebrmi.<br \/>\nSipas tij, \u00e7do hulumtim i implementimit t\u00eb legjislatur\u00ebs s\u00eb BE-s\u00eb shpejt do t\u00eb tregoj\u00eb se \u201cligjet nuk aplikohen ndaj nj\u00eb rrethi t\u00eb ngusht\u00eb t\u00eb njer\u00ebzve t\u00eb fuqish\u00ebm\u201d.<br \/>\n\u201cIdeja e pushtetit \u00ebsht\u00eb q\u00eb Mali i Zi t\u00eb shnd\u00ebrrohet n\u00eb vend i cili n\u00eb aspektin gjeografik \u00ebsht\u00eb af\u00ebr BE-s\u00eb, mir\u00ebpo i cili ka \u201cofshore\u201d status dhe \u00ebsht\u00eb strehimore e lar\u00ebsve t\u00eb parave\u201d, thot\u00eb ai.<br \/>\nQeveria i hedh posht\u00eb k\u00ebto akuza p\u00ebr ngadal\u00ebsim t\u00eb procesit evropian. Socialist\u00ebt e Gjukanoviqit thon\u00eb se vet\u00ebm vitin e kaluar Qeveria ka n\u00ebnshkruar dokument ky\u00e7 me BE-n\u00eb me t\u00eb cilin e ka b\u00ebr\u00eb hapin e par\u00eb drejt an\u00ebtar\u00ebsimit.<br \/>\nMegjithat\u00eb, disa ekspert\u00eb pajtohen me nj\u00eb pjes\u00eb t\u00eb pohimeve t\u00eb opozit\u00ebs. Stratfor beson se Mali i Zi mundet t\u00eb heq dor\u00eb nga shpresat e veta p\u00ebr n\u00eb BE dhe n\u00eb vend t\u00eb saj\u00eb t\u00eb ruaj\u00eb statusin e \u201ckandidatit t\u00eb p\u00ebrhersh\u00ebm\u201d<br \/>\nKjo agjenci me ndikim e cila furnizon me informacione klient\u00eb nga e t\u00ebr\u00eb bota, parasheh se Mali i Zi do t\u00eb vazhdoj\u00eb t\u00eb pohoj\u00eb se d\u00ebshiron raporte t\u00eb af\u00ebrta me BE-n\u00eb, por se kjo do t\u00eb jet\u00eb vet\u00ebm teat\u00ebr.<br \/>\nStratfor, poashtu pohon se Mali i Zi me siguri shpreson se do t\u00eb plot\u00ebsoj\u00eb \u201cofshore\u201d zbraz\u00ebtir\u00eb n\u00eb BE e cila do t\u00eb shkaktohet kur Qiproja t\u2019\u2019i bashk\u00ebngjitet BE-s\u00eb.<\/p>\n<div style=\"width: 280px\" class=\"wp-caption alignright\"><a href=\"http:\/\/www.offshorebankingonline.info\/images\/offshore-bank.jpg\"><img loading=\"lazy\" title=\"OFSHORE BANKING\" src=\"http:\/\/www.offshorebankingonline.info\/images\/offshore-bank.jpg\" alt=\"OFSHORE BANKING MONTENEGRO\" width=\"270\" height=\"202\" \/><\/a><p class=\"wp-caption-text\">OFSHORE BANKING MONTENEGRO<\/p><\/div>\n<p>\u201cMali i Zi \u00ebsht\u00eb qend\u00ebr bankare e cila klient\u00ebve t\u00eb vet (prej t\u00eb cil\u00ebve shumica jan\u00eb jasht\u00ebzakonisht t\u00eb pasur) u ofron sh\u00ebrbime t\u00eb cilat nuk munden t\u00eb ekzistojn\u00eb n\u00ebn supervizion t\u00eb p\u00ebrpikt\u00eb t\u00eb BE-s\u00eb. Nj\u00eb Mal i Zi i k\u00ebtill\u00eb nuk ka interes nga an\u00ebtar\u00ebsimi formal n\u00eb BE. Kjo dilem\u00eb sqaron pse Mali i Zi ende zyrtarisht nuk ka aplikuar me k\u00ebrkes\u00eb p\u00ebr an\u00ebtar\u00ebsim. Madje edhe kur ta b\u00ebj\u00eb k\u00ebt\u00eb, Mali i Zi do t\u00eb mbetet kandidat i p\u00ebrjetsh\u00ebm\u201d, thot\u00eb raporti i botuar me 6 gusht.<\/p>\n<p>Pasi e l\u00ebshoi Unionin me Serbin\u00eb n\u00eb vitin 2006, n\u00eb tetor t\u00eb vitit t\u00eb kaluar Mali i Zi e n\u00ebnshkroi Marr\u00ebveshjen p\u00ebr Stabilizim dhe Asocim me Brukselin dhe paralajm\u00ebroi se do t\u00eb k\u00ebrkoj\u00eb an\u00ebtar\u00ebsim deri n\u00eb fund t\u00eb k\u00ebtij viti. Paraprakisht Komisionin Evropian do t\u00eb publikoj\u00eb raport p\u00ebr p\u00ebrparimin e vendit. N\u00eb raportet paraprake KE ishte shum\u00eb kritike ndaj Malit t\u00eb Zi, duke v\u00ebrejtur nivel t\u00eb lart\u00eb t\u00eb korrupsionit dhe sistem t\u00eb dob\u00ebt gjyq\u00ebsor\u00eb.<br \/>\nGordana Gjuroviq, z\u00ebvend\u00ebskryeministre p\u00ebrgjegj\u00ebse p\u00ebr integrimin evropian, thot\u00eb se perspektiva evropiane e Malit t\u00eb Zi \u00ebsht\u00eb e qart\u00eb dhe i p\u00ebrngjan miratimit t\u00eb Programit nacional p\u00ebr BE-n\u00eb. Ajo n\u00ebnvizon se legjislacioni n\u00eb Mal t\u00eb Zi, institucionet dhe procedurat harmonizohen me standardet dhe rregulloret evropiane.<br \/>\n\u201cE gjith kjo b\u00ebhet n\u00eb m\u00ebnyr\u00eb efikase dhe n\u00eb afate t\u00eb shkurta. Perspektiva evropiane e Malit t\u00eb Zi \u00ebsht\u00eb e qart\u00eb dhe k\u00ebrkesa p\u00ebr an\u00ebtar\u00ebsim do t\u00eb publikohet deri n\u00eb fund t\u00eb vitit. E gjith\u00eb kjo mjafton t\u00eb refuzohen pohimet e agjencis\u00eb Stratfor\u201d, thot\u00eb Gjuroviq. Ajo shton se Mali i Zi q\u00eb moti i ka l\u00ebn\u00eb pas vete ambiciet q\u00eb t\u00eb shnd\u00ebrrohet n\u00eb \u201cofshore\u201d zon\u00eb investuese.<\/p>\n<div style=\"width: 247px\" class=\"wp-caption alignleft\"><a href=\"http:\/\/www.offshorebank.com\/wp-content\/uploads\/2008\/05\/offshore-bank-interest-rates.jpg\"><img loading=\"lazy\" title=\"OFSHORE BANKING\" src=\"http:\/\/www.offshorebank.com\/wp-content\/uploads\/2008\/05\/offshore-bank-interest-rates.jpg\" alt=\"OFSHORE BANKING MONTENEGRO\" width=\"237\" height=\"286\" \/><\/a><p class=\"wp-caption-text\">OFSHORE BANKING MONTENEGRO<\/p><\/div>\n<p>\u201cKah mesi i viteve t\u00eb 90-ta Mali i Zi d\u00ebshironte t\u00eb t\u00ebrheq\u00eb investime t\u00eb huaja p\u00ebrmes \u201cofshore\u201d projekteve, mir\u00ebpo kjo nuk funksionoi asnj\u00ebher\u00eb dhe n\u00eb nd\u00ebrkoh\u00eb kjo ide u braktis\u201d, thot\u00eb ministrja.<br \/>\nPrej at\u00ebher\u00eb Mali i Zi n\u00eb m\u00ebnyr\u00eb t\u00eb qart\u00eb u tregoi t\u00eb gjith\u00eb investitor\u00ebve se modeli i saj i zhvillimit t\u00eb ardhsh\u00ebm ekonomik bazohet n\u00eb konceptet ligjore t\u00eb vendeve evropiane, posa\u00e7\u00ebrisht t\u00eb vendeve an\u00ebtare t\u00eb BE-s\u00eb. Askush nuk d\u00ebshiron q\u00eb Mali i Zi t\u00eb shnd\u00ebrrohet n\u00eb \u201cofshore\u201d destinacion por si destinacion evropian\u201d, thot\u00eb ajo.<br \/>\nMegjithat\u00eb dyshimet rreth q\u00ebllimeve t\u00eb Qeveris\u00eb ekzistojn\u00eb. Nj\u00eb burim vler\u00ebson e shpejtimi n\u00eb rrug\u00ebn drejt BE-s\u00eb mundet ta ngadal\u00ebsoj\u00eb arritjen e kapitalit nga vende q\u00eb nuk jan\u00eb an\u00ebtare t\u00eb BE-s\u00eb.<br \/>\n\u201cCili Bashkim Evropian?Pse na nevojitet?\u201d, pyetet ky burim. N\u00eb nd\u00ebrkoh\u00eb profesori Veselin Vukotiq i cili deri para do kohe ishte kryetar i K\u00ebshillit qeveritar p\u00ebr privatizime, shpeshher\u00eb jep deklarata t\u00eb cilat jan\u00eb n\u00eb kund\u00ebrshtim t\u00eb plot\u00eb me q\u00ebndrimin zyrtar pro BE-s\u00eb.<br \/>\nPara dy viteve, Maja Drakiq, e af\u00ebrt me Vuktoqin, publikoi studim n\u00eb \u00ebt cilin thot\u00eb se Mali i Zi fillimisht duhet t\u00eb p\u00ebrcaktoj\u00eb n\u00ebse \u00ebsht\u00eb fitimprur\u00ebse p\u00ebr k\u00ebt\u00eb vend t\u00eb an\u00ebtar\u00ebsohet n\u00eb BE, e pastaj t\u00eb sjell\u00eb vendim. Profesori Vukotiq \u00ebsht\u00eb i af\u00ebrt me kryeministrin Millo Gjukanoviq. T\u00eb dy bashk\u00eb jan\u00eb themelues t\u00eb kompanis\u00eb \u201cUniverzitas\u201d e cila e posedon universitetin \u201cDonja Gorica\u201d t\u00eb inauguruar vitin e kaluar.<br \/>\nMom\u00e7illo Radulloviq, sekretar i p\u00ebrgjithsh\u00ebm i L\u00ebvizjes Evropiane n\u00eb Mal t\u00eb Zi, poashtu \u00ebsht\u00eb skeptik rreth q\u00ebndrimeve qeveritare kur b\u00ebhet fjal\u00eb p\u00ebr an\u00ebtar\u00ebsim n\u00eb BE.<br \/>\n\u201cAktivitetet reformuese nuk zbatohen. Sjellim ligje dhe vendime t\u00eb cilat nuk i zbatojm\u00eb, krijojm\u00eb institucione t\u00eb cilat nuk ekzistojn\u00eb\u201d, thot\u00eb Radulloviq dhe shton se \u201creformator\u00ebt ekzistojn\u00eb vet\u00ebm n\u00eb let\u00ebr\u201d.<br \/>\nDuke pohuar se puna rreth integrimit n\u00eb BE gjithnj\u00eb e m\u00eb tep\u00ebr avancohet n\u00eb pjes\u00ebn politike, Radulloviq thot\u00eb se autoritetet jan\u00eb t\u00eb brengosura nga fakti se Brukseli e shton kontrollin mbi pun\u00ebn e tyres,<br \/>\n\u201cNuk jam i sigurt se Qeveris\u00eb i p\u00eblqen ky lloj kontrolli n\u00eb koh\u00ebn kur para nesh q\u00ebndrojn\u00eb investime t\u00eb m\u00ebdha dhe kur paralajm\u00ebrohen privatizime t\u00eb m\u00ebdha\u201d, thot\u00eb Radulloviq.<br \/>\n(Autori \u00ebsht\u00eb redaktor n\u00eb gazet\u00ebn \u201cVijesti\u201d nga Podgorica. Teksti \u00ebsht\u00eb botuar n\u00eb BIRN)<br \/>\nMali i Zi mes ardhm\u00ebris\u00eb evropiane dhe ardhm\u00ebris\u00eb \u201c\u201cofshore\u201d<br \/>\n<strong>Burimi \/ Lajmpress.com<\/strong><\/p>\n<p><!-- vimeo error: not a vimeo video --><br \/>\n<a class=\"aligncenter\" title=\"???? ????,?????,Ulcinj,Montenegru,??????????,\u00c7ernoqoriya,???????????,Montenegiro,?ern\u00e1 Hora,??????????,Cz\u00f4rnog\u00f3ra,Cz\u00f4rn\u00f4 G\u00f3ra,Carna G\u00f3ra,T\u0161ernogooria,\u00c7ernogoriya,Montain\u00e9agr\u00f3,Montenegwo,?orna Hora,Montenegr\u00f3,M?ntenigro,Chernogoriya ,\u00c7\u00earnogor\u00ee ,?????????,????????? ,??????? ,Montes Nigrae,Mons Niger,M\u00f4ntenegr\u00f4,Muntenegru,??????????,Czarnog\u00f3ra,Muntinigru,Muntenegro,\nMuntenegru,\t?ierna Hora,Cxerngora,????????,?rna gora,Moontineegro,?ornog?ra,\u00c7ernogori\u00fda,Chernogoriya,Mont\u00f5negro,????? ???? ,?r?na Gora,?r?nogorije,?ernogorija,?arnahoryja,??????????,???????????????????? ,?ern?g?riy\u00e2,M?nt?n??r?,????? ?????? ,????????,??????????,???????????,M?nten?gro,???? ????? ,????????,M\u00f4ntenegr\u00f4,????????????,???????????,????????????, ??????????? ,????????????,??????????? ,??\/?? ,??????,????? ,Muntenegru, ????? ????, Montenegr?,chambres \u00e0 louer \u00e0 ulcinj, location de vacance, location saisonni\u00e8res, louer villa,location de vacance, Locations vacance, h\u00e9bergements vacances, locations villa, logements de vacances, location maison avec piscine, Location vacance, locations de vacance, h\u00e9bergements de vacances, location villa, locations entre particulier, logements vacance, vacances \u00e0 Mont\u00e9n\u00e9gro - location \u00e0 Ulcinj ,location  de bigorre,Urlaub in Ulcinj -Montenegro,Hotelbewertungen Ulcinj,Reisen Ulcinj, Urlaub Ulcinj,Hotel in Serbien und Montenegro von Urlaubern bewertet,Wohnungen,Kurorte,Reservierung,Hotels,Zimmer,studio,?ern? Hora, Chaty a byty, Hotely a penziony, Priv?ty, L?zn?, rezervace ubytov?n?,apartm?n\u00ad,noc,pokoj\u00ad,v?hled na mo?e,noc p??zem?,v?hled na hory,l??ko\u00ad,Hotel Priv?t,l??ko\u00ad+sn?dan?\u00ad,dovolen?,studio penzion,Ulcinj ubytov?n?,?ern? Hora,ubytov?n?,apartm?ny,Turistick? komplex Ada na ostrov? Ada Bojana,Pobyty u mo?e,hit sez?ny 2008,FKK nudistick\u00e9ho ada bojana,bungalovy,Velkou pl??,ubytov?n?,Fotografie m?ste?ka Ulcinj,Ada Bojana hotelov? nudistick?,Pl??e a koup?n?,Montenegr?,Sz?lloda,Fizet?vend\u00e9gl?t?,szoba\u00ad,\u00e9jszaka,st?di?,F?ldszint,kil?t?s a hegyekre,F?ldszint,kil?t?s a tengerre,\u00e9jszaka erk\u00e9ly, kil?t?s a tengerre,Ulcinj, Vend\u00e9gh?zak \u00e9s apartmanok, Sz?llod?k, Fizet?vend\u00e9gl?t?s, Gy?gyf\u00fcrd?k,?sszes, Aparthotel, Apartman, Bungal?, Fah?z, Fogad?, Haj?, Hotel, Kast\u00e9lysz?ll?, nincs sz?ll?s, P?lyasz?ll?s, Panzi?, Vend\u00e9gh?z, Wellness Sz?lloda,Camer? Accommodation,De coast? Ulcinj,apartmanh?z,Preno?i??e,Vend\u00e9gh?z,Szoba,Szobe ulcinj,Czarnog?ra, Domki i kwatery, Hotele, Pensjonaty rodzinne, Uzdrowiska - ulcinj rezerwacja nocleg?w,Vend\u00e9gh?zak \u00e9s apartmanok,Sz?llod?k,Fizet?vend\u00e9gl?t?s,Gy?gyf\u00fcrd?k ,sz?ll?sfoglal?s,Ulcinjska Riwiera,SOPOL - Touroperator. Wczasy, oferty last minute, bilety samolotowe,Wielka plaza\" 13km dlugosci,W?ochy. Promocje Bilety autokarowe. Dojazd wlasny, dolomity,Pensjonat rodzinny,noc partera, widok na morze,widok na morze,apartament\u00ad,???ko\u00ad+?niadanie,pok?j,noc,w ka?dym pokoju TV,osobowy pok?j, balkon w ka?dym pokoju, wsp?lny w?ze? sanitarny,Pok?j ulcinj,Wszystkie pokoje maja lazienki,Ceny 7 euros za osobe,zni?ka 20 % dla dzieci w wieku 2-14,Ubytov?n?,klimatyzacja,wakacje ulcinj,kamping?w naturystycznych,1os?b Ceny 7,Crna Gora, Vikendice i stanovi, Hoteli, Privatni sme?taji, Banja, rezervacija sme?taja,Privatan sme?taj,le?aj\u00ad,soba,no?,pogled na more,pogled na planine,Chalet e appartamenti, Alberghi, Alloggio presso privati, Terme, la prenotazione dell'alloggio,vista sul mare,vista sulla montagna,Albergo ulcinj,posto letto\u00ad,notte,1persone-7 euro,camera\u00ad ulcinj montenegro,appartamento\u00ad,notte,Visita del castello ulcinj,vita di mare ulcinj,L'alloggio in alcuni casi scende anche al di sotto di 7-10 euro presso i privati,ulcinj Homelidays,ulcinj il leader dell\u2019affitto di Case Vacanza tra privati in Europa,Preno?i??e, Preno?i??a,l'isola di Ada Bojana,Private Unterkunft,Blick aufs Meer,Ausblick zu den Berge,Zimmer\u00ad in ulcinj,Family pensions,reservation of accommodation,view to the mountains,view to the see,Family pension,room\u00ad,summer vacation ulcinj,Cottages and apartments,Last minute list to find studio,dhoma me qera,krevati 7 euro ne ulqin,dhoma ne detin e ulqinit,pushime ulqin 2008,???????? ? ???????????, ?????, ???????? ??????????, ??????? , ???????????? ??????????,???????? ?????????,??????????,??? ?? ????,??? ?? ????,???????,?????,??????,???,?????,??????,??????,????? ??????,Mont\u00e9n\u00e9gro, Chalets et appartements, H\u00f4tels, Pensions de famille, Stations baln\u00e9aires, r\u00e9servation d'h\u00e9bergement,vue sur les montagnes,vue sur la mer,chambre\u00ad,H\u00e9bergement dans la maison d'appartements,Chambre \u00e0 louer 7\u20ac le lit,Chambre d h\u00f4tes dans Appartement,vacances en famille,H\u00e9bergement,activit\u00e9s, plong\u00e9e,Site de tourisme ulcinj,Private Unterkunft ,Billig Urlaub in Ulcinj,ferienh?user,ferienwohnung,Billige Ferienh?user,Ferienwohnung ULCINJ,Ferien an der Adria,Urlaub im Ferienhaus ulcinjBilligreisen Ulcinj,Pauschalreisen,FKK Strand Ada Bojana ulcinj,Last Minute Angebote ulcinj,Preise f\u00fcr Lastminute,Kleinanzeigen gratis,Ausflug nach Ulcinj,FKK-Reisen ada bojana,FKK-Urlaub ulcinj,Privatni smje?taj,rezervacija smje?taja,apartmani,sobe,ku?e,odmor,sobe za odmor ulcinj,Pretra?ivanje privatnog smje?taja,rooms rent accommodation ulcinj, rentail private accommodation ulcinj,?elite rezervirati privatni smje?taj,Private accommodation,Smje?taj ulcinj,Pushime Verore ulqin,pushime t\u00eb lira n\u00eb ulqin,Pushime ne plazh,Pushime te kendshme,dhoma per pushime ulqin,dhoma me qera ulqin,dhoma te lira ulqin,pushime te lira ulqin,mali i zi,kosova,maqedoni,shqiperi,Pushime ne det te ulqinit,godi?nji odmor u ulcinj,odmor u ulcinj,Ku?a za odmor,kuda na odmor,ljetovanje u ulcinj,slobodne sobe,dhoma te lira,ku?a uz more,turisti?ka ponuda,odmor i zabava,povolne cene,sobe,usluge,Mjesto za Va? odmor , Place for Your holiday,Odmor portal,putovanaja,Iznajmljivanje soba ulcinj,odmor ulcinj info,Va?e mjesto za odmor ulcinj,nudisticka plaza ada bojana,smjestaj ponuda ulcinj,lokacioni i dhomave ulqin,deti,plazhet e bukura,diskoteka,zbavitja,.\" copacabana ulcinj,  h\u00f4tels,  hotel ulqin,  Kosova,  Mali i Zi,  Maqedonija,  Montenegro,  montenegro tourisme plage,  montenegro ulcinj,  Shpallje Falas,  Shpallje Falas per shitjen e shtepis se juaj,  Shpallje Falas per villat e juaj,  Shpallje Falas Real Estate,  Shpallje Falas turistike,  shqiperija,  tourisme,  Ulci?,  ulcinj,  ulqin,  ulqin hotel,  ulqini,  ulqini 2007,Ada Bojana,  Alba?czyk,  Cita di Dolcino,  Copacabana,  Czarnog\u00f3ra,  Czarnog\u00f3rzec,  Don Kichota,  Ma?a Pla?a,  Mandra,  MIGUEL DE SERVANTES,  p\u00f3?wyspy Marjan,  Pla?a Valdanos,  Rzeka Bojana,  Shas \/ \u0160as \/ Sva?,  Ulci?,  Ulcinjsk? Riwier?,  Wielka Pla?a,  Wyspa Bojana,WELCOME ,BIENVENUE , WILLKOMMEN ,- BENVENUTO ,- MIR\u00cb SE VINI ,- DOBRO DO\u0160LI TO ULCINJ \/ ULQIN ,\u2013 MONTENEGRO ,????? ?????????? ,- VITAJTE, - BRUCHIM HABAYIM ,-V\u00cdTEJTE, - WITAJCIE, - KHOSH \u00c2MAD\u00ceD ,- BITAEMO ,- CHAIRE, - ZAPRASHAJEM ,- V\u00c4LKOMMEN,  - VELKOMMEN ,- DOBRE DOSHLE, - PARI YEGAK ,- SW\u00c2GATAM, - ISTEN HOZTA, - ZAYT VILKUM, - HO?GELDINIZ ,- BIENVENIDOS ,- SUSHRI AKAL, - HUSH KILDEGEZ, - BUN VENIT, - PE KHER RAGLE, - BEM-VINDO, - HUAN YIN ,- BIEN ATI VENI ,- \u00c2SANTU ,- SELAMAT DATANG, - W\u00cbLLKOMM ,- XUSH AMD\u00ceD, - SVEIKI, - HUN BI XER HATIN, - KIRINIZ ,- ENNA ,VISHAYAM ,- MERHABA ,- F\u00c1ILTE, - VELKOMINN ,- VAELKOMIN, - TERE TULEMAST ,- M\u00c4RSHA W\u00daGH\u00cdL ,- MISHTO AVILAN , WELKOM ,- TERVETULOA ,- ONGI ETORRI ,-, REKHIM ITEGEZ ,- XOSH G\u00c4LM\u00ceS\u00c4N, - WILICOM ,- CROESO ,- SHAGATOM, - IRASHAIMASU ,- KEBLAR, - AHUP YAN, - IRKHT ERGANAVIDN, - LUID, - SOHM SW\u00c2KOHM, - URAKAZA ,- KARIBU, - SELAM, - VIDZA ,KORAM -, YEYACHI -, KUSHE - ,BIENVENIDA -, ESIET SVEICINATI ,- FAILT ,- ,KRUPAY\u00c2 \u00c2TUY\u00c2, - MAIEM ,- BENVEGN\u00dcU ,- TAVTAI ,MORIL, - TAMA ,- BENVINUTU ,- SILAMO, - WILUJENG SUMPING ,- MABUHAY ,- GAZHACA \u00cbTISKOM, - DOBRO POZHALOVAT' ,- TISTIK ,- ISIBINGELELO, - BALLE, - INDE TORN LAP ,- SOO DHA WOOW ,- PILIGANIMU, - MALIU MAI, - PASAYKAMOY, - HAERE MAI, - BOYEI BOLAMU ,- BARKA D\u00c1 ZUW\u00c1 ,- W\u00c2CHIY\u00c2 , KOPIVOSIAN ,- SANSOF\u00c9 ,- KALOS ORISATE, - W\u00c4LJKIIMEN ,- ILO LA, - WILKEMEN, - A JARAAMA ,- TUAJ LOS ,- DUMANON CAYO, - ADANAVE ,\u2013 VITAMEVAS , MALI I ZI,CRNA GORA,??????????,???????,??????????, ?ern\u00e1 Hora,TO ULCINJ \/ ULQIN \u2013 MONTENEGRO, Czarnog\u00f3ra, Muntenegru, ????? ????, Montenegr\u00f3,,Holiday ,Beach,Vacation,WELCOME ,BIENVENUE , WILLKOMMEN ,- BENVENUTO ,- MIR\u00cb SE VINI ,- DOBRO DO\u0160LI TO ULCINJ \/ ULQIN ,\u2013 MONTENEGRO ,????? ?????????? ,- VITAJTE, - BRUCHIM HABAYIM ,-V\u00cdTEJTE, - WITAJCIE, - KHOSH \u00c2MAD\u00ceD ,- BITAEMO ,- CHAIRE, - ZAPRASHAJEM ,- V\u00c4LKOMMEN,  - VELKOMMEN ,- DOBRE DOSHLE, - PARI YEGAK ,- SW\u00c2GATAM, - ISTEN HOZTA, - ZAYT VILKUM, - HO?GELDINIZ ,- BIENVENIDOS ,- SUSHRI AKAL, - HUSH KILDEGEZ, - BUN VENIT, - PE KHER RAGLE, - BEM-VINDO, - HUAN YIN ,- BIEN ATI VENI ,- \u00c2SANTU ,- SELAMAT DATANG, - W\u00cbLLKOMM ,- XUSH AMD\u00ceD, - SVEIKI, - HUN BI XER HATIN, - KIRINIZ ,- ENNA ,VISHAYAM ,- MERHABA ,- F\u00c1ILTE, - VELKOMINN ,- VAELKOMIN, - TERE TULEMAST ,- M\u00c4RSHA W\u00daGH\u00cdL ,- MISHTO AVILAN , WELKOM ,- TERVETULOA ,- ONGI ETORRI ,-, REKHIM ITEGEZ ,- XOSH G\u00c4LM\u00ceS\u00c4N, - WILICOM ,- CROESO ,- SHAGATOM, - IRASHAIMASU ,- KEBLAR, - AHUP YAN, - IRKHT ERGANAVIDN, - LUID, - SOHM SW\u00c2KOHM, - URAKAZA ,- KARIBU, - SELAM, - VIDZA ,KORAM -, YEYACHI -, KUSHE - ,BIENVENIDA -, ESIET SVEICINATI ,- FAILT ,- ,KRUPAY\u00c2 \u00c2TUY\u00c2, - MAIEM ,- BENVEGN\u00dcU ,- TAVTAI ,MORIL, - TAMA ,- BENVINUTU ,- SILAMO, - WILUJENG SUMPING ,- MABUHAY ,- GAZHACA \u00cbTISKOM, - DOBRO POZHALOVAT ,- TISTIK ,- ISIBINGELELO, - BALLE, - INDE TORN LAP ,- SOO DHA WOOW ,- PILIGANIMU, - MALIU MAI, - PASAYKAMOY, - HAERE MAI, - BOYEI BOLAMU ,- BARKA D\u00c1 ZUW\u00c1 ,- W\u00c2CHIY\u00c2 , KOPIVOSIAN ,- SANSOF\u00c9 ,- KALOS ORISATE, - W\u00c4LJKIIMEN ,- ILO LA, - WILKEMEN, - A JARAAMA ,- TUAJ LOS ,- DUMANON CAYO, - ADANAVE ,\u2013 VITAMEVAS , MALI I ZI,CRNA GORA,??????????,???????,??????????, ?ern\u00e1 Hora,TO ULCINJ \/ ULQIN,MONTENEGRO, Czarnog\u00f3ra, Muntenegru, ????? ????, Montenegr\u00f3,Adelina Isamajli,  Albaniku,  Artana,  Bujanoci,  Burimi,  Dardana,  Dardan\u00eb,  De\u00e7an,  Dibra,  Drenas,  Drenasi,  Ferizaj,  Ferizaji,  Fush\u00eb Kosova,  Fush\u00eb Kosov\u00eb,  Gjakova,  Gjakov\u00eb,  Gjilan,  Gjilani,  Gostivari,  Istog,  Istog\u00b7,  Ka\u00e7anik,  Ka\u00e7aniku,  Kastrioti,  K\u00ebr\u00e7ova,  Klina,  Klin\u00eb,  Kumanova,  Leposaviq,  Leskovci,  Likova,  Lipjan,  Lipjani,  Malisheva,  Malishev\u00eb,  Manastiri,  Medvegja,  Mitrovica,  Mitrovic\u00eb,  Novob\u00ebrd\u00eb,  Obiliq\u00b7 Rahovec,  Ohri,  Peja,  Pej\u00eb,  Podujeva,  Podujev\u00eb,  Presheva,  Prishtina,  Prishtin\u00eb,  Prizren,  Prizreni,  Rahoveci,  Sharri,  Sharri (Kosov\u00eb),  Shkupi,  Sht\u00ebrpca,  Sht\u00ebrpc\u00eb,  Shtime,  Sk\u00ebnderaj,  Struga,  Tetova,  Theranda,  Therand\u00eb,  Triumf Riza,  Veleshta,  Viti,  Vitia,  Vushtrri,  Vushtrria,  Zubin Potok,  Zubin Potoku,  Zve\u00e7an,  Zve\u00e7ani,villa \u00e0 louer \u00e0 ulcinj, location de vacance, location saisonni\u00e8res, louer hotel,location de vacance, Locations vacance, h\u00e9bergements vacances, , logements de vacances, location maison avec piscine, Location vacance, locations de vacance, h\u00e9bergements de vacances,  locations entre particulier, logements vacance, vacances \u00e0 Mont\u00e9n\u00e9gro - location \u00e0 Ulcinj ,location  de bigorre.\" href=\"http:\/\/www.visit-ulcinj.com\/tourism\/\" target=\"_blank\"><img loading=\"lazy\" style=\"float: right;\" src=\"http:\/\/www.visit-ulcinj.com\/blog\/wp-content\/uploads\/2008\/06\/holiday-rental-ulcinj-ulqini_ulqin_logo.gif\" alt=\"Apatin,  Aran?elovac,  ?uprija,  ?a?ak,  ?apljina,  ?itluk,  \u0160abac,  \u0160ipovo,  \u0160iroki Brijeg,  \u017dep?e,  \u017divinice,  Ba?ka Palanka,  Banja Luka,  Banovi?i,  Be?ej,  beograd,  Biha?,  Bijeljina,  Bor,  Bor?a,  Bosanska Gradi\u0161ka,  Bosanska Krupa,  Bosanski \u0160amac,  Bosanski Brod,  Bosanski Novi,  Br?ko,  Bu\u017eim,  Bugojno,  Cazin,  Crna Gora,  Derventa,  Doboj,  Donji Vakuf,  Drvar,  Dubrovnik,  Fo?a,  Fojnica,  Glamo?,  Gora\u017ede,  Gornji Milanovac,  Gornji Vakuf,  gostivar,  Gra?anica,  Grada?ac,  Gradiska,  Grahovo,  Had\u017ei?i,  Ilid\u017ea,  In?ija,  Jablanica,  Jagodina,  Jajce,  Kakanj,  Kalu?erica,  Kikinda,  Klju?,  Konjic,  Kotor Varo\u0161,  Kragujevac,  Kraljevo,  Kru\u0161evac,  Kula,  Kupres,  Lakta\u0161i,  Lazarevac,  Leskovac,  Livno,  Ljubinje,  ljublana,  Ljubu\u0161ki,  Loznica,  Lukavac,  Maglaj,  Mladenovac,  Modri?a,  montenegro erlajnz,  mostar,  Mrkonji? Grad,  Neum,  Ni\u0161,  Novi Pazar,  Novi Sad,  Novi Travnik,  Obrenovac,  Od\u017eak,  ohrid,  Ora\u0161je,  Pale,  Pan?evo,  Para?in,  Pirot,  Po\u017earevac,  Podgorica,  Priboj,  Prijedor,  Prokuplje,  Prozor,  pula,  rijeka,  Ruma,  Sanski Most,  Sarajevo,  Senta,  serbija,  sibenik,  skopje,  Smederevo,  Smederevska Palanka,  Sokolac,  Sombor,  split,  Srebrenica,  Srebrenik,  Sremska Mitrovica,  Stolac,  Struga,  Subotica,  Temerin,  Tesli?,  tetovo,  Travnik,  Trebinje,  tuzla,  U\u017eice,  ulcinj,  Valjevo,  Velika Kladu\u0161a,  Vi\u0161egrad,  Visoko,  Vitez,  Vogo\u0161?a,  vojvodina,  Vranje,  Vr\u0161ac,  Vrbas,  zadar,  Zagreb,  Zaje?ar,  Zavidovi?i,  Zenica,  Zrenjanin,  Zvornik,copacabana ulcinj,  h\u00f4tels,  hotel ulqin,  Kosova,  Mali i Zi,  Maqedonija,  Montenegro,  montenegro tourisme plage,  montenegro ulcinj,  Shpallje Falas,  Shpallje Falas per shitjen e shtepis se juaj,  Shpallje Falas per apartamentet e juaj,  Shpallje Falas Real Estate,  Shpallje Falas turistike,  shqiperija,  tourisme,  Ulci?,  ulcinj,  ulqin,  ulqin hotel,  ulqini,  ulqini 2007,Ada Bojana,  Alba?czyk,  Cita di Dolcino,  Copacabana,  Czarnog\u00f3ra,  Czarnog\u00f3rzec,  Don Kichota,  Ma?a Pla?a,  Mandra,  MIGUEL DE SERVANTES,  p\u00f3?wyspy Marjan,  Pla?a Valdanos,  Rzeka Bojana,  Shas \/ \u0160as \/ Sva?,  Ulci?,  Ulcinjsk? Riwier?,  Wielka Pla?a,  Wyspa Bojana,GORA,??????????,???????,??????????, ?ern\u00e1 Hora,TO ULCINJ \/ ULQIN,MONTENEGRO, Czarnog\u00f3ra, Muntenegru, ????? ????, Montenegr\u00f3,appartement \u00e0 louer \u00e0 ulcinj, location de vacance, location saisonni\u00e8res, louer chambres,location de vacance, Locations vacance, h\u00e9bergements vacances, locations villa, logements de vacances, location maison avec piscine, Location vacance, locations de vacance, h\u00e9bergements de vacances, location, locations entre particulier, logements vacance, vacances \u00e0 Mont\u00e9n\u00e9gro - location \u00e0 Ulcinj ,location  de bigorre.\" width=\"510\" height=\"145\" \/><\/a><\/p>\n","protected":false},"excerpt":{"rendered":"<p><img loading=\"lazy\" class=\"alignleft\" title=\"OFSHORE BANKING\" src=\"http:\/\/www.acidfonts.com\/graphics\/offshore.gif\" alt=\"\" width=\"140\" height=\"140\" \/><\/p>\n","protected":false},"author":1,"featured_media":0,"comment_status":"open","ping_status":"closed","sticky":false,"template":"","format":"standard","meta":{"spay_email":"","jetpack_publicize_message":"","jetpack_is_tweetstorm":false,"jetpack_publicize_feature_enabled":true},"categories":[10,15],"tags":[4435],"jetpack_publicize_connections":[],"yoast_head":"<!-- This site is optimized with the Yoast SEO plugin v19.1 - https:\/\/yoast.com\/wordpress\/plugins\/seo\/ -->\n<title>Mali i Zi - Evrop\u00eb ose \u201cofshore\u201d parajs\u00eb? - Lajme nga Ulqini<\/title>\n<meta name=\"robots\" content=\"index, follow, max-snippet:-1, max-image-preview:large, max-video-preview:-1\" \/>\n<link rel=\"canonical\" href=\"https:\/\/www.visit-ulcinj.com\/blog\/2008\/08\/29\/mali-i-zi-evrope-ose-\u201cofshore\u201d-parajse\/\" \/>\n<meta property=\"og:locale\" content=\"en_US\" \/>\n<meta property=\"og:type\" content=\"article\" \/>\n<meta property=\"og:title\" content=\"Mali i Zi - Evrop\u00eb ose \u201cofshore\u201d parajs\u00eb? - Lajme nga Ulqini\" \/>\n<meta property=\"og:url\" content=\"https:\/\/www.visit-ulcinj.com\/blog\/2008\/08\/29\/mali-i-zi-evrope-ose-\u201cofshore\u201d-parajse\/\" \/>\n<meta property=\"og:site_name\" content=\"Lajme nga Ulqini\" \/>\n<meta property=\"article:published_time\" content=\"2008-08-29T18:23:37+00:00\" \/>\n<meta property=\"og:image\" content=\"http:\/\/www.acidfonts.com\/graphics\/offshore.gif\" \/>\n<meta name=\"twitter:label1\" content=\"Written by\" \/>\n\t<meta name=\"twitter:data1\" content=\"ulqini\" \/>\n\t<meta name=\"twitter:label2\" content=\"Est. reading time\" \/>\n\t<meta name=\"twitter:data2\" content=\"6 minutes\" \/>\n<script type=\"application\/ld+json\" class=\"yoast-schema-graph\">{\"@context\":\"https:\/\/schema.org\",\"@graph\":[{\"@type\":\"WebSite\",\"@id\":\"https:\/\/www.visit-ulcinj.com\/blog\/#website\",\"url\":\"https:\/\/www.visit-ulcinj.com\/blog\/\",\"name\":\"Lajme nga Ulqini\",\"description\":\"Lajme,Vijesti,Ulqini,Ulqin,Crna Gora,Mali i Zi\",\"potentialAction\":[{\"@type\":\"SearchAction\",\"target\":{\"@type\":\"EntryPoint\",\"urlTemplate\":\"https:\/\/www.visit-ulcinj.com\/blog\/?s={search_term_string}\"},\"query-input\":\"required name=search_term_string\"}],\"inLanguage\":\"en-US\"},{\"@type\":\"ImageObject\",\"inLanguage\":\"en-US\",\"@id\":\"https:\/\/www.visit-ulcinj.com\/blog\/2008\/08\/29\/mali-i-zi-evrope-ose-%e2%80%9cofshore%e2%80%9d-parajse\/#primaryimage\",\"url\":\"http:\/\/www.acidfonts.com\/graphics\/offshore.gif\",\"contentUrl\":\"http:\/\/www.acidfonts.com\/graphics\/offshore.gif\"},{\"@type\":\"WebPage\",\"@id\":\"https:\/\/www.visit-ulcinj.com\/blog\/2008\/08\/29\/mali-i-zi-evrope-ose-%e2%80%9cofshore%e2%80%9d-parajse\/#webpage\",\"url\":\"https:\/\/www.visit-ulcinj.com\/blog\/2008\/08\/29\/mali-i-zi-evrope-ose-%e2%80%9cofshore%e2%80%9d-parajse\/\",\"name\":\"Mali i Zi - Evrop\u00eb ose \u201cofshore\u201d parajs\u00eb? - Lajme nga Ulqini\",\"isPartOf\":{\"@id\":\"https:\/\/www.visit-ulcinj.com\/blog\/#website\"},\"primaryImageOfPage\":{\"@id\":\"https:\/\/www.visit-ulcinj.com\/blog\/2008\/08\/29\/mali-i-zi-evrope-ose-%e2%80%9cofshore%e2%80%9d-parajse\/#primaryimage\"},\"datePublished\":\"2008-08-29T18:23:37+00:00\",\"dateModified\":\"2008-08-29T18:23:37+00:00\",\"author\":{\"@id\":\"https:\/\/www.visit-ulcinj.com\/blog\/#\/schema\/person\/dcab619c614d3038751c63bc2aadc06d\"},\"breadcrumb\":{\"@id\":\"https:\/\/www.visit-ulcinj.com\/blog\/2008\/08\/29\/mali-i-zi-evrope-ose-%e2%80%9cofshore%e2%80%9d-parajse\/#breadcrumb\"},\"inLanguage\":\"en-US\",\"potentialAction\":[{\"@type\":\"ReadAction\",\"target\":[\"https:\/\/www.visit-ulcinj.com\/blog\/2008\/08\/29\/mali-i-zi-evrope-ose-%e2%80%9cofshore%e2%80%9d-parajse\/\"]}]},{\"@type\":\"BreadcrumbList\",\"@id\":\"https:\/\/www.visit-ulcinj.com\/blog\/2008\/08\/29\/mali-i-zi-evrope-ose-%e2%80%9cofshore%e2%80%9d-parajse\/#breadcrumb\",\"itemListElement\":[{\"@type\":\"ListItem\",\"position\":1,\"name\":\"Mali i Zi &#8211; Evrop\u00eb ose \u201cofshore\u201d parajs\u00eb?\"}]},{\"@type\":\"Person\",\"@id\":\"https:\/\/www.visit-ulcinj.com\/blog\/#\/schema\/person\/dcab619c614d3038751c63bc2aadc06d\",\"name\":\"ulqini\",\"sameAs\":[\"http:\/\/www.visit-ulcinj.com\"],\"url\":\"https:\/\/www.visit-ulcinj.com\/blog\/author\/admin\/\"}]}<\/script>\n<!-- \/ Yoast SEO plugin. -->","yoast_head_json":{"title":"Mali i Zi - Evrop\u00eb ose \u201cofshore\u201d parajs\u00eb? - Lajme nga Ulqini","robots":{"index":"index","follow":"follow","max-snippet":"max-snippet:-1","max-image-preview":"max-image-preview:large","max-video-preview":"max-video-preview:-1"},"canonical":"https:\/\/www.visit-ulcinj.com\/blog\/2008\/08\/29\/mali-i-zi-evrope-ose-\u201cofshore\u201d-parajse\/","og_locale":"en_US","og_type":"article","og_title":"Mali i Zi - Evrop\u00eb ose \u201cofshore\u201d parajs\u00eb? - Lajme nga Ulqini","og_url":"https:\/\/www.visit-ulcinj.com\/blog\/2008\/08\/29\/mali-i-zi-evrope-ose-\u201cofshore\u201d-parajse\/","og_site_name":"Lajme nga Ulqini","article_published_time":"2008-08-29T18:23:37+00:00","og_image":[{"url":"http:\/\/www.acidfonts.com\/graphics\/offshore.gif"}],"twitter_misc":{"Written by":"ulqini","Est. reading time":"6 minutes"},"schema":{"@context":"https:\/\/schema.org","@graph":[{"@type":"WebSite","@id":"https:\/\/www.visit-ulcinj.com\/blog\/#website","url":"https:\/\/www.visit-ulcinj.com\/blog\/","name":"Lajme nga Ulqini","description":"Lajme,Vijesti,Ulqini,Ulqin,Crna Gora,Mali i Zi","potentialAction":[{"@type":"SearchAction","target":{"@type":"EntryPoint","urlTemplate":"https:\/\/www.visit-ulcinj.com\/blog\/?s={search_term_string}"},"query-input":"required name=search_term_string"}],"inLanguage":"en-US"},{"@type":"ImageObject","inLanguage":"en-US","@id":"https:\/\/www.visit-ulcinj.com\/blog\/2008\/08\/29\/mali-i-zi-evrope-ose-%e2%80%9cofshore%e2%80%9d-parajse\/#primaryimage","url":"http:\/\/www.acidfonts.com\/graphics\/offshore.gif","contentUrl":"http:\/\/www.acidfonts.com\/graphics\/offshore.gif"},{"@type":"WebPage","@id":"https:\/\/www.visit-ulcinj.com\/blog\/2008\/08\/29\/mali-i-zi-evrope-ose-%e2%80%9cofshore%e2%80%9d-parajse\/#webpage","url":"https:\/\/www.visit-ulcinj.com\/blog\/2008\/08\/29\/mali-i-zi-evrope-ose-%e2%80%9cofshore%e2%80%9d-parajse\/","name":"Mali i Zi - Evrop\u00eb ose \u201cofshore\u201d parajs\u00eb? - Lajme nga Ulqini","isPartOf":{"@id":"https:\/\/www.visit-ulcinj.com\/blog\/#website"},"primaryImageOfPage":{"@id":"https:\/\/www.visit-ulcinj.com\/blog\/2008\/08\/29\/mali-i-zi-evrope-ose-%e2%80%9cofshore%e2%80%9d-parajse\/#primaryimage"},"datePublished":"2008-08-29T18:23:37+00:00","dateModified":"2008-08-29T18:23:37+00:00","author":{"@id":"https:\/\/www.visit-ulcinj.com\/blog\/#\/schema\/person\/dcab619c614d3038751c63bc2aadc06d"},"breadcrumb":{"@id":"https:\/\/www.visit-ulcinj.com\/blog\/2008\/08\/29\/mali-i-zi-evrope-ose-%e2%80%9cofshore%e2%80%9d-parajse\/#breadcrumb"},"inLanguage":"en-US","potentialAction":[{"@type":"ReadAction","target":["https:\/\/www.visit-ulcinj.com\/blog\/2008\/08\/29\/mali-i-zi-evrope-ose-%e2%80%9cofshore%e2%80%9d-parajse\/"]}]},{"@type":"BreadcrumbList","@id":"https:\/\/www.visit-ulcinj.com\/blog\/2008\/08\/29\/mali-i-zi-evrope-ose-%e2%80%9cofshore%e2%80%9d-parajse\/#breadcrumb","itemListElement":[{"@type":"ListItem","position":1,"name":"Mali i Zi &#8211; Evrop\u00eb ose \u201cofshore\u201d parajs\u00eb?"}]},{"@type":"Person","@id":"https:\/\/www.visit-ulcinj.com\/blog\/#\/schema\/person\/dcab619c614d3038751c63bc2aadc06d","name":"ulqini","sameAs":["http:\/\/www.visit-ulcinj.com"],"url":"https:\/\/www.visit-ulcinj.com\/blog\/author\/admin\/"}]}},"jetpack_featured_media_url":"","jetpack_sharing_enabled":true,"jetpack_shortlink":"https:\/\/wp.me\/pe6lTn-IP","_links":{"self":[{"href":"https:\/\/www.visit-ulcinj.com\/blog\/wp-json\/wp\/v2\/posts\/2779"}],"collection":[{"href":"https:\/\/www.visit-ulcinj.com\/blog\/wp-json\/wp\/v2\/posts"}],"about":[{"href":"https:\/\/www.visit-ulcinj.com\/blog\/wp-json\/wp\/v2\/types\/post"}],"author":[{"embeddable":true,"href":"https:\/\/www.visit-ulcinj.com\/blog\/wp-json\/wp\/v2\/users\/1"}],"replies":[{"embeddable":true,"href":"https:\/\/www.visit-ulcinj.com\/blog\/wp-json\/wp\/v2\/comments?post=2779"}],"version-history":[{"count":0,"href":"https:\/\/www.visit-ulcinj.com\/blog\/wp-json\/wp\/v2\/posts\/2779\/revisions"}],"wp:attachment":[{"href":"https:\/\/www.visit-ulcinj.com\/blog\/wp-json\/wp\/v2\/media?parent=2779"}],"wp:term":[{"taxonomy":"category","embeddable":true,"href":"https:\/\/www.visit-ulcinj.com\/blog\/wp-json\/wp\/v2\/categories?post=2779"},{"taxonomy":"post_tag","embeddable":true,"href":"https:\/\/www.visit-ulcinj.com\/blog\/wp-json\/wp\/v2\/tags?post=2779"}],"curies":[{"name":"wp","href":"https:\/\/api.w.org\/{rel}","templated":true}]}}