{"id":27790,"date":"2009-12-02T20:43:15","date_gmt":"2009-12-02T18:43:15","guid":{"rendered":"http:\/\/www.visit-ulcinj.com\/blog\/?p=27790"},"modified":"2009-12-02T20:44:01","modified_gmt":"2009-12-02T18:44:01","slug":"rezarta-shkurta-bukuria-nuk-eshte-gjithcka","status":"publish","type":"post","link":"https:\/\/www.visit-ulcinj.com\/blog\/2009\/12\/02\/rezarta-shkurta-bukuria-nuk-eshte-gjithcka\/","title":{"rendered":"Rezarta Shkurta: Bukuria nuk eshte gjithcka"},"content":{"rendered":"<p><a href=\"http:\/\/www.visit-ulcinj.com\/blog\/wp-content\/uploads\/2009\/12\/rezarta-shkurta.jpg\"><img loading=\"lazy\" class=\"alignleft size-full wp-image-27791\" title=\"rezarta shkurta\" src=\"http:\/\/www.visit-ulcinj.com\/blog\/wp-content\/uploads\/2009\/12\/rezarta-shkurta.jpg\" alt=\"rezarta shkurta\" width=\"388\" height=\"508\" \/><\/a>K\u00ebng\u00ebtarja 23-vje\u00e7are nga Durr\u00ebsi, Rezarta Shkurta, ka arritur t\u00eb z\u00eb vend nd\u00ebr personalitetet VIP shqiptare me sharmin dhe talentin e saj n\u00eb muzik\u00eb.<br \/>\nFillimet e saj ne boten e artit jan\u00eb te hershme. N\u00eb mosh\u00ebn 12 vje\u00e7are dy pasionet e saj ishin piktura dhe baleti modern. Pasi mbaroi studimet n\u00eb Liceun Artistik t\u00eb Durr\u00ebsit p\u00ebr piktur\u00eb klasike, n\u00eb vitin 2004 ajo hapi ekspozit\u00ebn e par\u00eb t\u00eb saj n\u00eb qytetin e lindjes.<br \/>\nN\u00eb vitin 2005 ajo mori pjes\u00eb n\u00eb Miss Albania ku u shpall shoq\u00ebruesja e dyt\u00eb e Missit. Pothuajse t\u00eb nj\u00ebjtin sukses pati edhe n\u00eb Miss Model of the World. Por bukuria p\u00ebr t\u00eb \u00ebsht\u00eb e r\u00ebnd\u00ebsishme deri diku.<br \/>\nPasioni i fundit i Rrezart\u00ebs \u00ebsht\u00eb k\u00ebnga. Ajo u b\u00eb e njohur me k\u00ebng\u00ebn \u201cT\u00eb dielave\u201d, me \u00e7\u2019rast fansat e krahasonin me Britney Spears. M\u00eb pas ajo konkurroi n\u00ebp\u00ebr festivale t\u00eb r\u00ebnd\u00ebsishme p\u00ebr t\u00eb ndjekur karrier\u00ebn e saj.<br \/>\n\u201cEdhe ne momentet kur nuk ishte personazh publik ajo ka pasur adhurues\u201d, shprehet nj\u00eb shoqe e saj, Vita.<br \/>\nKur p\u00ebrfshihesh n\u00eb bot\u00ebn e artit, me interesa kaq komplekse t\u00eb duhen disa mekanizma q\u00eb t\u00eb \u201cmbijetosh\u201d. Por Vita thot\u00eb se Rezart\u00ebs i mungojn\u00eb k\u00ebto gj\u00ebra. \u201cNuk \u00ebsht\u00eb egoiste dhe \u00ebsht\u00eb m\u00eb e mir\u00eb se\u00e7 duhet me njer\u00ebzit\u201d, shton ajo.<br \/>\nE lakuar p\u00ebr shkak t\u00eb lidhjes s\u00eb saj sentimentale, politikisht t\u00eb angazhuar, Rezarta e quan veten me fat q\u00eb ka n\u00eb krah\u00eb Ermalin. E prir\u00eb p\u00ebr t\u00eb shfaqur n\u00eb jet\u00eb dashurin\u00eb , ajo reflekton n\u00eb t\u00ebr\u00ebsi se po shijon martes\u00ebn dhe rinin\u00eb n\u00eb t\u00eb nj\u00ebjt\u00ebn koh\u00eb\u2026 \u00ebsht\u00eb nga ato ikona q\u00eb thot\u00eb se \u201cjeta ia ka falur te gjitha\u201d.<\/p>\n<p><strong>Top Channel<\/strong><\/p>\n<p><strong><\/p>\n<p><\/strong><\/p>\n<p><strong> <\/strong><\/p>\n<p><strong>[flv width=&#8221;580&#8243; height=&#8221;400&#8243;]http:\/\/video1.top-channel.tv\/18754796\/flv\/kronika\/rezartashkurta-tch.flv[\/flv]<br \/>\n<\/strong><\/p>\n<p><strong><br \/>\n<\/strong><\/p>\n","protected":false},"excerpt":{"rendered":"<p>K\u00ebng\u00ebtarja 23-vje\u00e7are nga Durr\u00ebsi, Rezarta Shkurta, ka arritur t\u00eb z\u00eb vend nd\u00ebr personalitetet VIP shqiptare me sharmin dhe talentin e saj n\u00eb muzik\u00eb. Fillimet e saj ne boten e artit jan\u00eb te hershme. N\u00eb mosh\u00ebn 12 vje\u00e7are dy pasionet e saj ishin piktura dhe baleti modern. Pasi mbaroi studimet n\u00eb Liceun Artistik t\u00eb Durr\u00ebsit p\u00ebr [&hellip;]<\/p>\n","protected":false},"author":1,"featured_media":0,"comment_status":"open","ping_status":"closed","sticky":false,"template":"","format":"standard","meta":{"spay_email":"","jetpack_publicize_message":"","jetpack_is_tweetstorm":false,"jetpack_publicize_feature_enabled":true},"categories":[1],"tags":[12949,4953,4021],"jetpack_publicize_connections":[],"yoast_head":"<!-- This site is optimized with the Yoast SEO plugin v19.1 - https:\/\/yoast.com\/wordpress\/plugins\/seo\/ -->\n<title>Rezarta Shkurta: Bukuria nuk eshte gjithcka - Lajme nga Ulqini<\/title>\n<meta name=\"description\" content=\"K\u00ebng\u00ebtarja 23-vje\u00e7are nga Durr\u00ebsi, Rezarta Shkurta, ka arritur t\u00eb z\u00eb vend nd\u00ebr personalitetet VIP shqiptare me sharmin dhe talentin e saj n\u00eb muzik\u00eb.\" \/>\n<meta name=\"robots\" content=\"index, follow, max-snippet:-1, max-image-preview:large, max-video-preview:-1\" \/>\n<link rel=\"canonical\" href=\"https:\/\/www.visit-ulcinj.com\/blog\/2009\/12\/02\/rezarta-shkurta-bukuria-nuk-eshte-gjithcka\/\" \/>\n<meta property=\"og:locale\" content=\"en_US\" \/>\n<meta property=\"og:type\" content=\"article\" \/>\n<meta property=\"og:title\" content=\"Rezarta Shkurta: Bukuria nuk eshte gjithcka - Lajme nga Ulqini\" \/>\n<meta property=\"og:description\" content=\"K\u00ebng\u00ebtarja 23-vje\u00e7are nga Durr\u00ebsi, Rezarta Shkurta, ka arritur t\u00eb z\u00eb vend nd\u00ebr personalitetet VIP shqiptare me sharmin dhe talentin e saj n\u00eb muzik\u00eb.\" \/>\n<meta property=\"og:url\" content=\"https:\/\/www.visit-ulcinj.com\/blog\/2009\/12\/02\/rezarta-shkurta-bukuria-nuk-eshte-gjithcka\/\" \/>\n<meta property=\"og:site_name\" content=\"Lajme nga Ulqini\" \/>\n<meta property=\"article:published_time\" content=\"2009-12-02T18:43:15+00:00\" \/>\n<meta property=\"article:modified_time\" content=\"2009-12-02T18:44:01+00:00\" \/>\n<meta property=\"og:image\" content=\"https:\/\/www.visit-ulcinj.com\/blog\/wp-content\/uploads\/2009\/12\/rezarta-shkurta.jpg\" \/>\n<meta name=\"twitter:label1\" content=\"Written by\" \/>\n\t<meta name=\"twitter:data1\" content=\"ulqini\" \/>\n\t<meta name=\"twitter:label2\" content=\"Est. reading time\" \/>\n\t<meta name=\"twitter:data2\" content=\"2 minutes\" \/>\n<script type=\"application\/ld+json\" class=\"yoast-schema-graph\">{\"@context\":\"https:\/\/schema.org\",\"@graph\":[{\"@type\":\"WebSite\",\"@id\":\"https:\/\/www.visit-ulcinj.com\/blog\/#website\",\"url\":\"https:\/\/www.visit-ulcinj.com\/blog\/\",\"name\":\"Lajme nga Ulqini\",\"description\":\"Lajme,Vijesti,Ulqini,Ulqin,Crna Gora,Mali i Zi\",\"potentialAction\":[{\"@type\":\"SearchAction\",\"target\":{\"@type\":\"EntryPoint\",\"urlTemplate\":\"https:\/\/www.visit-ulcinj.com\/blog\/?s={search_term_string}\"},\"query-input\":\"required name=search_term_string\"}],\"inLanguage\":\"en-US\"},{\"@type\":\"ImageObject\",\"inLanguage\":\"en-US\",\"@id\":\"https:\/\/www.visit-ulcinj.com\/blog\/2009\/12\/02\/rezarta-shkurta-bukuria-nuk-eshte-gjithcka\/#primaryimage\",\"url\":\"http:\/\/www.visit-ulcinj.com\/blog\/wp-content\/uploads\/2009\/12\/rezarta-shkurta.jpg\",\"contentUrl\":\"http:\/\/www.visit-ulcinj.com\/blog\/wp-content\/uploads\/2009\/12\/rezarta-shkurta.jpg\"},{\"@type\":\"WebPage\",\"@id\":\"https:\/\/www.visit-ulcinj.com\/blog\/2009\/12\/02\/rezarta-shkurta-bukuria-nuk-eshte-gjithcka\/#webpage\",\"url\":\"https:\/\/www.visit-ulcinj.com\/blog\/2009\/12\/02\/rezarta-shkurta-bukuria-nuk-eshte-gjithcka\/\",\"name\":\"Rezarta Shkurta: Bukuria nuk eshte gjithcka - Lajme nga Ulqini\",\"isPartOf\":{\"@id\":\"https:\/\/www.visit-ulcinj.com\/blog\/#website\"},\"primaryImageOfPage\":{\"@id\":\"https:\/\/www.visit-ulcinj.com\/blog\/2009\/12\/02\/rezarta-shkurta-bukuria-nuk-eshte-gjithcka\/#primaryimage\"},\"datePublished\":\"2009-12-02T18:43:15+00:00\",\"dateModified\":\"2009-12-02T18:44:01+00:00\",\"author\":{\"@id\":\"https:\/\/www.visit-ulcinj.com\/blog\/#\/schema\/person\/dcab619c614d3038751c63bc2aadc06d\"},\"description\":\"K\u00ebng\u00ebtarja 23-vje\u00e7are nga Durr\u00ebsi, Rezarta Shkurta, ka arritur t\u00eb z\u00eb vend nd\u00ebr personalitetet VIP shqiptare me sharmin dhe talentin e saj n\u00eb muzik\u00eb.\",\"breadcrumb\":{\"@id\":\"https:\/\/www.visit-ulcinj.com\/blog\/2009\/12\/02\/rezarta-shkurta-bukuria-nuk-eshte-gjithcka\/#breadcrumb\"},\"inLanguage\":\"en-US\",\"potentialAction\":[{\"@type\":\"ReadAction\",\"target\":[\"https:\/\/www.visit-ulcinj.com\/blog\/2009\/12\/02\/rezarta-shkurta-bukuria-nuk-eshte-gjithcka\/\"]}]},{\"@type\":\"BreadcrumbList\",\"@id\":\"https:\/\/www.visit-ulcinj.com\/blog\/2009\/12\/02\/rezarta-shkurta-bukuria-nuk-eshte-gjithcka\/#breadcrumb\",\"itemListElement\":[{\"@type\":\"ListItem\",\"position\":1,\"name\":\"Rezarta Shkurta: Bukuria nuk eshte gjithcka\"}]},{\"@type\":\"Person\",\"@id\":\"https:\/\/www.visit-ulcinj.com\/blog\/#\/schema\/person\/dcab619c614d3038751c63bc2aadc06d\",\"name\":\"ulqini\",\"sameAs\":[\"http:\/\/www.visit-ulcinj.com\"],\"url\":\"https:\/\/www.visit-ulcinj.com\/blog\/author\/admin\/\"}]}<\/script>\n<!-- \/ Yoast SEO plugin. -->","yoast_head_json":{"title":"Rezarta Shkurta: Bukuria nuk eshte gjithcka - Lajme nga Ulqini","description":"K\u00ebng\u00ebtarja 23-vje\u00e7are nga Durr\u00ebsi, Rezarta Shkurta, ka arritur t\u00eb z\u00eb vend nd\u00ebr personalitetet VIP shqiptare me sharmin dhe talentin e saj n\u00eb muzik\u00eb.","robots":{"index":"index","follow":"follow","max-snippet":"max-snippet:-1","max-image-preview":"max-image-preview:large","max-video-preview":"max-video-preview:-1"},"canonical":"https:\/\/www.visit-ulcinj.com\/blog\/2009\/12\/02\/rezarta-shkurta-bukuria-nuk-eshte-gjithcka\/","og_locale":"en_US","og_type":"article","og_title":"Rezarta Shkurta: Bukuria nuk eshte gjithcka - Lajme nga Ulqini","og_description":"K\u00ebng\u00ebtarja 23-vje\u00e7are nga Durr\u00ebsi, Rezarta Shkurta, ka arritur t\u00eb z\u00eb vend nd\u00ebr personalitetet VIP shqiptare me sharmin dhe talentin e saj n\u00eb muzik\u00eb.","og_url":"https:\/\/www.visit-ulcinj.com\/blog\/2009\/12\/02\/rezarta-shkurta-bukuria-nuk-eshte-gjithcka\/","og_site_name":"Lajme nga Ulqini","article_published_time":"2009-12-02T18:43:15+00:00","article_modified_time":"2009-12-02T18:44:01+00:00","og_image":[{"url":"https:\/\/www.visit-ulcinj.com\/blog\/wp-content\/uploads\/2009\/12\/rezarta-shkurta.jpg"}],"twitter_misc":{"Written by":"ulqini","Est. reading time":"2 minutes"},"schema":{"@context":"https:\/\/schema.org","@graph":[{"@type":"WebSite","@id":"https:\/\/www.visit-ulcinj.com\/blog\/#website","url":"https:\/\/www.visit-ulcinj.com\/blog\/","name":"Lajme nga Ulqini","description":"Lajme,Vijesti,Ulqini,Ulqin,Crna Gora,Mali i Zi","potentialAction":[{"@type":"SearchAction","target":{"@type":"EntryPoint","urlTemplate":"https:\/\/www.visit-ulcinj.com\/blog\/?s={search_term_string}"},"query-input":"required name=search_term_string"}],"inLanguage":"en-US"},{"@type":"ImageObject","inLanguage":"en-US","@id":"https:\/\/www.visit-ulcinj.com\/blog\/2009\/12\/02\/rezarta-shkurta-bukuria-nuk-eshte-gjithcka\/#primaryimage","url":"http:\/\/www.visit-ulcinj.com\/blog\/wp-content\/uploads\/2009\/12\/rezarta-shkurta.jpg","contentUrl":"http:\/\/www.visit-ulcinj.com\/blog\/wp-content\/uploads\/2009\/12\/rezarta-shkurta.jpg"},{"@type":"WebPage","@id":"https:\/\/www.visit-ulcinj.com\/blog\/2009\/12\/02\/rezarta-shkurta-bukuria-nuk-eshte-gjithcka\/#webpage","url":"https:\/\/www.visit-ulcinj.com\/blog\/2009\/12\/02\/rezarta-shkurta-bukuria-nuk-eshte-gjithcka\/","name":"Rezarta Shkurta: Bukuria nuk eshte gjithcka - Lajme nga Ulqini","isPartOf":{"@id":"https:\/\/www.visit-ulcinj.com\/blog\/#website"},"primaryImageOfPage":{"@id":"https:\/\/www.visit-ulcinj.com\/blog\/2009\/12\/02\/rezarta-shkurta-bukuria-nuk-eshte-gjithcka\/#primaryimage"},"datePublished":"2009-12-02T18:43:15+00:00","dateModified":"2009-12-02T18:44:01+00:00","author":{"@id":"https:\/\/www.visit-ulcinj.com\/blog\/#\/schema\/person\/dcab619c614d3038751c63bc2aadc06d"},"description":"K\u00ebng\u00ebtarja 23-vje\u00e7are nga Durr\u00ebsi, Rezarta Shkurta, ka arritur t\u00eb z\u00eb vend nd\u00ebr personalitetet VIP shqiptare me sharmin dhe talentin e saj n\u00eb muzik\u00eb.","breadcrumb":{"@id":"https:\/\/www.visit-ulcinj.com\/blog\/2009\/12\/02\/rezarta-shkurta-bukuria-nuk-eshte-gjithcka\/#breadcrumb"},"inLanguage":"en-US","potentialAction":[{"@type":"ReadAction","target":["https:\/\/www.visit-ulcinj.com\/blog\/2009\/12\/02\/rezarta-shkurta-bukuria-nuk-eshte-gjithcka\/"]}]},{"@type":"BreadcrumbList","@id":"https:\/\/www.visit-ulcinj.com\/blog\/2009\/12\/02\/rezarta-shkurta-bukuria-nuk-eshte-gjithcka\/#breadcrumb","itemListElement":[{"@type":"ListItem","position":1,"name":"Rezarta Shkurta: Bukuria nuk eshte gjithcka"}]},{"@type":"Person","@id":"https:\/\/www.visit-ulcinj.com\/blog\/#\/schema\/person\/dcab619c614d3038751c63bc2aadc06d","name":"ulqini","sameAs":["http:\/\/www.visit-ulcinj.com"],"url":"https:\/\/www.visit-ulcinj.com\/blog\/author\/admin\/"}]}},"jetpack_featured_media_url":"","jetpack_sharing_enabled":true,"jetpack_shortlink":"https:\/\/wp.me\/pe6lTn-7ee","_links":{"self":[{"href":"https:\/\/www.visit-ulcinj.com\/blog\/wp-json\/wp\/v2\/posts\/27790"}],"collection":[{"href":"https:\/\/www.visit-ulcinj.com\/blog\/wp-json\/wp\/v2\/posts"}],"about":[{"href":"https:\/\/www.visit-ulcinj.com\/blog\/wp-json\/wp\/v2\/types\/post"}],"author":[{"embeddable":true,"href":"https:\/\/www.visit-ulcinj.com\/blog\/wp-json\/wp\/v2\/users\/1"}],"replies":[{"embeddable":true,"href":"https:\/\/www.visit-ulcinj.com\/blog\/wp-json\/wp\/v2\/comments?post=27790"}],"version-history":[{"count":0,"href":"https:\/\/www.visit-ulcinj.com\/blog\/wp-json\/wp\/v2\/posts\/27790\/revisions"}],"wp:attachment":[{"href":"https:\/\/www.visit-ulcinj.com\/blog\/wp-json\/wp\/v2\/media?parent=27790"}],"wp:term":[{"taxonomy":"category","embeddable":true,"href":"https:\/\/www.visit-ulcinj.com\/blog\/wp-json\/wp\/v2\/categories?post=27790"},{"taxonomy":"post_tag","embeddable":true,"href":"https:\/\/www.visit-ulcinj.com\/blog\/wp-json\/wp\/v2\/tags?post=27790"}],"curies":[{"name":"wp","href":"https:\/\/api.w.org\/{rel}","templated":true}]}}