{"id":27797,"date":"2009-12-02T21:02:07","date_gmt":"2009-12-02T19:02:07","guid":{"rendered":"http:\/\/www.visit-ulcinj.com\/blog\/?p=27797"},"modified":"2009-12-02T21:02:07","modified_gmt":"2009-12-02T19:02:07","slug":"aferdita-dreshaj-dhe-rezi-si-britney-dhe-madonna","status":"publish","type":"post","link":"https:\/\/www.visit-ulcinj.com\/blog\/2009\/12\/02\/aferdita-dreshaj-dhe-rezi-si-britney-dhe-madonna\/","title":{"rendered":"Af\u00ebrdita Dreshaj dhe Rezi si Britney dhe Madonna"},"content":{"rendered":"<p><a href=\"http:\/\/www.visit-ulcinj.com\/blog\/wp-content\/uploads\/2009\/12\/Af\u00ebrdita-Dreshaj-dhe-Rezi-si-Britney-dhe-Madonna.2.jpg\"><img loading=\"lazy\" class=\"alignleft size-full wp-image-27799\" title=\"Af\u00ebrdita Dreshaj dhe Rezi si Britney dhe Madonna.2\" src=\"http:\/\/www.visit-ulcinj.com\/blog\/wp-content\/uploads\/2009\/12\/Af\u00ebrdita-Dreshaj-dhe-Rezi-si-Britney-dhe-Madonna.2.jpg\" alt=\"Af\u00ebrdita Dreshaj dhe Rezi si Britney dhe Madonna.2\" width=\"580\" height=\"350\" \/><\/a>Fundjav\u00ebs q\u00eb lam\u00eb pas modelja dhe k\u00ebng\u00ebtarja Af\u00ebrdita Dreshaj ishte n\u00eb Tiran\u00eb, ku konkurroi me k\u00ebng\u00ebn e saj t\u00eb re.<br \/>\nArdhjet e saj n\u00eb Tiran\u00eb jan\u00eb edhe nj\u00eb mund\u00ebsi p\u00ebr t\u00eb takuar miq dhe kaluar koh\u00eb me ta. Si\u00e7 ka ndodhur edhe k\u00ebt\u00eb her\u00eb, ku e shohim s\u00eb bashku me k\u00ebng\u00ebtaren Rezarta Shkurta.<br \/>\nPo ajo q\u00eb b\u00ebn p\u00ebrshtypje n\u00eb k\u00ebt\u00eb foto jan\u00eb puthjet n\u00eb distanc\u00eb q\u00eb ato i japin nj\u00ebratjetr\u00ebs\u2026Jan\u00eb duke u ngacmuar, apo n\u00eb k\u00ebt\u00eb m\u00ebnyr\u00eb provokojn\u00eb t\u00eb tjer\u00ebt p\u00ebrreth tyre\u2026?!<br \/>\nA mos ndoshta po performojn\u00eb si Britney Spears dhe Madona disa vite m\u00eb par\u00eb n\u00eb nj\u00eb koncert?<\/p>\n<p><strong>Balkanweb<\/strong><\/p>\n<!--YouTube Error: bad URL entered-->\n","protected":false},"excerpt":{"rendered":"<p>Fundjav\u00ebs q\u00eb lam\u00eb pas modelja dhe k\u00ebng\u00ebtarja Af\u00ebrdita Dreshaj ishte n\u00eb Tiran\u00eb, ku konkurroi me k\u00ebng\u00ebn e saj t\u00eb re. Ardhjet e saj n\u00eb Tiran\u00eb jan\u00eb edhe nj\u00eb mund\u00ebsi p\u00ebr t\u00eb takuar miq dhe kaluar koh\u00eb me ta. Si\u00e7 ka ndodhur edhe k\u00ebt\u00eb her\u00eb, ku e shohim s\u00eb bashku me k\u00ebng\u00ebtaren Rezarta Shkurta. Po ajo [&hellip;]<\/p>\n","protected":false},"author":1,"featured_media":0,"comment_status":"open","ping_status":"closed","sticky":false,"template":"","format":"standard","meta":{"spay_email":"","jetpack_publicize_message":"","jetpack_is_tweetstorm":false,"jetpack_publicize_feature_enabled":true},"categories":[1],"tags":[6121,4527,4953,12950],"jetpack_publicize_connections":[],"yoast_head":"<!-- This site is optimized with the Yoast SEO plugin v19.1 - https:\/\/yoast.com\/wordpress\/plugins\/seo\/ -->\n<title>Af\u00ebrdita Dreshaj dhe Rezi si Britney dhe Madonna - Lajme nga Ulqini<\/title>\n<meta name=\"description\" content=\"Fundjav\u00ebs q\u00eb lam\u00eb pas modelja dhe k\u00ebng\u00ebtarja Af\u00ebrdita Dreshaj ishte n\u00eb Tiran\u00eb, ku konkurroi me k\u00ebng\u00ebn e saj t\u00eb re. Ardhjet e saj n\u00eb Tiran\u00eb jan\u00eb edhe nj\u00eb\" \/>\n<meta name=\"robots\" content=\"index, follow, max-snippet:-1, max-image-preview:large, max-video-preview:-1\" \/>\n<link rel=\"canonical\" href=\"https:\/\/www.visit-ulcinj.com\/blog\/2009\/12\/02\/aferdita-dreshaj-dhe-rezi-si-britney-dhe-madonna\/\" \/>\n<meta property=\"og:locale\" content=\"en_US\" \/>\n<meta property=\"og:type\" content=\"article\" \/>\n<meta property=\"og:title\" content=\"Af\u00ebrdita Dreshaj dhe Rezi si Britney dhe Madonna - Lajme nga Ulqini\" \/>\n<meta property=\"og:description\" content=\"Fundjav\u00ebs q\u00eb lam\u00eb pas modelja dhe k\u00ebng\u00ebtarja Af\u00ebrdita Dreshaj ishte n\u00eb Tiran\u00eb, ku konkurroi me k\u00ebng\u00ebn e saj t\u00eb re. Ardhjet e saj n\u00eb Tiran\u00eb jan\u00eb edhe nj\u00eb\" \/>\n<meta property=\"og:url\" content=\"https:\/\/www.visit-ulcinj.com\/blog\/2009\/12\/02\/aferdita-dreshaj-dhe-rezi-si-britney-dhe-madonna\/\" \/>\n<meta property=\"og:site_name\" content=\"Lajme nga Ulqini\" \/>\n<meta property=\"article:published_time\" content=\"2009-12-02T19:02:07+00:00\" \/>\n<meta name=\"twitter:label1\" content=\"Written by\" \/>\n\t<meta name=\"twitter:data1\" content=\"ulqini\" \/>\n\t<meta name=\"twitter:label2\" content=\"Est. reading time\" \/>\n\t<meta name=\"twitter:data2\" content=\"1 minute\" \/>\n<script type=\"application\/ld+json\" class=\"yoast-schema-graph\">{\"@context\":\"https:\/\/schema.org\",\"@graph\":[{\"@type\":\"WebSite\",\"@id\":\"https:\/\/www.visit-ulcinj.com\/blog\/#website\",\"url\":\"https:\/\/www.visit-ulcinj.com\/blog\/\",\"name\":\"Lajme nga Ulqini\",\"description\":\"Lajme,Vijesti,Ulqini,Ulqin,Crna Gora,Mali i Zi\",\"potentialAction\":[{\"@type\":\"SearchAction\",\"target\":{\"@type\":\"EntryPoint\",\"urlTemplate\":\"https:\/\/www.visit-ulcinj.com\/blog\/?s={search_term_string}\"},\"query-input\":\"required name=search_term_string\"}],\"inLanguage\":\"en-US\"},{\"@type\":\"WebPage\",\"@id\":\"https:\/\/www.visit-ulcinj.com\/blog\/2009\/12\/02\/aferdita-dreshaj-dhe-rezi-si-britney-dhe-madonna\/#webpage\",\"url\":\"https:\/\/www.visit-ulcinj.com\/blog\/2009\/12\/02\/aferdita-dreshaj-dhe-rezi-si-britney-dhe-madonna\/\",\"name\":\"Af\u00ebrdita Dreshaj dhe Rezi si Britney dhe Madonna - Lajme nga Ulqini\",\"isPartOf\":{\"@id\":\"https:\/\/www.visit-ulcinj.com\/blog\/#website\"},\"datePublished\":\"2009-12-02T19:02:07+00:00\",\"dateModified\":\"2009-12-02T19:02:07+00:00\",\"author\":{\"@id\":\"https:\/\/www.visit-ulcinj.com\/blog\/#\/schema\/person\/dcab619c614d3038751c63bc2aadc06d\"},\"description\":\"Fundjav\u00ebs q\u00eb lam\u00eb pas modelja dhe k\u00ebng\u00ebtarja Af\u00ebrdita Dreshaj ishte n\u00eb Tiran\u00eb, ku konkurroi me k\u00ebng\u00ebn e saj t\u00eb re. Ardhjet e saj n\u00eb Tiran\u00eb jan\u00eb edhe nj\u00eb\",\"breadcrumb\":{\"@id\":\"https:\/\/www.visit-ulcinj.com\/blog\/2009\/12\/02\/aferdita-dreshaj-dhe-rezi-si-britney-dhe-madonna\/#breadcrumb\"},\"inLanguage\":\"en-US\",\"potentialAction\":[{\"@type\":\"ReadAction\",\"target\":[\"https:\/\/www.visit-ulcinj.com\/blog\/2009\/12\/02\/aferdita-dreshaj-dhe-rezi-si-britney-dhe-madonna\/\"]}]},{\"@type\":\"BreadcrumbList\",\"@id\":\"https:\/\/www.visit-ulcinj.com\/blog\/2009\/12\/02\/aferdita-dreshaj-dhe-rezi-si-britney-dhe-madonna\/#breadcrumb\",\"itemListElement\":[{\"@type\":\"ListItem\",\"position\":1,\"name\":\"Af\u00ebrdita Dreshaj dhe Rezi si Britney dhe Madonna\"}]},{\"@type\":\"Person\",\"@id\":\"https:\/\/www.visit-ulcinj.com\/blog\/#\/schema\/person\/dcab619c614d3038751c63bc2aadc06d\",\"name\":\"ulqini\",\"sameAs\":[\"http:\/\/www.visit-ulcinj.com\"],\"url\":\"https:\/\/www.visit-ulcinj.com\/blog\/author\/admin\/\"}]}<\/script>\n<!-- \/ Yoast SEO plugin. -->","yoast_head_json":{"title":"Af\u00ebrdita Dreshaj dhe Rezi si Britney dhe Madonna - Lajme nga Ulqini","description":"Fundjav\u00ebs q\u00eb lam\u00eb pas modelja dhe k\u00ebng\u00ebtarja Af\u00ebrdita Dreshaj ishte n\u00eb Tiran\u00eb, ku konkurroi me k\u00ebng\u00ebn e saj t\u00eb re. Ardhjet e saj n\u00eb Tiran\u00eb jan\u00eb edhe nj\u00eb","robots":{"index":"index","follow":"follow","max-snippet":"max-snippet:-1","max-image-preview":"max-image-preview:large","max-video-preview":"max-video-preview:-1"},"canonical":"https:\/\/www.visit-ulcinj.com\/blog\/2009\/12\/02\/aferdita-dreshaj-dhe-rezi-si-britney-dhe-madonna\/","og_locale":"en_US","og_type":"article","og_title":"Af\u00ebrdita Dreshaj dhe Rezi si Britney dhe Madonna - Lajme nga Ulqini","og_description":"Fundjav\u00ebs q\u00eb lam\u00eb pas modelja dhe k\u00ebng\u00ebtarja Af\u00ebrdita Dreshaj ishte n\u00eb Tiran\u00eb, ku konkurroi me k\u00ebng\u00ebn e saj t\u00eb re. Ardhjet e saj n\u00eb Tiran\u00eb jan\u00eb edhe nj\u00eb","og_url":"https:\/\/www.visit-ulcinj.com\/blog\/2009\/12\/02\/aferdita-dreshaj-dhe-rezi-si-britney-dhe-madonna\/","og_site_name":"Lajme nga Ulqini","article_published_time":"2009-12-02T19:02:07+00:00","twitter_misc":{"Written by":"ulqini","Est. reading time":"1 minute"},"schema":{"@context":"https:\/\/schema.org","@graph":[{"@type":"WebSite","@id":"https:\/\/www.visit-ulcinj.com\/blog\/#website","url":"https:\/\/www.visit-ulcinj.com\/blog\/","name":"Lajme nga Ulqini","description":"Lajme,Vijesti,Ulqini,Ulqin,Crna Gora,Mali i Zi","potentialAction":[{"@type":"SearchAction","target":{"@type":"EntryPoint","urlTemplate":"https:\/\/www.visit-ulcinj.com\/blog\/?s={search_term_string}"},"query-input":"required name=search_term_string"}],"inLanguage":"en-US"},{"@type":"WebPage","@id":"https:\/\/www.visit-ulcinj.com\/blog\/2009\/12\/02\/aferdita-dreshaj-dhe-rezi-si-britney-dhe-madonna\/#webpage","url":"https:\/\/www.visit-ulcinj.com\/blog\/2009\/12\/02\/aferdita-dreshaj-dhe-rezi-si-britney-dhe-madonna\/","name":"Af\u00ebrdita Dreshaj dhe Rezi si Britney dhe Madonna - Lajme nga Ulqini","isPartOf":{"@id":"https:\/\/www.visit-ulcinj.com\/blog\/#website"},"datePublished":"2009-12-02T19:02:07+00:00","dateModified":"2009-12-02T19:02:07+00:00","author":{"@id":"https:\/\/www.visit-ulcinj.com\/blog\/#\/schema\/person\/dcab619c614d3038751c63bc2aadc06d"},"description":"Fundjav\u00ebs q\u00eb lam\u00eb pas modelja dhe k\u00ebng\u00ebtarja Af\u00ebrdita Dreshaj ishte n\u00eb Tiran\u00eb, ku konkurroi me k\u00ebng\u00ebn e saj t\u00eb re. Ardhjet e saj n\u00eb Tiran\u00eb jan\u00eb edhe nj\u00eb","breadcrumb":{"@id":"https:\/\/www.visit-ulcinj.com\/blog\/2009\/12\/02\/aferdita-dreshaj-dhe-rezi-si-britney-dhe-madonna\/#breadcrumb"},"inLanguage":"en-US","potentialAction":[{"@type":"ReadAction","target":["https:\/\/www.visit-ulcinj.com\/blog\/2009\/12\/02\/aferdita-dreshaj-dhe-rezi-si-britney-dhe-madonna\/"]}]},{"@type":"BreadcrumbList","@id":"https:\/\/www.visit-ulcinj.com\/blog\/2009\/12\/02\/aferdita-dreshaj-dhe-rezi-si-britney-dhe-madonna\/#breadcrumb","itemListElement":[{"@type":"ListItem","position":1,"name":"Af\u00ebrdita Dreshaj dhe Rezi si Britney dhe Madonna"}]},{"@type":"Person","@id":"https:\/\/www.visit-ulcinj.com\/blog\/#\/schema\/person\/dcab619c614d3038751c63bc2aadc06d","name":"ulqini","sameAs":["http:\/\/www.visit-ulcinj.com"],"url":"https:\/\/www.visit-ulcinj.com\/blog\/author\/admin\/"}]}},"jetpack_featured_media_url":"","jetpack_sharing_enabled":true,"jetpack_shortlink":"https:\/\/wp.me\/pe6lTn-7el","_links":{"self":[{"href":"https:\/\/www.visit-ulcinj.com\/blog\/wp-json\/wp\/v2\/posts\/27797"}],"collection":[{"href":"https:\/\/www.visit-ulcinj.com\/blog\/wp-json\/wp\/v2\/posts"}],"about":[{"href":"https:\/\/www.visit-ulcinj.com\/blog\/wp-json\/wp\/v2\/types\/post"}],"author":[{"embeddable":true,"href":"https:\/\/www.visit-ulcinj.com\/blog\/wp-json\/wp\/v2\/users\/1"}],"replies":[{"embeddable":true,"href":"https:\/\/www.visit-ulcinj.com\/blog\/wp-json\/wp\/v2\/comments?post=27797"}],"version-history":[{"count":0,"href":"https:\/\/www.visit-ulcinj.com\/blog\/wp-json\/wp\/v2\/posts\/27797\/revisions"}],"wp:attachment":[{"href":"https:\/\/www.visit-ulcinj.com\/blog\/wp-json\/wp\/v2\/media?parent=27797"}],"wp:term":[{"taxonomy":"category","embeddable":true,"href":"https:\/\/www.visit-ulcinj.com\/blog\/wp-json\/wp\/v2\/categories?post=27797"},{"taxonomy":"post_tag","embeddable":true,"href":"https:\/\/www.visit-ulcinj.com\/blog\/wp-json\/wp\/v2\/tags?post=27797"}],"curies":[{"name":"wp","href":"https:\/\/api.w.org\/{rel}","templated":true}]}}